{"id":15330,"date":"2022-12-28T23:34:17","date_gmt":"2022-12-29T03:34:17","guid":{"rendered":"https:\/\/conexion23.com\/?p=15330"},"modified":"2022-12-28T23:34:24","modified_gmt":"2022-12-29T03:34:24","slug":"intrant-implementara-zona-restringida-de-la-ciudad-a-partir-del-2-de-enero","status":"publish","type":"post","link":"https:\/\/conexion23.com\/?p=15330","title":{"rendered":"INTRANT implementar\u00e1 zona restringida de la ciudad a partir del 2 de enero."},"content":{"rendered":"\n<p>Santo Domingo.<br>El director ejecutivo del Instituto Nacional de Tr\u00e1nsito y Transporte Terrestre (Intrant), Hugo Beras, anunci\u00f3 que a partir de este lunes 2 de enero iniciar\u00e1n la fiscalizaci\u00f3n de veh\u00edculos pesados que violen la zona de acceso restringida (ZAR) de la ciudad.<br>La medida est\u00e1 contemplada en el reglamento 258-20, que proh\u00edbe el paso de veh\u00edculos de carga de m\u00e1s de tres ejes al interior del per\u00edmetro definido por la Zona de Acceso Restringido y la Ley 63-17 de Movilidad, Transporte Terrestre, Tr\u00e1nsito y Seguridad Vial en Rep\u00fablica Dominicana.<br>La Zona de Acceso Restringida, est\u00e1 delimitada al Norte por las avenidas Reyes Cat\u00f3licos y Rep\u00fablica de Colombia; al Oeste por la avenida Gregorio Luper\u00f3n y al Este por el r\u00edo Ozama.<br>La restricci\u00f3n aplicar\u00e1 a todos los veh\u00edculos de carga de m\u00e1s de tres ejes en el horario de 6:00 de la ma\u00f1ana a 8:00 de la noche.<br>En ese sentido, Hugo Beras hizo un llamado a las empresas de transporte y compa\u00f1\u00edas que prestan servicios de carga a registrarse para solicitar los permisos de acceso a la zona ZAR, y los lugares establecidos en los horarios permitidos, a trav\u00e9s del portal web del INTRANT www.intrant.gob.do.<br>Los veh\u00edculos pesados solo podr\u00e1n acceder al Puerto de Santo Domingo desde puntos de control ubicados en la Autopista Duarte, Avenida John F. Kennedy; los puentes Duarte y Juan Bosch y el malec\u00f3n Oeste, desde donde se verificar\u00e1 si poseen el permiso de paso emitido por el puerto en coordinaci\u00f3n con Intrant y el Ayuntamiento del Distrito Nacional.<br>La solicitud del permiso deber\u00e1 presentar causas justificadas y definir las fechas en las que se requiere transitar. Deber\u00e1 ser impresa y situada en el cristal frontal del veh\u00edculo, mientras que el puerto habilitar\u00e1 un estacionamiento temporal para regular el acceso a los camiones en el \u00e1rea del malec\u00f3n Oeste.<br>Se dar\u00e1 prioridad a los veh\u00edculos de transporte de mercanc\u00edas refrigeradas y perecederas, materiales de construcci\u00f3n, combustibles, suministro de material m\u00e9dico, de hospitales y vacunas. No se permitir\u00e1 el acceso de camiones con transporte de doble cola al interior de los l\u00edmites definidos por la avenida circunvalaci\u00f3n, excepto al Puerto de Santo Domingo.<\/p>\n","protected":false},"excerpt":{"rendered":"<p>Santo Domingo.El director ejecutivo del Instituto Nacional de Tr\u00e1nsito y Transporte Terrestre (Intrant), Hugo Beras, anunci\u00f3 que a partir de este lunes 2 de enero iniciar\u00e1n la fiscalizaci\u00f3n de veh\u00edculos pesados que violen la zona de acceso restringida (ZAR) de la ciudad.La medida est\u00e1 contemplada en el reglamento 258-20, que proh\u00edbe el paso de veh\u00edculos [&hellip;]<\/p>\n","protected":false},"author":15,"featured_media":0,"comment_status":"open","ping_status":"open","sticky":false,"template":"","format":"standard","meta":{"footnotes":""},"categories":[1],"tags":[],"class_list":{"0":"post-15330","1":"post","2":"type-post","3":"status-publish","4":"format-standard","6":"category-uncategorized"},"yoast_head":"<!-- This site is optimized with the Yoast SEO plugin v27.1.1 - https:\/\/yoast.com\/product\/yoast-seo-wordpress\/ -->\n<title>INTRANT implementar\u00e1 zona restringida de la ciudad a partir del 2 de enero. - Conexi\u00f3n 23<\/title>\n<meta name=\"robots\" content=\"index, follow, max-snippet:-1, max-image-preview:large, max-video-preview:-1\" \/>\n<link rel=\"canonical\" href=\"https:\/\/conexion23.com\/?p=15330\" \/>\n<meta property=\"og:locale\" content=\"es_ES\" \/>\n<meta property=\"og:type\" content=\"article\" \/>\n<meta property=\"og:title\" content=\"INTRANT implementar\u00e1 zona restringida de la ciudad a partir del 2 de enero. - Conexi\u00f3n 23\" \/>\n<meta property=\"og:description\" content=\"Santo Domingo.El director ejecutivo del Instituto Nacional de Tr\u00e1nsito y Transporte Terrestre (Intrant), Hugo Beras, anunci\u00f3 que a partir de este lunes 2 de enero iniciar\u00e1n la fiscalizaci\u00f3n de veh\u00edculos pesados que violen la zona de acceso restringida (ZAR) de la ciudad.La medida est\u00e1 contemplada en el reglamento 258-20, que proh\u00edbe el paso de veh\u00edculos [&hellip;]\" \/>\n<meta property=\"og:url\" content=\"https:\/\/conexion23.com\/?p=15330\" \/>\n<meta property=\"og:site_name\" content=\"Conexi\u00f3n 23\" \/>\n<meta property=\"article:publisher\" content=\"https:\/\/www.facebook.com\/conexion23com\" \/>\n<meta property=\"article:published_time\" content=\"2022-12-29T03:34:17+00:00\" \/>\n<meta property=\"article:modified_time\" content=\"2022-12-29T03:34:24+00:00\" \/>\n<meta name=\"author\" content=\"Raffy Ben\u00edtez\" \/>\n<meta name=\"twitter:card\" content=\"summary_large_image\" \/>\n<meta name=\"twitter:label1\" content=\"Escrito por\" \/>\n\t<meta name=\"twitter:data1\" content=\"Raffy Ben\u00edtez\" \/>\n\t<meta name=\"twitter:label2\" content=\"Tiempo de lectura\" \/>\n\t<meta name=\"twitter:data2\" content=\"2 minutos\" \/>\n<script type=\"application\/ld+json\" class=\"yoast-schema-graph\">{\"@context\":\"https:\/\/schema.org\",\"@graph\":[{\"@type\":\"Article\",\"@id\":\"https:\/\/conexion23.com\/?p=15330#article\",\"isPartOf\":{\"@id\":\"https:\/\/conexion23.com\/?p=15330\"},\"author\":{\"name\":\"Raffy Ben\u00edtez\",\"@id\":\"https:\/\/conexion23.com\/#\/schema\/person\/03e36043331117e97a373299bbcd30a6\"},\"headline\":\"INTRANT implementar\u00e1 zona restringida de la ciudad a partir del 2 de enero.\",\"datePublished\":\"2022-12-29T03:34:17+00:00\",\"dateModified\":\"2022-12-29T03:34:24+00:00\",\"mainEntityOfPage\":{\"@id\":\"https:\/\/conexion23.com\/?p=15330\"},\"wordCount\":402,\"commentCount\":0,\"publisher\":{\"@id\":\"https:\/\/conexion23.com\/#organization\"},\"articleSection\":[\"Uncategorized\"],\"inLanguage\":\"es\",\"potentialAction\":[{\"@type\":\"CommentAction\",\"name\":\"Comment\",\"target\":[\"https:\/\/conexion23.com\/?p=15330#respond\"]}]},{\"@type\":\"WebPage\",\"@id\":\"https:\/\/conexion23.com\/?p=15330\",\"url\":\"https:\/\/conexion23.com\/?p=15330\",\"name\":\"INTRANT implementar\u00e1 zona restringida de la ciudad a partir del 2 de enero. - Conexi\u00f3n 23\",\"isPartOf\":{\"@id\":\"https:\/\/conexion23.com\/#website\"},\"datePublished\":\"2022-12-29T03:34:17+00:00\",\"dateModified\":\"2022-12-29T03:34:24+00:00\",\"breadcrumb\":{\"@id\":\"https:\/\/conexion23.com\/?p=15330#breadcrumb\"},\"inLanguage\":\"es\",\"potentialAction\":[{\"@type\":\"ReadAction\",\"target\":[\"https:\/\/conexion23.com\/?p=15330\"]}]},{\"@type\":\"BreadcrumbList\",\"@id\":\"https:\/\/conexion23.com\/?p=15330#breadcrumb\",\"itemListElement\":[{\"@type\":\"ListItem\",\"position\":1,\"name\":\"Portada\",\"item\":\"https:\/\/conexion23.com\/\"},{\"@type\":\"ListItem\",\"position\":2,\"name\":\"INTRANT implementar\u00e1 zona restringida de la ciudad a partir del 2 de enero.\"}]},{\"@type\":\"WebSite\",\"@id\":\"https:\/\/conexion23.com\/#website\",\"url\":\"https:\/\/conexion23.com\/\",\"name\":\"Conexi\u00f3n 23\",\"description\":\"Peri\u00f3dico 100% Petromacorisano\",\"publisher\":{\"@id\":\"https:\/\/conexion23.com\/#organization\"},\"potentialAction\":[{\"@type\":\"SearchAction\",\"target\":{\"@type\":\"EntryPoint\",\"urlTemplate\":\"https:\/\/conexion23.com\/?s={search_term_string}\"},\"query-input\":{\"@type\":\"PropertyValueSpecification\",\"valueRequired\":true,\"valueName\":\"search_term_string\"}}],\"inLanguage\":\"es\"},{\"@type\":\"Organization\",\"@id\":\"https:\/\/conexion23.com\/#organization\",\"name\":\"Conexion 23\",\"url\":\"https:\/\/conexion23.com\/\",\"logo\":{\"@type\":\"ImageObject\",\"inLanguage\":\"es\",\"@id\":\"https:\/\/conexion23.com\/#\/schema\/logo\/image\/\",\"url\":\"https:\/\/conexion23.com\/wp-content\/uploads\/2021\/11\/Diseno-sin-titulo-2.png\",\"contentUrl\":\"https:\/\/conexion23.com\/wp-content\/uploads\/2021\/11\/Diseno-sin-titulo-2.png\",\"width\":541,\"height\":90,\"caption\":\"Conexion 23\"},\"image\":{\"@id\":\"https:\/\/conexion23.com\/#\/schema\/logo\/image\/\"},\"sameAs\":[\"https:\/\/www.facebook.com\/conexion23com\",\"https:\/\/www.instagram.com\/conexion23com\/\",\"https:\/\/www.youtube.com\/channel\/UCYc7vxxFZMYLIHNsHHxPZ3Q\"]},{\"@type\":\"Person\",\"@id\":\"https:\/\/conexion23.com\/#\/schema\/person\/03e36043331117e97a373299bbcd30a6\",\"name\":\"Raffy Ben\u00edtez\",\"image\":{\"@type\":\"ImageObject\",\"inLanguage\":\"es\",\"@id\":\"https:\/\/conexion23.com\/#\/schema\/person\/image\/\",\"url\":\"https:\/\/secure.gravatar.com\/avatar\/3190a6a6c5e1b0327500f7d6c56b6242472ee6cb974cf09b401ee6b3b0798f23?s=96&d=mm&r=g\",\"contentUrl\":\"https:\/\/secure.gravatar.com\/avatar\/3190a6a6c5e1b0327500f7d6c56b6242472ee6cb974cf09b401ee6b3b0798f23?s=96&d=mm&r=g\",\"caption\":\"Raffy Ben\u00edtez\"},\"url\":\"https:\/\/conexion23.com\/?author=15\"}]}<\/script>\n<!-- \/ Yoast SEO plugin. -->","yoast_head_json":{"title":"INTRANT implementar\u00e1 zona restringida de la ciudad a partir del 2 de enero. - Conexi\u00f3n 23","robots":{"index":"index","follow":"follow","max-snippet":"max-snippet:-1","max-image-preview":"max-image-preview:large","max-video-preview":"max-video-preview:-1"},"canonical":"https:\/\/conexion23.com\/?p=15330","og_locale":"es_ES","og_type":"article","og_title":"INTRANT implementar\u00e1 zona restringida de la ciudad a partir del 2 de enero. - Conexi\u00f3n 23","og_description":"Santo Domingo.El director ejecutivo del Instituto Nacional de Tr\u00e1nsito y Transporte Terrestre (Intrant), Hugo Beras, anunci\u00f3 que a partir de este lunes 2 de enero iniciar\u00e1n la fiscalizaci\u00f3n de veh\u00edculos pesados que violen la zona de acceso restringida (ZAR) de la ciudad.La medida est\u00e1 contemplada en el reglamento 258-20, que proh\u00edbe el paso de veh\u00edculos [&hellip;]","og_url":"https:\/\/conexion23.com\/?p=15330","og_site_name":"Conexi\u00f3n 23","article_publisher":"https:\/\/www.facebook.com\/conexion23com","article_published_time":"2022-12-29T03:34:17+00:00","article_modified_time":"2022-12-29T03:34:24+00:00","author":"Raffy Ben\u00edtez","twitter_card":"summary_large_image","twitter_misc":{"Escrito por":"Raffy Ben\u00edtez","Tiempo de lectura":"2 minutos"},"schema":{"@context":"https:\/\/schema.org","@graph":[{"@type":"Article","@id":"https:\/\/conexion23.com\/?p=15330#article","isPartOf":{"@id":"https:\/\/conexion23.com\/?p=15330"},"author":{"name":"Raffy Ben\u00edtez","@id":"https:\/\/conexion23.com\/#\/schema\/person\/03e36043331117e97a373299bbcd30a6"},"headline":"INTRANT implementar\u00e1 zona restringida de la ciudad a partir del 2 de enero.","datePublished":"2022-12-29T03:34:17+00:00","dateModified":"2022-12-29T03:34:24+00:00","mainEntityOfPage":{"@id":"https:\/\/conexion23.com\/?p=15330"},"wordCount":402,"commentCount":0,"publisher":{"@id":"https:\/\/conexion23.com\/#organization"},"articleSection":["Uncategorized"],"inLanguage":"es","potentialAction":[{"@type":"CommentAction","name":"Comment","target":["https:\/\/conexion23.com\/?p=15330#respond"]}]},{"@type":"WebPage","@id":"https:\/\/conexion23.com\/?p=15330","url":"https:\/\/conexion23.com\/?p=15330","name":"INTRANT implementar\u00e1 zona restringida de la ciudad a partir del 2 de enero. - Conexi\u00f3n 23","isPartOf":{"@id":"https:\/\/conexion23.com\/#website"},"datePublished":"2022-12-29T03:34:17+00:00","dateModified":"2022-12-29T03:34:24+00:00","breadcrumb":{"@id":"https:\/\/conexion23.com\/?p=15330#breadcrumb"},"inLanguage":"es","potentialAction":[{"@type":"ReadAction","target":["https:\/\/conexion23.com\/?p=15330"]}]},{"@type":"BreadcrumbList","@id":"https:\/\/conexion23.com\/?p=15330#breadcrumb","itemListElement":[{"@type":"ListItem","position":1,"name":"Portada","item":"https:\/\/conexion23.com\/"},{"@type":"ListItem","position":2,"name":"INTRANT implementar\u00e1 zona restringida de la ciudad a partir del 2 de enero."}]},{"@type":"WebSite","@id":"https:\/\/conexion23.com\/#website","url":"https:\/\/conexion23.com\/","name":"Conexi\u00f3n 23","description":"Peri\u00f3dico 100% Petromacorisano","publisher":{"@id":"https:\/\/conexion23.com\/#organization"},"potentialAction":[{"@type":"SearchAction","target":{"@type":"EntryPoint","urlTemplate":"https:\/\/conexion23.com\/?s={search_term_string}"},"query-input":{"@type":"PropertyValueSpecification","valueRequired":true,"valueName":"search_term_string"}}],"inLanguage":"es"},{"@type":"Organization","@id":"https:\/\/conexion23.com\/#organization","name":"Conexion 23","url":"https:\/\/conexion23.com\/","logo":{"@type":"ImageObject","inLanguage":"es","@id":"https:\/\/conexion23.com\/#\/schema\/logo\/image\/","url":"https:\/\/conexion23.com\/wp-content\/uploads\/2021\/11\/Diseno-sin-titulo-2.png","contentUrl":"https:\/\/conexion23.com\/wp-content\/uploads\/2021\/11\/Diseno-sin-titulo-2.png","width":541,"height":90,"caption":"Conexion 23"},"image":{"@id":"https:\/\/conexion23.com\/#\/schema\/logo\/image\/"},"sameAs":["https:\/\/www.facebook.com\/conexion23com","https:\/\/www.instagram.com\/conexion23com\/","https:\/\/www.youtube.com\/channel\/UCYc7vxxFZMYLIHNsHHxPZ3Q"]},{"@type":"Person","@id":"https:\/\/conexion23.com\/#\/schema\/person\/03e36043331117e97a373299bbcd30a6","name":"Raffy Ben\u00edtez","image":{"@type":"ImageObject","inLanguage":"es","@id":"https:\/\/conexion23.com\/#\/schema\/person\/image\/","url":"https:\/\/secure.gravatar.com\/avatar\/3190a6a6c5e1b0327500f7d6c56b6242472ee6cb974cf09b401ee6b3b0798f23?s=96&d=mm&r=g","contentUrl":"https:\/\/secure.gravatar.com\/avatar\/3190a6a6c5e1b0327500f7d6c56b6242472ee6cb974cf09b401ee6b3b0798f23?s=96&d=mm&r=g","caption":"Raffy Ben\u00edtez"},"url":"https:\/\/conexion23.com\/?author=15"}]}},"_links":{"self":[{"href":"https:\/\/conexion23.com\/index.php?rest_route=\/wp\/v2\/posts\/15330","targetHints":{"allow":["GET"]}}],"collection":[{"href":"https:\/\/conexion23.com\/index.php?rest_route=\/wp\/v2\/posts"}],"about":[{"href":"https:\/\/conexion23.com\/index.php?rest_route=\/wp\/v2\/types\/post"}],"author":[{"embeddable":true,"href":"https:\/\/conexion23.com\/index.php?rest_route=\/wp\/v2\/users\/15"}],"replies":[{"embeddable":true,"href":"https:\/\/conexion23.com\/index.php?rest_route=%2Fwp%2Fv2%2Fcomments&post=15330"}],"version-history":[{"count":1,"href":"https:\/\/conexion23.com\/index.php?rest_route=\/wp\/v2\/posts\/15330\/revisions"}],"predecessor-version":[{"id":15332,"href":"https:\/\/conexion23.com\/index.php?rest_route=\/wp\/v2\/posts\/15330\/revisions\/15332"}],"wp:attachment":[{"href":"https:\/\/conexion23.com\/index.php?rest_route=%2Fwp%2Fv2%2Fmedia&parent=15330"}],"wp:term":[{"taxonomy":"category","embeddable":true,"href":"https:\/\/conexion23.com\/index.php?rest_route=%2Fwp%2Fv2%2Fcategories&post=15330"},{"taxonomy":"post_tag","embeddable":true,"href":"https:\/\/conexion23.com\/index.php?rest_route=%2Fwp%2Fv2%2Ftags&post=15330"}],"curies":[{"name":"wp","href":"https:\/\/api.w.org\/{rel}","templated":true}]}}