{"id":15376,"date":"2022-12-31T14:47:17","date_gmt":"2022-12-31T18:47:17","guid":{"rendered":"https:\/\/conexion23.com\/?p=15376"},"modified":"2022-12-31T14:47:26","modified_gmt":"2022-12-31T18:47:26","slug":"accidentes-que-dejaron-victimas-mortales-en-el-este-en-el-2022","status":"publish","type":"post","link":"https:\/\/conexion23.com\/?p=15376","title":{"rendered":"Accidentes que dejaron victimas mortales en el este en el 2022"},"content":{"rendered":"\n<p class=\"wp-block-paragraph\">Accidente deja tres muertos y dos heridos en la carretera El Seibo-Hato Mayor<\/p>\n\n\n\n<p class=\"wp-block-paragraph\">EL SEIBO.- Tres miembros de una familia murieron y otras dos personas resultaron heridas tras colisionar un carro y una camioneta en un hecho ocurrido la tarde de este domingo en la altura del Km\/9 de la carretera El Seibo-Hato Mayor.<\/p>\n\n\n\n<p class=\"wp-block-paragraph\">Las v\u00edctimas son: Delice Osnac, de 42 a\u00f1os y Widline Dieu, de 28 a\u00f1os, de nacionalidad haitiana, adem\u00e1s muri\u00f3 una hija de estos de cuatro meses de nacida.<\/p>\n\n\n\n<figure class=\"wp-block-image size-full\"><img decoding=\"async\" src=\"https:\/\/conexion23.com\/wp-content\/uploads\/2022\/12\/b2283132-9fe3-4213-bf8f-71bce8fcde3b-899x675-1.jpg\" alt=\"\" class=\"wp-image-15377\"\/><\/figure>\n\n\n\n<p class=\"wp-block-paragraph\">Identifican los tres muertos en accidente de transito en la Romana.<\/p>\n\n\n\n<p class=\"wp-block-paragraph\">LA ROMANA, Rep\u00fablica Dominicana.- Fueron identificados los tres hombres que murieron la tarde de este viernes en el accidente entre dos carros ocurrido en la carretera Hig\u00fceral \u2013 Guaymate, provincia La Romana.<\/p>\n\n\n\n<p class=\"wp-block-paragraph\">Los fallecidos son Queuri Antonio Espinal D\u00edaz, de 18 a\u00f1os; Kenny Elian Mota Henriquez, 22; y Juan Bautista Peguero, de 23 a\u00f1os.<\/p>\n\n\n\n<figure class=\"wp-block-image size-full\"><img decoding=\"async\" src=\"https:\/\/conexion23.com\/wp-content\/uploads\/2022\/12\/311974430_627583738846851_5002310221106388185_n-1.jpg\" alt=\"\" class=\"wp-image-15378\"\/><\/figure>\n\n\n\n<p class=\"wp-block-paragraph\">Mueren 3 miembros de una familia y otro individuo en accidente de tr\u00e1nsito en Hig\u00fcey<\/p>\n\n\n\n<figure class=\"wp-block-image size-large\"><img decoding=\"async\" src=\"https:\/\/conexion23.com\/wp-content\/uploads\/2022\/12\/WhatsApp-Image-2022-10-14-at-7.47.57-PM-1024x460.jpeg\" alt=\"\" class=\"wp-image-15383\"\/><\/figure>\n\n\n\n<p class=\"wp-block-paragraph\">Cuatro personas murieron, incluyendo tres miembros de una misma familia, en un accidente de tr\u00e1nsito ocurrido en el sector La Otra Banda, Hig\u00fcey, provincia La Altagracia.<\/p>\n\n\n\n<p class=\"wp-block-paragraph\">Las v\u00edctimas son: los esposos Jos\u00e9 De Jes\u00fas y Agripina Herrera, as\u00ed como la hija de \u00e9stos, y Anny Michel De Jes\u00fas Herrera.<\/p>\n\n\n\n<p class=\"wp-block-paragraph\">El otro individuo fallecido en el accidente fue identificado solo como Ornato.<\/p>\n\n\n\n<figure class=\"wp-block-image size-full\"><img decoding=\"async\" src=\"https:\/\/conexion23.com\/wp-content\/uploads\/2022\/12\/Accidente-Hguey-720x694-1-720x675-1.jpg\" alt=\"\" class=\"wp-image-15379\"\/><\/figure>\n\n\n\n<p class=\"wp-block-paragraph\">Accidente de transito deja cinco turistas muertos en B\u00e1varo<\/p>\n\n\n\n<p class=\"wp-block-paragraph\">Un autob\u00fas con 49 turistas extranjeros a bordo ha sufrido un accidente durante la ma\u00f1ana de este jueves en un tramo de la&nbsp;<strong>carretera Miches-B\u00e1varo (Punta Cana, Rep\u00fablica Dominicana)<\/strong>. Seg\u00fan han confirmado las autoridades dominicanas, hay, al menos, una decena de heridos en estado cr\u00edtico y&nbsp;<strong>dos personas<\/strong>&nbsp;han fallecido.<\/p>\n\n\n\n<p class=\"wp-block-paragraph\">Seg\u00fan fuentes locales, el autob\u00fas trasladaba a los turistas para realizar una excursi\u00f3n cuando un cami\u00f3n se cruz\u00f3 en su camino. El conductor del autob\u00fas, tratando de evitar la colisi\u00f3n tanto con el cami\u00f3n como con la gasolinera colindante, realiz\u00f3 una maniobra brusca, lo que provoc\u00f3 que el autocar volcar\u00e1 y diera varias vueltas de campana.<\/p>\n\n\n\n<figure class=\"wp-block-image size-full\"><img decoding=\"async\" src=\"https:\/\/conexion23.com\/wp-content\/uploads\/2022\/12\/descarga-16.jpg\" alt=\"\" class=\"wp-image-15380\"\/><\/figure>\n\n\n\n<p class=\"wp-block-paragraph\">Accidente de transito deja varios muertos en B\u00e1varo<\/p>\n\n\n\n<p class=\"wp-block-paragraph\">VER\u00d3N, Dos Nacionales Haitianos pierden la vida la ma\u00f1ana de \u00e9ste martes cuando una Guagua amarilla lo impact\u00f3 Con un motor CG color rojo con tres personas que iban a su labor de trabajo fueran arrollados, dos de ellos fallecieron al Instante y el otro est\u00e1 Grave en el centro de especialidades en Higuey.<\/p>\n\n\n\n<figure class=\"wp-block-image size-large\"><img decoding=\"async\" src=\"https:\/\/conexion23.com\/wp-content\/uploads\/2022\/12\/Accidente-min-1024x673.jpg\" alt=\"\" class=\"wp-image-15381\"\/><\/figure>\n\n\n\n<p class=\"wp-block-paragraph\">Muere pareja de esposos en accidente con minib\u00fas tur\u00edstico en Las Lagunas de Nisib\u00f3n<\/p>\n\n\n\n<p class=\"wp-block-paragraph\"><strong>Las Lagunas de Nisib\u00f3n, Hig\u00fcey, La Altagracia.-&nbsp;<\/strong>Una pareja de esposos perdi\u00f3 la vida ayer domingo en un accidente de tr\u00e1nsito tras un choque con un minib\u00fas de transporte tur\u00edstico.<\/p>\n\n\n\n<p class=\"wp-block-paragraph\">El infortunio ocurri\u00f3 en la carretera Uvero Alto-Miches, Cruce de Los Maicillos, cuando los hoy fallecidos se trasladaban en una motocicleta desde Vista Alegre hacia Lavacama y fueron impactados por el minib\u00fas alrededor de las 6:40 p.m.<\/p>\n\n\n\n<p class=\"wp-block-paragraph\">Las v\u00edctimas fueron identificadas como\u00a0<strong>Ander Richiez y su esposa, identificada solo como Jenni.<\/strong>\u00a0Eran residentes del distrito municipal La Otra Banda y eran miembros de la Iglesia Adventista del S\u00e9ptimo D\u00eda.<\/p>\n\n\n\n<figure class=\"wp-block-image size-full\"><img decoding=\"async\" src=\"https:\/\/conexion23.com\/wp-content\/uploads\/2022\/12\/descarga-17.jpg\" alt=\"\" class=\"wp-image-15382\"\/><\/figure>\n\n\n\n<p class=\"wp-block-paragraph\">Pierde la vida en SPM empresaria Carmen de Zaglul; su hermano tambi\u00e9n se accident\u00f3 cuando iba al lugar<\/p>\n\n\n\n<p class=\"wp-block-paragraph\">Muri\u00f3 en un aparatoso accidente este viernes la empresaria Carmen de la Sierra de Zaglul, esposa del empresario Jos\u00e9 Ignacio Zaglul Saavedra, en un hecho ocurrido en\u00a0la autov\u00eda del Este, entre Juan Dolio y Boca Chica, en las proximidades del parador El Tamarindo.<\/p>\n\n\n\n<figure class=\"wp-block-image size-full\"><img decoding=\"async\" src=\"https:\/\/conexion23.com\/wp-content\/uploads\/2022\/12\/FB_IMG_1643455002894-1.jpg\" alt=\"\" class=\"wp-image-15384\"\/><\/figure>\n\n\n\n<p class=\"wp-block-paragraph\">Tres muertos y dos heridos en accidente de tr\u00e1nsito en carretera La Romana-San Pedro de Macor\u00eds<\/p>\n\n\n\n<p class=\"wp-block-paragraph\"><strong>Tres personas muertas y dos&nbsp;heridos<\/strong>&nbsp;es el saldo de un un&nbsp;<strong>accidente<\/strong>&nbsp;de tr\u00e1nsito registrado la ma\u00f1ana de este martes en el&nbsp;kil\u00f3metro 10 de la carretera de&nbsp;<strong>La Romana<\/strong>-San Pedro de Macor\u00eds.<\/p>\n\n\n\n<p class=\"wp-block-paragraph\">Hasta el momento las personas no han sido identificadas por las autoridades.&nbsp;<strong>El&nbsp;accidente&nbsp;se produjo entre dos camiones y una patana.<\/strong><\/p>\n\n\n\n<p class=\"wp-block-paragraph\">Al lugar se han presentando las autoridades del Sistema Nacional de Emergencia 9-1-1, Polic\u00eda Nacional y varios curiosos quienes trataban de ayudar a los afectados.<\/p>\n\n\n\n<figure class=\"wp-block-image size-full\"><img decoding=\"async\" src=\"https:\/\/conexion23.com\/wp-content\/uploads\/2022\/12\/whatsapp-image-2022-01-04-at-101929-am-b1f27120-focus-0-0-895-573-1.jpg\" alt=\"\" class=\"wp-image-15385\"\/><\/figure>\n","protected":false},"excerpt":{"rendered":"<p>Accidente deja tres muertos y dos heridos en la carretera El Seibo-Hato Mayor EL SEIBO.- Tres miembros de una familia murieron y otras dos personas resultaron heridas tras colisionar un carro y una camioneta en un hecho ocurrido la tarde de este domingo en la altura del Km\/9 de la carretera El Seibo-Hato Mayor. Las [&hellip;]<\/p>\n","protected":false},"author":7,"featured_media":0,"comment_status":"open","ping_status":"open","sticky":false,"template":"","format":"standard","meta":{"footnotes":""},"categories":[1],"tags":[331,2581,406],"class_list":["post-15376","post","type-post","status-publish","format-standard","category-uncategorized","tag-accidente","tag-eleste","tag-muertes"],"yoast_head":"<!-- This site is optimized with the Yoast SEO plugin v27.6 - https:\/\/yoast.com\/product\/yoast-seo-wordpress\/ -->\n<title>Accidentes que dejaron victimas mortales en el este en el 2022 - Conexi\u00f3n 23<\/title>\n<meta name=\"description\" content=\"EL SEIBO.- Tres miembros de una familia murieron y otras dos personas resultaron heridas tras colisionar un carro y una camioneta en un hecho ocurrido la tarde de este domingo en la altura del Km\/9 de la carretera El Seibo-Hato Mayor.\" \/>\n<meta name=\"robots\" content=\"index, follow, max-snippet:-1, max-image-preview:large, max-video-preview:-1\" \/>\n<link rel=\"canonical\" href=\"https:\/\/conexion23.com\/?p=15376\" \/>\n<meta property=\"og:locale\" content=\"es_ES\" \/>\n<meta property=\"og:type\" content=\"article\" \/>\n<meta property=\"og:title\" content=\"Accidentes que dejaron victimas mortales en el este en el 2022 - Conexi\u00f3n 23\" \/>\n<meta property=\"og:description\" content=\"EL SEIBO.- Tres miembros de una familia murieron y otras dos personas resultaron heridas tras colisionar un carro y una camioneta en un hecho ocurrido la tarde de este domingo en la altura del Km\/9 de la carretera El Seibo-Hato Mayor.\" \/>\n<meta property=\"og:url\" content=\"https:\/\/conexion23.com\/?p=15376\" \/>\n<meta property=\"og:site_name\" content=\"Conexi\u00f3n 23\" \/>\n<meta property=\"article:publisher\" content=\"https:\/\/www.facebook.com\/conexion23com\" \/>\n<meta property=\"article:published_time\" content=\"2022-12-31T18:47:17+00:00\" \/>\n<meta property=\"article:modified_time\" content=\"2022-12-31T18:47:26+00:00\" \/>\n<meta property=\"og:image\" content=\"https:\/\/conexion23.com\/wp-content\/uploads\/2022\/12\/b2283132-9fe3-4213-bf8f-71bce8fcde3b-899x675-1.jpg\" \/>\n<meta name=\"author\" content=\"Benjam\u00edn Rosario\" \/>\n<meta name=\"twitter:card\" content=\"summary_large_image\" \/>\n<meta name=\"twitter:label1\" content=\"Escrito por\" \/>\n\t<meta name=\"twitter:data1\" content=\"Benjam\u00edn Rosario\" \/>\n\t<meta name=\"twitter:label2\" content=\"Tiempo de lectura\" \/>\n\t<meta name=\"twitter:data2\" content=\"5 minutos\" \/>\n<script type=\"application\/ld+json\" class=\"yoast-schema-graph\">{\"@context\":\"https:\\\/\\\/schema.org\",\"@graph\":[{\"@type\":\"Article\",\"@id\":\"https:\\\/\\\/conexion23.com\\\/?p=15376#article\",\"isPartOf\":{\"@id\":\"https:\\\/\\\/conexion23.com\\\/?p=15376\"},\"author\":{\"name\":\"Benjam\u00edn Rosario\",\"@id\":\"https:\\\/\\\/conexion23.com\\\/#\\\/schema\\\/person\\\/c0b7ce1f0e7a915d08fa289072b8353a\"},\"headline\":\"Accidentes que dejaron victimas mortales en el este en el 2022\",\"datePublished\":\"2022-12-31T18:47:17+00:00\",\"dateModified\":\"2022-12-31T18:47:26+00:00\",\"mainEntityOfPage\":{\"@id\":\"https:\\\/\\\/conexion23.com\\\/?p=15376\"},\"wordCount\":744,\"commentCount\":0,\"publisher\":{\"@id\":\"https:\\\/\\\/conexion23.com\\\/#organization\"},\"image\":{\"@id\":\"https:\\\/\\\/conexion23.com\\\/?p=15376#primaryimage\"},\"thumbnailUrl\":\"https:\\\/\\\/conexion23.com\\\/wp-content\\\/uploads\\\/2022\\\/12\\\/b2283132-9fe3-4213-bf8f-71bce8fcde3b-899x675-1.jpg\",\"keywords\":[\"accidente\",\"eleste\",\"muertes\"],\"articleSection\":[\"Uncategorized\"],\"inLanguage\":\"es\",\"potentialAction\":[{\"@type\":\"CommentAction\",\"name\":\"Comment\",\"target\":[\"https:\\\/\\\/conexion23.com\\\/?p=15376#respond\"]}]},{\"@type\":\"WebPage\",\"@id\":\"https:\\\/\\\/conexion23.com\\\/?p=15376\",\"url\":\"https:\\\/\\\/conexion23.com\\\/?p=15376\",\"name\":\"Accidentes que dejaron victimas mortales en el este en el 2022 - Conexi\u00f3n 23\",\"isPartOf\":{\"@id\":\"https:\\\/\\\/conexion23.com\\\/#website\"},\"primaryImageOfPage\":{\"@id\":\"https:\\\/\\\/conexion23.com\\\/?p=15376#primaryimage\"},\"image\":{\"@id\":\"https:\\\/\\\/conexion23.com\\\/?p=15376#primaryimage\"},\"thumbnailUrl\":\"https:\\\/\\\/conexion23.com\\\/wp-content\\\/uploads\\\/2022\\\/12\\\/b2283132-9fe3-4213-bf8f-71bce8fcde3b-899x675-1.jpg\",\"datePublished\":\"2022-12-31T18:47:17+00:00\",\"dateModified\":\"2022-12-31T18:47:26+00:00\",\"description\":\"EL SEIBO.- Tres miembros de una familia murieron y otras dos personas resultaron heridas tras colisionar un carro y una camioneta en un hecho ocurrido la tarde de este domingo en la altura del Km\\\/9 de la carretera El Seibo-Hato Mayor.\",\"breadcrumb\":{\"@id\":\"https:\\\/\\\/conexion23.com\\\/?p=15376#breadcrumb\"},\"inLanguage\":\"es\",\"potentialAction\":[{\"@type\":\"ReadAction\",\"target\":[\"https:\\\/\\\/conexion23.com\\\/?p=15376\"]}]},{\"@type\":\"ImageObject\",\"inLanguage\":\"es\",\"@id\":\"https:\\\/\\\/conexion23.com\\\/?p=15376#primaryimage\",\"url\":\"\",\"contentUrl\":\"\"},{\"@type\":\"BreadcrumbList\",\"@id\":\"https:\\\/\\\/conexion23.com\\\/?p=15376#breadcrumb\",\"itemListElement\":[{\"@type\":\"ListItem\",\"position\":1,\"name\":\"Portada\",\"item\":\"https:\\\/\\\/conexion23.com\\\/\"},{\"@type\":\"ListItem\",\"position\":2,\"name\":\"Accidentes que dejaron victimas mortales en el este en el 2022\"}]},{\"@type\":\"WebSite\",\"@id\":\"https:\\\/\\\/conexion23.com\\\/#website\",\"url\":\"https:\\\/\\\/conexion23.com\\\/\",\"name\":\"Conexi\u00f3n 23\",\"description\":\"Peri\u00f3dico 100% Petromacorisano\",\"publisher\":{\"@id\":\"https:\\\/\\\/conexion23.com\\\/#organization\"},\"potentialAction\":[{\"@type\":\"SearchAction\",\"target\":{\"@type\":\"EntryPoint\",\"urlTemplate\":\"https:\\\/\\\/conexion23.com\\\/?s={search_term_string}\"},\"query-input\":{\"@type\":\"PropertyValueSpecification\",\"valueRequired\":true,\"valueName\":\"search_term_string\"}}],\"inLanguage\":\"es\"},{\"@type\":\"Organization\",\"@id\":\"https:\\\/\\\/conexion23.com\\\/#organization\",\"name\":\"Conexion 23\",\"url\":\"https:\\\/\\\/conexion23.com\\\/\",\"logo\":{\"@type\":\"ImageObject\",\"inLanguage\":\"es\",\"@id\":\"https:\\\/\\\/conexion23.com\\\/#\\\/schema\\\/logo\\\/image\\\/\",\"url\":\"https:\\\/\\\/conexion23.com\\\/wp-content\\\/uploads\\\/2021\\\/11\\\/Diseno-sin-titulo-2.png\",\"contentUrl\":\"https:\\\/\\\/conexion23.com\\\/wp-content\\\/uploads\\\/2021\\\/11\\\/Diseno-sin-titulo-2.png\",\"width\":541,\"height\":90,\"caption\":\"Conexion 23\"},\"image\":{\"@id\":\"https:\\\/\\\/conexion23.com\\\/#\\\/schema\\\/logo\\\/image\\\/\"},\"sameAs\":[\"https:\\\/\\\/www.facebook.com\\\/conexion23com\",\"https:\\\/\\\/www.instagram.com\\\/conexion23com\\\/\",\"https:\\\/\\\/www.youtube.com\\\/channel\\\/UCYc7vxxFZMYLIHNsHHxPZ3Q\"]},{\"@type\":\"Person\",\"@id\":\"https:\\\/\\\/conexion23.com\\\/#\\\/schema\\\/person\\\/c0b7ce1f0e7a915d08fa289072b8353a\",\"name\":\"Benjam\u00edn Rosario\",\"image\":{\"@type\":\"ImageObject\",\"inLanguage\":\"es\",\"@id\":\"https:\\\/\\\/secure.gravatar.com\\\/avatar\\\/62e1b2539b49cdeb50ee302e2a5f2bd31dc7fdba412bbac67e2a2a6e0c89bb2a?s=96&d=mm&r=g\",\"url\":\"https:\\\/\\\/secure.gravatar.com\\\/avatar\\\/62e1b2539b49cdeb50ee302e2a5f2bd31dc7fdba412bbac67e2a2a6e0c89bb2a?s=96&d=mm&r=g\",\"contentUrl\":\"https:\\\/\\\/secure.gravatar.com\\\/avatar\\\/62e1b2539b49cdeb50ee302e2a5f2bd31dc7fdba412bbac67e2a2a6e0c89bb2a?s=96&d=mm&r=g\",\"caption\":\"Benjam\u00edn Rosario\"},\"url\":\"https:\\\/\\\/conexion23.com\\\/?author=7\"}]}<\/script>\n<!-- \/ Yoast SEO plugin. -->","yoast_head_json":{"title":"Accidentes que dejaron victimas mortales en el este en el 2022 - Conexi\u00f3n 23","description":"EL SEIBO.- Tres miembros de una familia murieron y otras dos personas resultaron heridas tras colisionar un carro y una camioneta en un hecho ocurrido la tarde de este domingo en la altura del Km\/9 de la carretera El Seibo-Hato Mayor.","robots":{"index":"index","follow":"follow","max-snippet":"max-snippet:-1","max-image-preview":"max-image-preview:large","max-video-preview":"max-video-preview:-1"},"canonical":"https:\/\/conexion23.com\/?p=15376","og_locale":"es_ES","og_type":"article","og_title":"Accidentes que dejaron victimas mortales en el este en el 2022 - Conexi\u00f3n 23","og_description":"EL SEIBO.- Tres miembros de una familia murieron y otras dos personas resultaron heridas tras colisionar un carro y una camioneta en un hecho ocurrido la tarde de este domingo en la altura del Km\/9 de la carretera El Seibo-Hato Mayor.","og_url":"https:\/\/conexion23.com\/?p=15376","og_site_name":"Conexi\u00f3n 23","article_publisher":"https:\/\/www.facebook.com\/conexion23com","article_published_time":"2022-12-31T18:47:17+00:00","article_modified_time":"2022-12-31T18:47:26+00:00","og_image":[{"url":"https:\/\/conexion23.com\/wp-content\/uploads\/2022\/12\/b2283132-9fe3-4213-bf8f-71bce8fcde3b-899x675-1.jpg","type":"","width":"","height":""}],"author":"Benjam\u00edn Rosario","twitter_card":"summary_large_image","twitter_misc":{"Escrito por":"Benjam\u00edn Rosario","Tiempo de lectura":"5 minutos"},"schema":{"@context":"https:\/\/schema.org","@graph":[{"@type":"Article","@id":"https:\/\/conexion23.com\/?p=15376#article","isPartOf":{"@id":"https:\/\/conexion23.com\/?p=15376"},"author":{"name":"Benjam\u00edn Rosario","@id":"https:\/\/conexion23.com\/#\/schema\/person\/c0b7ce1f0e7a915d08fa289072b8353a"},"headline":"Accidentes que dejaron victimas mortales en el este en el 2022","datePublished":"2022-12-31T18:47:17+00:00","dateModified":"2022-12-31T18:47:26+00:00","mainEntityOfPage":{"@id":"https:\/\/conexion23.com\/?p=15376"},"wordCount":744,"commentCount":0,"publisher":{"@id":"https:\/\/conexion23.com\/#organization"},"image":{"@id":"https:\/\/conexion23.com\/?p=15376#primaryimage"},"thumbnailUrl":"https:\/\/conexion23.com\/wp-content\/uploads\/2022\/12\/b2283132-9fe3-4213-bf8f-71bce8fcde3b-899x675-1.jpg","keywords":["accidente","eleste","muertes"],"articleSection":["Uncategorized"],"inLanguage":"es","potentialAction":[{"@type":"CommentAction","name":"Comment","target":["https:\/\/conexion23.com\/?p=15376#respond"]}]},{"@type":"WebPage","@id":"https:\/\/conexion23.com\/?p=15376","url":"https:\/\/conexion23.com\/?p=15376","name":"Accidentes que dejaron victimas mortales en el este en el 2022 - Conexi\u00f3n 23","isPartOf":{"@id":"https:\/\/conexion23.com\/#website"},"primaryImageOfPage":{"@id":"https:\/\/conexion23.com\/?p=15376#primaryimage"},"image":{"@id":"https:\/\/conexion23.com\/?p=15376#primaryimage"},"thumbnailUrl":"https:\/\/conexion23.com\/wp-content\/uploads\/2022\/12\/b2283132-9fe3-4213-bf8f-71bce8fcde3b-899x675-1.jpg","datePublished":"2022-12-31T18:47:17+00:00","dateModified":"2022-12-31T18:47:26+00:00","description":"EL SEIBO.- Tres miembros de una familia murieron y otras dos personas resultaron heridas tras colisionar un carro y una camioneta en un hecho ocurrido la tarde de este domingo en la altura del Km\/9 de la carretera El Seibo-Hato Mayor.","breadcrumb":{"@id":"https:\/\/conexion23.com\/?p=15376#breadcrumb"},"inLanguage":"es","potentialAction":[{"@type":"ReadAction","target":["https:\/\/conexion23.com\/?p=15376"]}]},{"@type":"ImageObject","inLanguage":"es","@id":"https:\/\/conexion23.com\/?p=15376#primaryimage","url":"","contentUrl":""},{"@type":"BreadcrumbList","@id":"https:\/\/conexion23.com\/?p=15376#breadcrumb","itemListElement":[{"@type":"ListItem","position":1,"name":"Portada","item":"https:\/\/conexion23.com\/"},{"@type":"ListItem","position":2,"name":"Accidentes que dejaron victimas mortales en el este en el 2022"}]},{"@type":"WebSite","@id":"https:\/\/conexion23.com\/#website","url":"https:\/\/conexion23.com\/","name":"Conexi\u00f3n 23","description":"Peri\u00f3dico 100% Petromacorisano","publisher":{"@id":"https:\/\/conexion23.com\/#organization"},"potentialAction":[{"@type":"SearchAction","target":{"@type":"EntryPoint","urlTemplate":"https:\/\/conexion23.com\/?s={search_term_string}"},"query-input":{"@type":"PropertyValueSpecification","valueRequired":true,"valueName":"search_term_string"}}],"inLanguage":"es"},{"@type":"Organization","@id":"https:\/\/conexion23.com\/#organization","name":"Conexion 23","url":"https:\/\/conexion23.com\/","logo":{"@type":"ImageObject","inLanguage":"es","@id":"https:\/\/conexion23.com\/#\/schema\/logo\/image\/","url":"https:\/\/conexion23.com\/wp-content\/uploads\/2021\/11\/Diseno-sin-titulo-2.png","contentUrl":"https:\/\/conexion23.com\/wp-content\/uploads\/2021\/11\/Diseno-sin-titulo-2.png","width":541,"height":90,"caption":"Conexion 23"},"image":{"@id":"https:\/\/conexion23.com\/#\/schema\/logo\/image\/"},"sameAs":["https:\/\/www.facebook.com\/conexion23com","https:\/\/www.instagram.com\/conexion23com\/","https:\/\/www.youtube.com\/channel\/UCYc7vxxFZMYLIHNsHHxPZ3Q"]},{"@type":"Person","@id":"https:\/\/conexion23.com\/#\/schema\/person\/c0b7ce1f0e7a915d08fa289072b8353a","name":"Benjam\u00edn Rosario","image":{"@type":"ImageObject","inLanguage":"es","@id":"https:\/\/secure.gravatar.com\/avatar\/62e1b2539b49cdeb50ee302e2a5f2bd31dc7fdba412bbac67e2a2a6e0c89bb2a?s=96&d=mm&r=g","url":"https:\/\/secure.gravatar.com\/avatar\/62e1b2539b49cdeb50ee302e2a5f2bd31dc7fdba412bbac67e2a2a6e0c89bb2a?s=96&d=mm&r=g","contentUrl":"https:\/\/secure.gravatar.com\/avatar\/62e1b2539b49cdeb50ee302e2a5f2bd31dc7fdba412bbac67e2a2a6e0c89bb2a?s=96&d=mm&r=g","caption":"Benjam\u00edn Rosario"},"url":"https:\/\/conexion23.com\/?author=7"}]}},"_links":{"self":[{"href":"https:\/\/conexion23.com\/index.php?rest_route=\/wp\/v2\/posts\/15376","targetHints":{"allow":["GET"]}}],"collection":[{"href":"https:\/\/conexion23.com\/index.php?rest_route=\/wp\/v2\/posts"}],"about":[{"href":"https:\/\/conexion23.com\/index.php?rest_route=\/wp\/v2\/types\/post"}],"author":[{"embeddable":true,"href":"https:\/\/conexion23.com\/index.php?rest_route=\/wp\/v2\/users\/7"}],"replies":[{"embeddable":true,"href":"https:\/\/conexion23.com\/index.php?rest_route=%2Fwp%2Fv2%2Fcomments&post=15376"}],"version-history":[{"count":1,"href":"https:\/\/conexion23.com\/index.php?rest_route=\/wp\/v2\/posts\/15376\/revisions"}],"predecessor-version":[{"id":15387,"href":"https:\/\/conexion23.com\/index.php?rest_route=\/wp\/v2\/posts\/15376\/revisions\/15387"}],"wp:attachment":[{"href":"https:\/\/conexion23.com\/index.php?rest_route=%2Fwp%2Fv2%2Fmedia&parent=15376"}],"wp:term":[{"taxonomy":"category","embeddable":true,"href":"https:\/\/conexion23.com\/index.php?rest_route=%2Fwp%2Fv2%2Fcategories&post=15376"},{"taxonomy":"post_tag","embeddable":true,"href":"https:\/\/conexion23.com\/index.php?rest_route=%2Fwp%2Fv2%2Ftags&post=15376"}],"curies":[{"name":"wp","href":"https:\/\/api.w.org\/{rel}","templated":true}]}}