{"id":15482,"date":"2023-01-05T10:14:58","date_gmt":"2023-01-05T14:14:58","guid":{"rendered":"https:\/\/conexion23.com\/?p=15482"},"modified":"2023-01-05T10:15:08","modified_gmt":"2023-01-05T14:15:08","slug":"pn-apresa-uno-de-presuntos-autores-de-muerte-de-oficial-de-la-fuerza-aerea","status":"publish","type":"post","link":"https:\/\/conexion23.com\/?p=15482","title":{"rendered":"PN apresa uno de presuntos autores de muerte de oficial de la Fuerza A\u00e9rea"},"content":{"rendered":"\n<p class=\"wp-block-paragraph\">Agentes policiales, adscritos a la Direcci\u00f3n Central de Investigaci\u00f3n (<strong>Dicrim<\/strong>), apresaron a un hombre acusado, junto a otro, que se encuentra pr\u00f3fugo, de ultimar por heridas de bala a un segundo teniente de la Fuerza A\u00e9rea de Rep\u00fablica Dominicana (<strong>FARD<\/strong>), as\u00ed como de herir a otras cinco personas en el sector de Villa Faro, municipio&nbsp;<strong>Santo Domingo Este<\/strong>.<\/p>\n\n\n\n<p class=\"wp-block-paragraph\">Se trata de Alejandro Garc\u00eda Soto (a) Macuto, de 29 a\u00f1os, quien, junto al pr\u00f3fugo Starlin Acevedo Garc\u00eda (a) Bimboli, es se\u00f1alado por las v\u00edctimas como presunto responsable de la muerte del segundo teniente FARD Carlos Marte.<\/p>\n\n\n\n<p class=\"wp-block-paragraph\">Asimismo, causarle heridas de bala a cinco personas, quienes reciben atenciones m\u00e9dicas en un centro hospitalario del municipio.<\/p>\n\n\n\n<p class=\"wp-block-paragraph\">El informe preliminar indica que Garc\u00eda Soto \u201cMacuto\u00bb y Acevedo Garc\u00eda \u201cBimboli\u201d (pr\u00f3fugo), despojaron de un celular a un sobrino del malogrado oficial militar subalterno. Este \u00faltimo, tras informarle a su t\u00edo lo sucedido, se fueron ambos a recuperar el tel\u00e9fono m\u00f3vil, y fueron en esas circunstancias que los malhechores, sin mediar palabras, le emprendieron a tiros, cayendo abatido el oficial Carlos Marte, mientras que su sobrino result\u00f3 herido en el brazo izquierdo.<\/p>\n\n\n\n<p class=\"wp-block-paragraph\">El apresamiento se produjo mediante una r\u00e1pida acci\u00f3n de los agentes, confiscandole&nbsp; al detenido el celular, propiedad del pariente del hoy occiso.<\/p>\n\n\n\n<p class=\"wp-block-paragraph\">El prevenido ser\u00e1 puesto bajo control del Ministerio P\u00fablico, para los fines legales correspondientes, mientras contin\u00faa la b\u00fasqueda de su acompa\u00f1ante<\/p>\n","protected":false},"excerpt":{"rendered":"<p>Agentes policiales, adscritos a la Direcci\u00f3n Central de Investigaci\u00f3n (Dicrim), apresaron a un hombre acusado, junto a otro, que se encuentra pr\u00f3fugo, de ultimar por heridas de bala a un segundo teniente de la Fuerza A\u00e9rea de Rep\u00fablica Dominicana (FARD), as\u00ed como de herir a otras cinco personas en el sector de Villa Faro, municipio&nbsp;Santo [&hellip;]<\/p>\n","protected":false},"author":15,"featured_media":0,"comment_status":"open","ping_status":"open","sticky":false,"template":"","format":"standard","meta":{"footnotes":""},"categories":[1],"tags":[],"class_list":["post-15482","post","type-post","status-publish","format-standard","category-uncategorized"],"yoast_head":"<!-- This site is optimized with the Yoast SEO plugin v27.6 - https:\/\/yoast.com\/product\/yoast-seo-wordpress\/ -->\n<title>PN apresa uno de presuntos autores de muerte de oficial de la Fuerza A\u00e9rea - Conexi\u00f3n 23<\/title>\n<meta name=\"robots\" content=\"index, follow, max-snippet:-1, max-image-preview:large, max-video-preview:-1\" \/>\n<link rel=\"canonical\" href=\"https:\/\/conexion23.com\/?p=15482\" \/>\n<meta property=\"og:locale\" content=\"es_ES\" \/>\n<meta property=\"og:type\" content=\"article\" \/>\n<meta property=\"og:title\" content=\"PN apresa uno de presuntos autores de muerte de oficial de la Fuerza A\u00e9rea - Conexi\u00f3n 23\" \/>\n<meta property=\"og:description\" content=\"Agentes policiales, adscritos a la Direcci\u00f3n Central de Investigaci\u00f3n (Dicrim), apresaron a un hombre acusado, junto a otro, que se encuentra pr\u00f3fugo, de ultimar por heridas de bala a un segundo teniente de la Fuerza A\u00e9rea de Rep\u00fablica Dominicana (FARD), as\u00ed como de herir a otras cinco personas en el sector de Villa Faro, municipio&nbsp;Santo [&hellip;]\" \/>\n<meta property=\"og:url\" content=\"https:\/\/conexion23.com\/?p=15482\" \/>\n<meta property=\"og:site_name\" content=\"Conexi\u00f3n 23\" \/>\n<meta property=\"article:publisher\" content=\"https:\/\/www.facebook.com\/conexion23com\" \/>\n<meta property=\"article:published_time\" content=\"2023-01-05T14:14:58+00:00\" \/>\n<meta property=\"article:modified_time\" content=\"2023-01-05T14:15:08+00:00\" \/>\n<meta name=\"author\" content=\"Raffy Ben\u00edtez\" \/>\n<meta name=\"twitter:card\" content=\"summary_large_image\" \/>\n<meta name=\"twitter:label1\" content=\"Escrito por\" \/>\n\t<meta name=\"twitter:data1\" content=\"Raffy Ben\u00edtez\" \/>\n\t<meta name=\"twitter:label2\" content=\"Tiempo de lectura\" \/>\n\t<meta name=\"twitter:data2\" content=\"2 minutos\" \/>\n<script type=\"application\/ld+json\" class=\"yoast-schema-graph\">{\"@context\":\"https:\\\/\\\/schema.org\",\"@graph\":[{\"@type\":\"Article\",\"@id\":\"https:\\\/\\\/conexion23.com\\\/?p=15482#article\",\"isPartOf\":{\"@id\":\"https:\\\/\\\/conexion23.com\\\/?p=15482\"},\"author\":{\"name\":\"Raffy Ben\u00edtez\",\"@id\":\"https:\\\/\\\/conexion23.com\\\/#\\\/schema\\\/person\\\/03e36043331117e97a373299bbcd30a6\"},\"headline\":\"PN apresa uno de presuntos autores de muerte de oficial de la Fuerza A\u00e9rea\",\"datePublished\":\"2023-01-05T14:14:58+00:00\",\"dateModified\":\"2023-01-05T14:15:08+00:00\",\"mainEntityOfPage\":{\"@id\":\"https:\\\/\\\/conexion23.com\\\/?p=15482\"},\"wordCount\":269,\"commentCount\":0,\"publisher\":{\"@id\":\"https:\\\/\\\/conexion23.com\\\/#organization\"},\"articleSection\":[\"Uncategorized\"],\"inLanguage\":\"es\",\"potentialAction\":[{\"@type\":\"CommentAction\",\"name\":\"Comment\",\"target\":[\"https:\\\/\\\/conexion23.com\\\/?p=15482#respond\"]}]},{\"@type\":\"WebPage\",\"@id\":\"https:\\\/\\\/conexion23.com\\\/?p=15482\",\"url\":\"https:\\\/\\\/conexion23.com\\\/?p=15482\",\"name\":\"PN apresa uno de presuntos autores de muerte de oficial de la Fuerza A\u00e9rea - Conexi\u00f3n 23\",\"isPartOf\":{\"@id\":\"https:\\\/\\\/conexion23.com\\\/#website\"},\"datePublished\":\"2023-01-05T14:14:58+00:00\",\"dateModified\":\"2023-01-05T14:15:08+00:00\",\"breadcrumb\":{\"@id\":\"https:\\\/\\\/conexion23.com\\\/?p=15482#breadcrumb\"},\"inLanguage\":\"es\",\"potentialAction\":[{\"@type\":\"ReadAction\",\"target\":[\"https:\\\/\\\/conexion23.com\\\/?p=15482\"]}]},{\"@type\":\"BreadcrumbList\",\"@id\":\"https:\\\/\\\/conexion23.com\\\/?p=15482#breadcrumb\",\"itemListElement\":[{\"@type\":\"ListItem\",\"position\":1,\"name\":\"Portada\",\"item\":\"https:\\\/\\\/conexion23.com\\\/\"},{\"@type\":\"ListItem\",\"position\":2,\"name\":\"PN apresa uno de presuntos autores de muerte de oficial de la Fuerza A\u00e9rea\"}]},{\"@type\":\"WebSite\",\"@id\":\"https:\\\/\\\/conexion23.com\\\/#website\",\"url\":\"https:\\\/\\\/conexion23.com\\\/\",\"name\":\"Conexi\u00f3n 23\",\"description\":\"Peri\u00f3dico 100% Petromacorisano\",\"publisher\":{\"@id\":\"https:\\\/\\\/conexion23.com\\\/#organization\"},\"potentialAction\":[{\"@type\":\"SearchAction\",\"target\":{\"@type\":\"EntryPoint\",\"urlTemplate\":\"https:\\\/\\\/conexion23.com\\\/?s={search_term_string}\"},\"query-input\":{\"@type\":\"PropertyValueSpecification\",\"valueRequired\":true,\"valueName\":\"search_term_string\"}}],\"inLanguage\":\"es\"},{\"@type\":\"Organization\",\"@id\":\"https:\\\/\\\/conexion23.com\\\/#organization\",\"name\":\"Conexion 23\",\"url\":\"https:\\\/\\\/conexion23.com\\\/\",\"logo\":{\"@type\":\"ImageObject\",\"inLanguage\":\"es\",\"@id\":\"https:\\\/\\\/conexion23.com\\\/#\\\/schema\\\/logo\\\/image\\\/\",\"url\":\"https:\\\/\\\/conexion23.com\\\/wp-content\\\/uploads\\\/2021\\\/11\\\/Diseno-sin-titulo-2.png\",\"contentUrl\":\"https:\\\/\\\/conexion23.com\\\/wp-content\\\/uploads\\\/2021\\\/11\\\/Diseno-sin-titulo-2.png\",\"width\":541,\"height\":90,\"caption\":\"Conexion 23\"},\"image\":{\"@id\":\"https:\\\/\\\/conexion23.com\\\/#\\\/schema\\\/logo\\\/image\\\/\"},\"sameAs\":[\"https:\\\/\\\/www.facebook.com\\\/conexion23com\",\"https:\\\/\\\/www.instagram.com\\\/conexion23com\\\/\",\"https:\\\/\\\/www.youtube.com\\\/channel\\\/UCYc7vxxFZMYLIHNsHHxPZ3Q\"]},{\"@type\":\"Person\",\"@id\":\"https:\\\/\\\/conexion23.com\\\/#\\\/schema\\\/person\\\/03e36043331117e97a373299bbcd30a6\",\"name\":\"Raffy Ben\u00edtez\",\"image\":{\"@type\":\"ImageObject\",\"inLanguage\":\"es\",\"@id\":\"https:\\\/\\\/secure.gravatar.com\\\/avatar\\\/3190a6a6c5e1b0327500f7d6c56b6242472ee6cb974cf09b401ee6b3b0798f23?s=96&d=mm&r=g\",\"url\":\"https:\\\/\\\/secure.gravatar.com\\\/avatar\\\/3190a6a6c5e1b0327500f7d6c56b6242472ee6cb974cf09b401ee6b3b0798f23?s=96&d=mm&r=g\",\"contentUrl\":\"https:\\\/\\\/secure.gravatar.com\\\/avatar\\\/3190a6a6c5e1b0327500f7d6c56b6242472ee6cb974cf09b401ee6b3b0798f23?s=96&d=mm&r=g\",\"caption\":\"Raffy Ben\u00edtez\"},\"url\":\"https:\\\/\\\/conexion23.com\\\/?author=15\"}]}<\/script>\n<!-- \/ Yoast SEO plugin. -->","yoast_head_json":{"title":"PN apresa uno de presuntos autores de muerte de oficial de la Fuerza A\u00e9rea - Conexi\u00f3n 23","robots":{"index":"index","follow":"follow","max-snippet":"max-snippet:-1","max-image-preview":"max-image-preview:large","max-video-preview":"max-video-preview:-1"},"canonical":"https:\/\/conexion23.com\/?p=15482","og_locale":"es_ES","og_type":"article","og_title":"PN apresa uno de presuntos autores de muerte de oficial de la Fuerza A\u00e9rea - Conexi\u00f3n 23","og_description":"Agentes policiales, adscritos a la Direcci\u00f3n Central de Investigaci\u00f3n (Dicrim), apresaron a un hombre acusado, junto a otro, que se encuentra pr\u00f3fugo, de ultimar por heridas de bala a un segundo teniente de la Fuerza A\u00e9rea de Rep\u00fablica Dominicana (FARD), as\u00ed como de herir a otras cinco personas en el sector de Villa Faro, municipio&nbsp;Santo [&hellip;]","og_url":"https:\/\/conexion23.com\/?p=15482","og_site_name":"Conexi\u00f3n 23","article_publisher":"https:\/\/www.facebook.com\/conexion23com","article_published_time":"2023-01-05T14:14:58+00:00","article_modified_time":"2023-01-05T14:15:08+00:00","author":"Raffy Ben\u00edtez","twitter_card":"summary_large_image","twitter_misc":{"Escrito por":"Raffy Ben\u00edtez","Tiempo de lectura":"2 minutos"},"schema":{"@context":"https:\/\/schema.org","@graph":[{"@type":"Article","@id":"https:\/\/conexion23.com\/?p=15482#article","isPartOf":{"@id":"https:\/\/conexion23.com\/?p=15482"},"author":{"name":"Raffy Ben\u00edtez","@id":"https:\/\/conexion23.com\/#\/schema\/person\/03e36043331117e97a373299bbcd30a6"},"headline":"PN apresa uno de presuntos autores de muerte de oficial de la Fuerza A\u00e9rea","datePublished":"2023-01-05T14:14:58+00:00","dateModified":"2023-01-05T14:15:08+00:00","mainEntityOfPage":{"@id":"https:\/\/conexion23.com\/?p=15482"},"wordCount":269,"commentCount":0,"publisher":{"@id":"https:\/\/conexion23.com\/#organization"},"articleSection":["Uncategorized"],"inLanguage":"es","potentialAction":[{"@type":"CommentAction","name":"Comment","target":["https:\/\/conexion23.com\/?p=15482#respond"]}]},{"@type":"WebPage","@id":"https:\/\/conexion23.com\/?p=15482","url":"https:\/\/conexion23.com\/?p=15482","name":"PN apresa uno de presuntos autores de muerte de oficial de la Fuerza A\u00e9rea - Conexi\u00f3n 23","isPartOf":{"@id":"https:\/\/conexion23.com\/#website"},"datePublished":"2023-01-05T14:14:58+00:00","dateModified":"2023-01-05T14:15:08+00:00","breadcrumb":{"@id":"https:\/\/conexion23.com\/?p=15482#breadcrumb"},"inLanguage":"es","potentialAction":[{"@type":"ReadAction","target":["https:\/\/conexion23.com\/?p=15482"]}]},{"@type":"BreadcrumbList","@id":"https:\/\/conexion23.com\/?p=15482#breadcrumb","itemListElement":[{"@type":"ListItem","position":1,"name":"Portada","item":"https:\/\/conexion23.com\/"},{"@type":"ListItem","position":2,"name":"PN apresa uno de presuntos autores de muerte de oficial de la Fuerza A\u00e9rea"}]},{"@type":"WebSite","@id":"https:\/\/conexion23.com\/#website","url":"https:\/\/conexion23.com\/","name":"Conexi\u00f3n 23","description":"Peri\u00f3dico 100% Petromacorisano","publisher":{"@id":"https:\/\/conexion23.com\/#organization"},"potentialAction":[{"@type":"SearchAction","target":{"@type":"EntryPoint","urlTemplate":"https:\/\/conexion23.com\/?s={search_term_string}"},"query-input":{"@type":"PropertyValueSpecification","valueRequired":true,"valueName":"search_term_string"}}],"inLanguage":"es"},{"@type":"Organization","@id":"https:\/\/conexion23.com\/#organization","name":"Conexion 23","url":"https:\/\/conexion23.com\/","logo":{"@type":"ImageObject","inLanguage":"es","@id":"https:\/\/conexion23.com\/#\/schema\/logo\/image\/","url":"https:\/\/conexion23.com\/wp-content\/uploads\/2021\/11\/Diseno-sin-titulo-2.png","contentUrl":"https:\/\/conexion23.com\/wp-content\/uploads\/2021\/11\/Diseno-sin-titulo-2.png","width":541,"height":90,"caption":"Conexion 23"},"image":{"@id":"https:\/\/conexion23.com\/#\/schema\/logo\/image\/"},"sameAs":["https:\/\/www.facebook.com\/conexion23com","https:\/\/www.instagram.com\/conexion23com\/","https:\/\/www.youtube.com\/channel\/UCYc7vxxFZMYLIHNsHHxPZ3Q"]},{"@type":"Person","@id":"https:\/\/conexion23.com\/#\/schema\/person\/03e36043331117e97a373299bbcd30a6","name":"Raffy Ben\u00edtez","image":{"@type":"ImageObject","inLanguage":"es","@id":"https:\/\/secure.gravatar.com\/avatar\/3190a6a6c5e1b0327500f7d6c56b6242472ee6cb974cf09b401ee6b3b0798f23?s=96&d=mm&r=g","url":"https:\/\/secure.gravatar.com\/avatar\/3190a6a6c5e1b0327500f7d6c56b6242472ee6cb974cf09b401ee6b3b0798f23?s=96&d=mm&r=g","contentUrl":"https:\/\/secure.gravatar.com\/avatar\/3190a6a6c5e1b0327500f7d6c56b6242472ee6cb974cf09b401ee6b3b0798f23?s=96&d=mm&r=g","caption":"Raffy Ben\u00edtez"},"url":"https:\/\/conexion23.com\/?author=15"}]}},"_links":{"self":[{"href":"https:\/\/conexion23.com\/index.php?rest_route=\/wp\/v2\/posts\/15482","targetHints":{"allow":["GET"]}}],"collection":[{"href":"https:\/\/conexion23.com\/index.php?rest_route=\/wp\/v2\/posts"}],"about":[{"href":"https:\/\/conexion23.com\/index.php?rest_route=\/wp\/v2\/types\/post"}],"author":[{"embeddable":true,"href":"https:\/\/conexion23.com\/index.php?rest_route=\/wp\/v2\/users\/15"}],"replies":[{"embeddable":true,"href":"https:\/\/conexion23.com\/index.php?rest_route=%2Fwp%2Fv2%2Fcomments&post=15482"}],"version-history":[{"count":1,"href":"https:\/\/conexion23.com\/index.php?rest_route=\/wp\/v2\/posts\/15482\/revisions"}],"predecessor-version":[{"id":15484,"href":"https:\/\/conexion23.com\/index.php?rest_route=\/wp\/v2\/posts\/15482\/revisions\/15484"}],"wp:attachment":[{"href":"https:\/\/conexion23.com\/index.php?rest_route=%2Fwp%2Fv2%2Fmedia&parent=15482"}],"wp:term":[{"taxonomy":"category","embeddable":true,"href":"https:\/\/conexion23.com\/index.php?rest_route=%2Fwp%2Fv2%2Fcategories&post=15482"},{"taxonomy":"post_tag","embeddable":true,"href":"https:\/\/conexion23.com\/index.php?rest_route=%2Fwp%2Fv2%2Ftags&post=15482"}],"curies":[{"name":"wp","href":"https:\/\/api.w.org\/{rel}","templated":true}]}}