{"id":15620,"date":"2023-01-16T06:14:45","date_gmt":"2023-01-16T10:14:45","guid":{"rendered":"https:\/\/conexion23.com\/?p=15620"},"modified":"2023-01-16T06:14:48","modified_gmt":"2023-01-16T10:14:48","slug":"ministro-de-turismo-participa-en-fitur-en-busca-de-nuevos-acuerdos","status":"publish","type":"post","link":"https:\/\/conexion23.com\/?p=15620","title":{"rendered":"Ministro de turismo participa en FITUR en busca de nuevos acuerdos"},"content":{"rendered":"\n<p class=\"wp-block-paragraph\"><strong>Santo Domingo.-\u00a0<\/strong>El ministro de Turismo,<strong>\u00a0<\/strong>David Collado, sali\u00f3 ayer hacia Madrid, Espa\u00f1a, para encabezar la delegaci\u00f3n dominicana que estar\u00e1 participando en la Feria Internacional de Turismo (FITUR 2023), en la que Rep\u00fablica Dominicana espera tener una destacada presencia y participaci\u00f3n.<\/p>\n\n\n\n<p class=\"wp-block-paragraph\">Collado agotar\u00e1 una apretada agenda de trabajo que inicia este lunes y en la que ya est\u00e1n pautadas m\u00e1s de 50 reuniones, en medio de la cuales se suscribir\u00e1n acuerdos con grandes marcas hoteleras y l\u00edneas a\u00e9reas.<\/p>\n\n\n\n<p class=\"wp-block-paragraph\">\u201cVamos a esta Feria con el compromiso de seguir trabajando sin descanso y con transparencia para poder seguir en 2023 el mismo ritmo de crecimiento que tuvimos en 2022 y que los visitantes e inversionistas europeos vean en Rep\u00fablica Dominicana como el destino id\u00f3neo del Caribe\u201d dijo Collado antes de partir por el Aeropuerto Internacional de Las Am\u00e9ricas (AILA).<\/p>\n\n\n\n<p class=\"wp-block-paragraph\">El primer gran evento de la semana ser\u00e1 el martes 17 al mediod\u00eda en el Auditorio del Hotel Marriott de Madrid, en donde se realizar\u00e1 la presentaci\u00f3n de \u201cROADSHOW\u201d del Ministerio de Turismo ante m\u00e1s de 200 tour operadores y agencias de viajes de Europa con el fin de presentar las atracciones y novedades del destino Rep\u00fablica Dominicana.<\/p>\n","protected":false},"excerpt":{"rendered":"<p>Santo Domingo.-\u00a0El ministro de Turismo,\u00a0David Collado, sali\u00f3 ayer hacia Madrid, Espa\u00f1a, para encabezar la delegaci\u00f3n dominicana que estar\u00e1 participando en la Feria Internacional de Turismo (FITUR 2023), en la que Rep\u00fablica Dominicana espera tener una destacada presencia y participaci\u00f3n. Collado agotar\u00e1 una apretada agenda de trabajo que inicia este lunes y en la que ya [&hellip;]<\/p>\n","protected":false},"author":15,"featured_media":0,"comment_status":"open","ping_status":"open","sticky":false,"template":"","format":"standard","meta":{"footnotes":""},"categories":[1],"tags":[],"class_list":["post-15620","post","type-post","status-publish","format-standard","category-uncategorized"],"yoast_head":"<!-- This site is optimized with the Yoast SEO plugin v27.6 - https:\/\/yoast.com\/product\/yoast-seo-wordpress\/ -->\n<title>Ministro de turismo participa en FITUR en busca de nuevos acuerdos - Conexi\u00f3n 23<\/title>\n<meta name=\"robots\" content=\"index, follow, max-snippet:-1, max-image-preview:large, max-video-preview:-1\" \/>\n<link rel=\"canonical\" href=\"https:\/\/conexion23.com\/?p=15620\" \/>\n<meta property=\"og:locale\" content=\"es_ES\" \/>\n<meta property=\"og:type\" content=\"article\" \/>\n<meta property=\"og:title\" content=\"Ministro de turismo participa en FITUR en busca de nuevos acuerdos - Conexi\u00f3n 23\" \/>\n<meta property=\"og:description\" content=\"Santo Domingo.-\u00a0El ministro de Turismo,\u00a0David Collado, sali\u00f3 ayer hacia Madrid, Espa\u00f1a, para encabezar la delegaci\u00f3n dominicana que estar\u00e1 participando en la Feria Internacional de Turismo (FITUR 2023), en la que Rep\u00fablica Dominicana espera tener una destacada presencia y participaci\u00f3n. Collado agotar\u00e1 una apretada agenda de trabajo que inicia este lunes y en la que ya [&hellip;]\" \/>\n<meta property=\"og:url\" content=\"https:\/\/conexion23.com\/?p=15620\" \/>\n<meta property=\"og:site_name\" content=\"Conexi\u00f3n 23\" \/>\n<meta property=\"article:publisher\" content=\"https:\/\/www.facebook.com\/conexion23com\" \/>\n<meta property=\"article:published_time\" content=\"2023-01-16T10:14:45+00:00\" \/>\n<meta property=\"article:modified_time\" content=\"2023-01-16T10:14:48+00:00\" \/>\n<meta name=\"author\" content=\"Raffy Ben\u00edtez\" \/>\n<meta name=\"twitter:card\" content=\"summary_large_image\" \/>\n<meta name=\"twitter:label1\" content=\"Escrito por\" \/>\n\t<meta name=\"twitter:data1\" content=\"Raffy Ben\u00edtez\" \/>\n\t<meta name=\"twitter:label2\" content=\"Tiempo de lectura\" \/>\n\t<meta name=\"twitter:data2\" content=\"1 minuto\" \/>\n<script type=\"application\/ld+json\" class=\"yoast-schema-graph\">{\"@context\":\"https:\\\/\\\/schema.org\",\"@graph\":[{\"@type\":\"Article\",\"@id\":\"https:\\\/\\\/conexion23.com\\\/?p=15620#article\",\"isPartOf\":{\"@id\":\"https:\\\/\\\/conexion23.com\\\/?p=15620\"},\"author\":{\"name\":\"Raffy Ben\u00edtez\",\"@id\":\"https:\\\/\\\/conexion23.com\\\/#\\\/schema\\\/person\\\/03e36043331117e97a373299bbcd30a6\"},\"headline\":\"Ministro de turismo participa en FITUR en busca de nuevos acuerdos\",\"datePublished\":\"2023-01-16T10:14:45+00:00\",\"dateModified\":\"2023-01-16T10:14:48+00:00\",\"mainEntityOfPage\":{\"@id\":\"https:\\\/\\\/conexion23.com\\\/?p=15620\"},\"wordCount\":217,\"commentCount\":0,\"publisher\":{\"@id\":\"https:\\\/\\\/conexion23.com\\\/#organization\"},\"articleSection\":[\"Uncategorized\"],\"inLanguage\":\"es\",\"potentialAction\":[{\"@type\":\"CommentAction\",\"name\":\"Comment\",\"target\":[\"https:\\\/\\\/conexion23.com\\\/?p=15620#respond\"]}]},{\"@type\":\"WebPage\",\"@id\":\"https:\\\/\\\/conexion23.com\\\/?p=15620\",\"url\":\"https:\\\/\\\/conexion23.com\\\/?p=15620\",\"name\":\"Ministro de turismo participa en FITUR en busca de nuevos acuerdos - Conexi\u00f3n 23\",\"isPartOf\":{\"@id\":\"https:\\\/\\\/conexion23.com\\\/#website\"},\"datePublished\":\"2023-01-16T10:14:45+00:00\",\"dateModified\":\"2023-01-16T10:14:48+00:00\",\"breadcrumb\":{\"@id\":\"https:\\\/\\\/conexion23.com\\\/?p=15620#breadcrumb\"},\"inLanguage\":\"es\",\"potentialAction\":[{\"@type\":\"ReadAction\",\"target\":[\"https:\\\/\\\/conexion23.com\\\/?p=15620\"]}]},{\"@type\":\"BreadcrumbList\",\"@id\":\"https:\\\/\\\/conexion23.com\\\/?p=15620#breadcrumb\",\"itemListElement\":[{\"@type\":\"ListItem\",\"position\":1,\"name\":\"Portada\",\"item\":\"https:\\\/\\\/conexion23.com\\\/\"},{\"@type\":\"ListItem\",\"position\":2,\"name\":\"Ministro de turismo participa en FITUR en busca de nuevos acuerdos\"}]},{\"@type\":\"WebSite\",\"@id\":\"https:\\\/\\\/conexion23.com\\\/#website\",\"url\":\"https:\\\/\\\/conexion23.com\\\/\",\"name\":\"Conexi\u00f3n 23\",\"description\":\"Peri\u00f3dico 100% Petromacorisano\",\"publisher\":{\"@id\":\"https:\\\/\\\/conexion23.com\\\/#organization\"},\"potentialAction\":[{\"@type\":\"SearchAction\",\"target\":{\"@type\":\"EntryPoint\",\"urlTemplate\":\"https:\\\/\\\/conexion23.com\\\/?s={search_term_string}\"},\"query-input\":{\"@type\":\"PropertyValueSpecification\",\"valueRequired\":true,\"valueName\":\"search_term_string\"}}],\"inLanguage\":\"es\"},{\"@type\":\"Organization\",\"@id\":\"https:\\\/\\\/conexion23.com\\\/#organization\",\"name\":\"Conexion 23\",\"url\":\"https:\\\/\\\/conexion23.com\\\/\",\"logo\":{\"@type\":\"ImageObject\",\"inLanguage\":\"es\",\"@id\":\"https:\\\/\\\/conexion23.com\\\/#\\\/schema\\\/logo\\\/image\\\/\",\"url\":\"https:\\\/\\\/conexion23.com\\\/wp-content\\\/uploads\\\/2021\\\/11\\\/Diseno-sin-titulo-2.png\",\"contentUrl\":\"https:\\\/\\\/conexion23.com\\\/wp-content\\\/uploads\\\/2021\\\/11\\\/Diseno-sin-titulo-2.png\",\"width\":541,\"height\":90,\"caption\":\"Conexion 23\"},\"image\":{\"@id\":\"https:\\\/\\\/conexion23.com\\\/#\\\/schema\\\/logo\\\/image\\\/\"},\"sameAs\":[\"https:\\\/\\\/www.facebook.com\\\/conexion23com\",\"https:\\\/\\\/www.instagram.com\\\/conexion23com\\\/\",\"https:\\\/\\\/www.youtube.com\\\/channel\\\/UCYc7vxxFZMYLIHNsHHxPZ3Q\"]},{\"@type\":\"Person\",\"@id\":\"https:\\\/\\\/conexion23.com\\\/#\\\/schema\\\/person\\\/03e36043331117e97a373299bbcd30a6\",\"name\":\"Raffy Ben\u00edtez\",\"image\":{\"@type\":\"ImageObject\",\"inLanguage\":\"es\",\"@id\":\"https:\\\/\\\/secure.gravatar.com\\\/avatar\\\/3190a6a6c5e1b0327500f7d6c56b6242472ee6cb974cf09b401ee6b3b0798f23?s=96&d=mm&r=g\",\"url\":\"https:\\\/\\\/secure.gravatar.com\\\/avatar\\\/3190a6a6c5e1b0327500f7d6c56b6242472ee6cb974cf09b401ee6b3b0798f23?s=96&d=mm&r=g\",\"contentUrl\":\"https:\\\/\\\/secure.gravatar.com\\\/avatar\\\/3190a6a6c5e1b0327500f7d6c56b6242472ee6cb974cf09b401ee6b3b0798f23?s=96&d=mm&r=g\",\"caption\":\"Raffy Ben\u00edtez\"},\"url\":\"https:\\\/\\\/conexion23.com\\\/?author=15\"}]}<\/script>\n<!-- \/ Yoast SEO plugin. -->","yoast_head_json":{"title":"Ministro de turismo participa en FITUR en busca de nuevos acuerdos - Conexi\u00f3n 23","robots":{"index":"index","follow":"follow","max-snippet":"max-snippet:-1","max-image-preview":"max-image-preview:large","max-video-preview":"max-video-preview:-1"},"canonical":"https:\/\/conexion23.com\/?p=15620","og_locale":"es_ES","og_type":"article","og_title":"Ministro de turismo participa en FITUR en busca de nuevos acuerdos - Conexi\u00f3n 23","og_description":"Santo Domingo.-\u00a0El ministro de Turismo,\u00a0David Collado, sali\u00f3 ayer hacia Madrid, Espa\u00f1a, para encabezar la delegaci\u00f3n dominicana que estar\u00e1 participando en la Feria Internacional de Turismo (FITUR 2023), en la que Rep\u00fablica Dominicana espera tener una destacada presencia y participaci\u00f3n. Collado agotar\u00e1 una apretada agenda de trabajo que inicia este lunes y en la que ya [&hellip;]","og_url":"https:\/\/conexion23.com\/?p=15620","og_site_name":"Conexi\u00f3n 23","article_publisher":"https:\/\/www.facebook.com\/conexion23com","article_published_time":"2023-01-16T10:14:45+00:00","article_modified_time":"2023-01-16T10:14:48+00:00","author":"Raffy Ben\u00edtez","twitter_card":"summary_large_image","twitter_misc":{"Escrito por":"Raffy Ben\u00edtez","Tiempo de lectura":"1 minuto"},"schema":{"@context":"https:\/\/schema.org","@graph":[{"@type":"Article","@id":"https:\/\/conexion23.com\/?p=15620#article","isPartOf":{"@id":"https:\/\/conexion23.com\/?p=15620"},"author":{"name":"Raffy Ben\u00edtez","@id":"https:\/\/conexion23.com\/#\/schema\/person\/03e36043331117e97a373299bbcd30a6"},"headline":"Ministro de turismo participa en FITUR en busca de nuevos acuerdos","datePublished":"2023-01-16T10:14:45+00:00","dateModified":"2023-01-16T10:14:48+00:00","mainEntityOfPage":{"@id":"https:\/\/conexion23.com\/?p=15620"},"wordCount":217,"commentCount":0,"publisher":{"@id":"https:\/\/conexion23.com\/#organization"},"articleSection":["Uncategorized"],"inLanguage":"es","potentialAction":[{"@type":"CommentAction","name":"Comment","target":["https:\/\/conexion23.com\/?p=15620#respond"]}]},{"@type":"WebPage","@id":"https:\/\/conexion23.com\/?p=15620","url":"https:\/\/conexion23.com\/?p=15620","name":"Ministro de turismo participa en FITUR en busca de nuevos acuerdos - Conexi\u00f3n 23","isPartOf":{"@id":"https:\/\/conexion23.com\/#website"},"datePublished":"2023-01-16T10:14:45+00:00","dateModified":"2023-01-16T10:14:48+00:00","breadcrumb":{"@id":"https:\/\/conexion23.com\/?p=15620#breadcrumb"},"inLanguage":"es","potentialAction":[{"@type":"ReadAction","target":["https:\/\/conexion23.com\/?p=15620"]}]},{"@type":"BreadcrumbList","@id":"https:\/\/conexion23.com\/?p=15620#breadcrumb","itemListElement":[{"@type":"ListItem","position":1,"name":"Portada","item":"https:\/\/conexion23.com\/"},{"@type":"ListItem","position":2,"name":"Ministro de turismo participa en FITUR en busca de nuevos acuerdos"}]},{"@type":"WebSite","@id":"https:\/\/conexion23.com\/#website","url":"https:\/\/conexion23.com\/","name":"Conexi\u00f3n 23","description":"Peri\u00f3dico 100% Petromacorisano","publisher":{"@id":"https:\/\/conexion23.com\/#organization"},"potentialAction":[{"@type":"SearchAction","target":{"@type":"EntryPoint","urlTemplate":"https:\/\/conexion23.com\/?s={search_term_string}"},"query-input":{"@type":"PropertyValueSpecification","valueRequired":true,"valueName":"search_term_string"}}],"inLanguage":"es"},{"@type":"Organization","@id":"https:\/\/conexion23.com\/#organization","name":"Conexion 23","url":"https:\/\/conexion23.com\/","logo":{"@type":"ImageObject","inLanguage":"es","@id":"https:\/\/conexion23.com\/#\/schema\/logo\/image\/","url":"https:\/\/conexion23.com\/wp-content\/uploads\/2021\/11\/Diseno-sin-titulo-2.png","contentUrl":"https:\/\/conexion23.com\/wp-content\/uploads\/2021\/11\/Diseno-sin-titulo-2.png","width":541,"height":90,"caption":"Conexion 23"},"image":{"@id":"https:\/\/conexion23.com\/#\/schema\/logo\/image\/"},"sameAs":["https:\/\/www.facebook.com\/conexion23com","https:\/\/www.instagram.com\/conexion23com\/","https:\/\/www.youtube.com\/channel\/UCYc7vxxFZMYLIHNsHHxPZ3Q"]},{"@type":"Person","@id":"https:\/\/conexion23.com\/#\/schema\/person\/03e36043331117e97a373299bbcd30a6","name":"Raffy Ben\u00edtez","image":{"@type":"ImageObject","inLanguage":"es","@id":"https:\/\/secure.gravatar.com\/avatar\/3190a6a6c5e1b0327500f7d6c56b6242472ee6cb974cf09b401ee6b3b0798f23?s=96&d=mm&r=g","url":"https:\/\/secure.gravatar.com\/avatar\/3190a6a6c5e1b0327500f7d6c56b6242472ee6cb974cf09b401ee6b3b0798f23?s=96&d=mm&r=g","contentUrl":"https:\/\/secure.gravatar.com\/avatar\/3190a6a6c5e1b0327500f7d6c56b6242472ee6cb974cf09b401ee6b3b0798f23?s=96&d=mm&r=g","caption":"Raffy Ben\u00edtez"},"url":"https:\/\/conexion23.com\/?author=15"}]}},"_links":{"self":[{"href":"https:\/\/conexion23.com\/index.php?rest_route=\/wp\/v2\/posts\/15620","targetHints":{"allow":["GET"]}}],"collection":[{"href":"https:\/\/conexion23.com\/index.php?rest_route=\/wp\/v2\/posts"}],"about":[{"href":"https:\/\/conexion23.com\/index.php?rest_route=\/wp\/v2\/types\/post"}],"author":[{"embeddable":true,"href":"https:\/\/conexion23.com\/index.php?rest_route=\/wp\/v2\/users\/15"}],"replies":[{"embeddable":true,"href":"https:\/\/conexion23.com\/index.php?rest_route=%2Fwp%2Fv2%2Fcomments&post=15620"}],"version-history":[{"count":1,"href":"https:\/\/conexion23.com\/index.php?rest_route=\/wp\/v2\/posts\/15620\/revisions"}],"predecessor-version":[{"id":15622,"href":"https:\/\/conexion23.com\/index.php?rest_route=\/wp\/v2\/posts\/15620\/revisions\/15622"}],"wp:attachment":[{"href":"https:\/\/conexion23.com\/index.php?rest_route=%2Fwp%2Fv2%2Fmedia&parent=15620"}],"wp:term":[{"taxonomy":"category","embeddable":true,"href":"https:\/\/conexion23.com\/index.php?rest_route=%2Fwp%2Fv2%2Fcategories&post=15620"},{"taxonomy":"post_tag","embeddable":true,"href":"https:\/\/conexion23.com\/index.php?rest_route=%2Fwp%2Fv2%2Ftags&post=15620"}],"curies":[{"name":"wp","href":"https:\/\/api.w.org\/{rel}","templated":true}]}}