{"id":15623,"date":"2023-01-16T06:25:37","date_gmt":"2023-01-16T10:25:37","guid":{"rendered":"https:\/\/conexion23.com\/?p=15623"},"modified":"2023-01-16T06:25:40","modified_gmt":"2023-01-16T10:25:40","slug":"asesino-de-jorge-mera-asegura-se-vio-obligado-a-cometer-el-hecho-al-percatarse-victima-estaba-armada","status":"publish","type":"post","link":"https:\/\/conexion23.com\/?p=15623","title":{"rendered":"Asesino de Jorge Mera asegura se \u201cvio obligado\u201d a cometer el hecho al percatarse v\u00edctima estaba armada"},"content":{"rendered":"\n<p class=\"wp-block-paragraph\"><strong>Santo Domingo. \u2013<\/strong>Fausto Miguel Cruz de la Mota, responsable de la muerte del ministro de Medio Ambiente, Orlando Jorge Mera, a mediados del a\u00f1o pasado, asegur\u00f3 que se \u201cvio obligado\u201d a cometer el crimen luego de percatarse de que su v\u00edctima estaba armada.<\/p>\n\n\n\n<p class=\"wp-block-paragraph\">As\u00ed lo dijo Cruz de la Mota en una entrevista v\u00eda telef\u00f3nica con la comunicadora&nbsp;<strong>Nuria Piera<\/strong>, en la que aleg\u00f3 que&nbsp;Jorge Mera&nbsp;portaba un arma de fuego el d\u00eda del incidente entre ambos y que pudo ver parte de un revolver saliendo del bolsillo.<\/p>\n\n\n\n<p class=\"wp-block-paragraph\">\u201cSoy una persona muy ligada de hace 30 a\u00f1os, m\u00e1s o menos, a las armas y militar, o sea, yo s\u00e9 c\u00f3mo un revolver (se ve)\u2026 m\u00e1s un revolver que yo le traje\u201d, dijo, a\u00f1adiendo que vio c\u00f3mo el hoy fallecido se llev\u00f3 la mano al bolsillo, indicando que esta acci\u00f3n fue lo que desencaden\u00f3 la tragedia.<\/p>\n\n\n\n<p class=\"wp-block-paragraph\">\u201c\u00c9l se lleg\u00f3 a poner la mano en el bolsillo, porque sal\u00eda una parte de atr\u00e1s, sal\u00eda desde el bolsillo y se ve\u00eda (el arma). Entonces,&nbsp;<strong>cuando empez\u00f3 a ponerse la mano, ah\u00ed no s\u00e9, sucedi\u00f3 el hecho&nbsp;<\/strong>y me vi obligado a hacer eso (dispararle varias veces a Jorge Mera) y, de verdad, en contra de mi voluntad. Yo nunca lo quise hacer\u201d, expres\u00f3.<\/p>\n\n\n\n<p class=\"wp-block-paragraph\">Cruz de la Mota asegur\u00f3 que antes de dispararle, ambos discutieron por una supuesta deuda que ten\u00eda el ministro con \u00e9l, que superaba los tres millones de d\u00f3lares.<\/p>\n\n\n\n<p class=\"wp-block-paragraph\">Tambi\u00e9n indic\u00f3 que el funcionario le pagaba en cuotas de 50 y 100 mil d\u00f3lares, pero en esa ocasi\u00f3n el asesino le pidi\u00f3 el pago de 500 mil d\u00f3lares a fin de calificar para un pr\u00e9stamo para comprar una villa en Casa de Campo.<\/p>\n\n\n\n<p class=\"wp-block-paragraph\">Durante su conversatorio con la periodista, Fausto compar\u00f3 su relaci\u00f3n con Orlando a una de hermanos, lamentando que la muerte del ministro se debi\u00f3 por una situaci\u00f3n que \u201cse sali\u00f3 de control\u201d.<\/p>\n\n\n\n<p class=\"wp-block-paragraph\">\u201cLa relaci\u00f3n era de hermanos, pero eso sucedi\u00f3 (la muerte de Jorge Mera) por algo que se sali\u00f3 de control y ese d\u00eda no es que yo en ning\u00fan momento quise hacer eso\u201d, expres\u00f3.<\/p>\n\n\n\n<p class=\"wp-block-paragraph\">Se recuerda que seg\u00fan lo establecido en las disposiciones legales del marco jur\u00eddico del pa\u00eds, las medidas de coerci\u00f3n son revisadas cada tres meses y corresponde a los acusados demostrar al juez los presupuestos legales que fundamenten un cambio de decisi\u00f3n.<\/p>\n\n\n\n<p class=\"wp-block-paragraph\">Tambi\u00e9n, se recuerda que los abogados del confeso asesino se mostraron de acuerdo con la imposici\u00f3n de la medida de coerci\u00f3n contra su defendido debido a que, seg\u00fan explicaron en ese momento, era lo mejor para el acusado ya que as\u00ed se evitar\u00eda que este fuera discriminado por el furor social que caus\u00f3 su crimen y el supuesto populismo penal.<\/p>\n\n\n\n<p class=\"wp-block-paragraph\"><a href=\"https:\/\/www.aduanas.gob.do\/\" target=\"_blank\" rel=\"noreferrer noopener\"><\/a><\/p>\n","protected":false},"excerpt":{"rendered":"<p>Santo Domingo. \u2013Fausto Miguel Cruz de la Mota, responsable de la muerte del ministro de Medio Ambiente, Orlando Jorge Mera, a mediados del a\u00f1o pasado, asegur\u00f3 que se \u201cvio obligado\u201d a cometer el crimen luego de percatarse de que su v\u00edctima estaba armada. As\u00ed lo dijo Cruz de la Mota en una entrevista v\u00eda telef\u00f3nica [&hellip;]<\/p>\n","protected":false},"author":15,"featured_media":0,"comment_status":"open","ping_status":"open","sticky":false,"template":"","format":"standard","meta":{"footnotes":""},"categories":[1],"tags":[],"class_list":["post-15623","post","type-post","status-publish","format-standard","category-uncategorized"],"yoast_head":"<!-- This site is optimized with the Yoast SEO plugin v27.6 - https:\/\/yoast.com\/product\/yoast-seo-wordpress\/ -->\n<title>Asesino de Jorge Mera asegura se \u201cvio obligado\u201d a cometer el hecho al percatarse v\u00edctima estaba armada - Conexi\u00f3n 23<\/title>\n<meta name=\"robots\" content=\"index, follow, max-snippet:-1, max-image-preview:large, max-video-preview:-1\" \/>\n<link rel=\"canonical\" href=\"https:\/\/conexion23.com\/?p=15623\" \/>\n<meta property=\"og:locale\" content=\"es_ES\" \/>\n<meta property=\"og:type\" content=\"article\" \/>\n<meta property=\"og:title\" content=\"Asesino de Jorge Mera asegura se \u201cvio obligado\u201d a cometer el hecho al percatarse v\u00edctima estaba armada - Conexi\u00f3n 23\" \/>\n<meta property=\"og:description\" content=\"Santo Domingo. \u2013Fausto Miguel Cruz de la Mota, responsable de la muerte del ministro de Medio Ambiente, Orlando Jorge Mera, a mediados del a\u00f1o pasado, asegur\u00f3 que se \u201cvio obligado\u201d a cometer el crimen luego de percatarse de que su v\u00edctima estaba armada. As\u00ed lo dijo Cruz de la Mota en una entrevista v\u00eda telef\u00f3nica [&hellip;]\" \/>\n<meta property=\"og:url\" content=\"https:\/\/conexion23.com\/?p=15623\" \/>\n<meta property=\"og:site_name\" content=\"Conexi\u00f3n 23\" \/>\n<meta property=\"article:publisher\" content=\"https:\/\/www.facebook.com\/conexion23com\" \/>\n<meta property=\"article:published_time\" content=\"2023-01-16T10:25:37+00:00\" \/>\n<meta property=\"article:modified_time\" content=\"2023-01-16T10:25:40+00:00\" \/>\n<meta name=\"author\" content=\"Raffy Ben\u00edtez\" \/>\n<meta name=\"twitter:card\" content=\"summary_large_image\" \/>\n<meta name=\"twitter:label1\" content=\"Escrito por\" \/>\n\t<meta name=\"twitter:data1\" content=\"Raffy Ben\u00edtez\" \/>\n\t<meta name=\"twitter:label2\" content=\"Tiempo de lectura\" \/>\n\t<meta name=\"twitter:data2\" content=\"3 minutos\" \/>\n<script type=\"application\/ld+json\" class=\"yoast-schema-graph\">{\"@context\":\"https:\\\/\\\/schema.org\",\"@graph\":[{\"@type\":\"Article\",\"@id\":\"https:\\\/\\\/conexion23.com\\\/?p=15623#article\",\"isPartOf\":{\"@id\":\"https:\\\/\\\/conexion23.com\\\/?p=15623\"},\"author\":{\"name\":\"Raffy Ben\u00edtez\",\"@id\":\"https:\\\/\\\/conexion23.com\\\/#\\\/schema\\\/person\\\/03e36043331117e97a373299bbcd30a6\"},\"headline\":\"Asesino de Jorge Mera asegura se \u201cvio obligado\u201d a cometer el hecho al percatarse v\u00edctima estaba armada\",\"datePublished\":\"2023-01-16T10:25:37+00:00\",\"dateModified\":\"2023-01-16T10:25:40+00:00\",\"mainEntityOfPage\":{\"@id\":\"https:\\\/\\\/conexion23.com\\\/?p=15623\"},\"wordCount\":507,\"commentCount\":0,\"publisher\":{\"@id\":\"https:\\\/\\\/conexion23.com\\\/#organization\"},\"articleSection\":[\"Uncategorized\"],\"inLanguage\":\"es\",\"potentialAction\":[{\"@type\":\"CommentAction\",\"name\":\"Comment\",\"target\":[\"https:\\\/\\\/conexion23.com\\\/?p=15623#respond\"]}]},{\"@type\":\"WebPage\",\"@id\":\"https:\\\/\\\/conexion23.com\\\/?p=15623\",\"url\":\"https:\\\/\\\/conexion23.com\\\/?p=15623\",\"name\":\"Asesino de Jorge Mera asegura se \u201cvio obligado\u201d a cometer el hecho al percatarse v\u00edctima estaba armada - Conexi\u00f3n 23\",\"isPartOf\":{\"@id\":\"https:\\\/\\\/conexion23.com\\\/#website\"},\"datePublished\":\"2023-01-16T10:25:37+00:00\",\"dateModified\":\"2023-01-16T10:25:40+00:00\",\"breadcrumb\":{\"@id\":\"https:\\\/\\\/conexion23.com\\\/?p=15623#breadcrumb\"},\"inLanguage\":\"es\",\"potentialAction\":[{\"@type\":\"ReadAction\",\"target\":[\"https:\\\/\\\/conexion23.com\\\/?p=15623\"]}]},{\"@type\":\"BreadcrumbList\",\"@id\":\"https:\\\/\\\/conexion23.com\\\/?p=15623#breadcrumb\",\"itemListElement\":[{\"@type\":\"ListItem\",\"position\":1,\"name\":\"Portada\",\"item\":\"https:\\\/\\\/conexion23.com\\\/\"},{\"@type\":\"ListItem\",\"position\":2,\"name\":\"Asesino de Jorge Mera asegura se \u201cvio obligado\u201d a cometer el hecho al percatarse v\u00edctima estaba armada\"}]},{\"@type\":\"WebSite\",\"@id\":\"https:\\\/\\\/conexion23.com\\\/#website\",\"url\":\"https:\\\/\\\/conexion23.com\\\/\",\"name\":\"Conexi\u00f3n 23\",\"description\":\"Peri\u00f3dico 100% Petromacorisano\",\"publisher\":{\"@id\":\"https:\\\/\\\/conexion23.com\\\/#organization\"},\"potentialAction\":[{\"@type\":\"SearchAction\",\"target\":{\"@type\":\"EntryPoint\",\"urlTemplate\":\"https:\\\/\\\/conexion23.com\\\/?s={search_term_string}\"},\"query-input\":{\"@type\":\"PropertyValueSpecification\",\"valueRequired\":true,\"valueName\":\"search_term_string\"}}],\"inLanguage\":\"es\"},{\"@type\":\"Organization\",\"@id\":\"https:\\\/\\\/conexion23.com\\\/#organization\",\"name\":\"Conexion 23\",\"url\":\"https:\\\/\\\/conexion23.com\\\/\",\"logo\":{\"@type\":\"ImageObject\",\"inLanguage\":\"es\",\"@id\":\"https:\\\/\\\/conexion23.com\\\/#\\\/schema\\\/logo\\\/image\\\/\",\"url\":\"https:\\\/\\\/conexion23.com\\\/wp-content\\\/uploads\\\/2021\\\/11\\\/Diseno-sin-titulo-2.png\",\"contentUrl\":\"https:\\\/\\\/conexion23.com\\\/wp-content\\\/uploads\\\/2021\\\/11\\\/Diseno-sin-titulo-2.png\",\"width\":541,\"height\":90,\"caption\":\"Conexion 23\"},\"image\":{\"@id\":\"https:\\\/\\\/conexion23.com\\\/#\\\/schema\\\/logo\\\/image\\\/\"},\"sameAs\":[\"https:\\\/\\\/www.facebook.com\\\/conexion23com\",\"https:\\\/\\\/www.instagram.com\\\/conexion23com\\\/\",\"https:\\\/\\\/www.youtube.com\\\/channel\\\/UCYc7vxxFZMYLIHNsHHxPZ3Q\"]},{\"@type\":\"Person\",\"@id\":\"https:\\\/\\\/conexion23.com\\\/#\\\/schema\\\/person\\\/03e36043331117e97a373299bbcd30a6\",\"name\":\"Raffy Ben\u00edtez\",\"image\":{\"@type\":\"ImageObject\",\"inLanguage\":\"es\",\"@id\":\"https:\\\/\\\/secure.gravatar.com\\\/avatar\\\/3190a6a6c5e1b0327500f7d6c56b6242472ee6cb974cf09b401ee6b3b0798f23?s=96&d=mm&r=g\",\"url\":\"https:\\\/\\\/secure.gravatar.com\\\/avatar\\\/3190a6a6c5e1b0327500f7d6c56b6242472ee6cb974cf09b401ee6b3b0798f23?s=96&d=mm&r=g\",\"contentUrl\":\"https:\\\/\\\/secure.gravatar.com\\\/avatar\\\/3190a6a6c5e1b0327500f7d6c56b6242472ee6cb974cf09b401ee6b3b0798f23?s=96&d=mm&r=g\",\"caption\":\"Raffy Ben\u00edtez\"},\"url\":\"https:\\\/\\\/conexion23.com\\\/?author=15\"}]}<\/script>\n<!-- \/ Yoast SEO plugin. -->","yoast_head_json":{"title":"Asesino de Jorge Mera asegura se \u201cvio obligado\u201d a cometer el hecho al percatarse v\u00edctima estaba armada - Conexi\u00f3n 23","robots":{"index":"index","follow":"follow","max-snippet":"max-snippet:-1","max-image-preview":"max-image-preview:large","max-video-preview":"max-video-preview:-1"},"canonical":"https:\/\/conexion23.com\/?p=15623","og_locale":"es_ES","og_type":"article","og_title":"Asesino de Jorge Mera asegura se \u201cvio obligado\u201d a cometer el hecho al percatarse v\u00edctima estaba armada - Conexi\u00f3n 23","og_description":"Santo Domingo. \u2013Fausto Miguel Cruz de la Mota, responsable de la muerte del ministro de Medio Ambiente, Orlando Jorge Mera, a mediados del a\u00f1o pasado, asegur\u00f3 que se \u201cvio obligado\u201d a cometer el crimen luego de percatarse de que su v\u00edctima estaba armada. As\u00ed lo dijo Cruz de la Mota en una entrevista v\u00eda telef\u00f3nica [&hellip;]","og_url":"https:\/\/conexion23.com\/?p=15623","og_site_name":"Conexi\u00f3n 23","article_publisher":"https:\/\/www.facebook.com\/conexion23com","article_published_time":"2023-01-16T10:25:37+00:00","article_modified_time":"2023-01-16T10:25:40+00:00","author":"Raffy Ben\u00edtez","twitter_card":"summary_large_image","twitter_misc":{"Escrito por":"Raffy Ben\u00edtez","Tiempo de lectura":"3 minutos"},"schema":{"@context":"https:\/\/schema.org","@graph":[{"@type":"Article","@id":"https:\/\/conexion23.com\/?p=15623#article","isPartOf":{"@id":"https:\/\/conexion23.com\/?p=15623"},"author":{"name":"Raffy Ben\u00edtez","@id":"https:\/\/conexion23.com\/#\/schema\/person\/03e36043331117e97a373299bbcd30a6"},"headline":"Asesino de Jorge Mera asegura se \u201cvio obligado\u201d a cometer el hecho al percatarse v\u00edctima estaba armada","datePublished":"2023-01-16T10:25:37+00:00","dateModified":"2023-01-16T10:25:40+00:00","mainEntityOfPage":{"@id":"https:\/\/conexion23.com\/?p=15623"},"wordCount":507,"commentCount":0,"publisher":{"@id":"https:\/\/conexion23.com\/#organization"},"articleSection":["Uncategorized"],"inLanguage":"es","potentialAction":[{"@type":"CommentAction","name":"Comment","target":["https:\/\/conexion23.com\/?p=15623#respond"]}]},{"@type":"WebPage","@id":"https:\/\/conexion23.com\/?p=15623","url":"https:\/\/conexion23.com\/?p=15623","name":"Asesino de Jorge Mera asegura se \u201cvio obligado\u201d a cometer el hecho al percatarse v\u00edctima estaba armada - Conexi\u00f3n 23","isPartOf":{"@id":"https:\/\/conexion23.com\/#website"},"datePublished":"2023-01-16T10:25:37+00:00","dateModified":"2023-01-16T10:25:40+00:00","breadcrumb":{"@id":"https:\/\/conexion23.com\/?p=15623#breadcrumb"},"inLanguage":"es","potentialAction":[{"@type":"ReadAction","target":["https:\/\/conexion23.com\/?p=15623"]}]},{"@type":"BreadcrumbList","@id":"https:\/\/conexion23.com\/?p=15623#breadcrumb","itemListElement":[{"@type":"ListItem","position":1,"name":"Portada","item":"https:\/\/conexion23.com\/"},{"@type":"ListItem","position":2,"name":"Asesino de Jorge Mera asegura se \u201cvio obligado\u201d a cometer el hecho al percatarse v\u00edctima estaba armada"}]},{"@type":"WebSite","@id":"https:\/\/conexion23.com\/#website","url":"https:\/\/conexion23.com\/","name":"Conexi\u00f3n 23","description":"Peri\u00f3dico 100% Petromacorisano","publisher":{"@id":"https:\/\/conexion23.com\/#organization"},"potentialAction":[{"@type":"SearchAction","target":{"@type":"EntryPoint","urlTemplate":"https:\/\/conexion23.com\/?s={search_term_string}"},"query-input":{"@type":"PropertyValueSpecification","valueRequired":true,"valueName":"search_term_string"}}],"inLanguage":"es"},{"@type":"Organization","@id":"https:\/\/conexion23.com\/#organization","name":"Conexion 23","url":"https:\/\/conexion23.com\/","logo":{"@type":"ImageObject","inLanguage":"es","@id":"https:\/\/conexion23.com\/#\/schema\/logo\/image\/","url":"https:\/\/conexion23.com\/wp-content\/uploads\/2021\/11\/Diseno-sin-titulo-2.png","contentUrl":"https:\/\/conexion23.com\/wp-content\/uploads\/2021\/11\/Diseno-sin-titulo-2.png","width":541,"height":90,"caption":"Conexion 23"},"image":{"@id":"https:\/\/conexion23.com\/#\/schema\/logo\/image\/"},"sameAs":["https:\/\/www.facebook.com\/conexion23com","https:\/\/www.instagram.com\/conexion23com\/","https:\/\/www.youtube.com\/channel\/UCYc7vxxFZMYLIHNsHHxPZ3Q"]},{"@type":"Person","@id":"https:\/\/conexion23.com\/#\/schema\/person\/03e36043331117e97a373299bbcd30a6","name":"Raffy Ben\u00edtez","image":{"@type":"ImageObject","inLanguage":"es","@id":"https:\/\/secure.gravatar.com\/avatar\/3190a6a6c5e1b0327500f7d6c56b6242472ee6cb974cf09b401ee6b3b0798f23?s=96&d=mm&r=g","url":"https:\/\/secure.gravatar.com\/avatar\/3190a6a6c5e1b0327500f7d6c56b6242472ee6cb974cf09b401ee6b3b0798f23?s=96&d=mm&r=g","contentUrl":"https:\/\/secure.gravatar.com\/avatar\/3190a6a6c5e1b0327500f7d6c56b6242472ee6cb974cf09b401ee6b3b0798f23?s=96&d=mm&r=g","caption":"Raffy Ben\u00edtez"},"url":"https:\/\/conexion23.com\/?author=15"}]}},"_links":{"self":[{"href":"https:\/\/conexion23.com\/index.php?rest_route=\/wp\/v2\/posts\/15623","targetHints":{"allow":["GET"]}}],"collection":[{"href":"https:\/\/conexion23.com\/index.php?rest_route=\/wp\/v2\/posts"}],"about":[{"href":"https:\/\/conexion23.com\/index.php?rest_route=\/wp\/v2\/types\/post"}],"author":[{"embeddable":true,"href":"https:\/\/conexion23.com\/index.php?rest_route=\/wp\/v2\/users\/15"}],"replies":[{"embeddable":true,"href":"https:\/\/conexion23.com\/index.php?rest_route=%2Fwp%2Fv2%2Fcomments&post=15623"}],"version-history":[{"count":1,"href":"https:\/\/conexion23.com\/index.php?rest_route=\/wp\/v2\/posts\/15623\/revisions"}],"predecessor-version":[{"id":15625,"href":"https:\/\/conexion23.com\/index.php?rest_route=\/wp\/v2\/posts\/15623\/revisions\/15625"}],"wp:attachment":[{"href":"https:\/\/conexion23.com\/index.php?rest_route=%2Fwp%2Fv2%2Fmedia&parent=15623"}],"wp:term":[{"taxonomy":"category","embeddable":true,"href":"https:\/\/conexion23.com\/index.php?rest_route=%2Fwp%2Fv2%2Fcategories&post=15623"},{"taxonomy":"post_tag","embeddable":true,"href":"https:\/\/conexion23.com\/index.php?rest_route=%2Fwp%2Fv2%2Ftags&post=15623"}],"curies":[{"name":"wp","href":"https:\/\/api.w.org\/{rel}","templated":true}]}}