{"id":15626,"date":"2023-01-16T06:35:01","date_gmt":"2023-01-16T10:35:01","guid":{"rendered":"https:\/\/conexion23.com\/?p=15626"},"modified":"2023-01-16T06:37:48","modified_gmt":"2023-01-16T10:37:48","slug":"presidente-felicita-a-andreina-martinez-por-su-desempeno-en-miss-universo","status":"publish","type":"post","link":"https:\/\/conexion23.com\/?p=15626","title":{"rendered":"Presidente felicita a Andre\u00edna Mart\u00ednez\u00a0por su desempe\u00f1o en Miss Universo"},"content":{"rendered":"\n<p class=\"wp-block-paragraph\">Santo Domingo. -El presidente&nbsp;Luis Abinader, felicit\u00f3 ayer a la representante de la Rep\u00fablica Dominicana en el certamen&nbsp;<strong>Miss Universo<\/strong>&nbsp;2023, por su excelente desempe\u00f1o en ese concurso que resalta la belleza femenina mundial.<\/p>\n\n\n\n<p class=\"wp-block-paragraph\">Por medio de una publicaci\u00f3n en su cuenta de Instagram, el primer mandatario dominicano manifest\u00f3 que para la naci\u00f3n Mart\u00ednez es eres la reina del mundo, por ser una genuina representaci\u00f3n de mujer y voz por sus derechos.<\/p>\n\n\n\n<p class=\"wp-block-paragraph\">\u00abMuchas felicidades a nuestra&nbsp;<strong>Andre\u00edna Mart\u00ednez<\/strong>&nbsp;por su excelente desempe\u00f1o en Miss Universo. Para la Rep\u00fablica Dominicana eres la reina del mundo, por ser la genuina representaci\u00f3n de mujer y voz por sus derechos\u00bb, escribi\u00f3 Abinader en su post.<\/p>\n","protected":false},"excerpt":{"rendered":"<p>Santo Domingo. -El presidente&nbsp;Luis Abinader, felicit\u00f3 ayer a la representante de la Rep\u00fablica Dominicana en el certamen&nbsp;Miss Universo&nbsp;2023, por su excelente desempe\u00f1o en ese concurso que resalta la belleza femenina mundial. Por medio de una publicaci\u00f3n en su cuenta de Instagram, el primer mandatario dominicano manifest\u00f3 que para la naci\u00f3n Mart\u00ednez es eres la reina [&hellip;]<\/p>\n","protected":false},"author":15,"featured_media":0,"comment_status":"open","ping_status":"open","sticky":false,"template":"","format":"standard","meta":{"footnotes":""},"categories":[1],"tags":[],"class_list":["post-15626","post","type-post","status-publish","format-standard","category-uncategorized"],"yoast_head":"<!-- This site is optimized with the Yoast SEO plugin v27.6 - https:\/\/yoast.com\/product\/yoast-seo-wordpress\/ -->\n<title>Presidente felicita a Andre\u00edna Mart\u00ednez\u00a0por su desempe\u00f1o en Miss Universo - Conexi\u00f3n 23<\/title>\n<meta name=\"robots\" content=\"index, follow, max-snippet:-1, max-image-preview:large, max-video-preview:-1\" \/>\n<link rel=\"canonical\" href=\"https:\/\/conexion23.com\/?p=15626\" \/>\n<meta property=\"og:locale\" content=\"es_ES\" \/>\n<meta property=\"og:type\" content=\"article\" \/>\n<meta property=\"og:title\" content=\"Presidente felicita a Andre\u00edna Mart\u00ednez\u00a0por su desempe\u00f1o en Miss Universo - Conexi\u00f3n 23\" \/>\n<meta property=\"og:description\" content=\"Santo Domingo. -El presidente&nbsp;Luis Abinader, felicit\u00f3 ayer a la representante de la Rep\u00fablica Dominicana en el certamen&nbsp;Miss Universo&nbsp;2023, por su excelente desempe\u00f1o en ese concurso que resalta la belleza femenina mundial. Por medio de una publicaci\u00f3n en su cuenta de Instagram, el primer mandatario dominicano manifest\u00f3 que para la naci\u00f3n Mart\u00ednez es eres la reina [&hellip;]\" \/>\n<meta property=\"og:url\" content=\"https:\/\/conexion23.com\/?p=15626\" \/>\n<meta property=\"og:site_name\" content=\"Conexi\u00f3n 23\" \/>\n<meta property=\"article:publisher\" content=\"https:\/\/www.facebook.com\/conexion23com\" \/>\n<meta property=\"article:published_time\" content=\"2023-01-16T10:35:01+00:00\" \/>\n<meta property=\"article:modified_time\" content=\"2023-01-16T10:37:48+00:00\" \/>\n<meta name=\"author\" content=\"Raffy Ben\u00edtez\" \/>\n<meta name=\"twitter:card\" content=\"summary_large_image\" \/>\n<meta name=\"twitter:label1\" content=\"Escrito por\" \/>\n\t<meta name=\"twitter:data1\" content=\"Raffy Ben\u00edtez\" \/>\n\t<meta name=\"twitter:label2\" content=\"Tiempo de lectura\" \/>\n\t<meta name=\"twitter:data2\" content=\"1 minuto\" \/>\n<script type=\"application\/ld+json\" class=\"yoast-schema-graph\">{\"@context\":\"https:\\\/\\\/schema.org\",\"@graph\":[{\"@type\":\"Article\",\"@id\":\"https:\\\/\\\/conexion23.com\\\/?p=15626#article\",\"isPartOf\":{\"@id\":\"https:\\\/\\\/conexion23.com\\\/?p=15626\"},\"author\":{\"name\":\"Raffy Ben\u00edtez\",\"@id\":\"https:\\\/\\\/conexion23.com\\\/#\\\/schema\\\/person\\\/03e36043331117e97a373299bbcd30a6\"},\"headline\":\"Presidente felicita a Andre\u00edna Mart\u00ednez\u00a0por su desempe\u00f1o en Miss Universo\",\"datePublished\":\"2023-01-16T10:35:01+00:00\",\"dateModified\":\"2023-01-16T10:37:48+00:00\",\"mainEntityOfPage\":{\"@id\":\"https:\\\/\\\/conexion23.com\\\/?p=15626\"},\"wordCount\":140,\"commentCount\":0,\"publisher\":{\"@id\":\"https:\\\/\\\/conexion23.com\\\/#organization\"},\"articleSection\":[\"Uncategorized\"],\"inLanguage\":\"es\",\"potentialAction\":[{\"@type\":\"CommentAction\",\"name\":\"Comment\",\"target\":[\"https:\\\/\\\/conexion23.com\\\/?p=15626#respond\"]}]},{\"@type\":\"WebPage\",\"@id\":\"https:\\\/\\\/conexion23.com\\\/?p=15626\",\"url\":\"https:\\\/\\\/conexion23.com\\\/?p=15626\",\"name\":\"Presidente felicita a Andre\u00edna Mart\u00ednez\u00a0por su desempe\u00f1o en Miss Universo - Conexi\u00f3n 23\",\"isPartOf\":{\"@id\":\"https:\\\/\\\/conexion23.com\\\/#website\"},\"datePublished\":\"2023-01-16T10:35:01+00:00\",\"dateModified\":\"2023-01-16T10:37:48+00:00\",\"breadcrumb\":{\"@id\":\"https:\\\/\\\/conexion23.com\\\/?p=15626#breadcrumb\"},\"inLanguage\":\"es\",\"potentialAction\":[{\"@type\":\"ReadAction\",\"target\":[\"https:\\\/\\\/conexion23.com\\\/?p=15626\"]}]},{\"@type\":\"BreadcrumbList\",\"@id\":\"https:\\\/\\\/conexion23.com\\\/?p=15626#breadcrumb\",\"itemListElement\":[{\"@type\":\"ListItem\",\"position\":1,\"name\":\"Portada\",\"item\":\"https:\\\/\\\/conexion23.com\\\/\"},{\"@type\":\"ListItem\",\"position\":2,\"name\":\"Presidente felicita a Andre\u00edna Mart\u00ednez\u00a0por su desempe\u00f1o en Miss Universo\"}]},{\"@type\":\"WebSite\",\"@id\":\"https:\\\/\\\/conexion23.com\\\/#website\",\"url\":\"https:\\\/\\\/conexion23.com\\\/\",\"name\":\"Conexi\u00f3n 23\",\"description\":\"Peri\u00f3dico 100% Petromacorisano\",\"publisher\":{\"@id\":\"https:\\\/\\\/conexion23.com\\\/#organization\"},\"potentialAction\":[{\"@type\":\"SearchAction\",\"target\":{\"@type\":\"EntryPoint\",\"urlTemplate\":\"https:\\\/\\\/conexion23.com\\\/?s={search_term_string}\"},\"query-input\":{\"@type\":\"PropertyValueSpecification\",\"valueRequired\":true,\"valueName\":\"search_term_string\"}}],\"inLanguage\":\"es\"},{\"@type\":\"Organization\",\"@id\":\"https:\\\/\\\/conexion23.com\\\/#organization\",\"name\":\"Conexion 23\",\"url\":\"https:\\\/\\\/conexion23.com\\\/\",\"logo\":{\"@type\":\"ImageObject\",\"inLanguage\":\"es\",\"@id\":\"https:\\\/\\\/conexion23.com\\\/#\\\/schema\\\/logo\\\/image\\\/\",\"url\":\"https:\\\/\\\/conexion23.com\\\/wp-content\\\/uploads\\\/2021\\\/11\\\/Diseno-sin-titulo-2.png\",\"contentUrl\":\"https:\\\/\\\/conexion23.com\\\/wp-content\\\/uploads\\\/2021\\\/11\\\/Diseno-sin-titulo-2.png\",\"width\":541,\"height\":90,\"caption\":\"Conexion 23\"},\"image\":{\"@id\":\"https:\\\/\\\/conexion23.com\\\/#\\\/schema\\\/logo\\\/image\\\/\"},\"sameAs\":[\"https:\\\/\\\/www.facebook.com\\\/conexion23com\",\"https:\\\/\\\/www.instagram.com\\\/conexion23com\\\/\",\"https:\\\/\\\/www.youtube.com\\\/channel\\\/UCYc7vxxFZMYLIHNsHHxPZ3Q\"]},{\"@type\":\"Person\",\"@id\":\"https:\\\/\\\/conexion23.com\\\/#\\\/schema\\\/person\\\/03e36043331117e97a373299bbcd30a6\",\"name\":\"Raffy Ben\u00edtez\",\"image\":{\"@type\":\"ImageObject\",\"inLanguage\":\"es\",\"@id\":\"https:\\\/\\\/secure.gravatar.com\\\/avatar\\\/3190a6a6c5e1b0327500f7d6c56b6242472ee6cb974cf09b401ee6b3b0798f23?s=96&d=mm&r=g\",\"url\":\"https:\\\/\\\/secure.gravatar.com\\\/avatar\\\/3190a6a6c5e1b0327500f7d6c56b6242472ee6cb974cf09b401ee6b3b0798f23?s=96&d=mm&r=g\",\"contentUrl\":\"https:\\\/\\\/secure.gravatar.com\\\/avatar\\\/3190a6a6c5e1b0327500f7d6c56b6242472ee6cb974cf09b401ee6b3b0798f23?s=96&d=mm&r=g\",\"caption\":\"Raffy Ben\u00edtez\"},\"url\":\"https:\\\/\\\/conexion23.com\\\/?author=15\"}]}<\/script>\n<!-- \/ Yoast SEO plugin. -->","yoast_head_json":{"title":"Presidente felicita a Andre\u00edna Mart\u00ednez\u00a0por su desempe\u00f1o en Miss Universo - Conexi\u00f3n 23","robots":{"index":"index","follow":"follow","max-snippet":"max-snippet:-1","max-image-preview":"max-image-preview:large","max-video-preview":"max-video-preview:-1"},"canonical":"https:\/\/conexion23.com\/?p=15626","og_locale":"es_ES","og_type":"article","og_title":"Presidente felicita a Andre\u00edna Mart\u00ednez\u00a0por su desempe\u00f1o en Miss Universo - Conexi\u00f3n 23","og_description":"Santo Domingo. -El presidente&nbsp;Luis Abinader, felicit\u00f3 ayer a la representante de la Rep\u00fablica Dominicana en el certamen&nbsp;Miss Universo&nbsp;2023, por su excelente desempe\u00f1o en ese concurso que resalta la belleza femenina mundial. Por medio de una publicaci\u00f3n en su cuenta de Instagram, el primer mandatario dominicano manifest\u00f3 que para la naci\u00f3n Mart\u00ednez es eres la reina [&hellip;]","og_url":"https:\/\/conexion23.com\/?p=15626","og_site_name":"Conexi\u00f3n 23","article_publisher":"https:\/\/www.facebook.com\/conexion23com","article_published_time":"2023-01-16T10:35:01+00:00","article_modified_time":"2023-01-16T10:37:48+00:00","author":"Raffy Ben\u00edtez","twitter_card":"summary_large_image","twitter_misc":{"Escrito por":"Raffy Ben\u00edtez","Tiempo de lectura":"1 minuto"},"schema":{"@context":"https:\/\/schema.org","@graph":[{"@type":"Article","@id":"https:\/\/conexion23.com\/?p=15626#article","isPartOf":{"@id":"https:\/\/conexion23.com\/?p=15626"},"author":{"name":"Raffy Ben\u00edtez","@id":"https:\/\/conexion23.com\/#\/schema\/person\/03e36043331117e97a373299bbcd30a6"},"headline":"Presidente felicita a Andre\u00edna Mart\u00ednez\u00a0por su desempe\u00f1o en Miss Universo","datePublished":"2023-01-16T10:35:01+00:00","dateModified":"2023-01-16T10:37:48+00:00","mainEntityOfPage":{"@id":"https:\/\/conexion23.com\/?p=15626"},"wordCount":140,"commentCount":0,"publisher":{"@id":"https:\/\/conexion23.com\/#organization"},"articleSection":["Uncategorized"],"inLanguage":"es","potentialAction":[{"@type":"CommentAction","name":"Comment","target":["https:\/\/conexion23.com\/?p=15626#respond"]}]},{"@type":"WebPage","@id":"https:\/\/conexion23.com\/?p=15626","url":"https:\/\/conexion23.com\/?p=15626","name":"Presidente felicita a Andre\u00edna Mart\u00ednez\u00a0por su desempe\u00f1o en Miss Universo - Conexi\u00f3n 23","isPartOf":{"@id":"https:\/\/conexion23.com\/#website"},"datePublished":"2023-01-16T10:35:01+00:00","dateModified":"2023-01-16T10:37:48+00:00","breadcrumb":{"@id":"https:\/\/conexion23.com\/?p=15626#breadcrumb"},"inLanguage":"es","potentialAction":[{"@type":"ReadAction","target":["https:\/\/conexion23.com\/?p=15626"]}]},{"@type":"BreadcrumbList","@id":"https:\/\/conexion23.com\/?p=15626#breadcrumb","itemListElement":[{"@type":"ListItem","position":1,"name":"Portada","item":"https:\/\/conexion23.com\/"},{"@type":"ListItem","position":2,"name":"Presidente felicita a Andre\u00edna Mart\u00ednez\u00a0por su desempe\u00f1o en Miss Universo"}]},{"@type":"WebSite","@id":"https:\/\/conexion23.com\/#website","url":"https:\/\/conexion23.com\/","name":"Conexi\u00f3n 23","description":"Peri\u00f3dico 100% Petromacorisano","publisher":{"@id":"https:\/\/conexion23.com\/#organization"},"potentialAction":[{"@type":"SearchAction","target":{"@type":"EntryPoint","urlTemplate":"https:\/\/conexion23.com\/?s={search_term_string}"},"query-input":{"@type":"PropertyValueSpecification","valueRequired":true,"valueName":"search_term_string"}}],"inLanguage":"es"},{"@type":"Organization","@id":"https:\/\/conexion23.com\/#organization","name":"Conexion 23","url":"https:\/\/conexion23.com\/","logo":{"@type":"ImageObject","inLanguage":"es","@id":"https:\/\/conexion23.com\/#\/schema\/logo\/image\/","url":"https:\/\/conexion23.com\/wp-content\/uploads\/2021\/11\/Diseno-sin-titulo-2.png","contentUrl":"https:\/\/conexion23.com\/wp-content\/uploads\/2021\/11\/Diseno-sin-titulo-2.png","width":541,"height":90,"caption":"Conexion 23"},"image":{"@id":"https:\/\/conexion23.com\/#\/schema\/logo\/image\/"},"sameAs":["https:\/\/www.facebook.com\/conexion23com","https:\/\/www.instagram.com\/conexion23com\/","https:\/\/www.youtube.com\/channel\/UCYc7vxxFZMYLIHNsHHxPZ3Q"]},{"@type":"Person","@id":"https:\/\/conexion23.com\/#\/schema\/person\/03e36043331117e97a373299bbcd30a6","name":"Raffy Ben\u00edtez","image":{"@type":"ImageObject","inLanguage":"es","@id":"https:\/\/secure.gravatar.com\/avatar\/3190a6a6c5e1b0327500f7d6c56b6242472ee6cb974cf09b401ee6b3b0798f23?s=96&d=mm&r=g","url":"https:\/\/secure.gravatar.com\/avatar\/3190a6a6c5e1b0327500f7d6c56b6242472ee6cb974cf09b401ee6b3b0798f23?s=96&d=mm&r=g","contentUrl":"https:\/\/secure.gravatar.com\/avatar\/3190a6a6c5e1b0327500f7d6c56b6242472ee6cb974cf09b401ee6b3b0798f23?s=96&d=mm&r=g","caption":"Raffy Ben\u00edtez"},"url":"https:\/\/conexion23.com\/?author=15"}]}},"_links":{"self":[{"href":"https:\/\/conexion23.com\/index.php?rest_route=\/wp\/v2\/posts\/15626","targetHints":{"allow":["GET"]}}],"collection":[{"href":"https:\/\/conexion23.com\/index.php?rest_route=\/wp\/v2\/posts"}],"about":[{"href":"https:\/\/conexion23.com\/index.php?rest_route=\/wp\/v2\/types\/post"}],"author":[{"embeddable":true,"href":"https:\/\/conexion23.com\/index.php?rest_route=\/wp\/v2\/users\/15"}],"replies":[{"embeddable":true,"href":"https:\/\/conexion23.com\/index.php?rest_route=%2Fwp%2Fv2%2Fcomments&post=15626"}],"version-history":[{"count":2,"href":"https:\/\/conexion23.com\/index.php?rest_route=\/wp\/v2\/posts\/15626\/revisions"}],"predecessor-version":[{"id":15630,"href":"https:\/\/conexion23.com\/index.php?rest_route=\/wp\/v2\/posts\/15626\/revisions\/15630"}],"wp:attachment":[{"href":"https:\/\/conexion23.com\/index.php?rest_route=%2Fwp%2Fv2%2Fmedia&parent=15626"}],"wp:term":[{"taxonomy":"category","embeddable":true,"href":"https:\/\/conexion23.com\/index.php?rest_route=%2Fwp%2Fv2%2Fcategories&post=15626"},{"taxonomy":"post_tag","embeddable":true,"href":"https:\/\/conexion23.com\/index.php?rest_route=%2Fwp%2Fv2%2Ftags&post=15626"}],"curies":[{"name":"wp","href":"https:\/\/api.w.org\/{rel}","templated":true}]}}