{"id":15637,"date":"2023-01-16T07:07:33","date_gmt":"2023-01-16T11:07:33","guid":{"rendered":"https:\/\/conexion23.com\/?p=15637"},"modified":"2023-01-16T07:07:36","modified_gmt":"2023-01-16T11:07:36","slug":"peru-decreta-estado-de-emergencia-en-lima-y-dispone-militares-para-mitigar-protestas","status":"publish","type":"post","link":"https:\/\/conexion23.com\/?p=15637","title":{"rendered":"Per\u00fa decreta estado de emergencia en Lima y dispone militares para mitigar protestas"},"content":{"rendered":"\n<p class=\"wp-block-paragraph\"><strong>LIMA (AFP).-<\/strong>Per\u00fa decret\u00f3 el estado de emergencia por 30 d\u00edas en las regiones de Lima, Cusco, Callao y Puno, autorizando a los militares a intervenir junto a la Polic\u00eda para resguardar el orden p\u00fablico y mitigar las protestas que piden la renuncia de la presidenta\u00a0Dina Doluarte, que dejan 42 muertos en cinco semanas.<\/p>\n\n\n\n<p class=\"wp-block-paragraph\">La medida que rige desde hoy, 15 de enero, contempla que \u00abla Polic\u00eda Nacional del Per\u00fa mantiene el control del orden interno con el apoyo de las Fuerzas Armadas\u00bb, seg\u00fan el decreto del Poder Ejecutivo publicado por la gaceta oficial cerca de la medianoche del s\u00e1bado.<\/p>\n\n\n\n<p class=\"wp-block-paragraph\">Adem\u00e1s, suspende los derechos constitucionales de inviolabilidad de domicilio y las libertades de tr\u00e1nsito por el territorio nacional, reuni\u00f3n y libertad y seguridad personales.<\/p>\n\n\n\n<p class=\"wp-block-paragraph\">La decisi\u00f3n gubernamental se produce cuando se anuncian movilizaciones desde el sur de Per\u00fa hacia la capital peruana a partir de hoy lunes, en una acci\u00f3n que las autoridades califican de \u00abasonada a Lima\u00bb en un intento de desestabilizar a Boluarte.<\/p>\n","protected":false},"excerpt":{"rendered":"<p>LIMA (AFP).-Per\u00fa decret\u00f3 el estado de emergencia por 30 d\u00edas en las regiones de Lima, Cusco, Callao y Puno, autorizando a los militares a intervenir junto a la Polic\u00eda para resguardar el orden p\u00fablico y mitigar las protestas que piden la renuncia de la presidenta\u00a0Dina Doluarte, que dejan 42 muertos en cinco semanas. La medida [&hellip;]<\/p>\n","protected":false},"author":15,"featured_media":0,"comment_status":"open","ping_status":"open","sticky":false,"template":"","format":"standard","meta":{"footnotes":""},"categories":[1],"tags":[],"class_list":["post-15637","post","type-post","status-publish","format-standard","category-uncategorized"],"yoast_head":"<!-- This site is optimized with the Yoast SEO plugin v27.6 - https:\/\/yoast.com\/product\/yoast-seo-wordpress\/ -->\n<title>Per\u00fa decreta estado de emergencia en Lima y dispone militares para mitigar protestas - Conexi\u00f3n 23<\/title>\n<meta name=\"robots\" content=\"index, follow, max-snippet:-1, max-image-preview:large, max-video-preview:-1\" \/>\n<link rel=\"canonical\" href=\"https:\/\/conexion23.com\/?p=15637\" \/>\n<meta property=\"og:locale\" content=\"es_ES\" \/>\n<meta property=\"og:type\" content=\"article\" \/>\n<meta property=\"og:title\" content=\"Per\u00fa decreta estado de emergencia en Lima y dispone militares para mitigar protestas - Conexi\u00f3n 23\" \/>\n<meta property=\"og:description\" content=\"LIMA (AFP).-Per\u00fa decret\u00f3 el estado de emergencia por 30 d\u00edas en las regiones de Lima, Cusco, Callao y Puno, autorizando a los militares a intervenir junto a la Polic\u00eda para resguardar el orden p\u00fablico y mitigar las protestas que piden la renuncia de la presidenta\u00a0Dina Doluarte, que dejan 42 muertos en cinco semanas. La medida [&hellip;]\" \/>\n<meta property=\"og:url\" content=\"https:\/\/conexion23.com\/?p=15637\" \/>\n<meta property=\"og:site_name\" content=\"Conexi\u00f3n 23\" \/>\n<meta property=\"article:publisher\" content=\"https:\/\/www.facebook.com\/conexion23com\" \/>\n<meta property=\"article:published_time\" content=\"2023-01-16T11:07:33+00:00\" \/>\n<meta property=\"article:modified_time\" content=\"2023-01-16T11:07:36+00:00\" \/>\n<meta name=\"author\" content=\"Raffy Ben\u00edtez\" \/>\n<meta name=\"twitter:card\" content=\"summary_large_image\" \/>\n<meta name=\"twitter:label1\" content=\"Escrito por\" \/>\n\t<meta name=\"twitter:data1\" content=\"Raffy Ben\u00edtez\" \/>\n\t<meta name=\"twitter:label2\" content=\"Tiempo de lectura\" \/>\n\t<meta name=\"twitter:data2\" content=\"1 minuto\" \/>\n<script type=\"application\/ld+json\" class=\"yoast-schema-graph\">{\"@context\":\"https:\\\/\\\/schema.org\",\"@graph\":[{\"@type\":\"Article\",\"@id\":\"https:\\\/\\\/conexion23.com\\\/?p=15637#article\",\"isPartOf\":{\"@id\":\"https:\\\/\\\/conexion23.com\\\/?p=15637\"},\"author\":{\"name\":\"Raffy Ben\u00edtez\",\"@id\":\"https:\\\/\\\/conexion23.com\\\/#\\\/schema\\\/person\\\/03e36043331117e97a373299bbcd30a6\"},\"headline\":\"Per\u00fa decreta estado de emergencia en Lima y dispone militares para mitigar protestas\",\"datePublished\":\"2023-01-16T11:07:33+00:00\",\"dateModified\":\"2023-01-16T11:07:36+00:00\",\"mainEntityOfPage\":{\"@id\":\"https:\\\/\\\/conexion23.com\\\/?p=15637\"},\"wordCount\":187,\"commentCount\":0,\"publisher\":{\"@id\":\"https:\\\/\\\/conexion23.com\\\/#organization\"},\"articleSection\":[\"Uncategorized\"],\"inLanguage\":\"es\",\"potentialAction\":[{\"@type\":\"CommentAction\",\"name\":\"Comment\",\"target\":[\"https:\\\/\\\/conexion23.com\\\/?p=15637#respond\"]}]},{\"@type\":\"WebPage\",\"@id\":\"https:\\\/\\\/conexion23.com\\\/?p=15637\",\"url\":\"https:\\\/\\\/conexion23.com\\\/?p=15637\",\"name\":\"Per\u00fa decreta estado de emergencia en Lima y dispone militares para mitigar protestas - Conexi\u00f3n 23\",\"isPartOf\":{\"@id\":\"https:\\\/\\\/conexion23.com\\\/#website\"},\"datePublished\":\"2023-01-16T11:07:33+00:00\",\"dateModified\":\"2023-01-16T11:07:36+00:00\",\"breadcrumb\":{\"@id\":\"https:\\\/\\\/conexion23.com\\\/?p=15637#breadcrumb\"},\"inLanguage\":\"es\",\"potentialAction\":[{\"@type\":\"ReadAction\",\"target\":[\"https:\\\/\\\/conexion23.com\\\/?p=15637\"]}]},{\"@type\":\"BreadcrumbList\",\"@id\":\"https:\\\/\\\/conexion23.com\\\/?p=15637#breadcrumb\",\"itemListElement\":[{\"@type\":\"ListItem\",\"position\":1,\"name\":\"Portada\",\"item\":\"https:\\\/\\\/conexion23.com\\\/\"},{\"@type\":\"ListItem\",\"position\":2,\"name\":\"Per\u00fa decreta estado de emergencia en Lima y dispone militares para mitigar protestas\"}]},{\"@type\":\"WebSite\",\"@id\":\"https:\\\/\\\/conexion23.com\\\/#website\",\"url\":\"https:\\\/\\\/conexion23.com\\\/\",\"name\":\"Conexi\u00f3n 23\",\"description\":\"Peri\u00f3dico 100% Petromacorisano\",\"publisher\":{\"@id\":\"https:\\\/\\\/conexion23.com\\\/#organization\"},\"potentialAction\":[{\"@type\":\"SearchAction\",\"target\":{\"@type\":\"EntryPoint\",\"urlTemplate\":\"https:\\\/\\\/conexion23.com\\\/?s={search_term_string}\"},\"query-input\":{\"@type\":\"PropertyValueSpecification\",\"valueRequired\":true,\"valueName\":\"search_term_string\"}}],\"inLanguage\":\"es\"},{\"@type\":\"Organization\",\"@id\":\"https:\\\/\\\/conexion23.com\\\/#organization\",\"name\":\"Conexion 23\",\"url\":\"https:\\\/\\\/conexion23.com\\\/\",\"logo\":{\"@type\":\"ImageObject\",\"inLanguage\":\"es\",\"@id\":\"https:\\\/\\\/conexion23.com\\\/#\\\/schema\\\/logo\\\/image\\\/\",\"url\":\"https:\\\/\\\/conexion23.com\\\/wp-content\\\/uploads\\\/2021\\\/11\\\/Diseno-sin-titulo-2.png\",\"contentUrl\":\"https:\\\/\\\/conexion23.com\\\/wp-content\\\/uploads\\\/2021\\\/11\\\/Diseno-sin-titulo-2.png\",\"width\":541,\"height\":90,\"caption\":\"Conexion 23\"},\"image\":{\"@id\":\"https:\\\/\\\/conexion23.com\\\/#\\\/schema\\\/logo\\\/image\\\/\"},\"sameAs\":[\"https:\\\/\\\/www.facebook.com\\\/conexion23com\",\"https:\\\/\\\/www.instagram.com\\\/conexion23com\\\/\",\"https:\\\/\\\/www.youtube.com\\\/channel\\\/UCYc7vxxFZMYLIHNsHHxPZ3Q\"]},{\"@type\":\"Person\",\"@id\":\"https:\\\/\\\/conexion23.com\\\/#\\\/schema\\\/person\\\/03e36043331117e97a373299bbcd30a6\",\"name\":\"Raffy Ben\u00edtez\",\"image\":{\"@type\":\"ImageObject\",\"inLanguage\":\"es\",\"@id\":\"https:\\\/\\\/secure.gravatar.com\\\/avatar\\\/3190a6a6c5e1b0327500f7d6c56b6242472ee6cb974cf09b401ee6b3b0798f23?s=96&d=mm&r=g\",\"url\":\"https:\\\/\\\/secure.gravatar.com\\\/avatar\\\/3190a6a6c5e1b0327500f7d6c56b6242472ee6cb974cf09b401ee6b3b0798f23?s=96&d=mm&r=g\",\"contentUrl\":\"https:\\\/\\\/secure.gravatar.com\\\/avatar\\\/3190a6a6c5e1b0327500f7d6c56b6242472ee6cb974cf09b401ee6b3b0798f23?s=96&d=mm&r=g\",\"caption\":\"Raffy Ben\u00edtez\"},\"url\":\"https:\\\/\\\/conexion23.com\\\/?author=15\"}]}<\/script>\n<!-- \/ Yoast SEO plugin. -->","yoast_head_json":{"title":"Per\u00fa decreta estado de emergencia en Lima y dispone militares para mitigar protestas - Conexi\u00f3n 23","robots":{"index":"index","follow":"follow","max-snippet":"max-snippet:-1","max-image-preview":"max-image-preview:large","max-video-preview":"max-video-preview:-1"},"canonical":"https:\/\/conexion23.com\/?p=15637","og_locale":"es_ES","og_type":"article","og_title":"Per\u00fa decreta estado de emergencia en Lima y dispone militares para mitigar protestas - Conexi\u00f3n 23","og_description":"LIMA (AFP).-Per\u00fa decret\u00f3 el estado de emergencia por 30 d\u00edas en las regiones de Lima, Cusco, Callao y Puno, autorizando a los militares a intervenir junto a la Polic\u00eda para resguardar el orden p\u00fablico y mitigar las protestas que piden la renuncia de la presidenta\u00a0Dina Doluarte, que dejan 42 muertos en cinco semanas. La medida [&hellip;]","og_url":"https:\/\/conexion23.com\/?p=15637","og_site_name":"Conexi\u00f3n 23","article_publisher":"https:\/\/www.facebook.com\/conexion23com","article_published_time":"2023-01-16T11:07:33+00:00","article_modified_time":"2023-01-16T11:07:36+00:00","author":"Raffy Ben\u00edtez","twitter_card":"summary_large_image","twitter_misc":{"Escrito por":"Raffy Ben\u00edtez","Tiempo de lectura":"1 minuto"},"schema":{"@context":"https:\/\/schema.org","@graph":[{"@type":"Article","@id":"https:\/\/conexion23.com\/?p=15637#article","isPartOf":{"@id":"https:\/\/conexion23.com\/?p=15637"},"author":{"name":"Raffy Ben\u00edtez","@id":"https:\/\/conexion23.com\/#\/schema\/person\/03e36043331117e97a373299bbcd30a6"},"headline":"Per\u00fa decreta estado de emergencia en Lima y dispone militares para mitigar protestas","datePublished":"2023-01-16T11:07:33+00:00","dateModified":"2023-01-16T11:07:36+00:00","mainEntityOfPage":{"@id":"https:\/\/conexion23.com\/?p=15637"},"wordCount":187,"commentCount":0,"publisher":{"@id":"https:\/\/conexion23.com\/#organization"},"articleSection":["Uncategorized"],"inLanguage":"es","potentialAction":[{"@type":"CommentAction","name":"Comment","target":["https:\/\/conexion23.com\/?p=15637#respond"]}]},{"@type":"WebPage","@id":"https:\/\/conexion23.com\/?p=15637","url":"https:\/\/conexion23.com\/?p=15637","name":"Per\u00fa decreta estado de emergencia en Lima y dispone militares para mitigar protestas - Conexi\u00f3n 23","isPartOf":{"@id":"https:\/\/conexion23.com\/#website"},"datePublished":"2023-01-16T11:07:33+00:00","dateModified":"2023-01-16T11:07:36+00:00","breadcrumb":{"@id":"https:\/\/conexion23.com\/?p=15637#breadcrumb"},"inLanguage":"es","potentialAction":[{"@type":"ReadAction","target":["https:\/\/conexion23.com\/?p=15637"]}]},{"@type":"BreadcrumbList","@id":"https:\/\/conexion23.com\/?p=15637#breadcrumb","itemListElement":[{"@type":"ListItem","position":1,"name":"Portada","item":"https:\/\/conexion23.com\/"},{"@type":"ListItem","position":2,"name":"Per\u00fa decreta estado de emergencia en Lima y dispone militares para mitigar protestas"}]},{"@type":"WebSite","@id":"https:\/\/conexion23.com\/#website","url":"https:\/\/conexion23.com\/","name":"Conexi\u00f3n 23","description":"Peri\u00f3dico 100% Petromacorisano","publisher":{"@id":"https:\/\/conexion23.com\/#organization"},"potentialAction":[{"@type":"SearchAction","target":{"@type":"EntryPoint","urlTemplate":"https:\/\/conexion23.com\/?s={search_term_string}"},"query-input":{"@type":"PropertyValueSpecification","valueRequired":true,"valueName":"search_term_string"}}],"inLanguage":"es"},{"@type":"Organization","@id":"https:\/\/conexion23.com\/#organization","name":"Conexion 23","url":"https:\/\/conexion23.com\/","logo":{"@type":"ImageObject","inLanguage":"es","@id":"https:\/\/conexion23.com\/#\/schema\/logo\/image\/","url":"https:\/\/conexion23.com\/wp-content\/uploads\/2021\/11\/Diseno-sin-titulo-2.png","contentUrl":"https:\/\/conexion23.com\/wp-content\/uploads\/2021\/11\/Diseno-sin-titulo-2.png","width":541,"height":90,"caption":"Conexion 23"},"image":{"@id":"https:\/\/conexion23.com\/#\/schema\/logo\/image\/"},"sameAs":["https:\/\/www.facebook.com\/conexion23com","https:\/\/www.instagram.com\/conexion23com\/","https:\/\/www.youtube.com\/channel\/UCYc7vxxFZMYLIHNsHHxPZ3Q"]},{"@type":"Person","@id":"https:\/\/conexion23.com\/#\/schema\/person\/03e36043331117e97a373299bbcd30a6","name":"Raffy Ben\u00edtez","image":{"@type":"ImageObject","inLanguage":"es","@id":"https:\/\/secure.gravatar.com\/avatar\/3190a6a6c5e1b0327500f7d6c56b6242472ee6cb974cf09b401ee6b3b0798f23?s=96&d=mm&r=g","url":"https:\/\/secure.gravatar.com\/avatar\/3190a6a6c5e1b0327500f7d6c56b6242472ee6cb974cf09b401ee6b3b0798f23?s=96&d=mm&r=g","contentUrl":"https:\/\/secure.gravatar.com\/avatar\/3190a6a6c5e1b0327500f7d6c56b6242472ee6cb974cf09b401ee6b3b0798f23?s=96&d=mm&r=g","caption":"Raffy Ben\u00edtez"},"url":"https:\/\/conexion23.com\/?author=15"}]}},"_links":{"self":[{"href":"https:\/\/conexion23.com\/index.php?rest_route=\/wp\/v2\/posts\/15637","targetHints":{"allow":["GET"]}}],"collection":[{"href":"https:\/\/conexion23.com\/index.php?rest_route=\/wp\/v2\/posts"}],"about":[{"href":"https:\/\/conexion23.com\/index.php?rest_route=\/wp\/v2\/types\/post"}],"author":[{"embeddable":true,"href":"https:\/\/conexion23.com\/index.php?rest_route=\/wp\/v2\/users\/15"}],"replies":[{"embeddable":true,"href":"https:\/\/conexion23.com\/index.php?rest_route=%2Fwp%2Fv2%2Fcomments&post=15637"}],"version-history":[{"count":1,"href":"https:\/\/conexion23.com\/index.php?rest_route=\/wp\/v2\/posts\/15637\/revisions"}],"predecessor-version":[{"id":15639,"href":"https:\/\/conexion23.com\/index.php?rest_route=\/wp\/v2\/posts\/15637\/revisions\/15639"}],"wp:attachment":[{"href":"https:\/\/conexion23.com\/index.php?rest_route=%2Fwp%2Fv2%2Fmedia&parent=15637"}],"wp:term":[{"taxonomy":"category","embeddable":true,"href":"https:\/\/conexion23.com\/index.php?rest_route=%2Fwp%2Fv2%2Fcategories&post=15637"},{"taxonomy":"post_tag","embeddable":true,"href":"https:\/\/conexion23.com\/index.php?rest_route=%2Fwp%2Fv2%2Ftags&post=15637"}],"curies":[{"name":"wp","href":"https:\/\/api.w.org\/{rel}","templated":true}]}}