{"id":15652,"date":"2023-01-18T11:27:33","date_gmt":"2023-01-18T15:27:33","guid":{"rendered":"https:\/\/conexion23.com\/?p=15652"},"modified":"2023-01-18T11:27:36","modified_gmt":"2023-01-18T15:27:36","slug":"tribunal-varia-prision-preventiva-por-arresto-domiciliario-a-jean-alain-rodriguez","status":"publish","type":"post","link":"https:\/\/conexion23.com\/?p=15652","title":{"rendered":"Tribunal var\u00eda prisi\u00f3n preventiva por arresto domiciliario a Jean Alain Rodr\u00edguez"},"content":{"rendered":"\n<p class=\"wp-block-paragraph\"><strong>SANTO DOMINGO<\/strong>.- El juez del Tercer Juzgado de la Instrucci\u00f3n del Distrito Nacional, Amauris Mart\u00ednez,\u00a0<strong>orden\u00f3 el cese de la medida de coerci\u00f3n consistente en prisi\u00f3n preventiva al exprocurador Jean Alain Rodr\u00edguez,<\/strong>\u00a0por haber cumplido el plazo m\u00e1ximo de la misma conforme al mandato de la ley.<\/p>\n\n\n\n<p class=\"wp-block-paragraph\">El magistrado impuso\u00a0<strong>garant\u00eda econ\u00f3mica ascendente a la suma de cincuenta millones (RD$ 50,000.000)<\/strong>\u00a0de pesos pagaderos bajo la modalidad de contrato a trav\u00e9s de una compa\u00f1\u00eda aseguradora dedicada a tales fines; impedimento de salida del pa\u00eds, colocaci\u00f3n de brazalete electr\u00f3nico a trav\u00e9s de una compa\u00f1\u00eda facultada a esos fines, registrada en la Procuradur\u00eda General de la Rep\u00fablica y el arresto domiciliario.<\/p>\n\n\n\n<p class=\"wp-block-paragraph\"><strong>El juez procedi\u00f3 a cesar la medida de coerci\u00f3n consistente en prisi\u00f3n preventiva al exprocurador Jean Alain Rodr\u00edguez S\u00e1nchez, conforme al principio de legalidad y de acuerdo a lo previsto en los art\u00edculos 241.3 y 370.2 del C\u00f3digo Procesal Penal<\/strong>, en raz\u00f3n a haberse vencido el plazo m\u00e1ximo previsto por la ley concerniente a los 18 meses de prisi\u00f3n preventiva.<\/p>\n\n\n\n<p class=\"wp-block-paragraph\">Mientras, el abogado Carlos Balc\u00e1cer, miembro de la defensa del ex procurador general de la Rep\u00fablica, Jean Alain Rodr\u00edguez dijo que lo importante en estos momentos es que Jean se despedir\u00e1 del centro penitenciario Najayo Hombres, donde ha estado privado de libertad desde el 29 de junio de 2021.<\/p>\n","protected":false},"excerpt":{"rendered":"<p>SANTO DOMINGO.- El juez del Tercer Juzgado de la Instrucci\u00f3n del Distrito Nacional, Amauris Mart\u00ednez,\u00a0orden\u00f3 el cese de la medida de coerci\u00f3n consistente en prisi\u00f3n preventiva al exprocurador Jean Alain Rodr\u00edguez,\u00a0por haber cumplido el plazo m\u00e1ximo de la misma conforme al mandato de la ley. El magistrado impuso\u00a0garant\u00eda econ\u00f3mica ascendente a la suma de cincuenta [&hellip;]<\/p>\n","protected":false},"author":15,"featured_media":0,"comment_status":"open","ping_status":"open","sticky":false,"template":"","format":"standard","meta":{"footnotes":""},"categories":[1],"tags":[],"class_list":["post-15652","post","type-post","status-publish","format-standard","category-uncategorized"],"yoast_head":"<!-- This site is optimized with the Yoast SEO plugin v27.6 - https:\/\/yoast.com\/product\/yoast-seo-wordpress\/ -->\n<title>Tribunal var\u00eda prisi\u00f3n preventiva por arresto domiciliario a Jean Alain Rodr\u00edguez - Conexi\u00f3n 23<\/title>\n<meta name=\"robots\" content=\"index, follow, max-snippet:-1, max-image-preview:large, max-video-preview:-1\" \/>\n<link rel=\"canonical\" href=\"https:\/\/conexion23.com\/?p=15652\" \/>\n<meta property=\"og:locale\" content=\"es_ES\" \/>\n<meta property=\"og:type\" content=\"article\" \/>\n<meta property=\"og:title\" content=\"Tribunal var\u00eda prisi\u00f3n preventiva por arresto domiciliario a Jean Alain Rodr\u00edguez - Conexi\u00f3n 23\" \/>\n<meta property=\"og:description\" content=\"SANTO DOMINGO.- El juez del Tercer Juzgado de la Instrucci\u00f3n del Distrito Nacional, Amauris Mart\u00ednez,\u00a0orden\u00f3 el cese de la medida de coerci\u00f3n consistente en prisi\u00f3n preventiva al exprocurador Jean Alain Rodr\u00edguez,\u00a0por haber cumplido el plazo m\u00e1ximo de la misma conforme al mandato de la ley. El magistrado impuso\u00a0garant\u00eda econ\u00f3mica ascendente a la suma de cincuenta [&hellip;]\" \/>\n<meta property=\"og:url\" content=\"https:\/\/conexion23.com\/?p=15652\" \/>\n<meta property=\"og:site_name\" content=\"Conexi\u00f3n 23\" \/>\n<meta property=\"article:publisher\" content=\"https:\/\/www.facebook.com\/conexion23com\" \/>\n<meta property=\"article:published_time\" content=\"2023-01-18T15:27:33+00:00\" \/>\n<meta property=\"article:modified_time\" content=\"2023-01-18T15:27:36+00:00\" \/>\n<meta name=\"author\" content=\"Raffy Ben\u00edtez\" \/>\n<meta name=\"twitter:card\" content=\"summary_large_image\" \/>\n<meta name=\"twitter:label1\" content=\"Escrito por\" \/>\n\t<meta name=\"twitter:data1\" content=\"Raffy Ben\u00edtez\" \/>\n\t<meta name=\"twitter:label2\" content=\"Tiempo de lectura\" \/>\n\t<meta name=\"twitter:data2\" content=\"1 minuto\" \/>\n<script type=\"application\/ld+json\" class=\"yoast-schema-graph\">{\"@context\":\"https:\\\/\\\/schema.org\",\"@graph\":[{\"@type\":\"Article\",\"@id\":\"https:\\\/\\\/conexion23.com\\\/?p=15652#article\",\"isPartOf\":{\"@id\":\"https:\\\/\\\/conexion23.com\\\/?p=15652\"},\"author\":{\"name\":\"Raffy Ben\u00edtez\",\"@id\":\"https:\\\/\\\/conexion23.com\\\/#\\\/schema\\\/person\\\/03e36043331117e97a373299bbcd30a6\"},\"headline\":\"Tribunal var\u00eda prisi\u00f3n preventiva por arresto domiciliario a Jean Alain Rodr\u00edguez\",\"datePublished\":\"2023-01-18T15:27:33+00:00\",\"dateModified\":\"2023-01-18T15:27:36+00:00\",\"mainEntityOfPage\":{\"@id\":\"https:\\\/\\\/conexion23.com\\\/?p=15652\"},\"wordCount\":256,\"commentCount\":0,\"publisher\":{\"@id\":\"https:\\\/\\\/conexion23.com\\\/#organization\"},\"articleSection\":[\"Uncategorized\"],\"inLanguage\":\"es\",\"potentialAction\":[{\"@type\":\"CommentAction\",\"name\":\"Comment\",\"target\":[\"https:\\\/\\\/conexion23.com\\\/?p=15652#respond\"]}]},{\"@type\":\"WebPage\",\"@id\":\"https:\\\/\\\/conexion23.com\\\/?p=15652\",\"url\":\"https:\\\/\\\/conexion23.com\\\/?p=15652\",\"name\":\"Tribunal var\u00eda prisi\u00f3n preventiva por arresto domiciliario a Jean Alain Rodr\u00edguez - Conexi\u00f3n 23\",\"isPartOf\":{\"@id\":\"https:\\\/\\\/conexion23.com\\\/#website\"},\"datePublished\":\"2023-01-18T15:27:33+00:00\",\"dateModified\":\"2023-01-18T15:27:36+00:00\",\"breadcrumb\":{\"@id\":\"https:\\\/\\\/conexion23.com\\\/?p=15652#breadcrumb\"},\"inLanguage\":\"es\",\"potentialAction\":[{\"@type\":\"ReadAction\",\"target\":[\"https:\\\/\\\/conexion23.com\\\/?p=15652\"]}]},{\"@type\":\"BreadcrumbList\",\"@id\":\"https:\\\/\\\/conexion23.com\\\/?p=15652#breadcrumb\",\"itemListElement\":[{\"@type\":\"ListItem\",\"position\":1,\"name\":\"Portada\",\"item\":\"https:\\\/\\\/conexion23.com\\\/\"},{\"@type\":\"ListItem\",\"position\":2,\"name\":\"Tribunal var\u00eda prisi\u00f3n preventiva por arresto domiciliario a Jean Alain Rodr\u00edguez\"}]},{\"@type\":\"WebSite\",\"@id\":\"https:\\\/\\\/conexion23.com\\\/#website\",\"url\":\"https:\\\/\\\/conexion23.com\\\/\",\"name\":\"Conexi\u00f3n 23\",\"description\":\"Peri\u00f3dico 100% Petromacorisano\",\"publisher\":{\"@id\":\"https:\\\/\\\/conexion23.com\\\/#organization\"},\"potentialAction\":[{\"@type\":\"SearchAction\",\"target\":{\"@type\":\"EntryPoint\",\"urlTemplate\":\"https:\\\/\\\/conexion23.com\\\/?s={search_term_string}\"},\"query-input\":{\"@type\":\"PropertyValueSpecification\",\"valueRequired\":true,\"valueName\":\"search_term_string\"}}],\"inLanguage\":\"es\"},{\"@type\":\"Organization\",\"@id\":\"https:\\\/\\\/conexion23.com\\\/#organization\",\"name\":\"Conexion 23\",\"url\":\"https:\\\/\\\/conexion23.com\\\/\",\"logo\":{\"@type\":\"ImageObject\",\"inLanguage\":\"es\",\"@id\":\"https:\\\/\\\/conexion23.com\\\/#\\\/schema\\\/logo\\\/image\\\/\",\"url\":\"https:\\\/\\\/conexion23.com\\\/wp-content\\\/uploads\\\/2021\\\/11\\\/Diseno-sin-titulo-2.png\",\"contentUrl\":\"https:\\\/\\\/conexion23.com\\\/wp-content\\\/uploads\\\/2021\\\/11\\\/Diseno-sin-titulo-2.png\",\"width\":541,\"height\":90,\"caption\":\"Conexion 23\"},\"image\":{\"@id\":\"https:\\\/\\\/conexion23.com\\\/#\\\/schema\\\/logo\\\/image\\\/\"},\"sameAs\":[\"https:\\\/\\\/www.facebook.com\\\/conexion23com\",\"https:\\\/\\\/www.instagram.com\\\/conexion23com\\\/\",\"https:\\\/\\\/www.youtube.com\\\/channel\\\/UCYc7vxxFZMYLIHNsHHxPZ3Q\"]},{\"@type\":\"Person\",\"@id\":\"https:\\\/\\\/conexion23.com\\\/#\\\/schema\\\/person\\\/03e36043331117e97a373299bbcd30a6\",\"name\":\"Raffy Ben\u00edtez\",\"image\":{\"@type\":\"ImageObject\",\"inLanguage\":\"es\",\"@id\":\"https:\\\/\\\/secure.gravatar.com\\\/avatar\\\/3190a6a6c5e1b0327500f7d6c56b6242472ee6cb974cf09b401ee6b3b0798f23?s=96&d=mm&r=g\",\"url\":\"https:\\\/\\\/secure.gravatar.com\\\/avatar\\\/3190a6a6c5e1b0327500f7d6c56b6242472ee6cb974cf09b401ee6b3b0798f23?s=96&d=mm&r=g\",\"contentUrl\":\"https:\\\/\\\/secure.gravatar.com\\\/avatar\\\/3190a6a6c5e1b0327500f7d6c56b6242472ee6cb974cf09b401ee6b3b0798f23?s=96&d=mm&r=g\",\"caption\":\"Raffy Ben\u00edtez\"},\"url\":\"https:\\\/\\\/conexion23.com\\\/?author=15\"}]}<\/script>\n<!-- \/ Yoast SEO plugin. -->","yoast_head_json":{"title":"Tribunal var\u00eda prisi\u00f3n preventiva por arresto domiciliario a Jean Alain Rodr\u00edguez - Conexi\u00f3n 23","robots":{"index":"index","follow":"follow","max-snippet":"max-snippet:-1","max-image-preview":"max-image-preview:large","max-video-preview":"max-video-preview:-1"},"canonical":"https:\/\/conexion23.com\/?p=15652","og_locale":"es_ES","og_type":"article","og_title":"Tribunal var\u00eda prisi\u00f3n preventiva por arresto domiciliario a Jean Alain Rodr\u00edguez - Conexi\u00f3n 23","og_description":"SANTO DOMINGO.- El juez del Tercer Juzgado de la Instrucci\u00f3n del Distrito Nacional, Amauris Mart\u00ednez,\u00a0orden\u00f3 el cese de la medida de coerci\u00f3n consistente en prisi\u00f3n preventiva al exprocurador Jean Alain Rodr\u00edguez,\u00a0por haber cumplido el plazo m\u00e1ximo de la misma conforme al mandato de la ley. El magistrado impuso\u00a0garant\u00eda econ\u00f3mica ascendente a la suma de cincuenta [&hellip;]","og_url":"https:\/\/conexion23.com\/?p=15652","og_site_name":"Conexi\u00f3n 23","article_publisher":"https:\/\/www.facebook.com\/conexion23com","article_published_time":"2023-01-18T15:27:33+00:00","article_modified_time":"2023-01-18T15:27:36+00:00","author":"Raffy Ben\u00edtez","twitter_card":"summary_large_image","twitter_misc":{"Escrito por":"Raffy Ben\u00edtez","Tiempo de lectura":"1 minuto"},"schema":{"@context":"https:\/\/schema.org","@graph":[{"@type":"Article","@id":"https:\/\/conexion23.com\/?p=15652#article","isPartOf":{"@id":"https:\/\/conexion23.com\/?p=15652"},"author":{"name":"Raffy Ben\u00edtez","@id":"https:\/\/conexion23.com\/#\/schema\/person\/03e36043331117e97a373299bbcd30a6"},"headline":"Tribunal var\u00eda prisi\u00f3n preventiva por arresto domiciliario a Jean Alain Rodr\u00edguez","datePublished":"2023-01-18T15:27:33+00:00","dateModified":"2023-01-18T15:27:36+00:00","mainEntityOfPage":{"@id":"https:\/\/conexion23.com\/?p=15652"},"wordCount":256,"commentCount":0,"publisher":{"@id":"https:\/\/conexion23.com\/#organization"},"articleSection":["Uncategorized"],"inLanguage":"es","potentialAction":[{"@type":"CommentAction","name":"Comment","target":["https:\/\/conexion23.com\/?p=15652#respond"]}]},{"@type":"WebPage","@id":"https:\/\/conexion23.com\/?p=15652","url":"https:\/\/conexion23.com\/?p=15652","name":"Tribunal var\u00eda prisi\u00f3n preventiva por arresto domiciliario a Jean Alain Rodr\u00edguez - Conexi\u00f3n 23","isPartOf":{"@id":"https:\/\/conexion23.com\/#website"},"datePublished":"2023-01-18T15:27:33+00:00","dateModified":"2023-01-18T15:27:36+00:00","breadcrumb":{"@id":"https:\/\/conexion23.com\/?p=15652#breadcrumb"},"inLanguage":"es","potentialAction":[{"@type":"ReadAction","target":["https:\/\/conexion23.com\/?p=15652"]}]},{"@type":"BreadcrumbList","@id":"https:\/\/conexion23.com\/?p=15652#breadcrumb","itemListElement":[{"@type":"ListItem","position":1,"name":"Portada","item":"https:\/\/conexion23.com\/"},{"@type":"ListItem","position":2,"name":"Tribunal var\u00eda prisi\u00f3n preventiva por arresto domiciliario a Jean Alain Rodr\u00edguez"}]},{"@type":"WebSite","@id":"https:\/\/conexion23.com\/#website","url":"https:\/\/conexion23.com\/","name":"Conexi\u00f3n 23","description":"Peri\u00f3dico 100% Petromacorisano","publisher":{"@id":"https:\/\/conexion23.com\/#organization"},"potentialAction":[{"@type":"SearchAction","target":{"@type":"EntryPoint","urlTemplate":"https:\/\/conexion23.com\/?s={search_term_string}"},"query-input":{"@type":"PropertyValueSpecification","valueRequired":true,"valueName":"search_term_string"}}],"inLanguage":"es"},{"@type":"Organization","@id":"https:\/\/conexion23.com\/#organization","name":"Conexion 23","url":"https:\/\/conexion23.com\/","logo":{"@type":"ImageObject","inLanguage":"es","@id":"https:\/\/conexion23.com\/#\/schema\/logo\/image\/","url":"https:\/\/conexion23.com\/wp-content\/uploads\/2021\/11\/Diseno-sin-titulo-2.png","contentUrl":"https:\/\/conexion23.com\/wp-content\/uploads\/2021\/11\/Diseno-sin-titulo-2.png","width":541,"height":90,"caption":"Conexion 23"},"image":{"@id":"https:\/\/conexion23.com\/#\/schema\/logo\/image\/"},"sameAs":["https:\/\/www.facebook.com\/conexion23com","https:\/\/www.instagram.com\/conexion23com\/","https:\/\/www.youtube.com\/channel\/UCYc7vxxFZMYLIHNsHHxPZ3Q"]},{"@type":"Person","@id":"https:\/\/conexion23.com\/#\/schema\/person\/03e36043331117e97a373299bbcd30a6","name":"Raffy Ben\u00edtez","image":{"@type":"ImageObject","inLanguage":"es","@id":"https:\/\/secure.gravatar.com\/avatar\/3190a6a6c5e1b0327500f7d6c56b6242472ee6cb974cf09b401ee6b3b0798f23?s=96&d=mm&r=g","url":"https:\/\/secure.gravatar.com\/avatar\/3190a6a6c5e1b0327500f7d6c56b6242472ee6cb974cf09b401ee6b3b0798f23?s=96&d=mm&r=g","contentUrl":"https:\/\/secure.gravatar.com\/avatar\/3190a6a6c5e1b0327500f7d6c56b6242472ee6cb974cf09b401ee6b3b0798f23?s=96&d=mm&r=g","caption":"Raffy Ben\u00edtez"},"url":"https:\/\/conexion23.com\/?author=15"}]}},"_links":{"self":[{"href":"https:\/\/conexion23.com\/index.php?rest_route=\/wp\/v2\/posts\/15652","targetHints":{"allow":["GET"]}}],"collection":[{"href":"https:\/\/conexion23.com\/index.php?rest_route=\/wp\/v2\/posts"}],"about":[{"href":"https:\/\/conexion23.com\/index.php?rest_route=\/wp\/v2\/types\/post"}],"author":[{"embeddable":true,"href":"https:\/\/conexion23.com\/index.php?rest_route=\/wp\/v2\/users\/15"}],"replies":[{"embeddable":true,"href":"https:\/\/conexion23.com\/index.php?rest_route=%2Fwp%2Fv2%2Fcomments&post=15652"}],"version-history":[{"count":1,"href":"https:\/\/conexion23.com\/index.php?rest_route=\/wp\/v2\/posts\/15652\/revisions"}],"predecessor-version":[{"id":15654,"href":"https:\/\/conexion23.com\/index.php?rest_route=\/wp\/v2\/posts\/15652\/revisions\/15654"}],"wp:attachment":[{"href":"https:\/\/conexion23.com\/index.php?rest_route=%2Fwp%2Fv2%2Fmedia&parent=15652"}],"wp:term":[{"taxonomy":"category","embeddable":true,"href":"https:\/\/conexion23.com\/index.php?rest_route=%2Fwp%2Fv2%2Fcategories&post=15652"},{"taxonomy":"post_tag","embeddable":true,"href":"https:\/\/conexion23.com\/index.php?rest_route=%2Fwp%2Fv2%2Ftags&post=15652"}],"curies":[{"name":"wp","href":"https:\/\/api.w.org\/{rel}","templated":true}]}}