{"id":15658,"date":"2023-01-18T11:41:41","date_gmt":"2023-01-18T15:41:41","guid":{"rendered":"https:\/\/conexion23.com\/?p=15658"},"modified":"2023-01-18T11:41:44","modified_gmt":"2023-01-18T15:41:44","slug":"nace-nino-con-un-diente-en-hospital-de-cotui","status":"publish","type":"post","link":"https:\/\/conexion23.com\/?p=15658","title":{"rendered":"Nace ni\u00f1o con un diente en hospital de Cotu\u00ed"},"content":{"rendered":"\n<p class=\"wp-block-paragraph\"><strong>S\u00e1nchez Ram\u00edrez.-<\/strong>&nbsp;Un beb\u00e9 de nombre Ariel Flori\u00e1n Morel, sorprendi\u00f3 a todos los doctores y a sus padres cuando estos notaron que naci\u00f3 con un diente.<\/p>\n\n\n\n<p class=\"wp-block-paragraph\">Los padres de nombre Jos\u00e9 Joaqu\u00edn Florian y Arisleidy Morel Vargas, quedaron at\u00f3nitos.<\/p>\n\n\n\n<p class=\"wp-block-paragraph\">El ni\u00f1o naci\u00f3 en perfecto estado de salud, debemos resaltar que esto no es una condici\u00f3n de anomal\u00eda, pero que si ocurre muy pocas veces en el mundo.<\/p>\n\n\n\n<p class=\"wp-block-paragraph\">La realidad es que los dientes natales son piezas dentarias que pueden notarse al nacer el beb\u00e9. No significan ninguna enfermedad o anomal\u00eda en el ni\u00f1o, simplemente son piezas adicionales. Estos aparecen desde que est\u00e1n en el \u00fatero de la madre.<\/p>\n","protected":false},"excerpt":{"rendered":"<p>S\u00e1nchez Ram\u00edrez.-&nbsp;Un beb\u00e9 de nombre Ariel Flori\u00e1n Morel, sorprendi\u00f3 a todos los doctores y a sus padres cuando estos notaron que naci\u00f3 con un diente. Los padres de nombre Jos\u00e9 Joaqu\u00edn Florian y Arisleidy Morel Vargas, quedaron at\u00f3nitos. El ni\u00f1o naci\u00f3 en perfecto estado de salud, debemos resaltar que esto no es una condici\u00f3n de [&hellip;]<\/p>\n","protected":false},"author":15,"featured_media":0,"comment_status":"open","ping_status":"open","sticky":false,"template":"","format":"standard","meta":{"footnotes":""},"categories":[1],"tags":[],"class_list":["post-15658","post","type-post","status-publish","format-standard","category-uncategorized"],"yoast_head":"<!-- This site is optimized with the Yoast SEO plugin v27.6 - https:\/\/yoast.com\/product\/yoast-seo-wordpress\/ -->\n<title>Nace ni\u00f1o con un diente en hospital de Cotu\u00ed - Conexi\u00f3n 23<\/title>\n<meta name=\"robots\" content=\"index, follow, max-snippet:-1, max-image-preview:large, max-video-preview:-1\" \/>\n<link rel=\"canonical\" href=\"https:\/\/conexion23.com\/?p=15658\" \/>\n<meta property=\"og:locale\" content=\"es_ES\" \/>\n<meta property=\"og:type\" content=\"article\" \/>\n<meta property=\"og:title\" content=\"Nace ni\u00f1o con un diente en hospital de Cotu\u00ed - Conexi\u00f3n 23\" \/>\n<meta property=\"og:description\" content=\"S\u00e1nchez Ram\u00edrez.-&nbsp;Un beb\u00e9 de nombre Ariel Flori\u00e1n Morel, sorprendi\u00f3 a todos los doctores y a sus padres cuando estos notaron que naci\u00f3 con un diente. Los padres de nombre Jos\u00e9 Joaqu\u00edn Florian y Arisleidy Morel Vargas, quedaron at\u00f3nitos. El ni\u00f1o naci\u00f3 en perfecto estado de salud, debemos resaltar que esto no es una condici\u00f3n de [&hellip;]\" \/>\n<meta property=\"og:url\" content=\"https:\/\/conexion23.com\/?p=15658\" \/>\n<meta property=\"og:site_name\" content=\"Conexi\u00f3n 23\" \/>\n<meta property=\"article:publisher\" content=\"https:\/\/www.facebook.com\/conexion23com\" \/>\n<meta property=\"article:published_time\" content=\"2023-01-18T15:41:41+00:00\" \/>\n<meta property=\"article:modified_time\" content=\"2023-01-18T15:41:44+00:00\" \/>\n<meta name=\"author\" content=\"Raffy Ben\u00edtez\" \/>\n<meta name=\"twitter:card\" content=\"summary_large_image\" \/>\n<meta name=\"twitter:label1\" content=\"Escrito por\" \/>\n\t<meta name=\"twitter:data1\" content=\"Raffy Ben\u00edtez\" \/>\n\t<meta name=\"twitter:label2\" content=\"Tiempo de lectura\" \/>\n\t<meta name=\"twitter:data2\" content=\"1 minuto\" \/>\n<script type=\"application\/ld+json\" class=\"yoast-schema-graph\">{\"@context\":\"https:\\\/\\\/schema.org\",\"@graph\":[{\"@type\":\"Article\",\"@id\":\"https:\\\/\\\/conexion23.com\\\/?p=15658#article\",\"isPartOf\":{\"@id\":\"https:\\\/\\\/conexion23.com\\\/?p=15658\"},\"author\":{\"name\":\"Raffy Ben\u00edtez\",\"@id\":\"https:\\\/\\\/conexion23.com\\\/#\\\/schema\\\/person\\\/03e36043331117e97a373299bbcd30a6\"},\"headline\":\"Nace ni\u00f1o con un diente en hospital de Cotu\u00ed\",\"datePublished\":\"2023-01-18T15:41:41+00:00\",\"dateModified\":\"2023-01-18T15:41:44+00:00\",\"mainEntityOfPage\":{\"@id\":\"https:\\\/\\\/conexion23.com\\\/?p=15658\"},\"wordCount\":131,\"commentCount\":0,\"publisher\":{\"@id\":\"https:\\\/\\\/conexion23.com\\\/#organization\"},\"articleSection\":[\"Uncategorized\"],\"inLanguage\":\"es\",\"potentialAction\":[{\"@type\":\"CommentAction\",\"name\":\"Comment\",\"target\":[\"https:\\\/\\\/conexion23.com\\\/?p=15658#respond\"]}]},{\"@type\":\"WebPage\",\"@id\":\"https:\\\/\\\/conexion23.com\\\/?p=15658\",\"url\":\"https:\\\/\\\/conexion23.com\\\/?p=15658\",\"name\":\"Nace ni\u00f1o con un diente en hospital de Cotu\u00ed - Conexi\u00f3n 23\",\"isPartOf\":{\"@id\":\"https:\\\/\\\/conexion23.com\\\/#website\"},\"datePublished\":\"2023-01-18T15:41:41+00:00\",\"dateModified\":\"2023-01-18T15:41:44+00:00\",\"breadcrumb\":{\"@id\":\"https:\\\/\\\/conexion23.com\\\/?p=15658#breadcrumb\"},\"inLanguage\":\"es\",\"potentialAction\":[{\"@type\":\"ReadAction\",\"target\":[\"https:\\\/\\\/conexion23.com\\\/?p=15658\"]}]},{\"@type\":\"BreadcrumbList\",\"@id\":\"https:\\\/\\\/conexion23.com\\\/?p=15658#breadcrumb\",\"itemListElement\":[{\"@type\":\"ListItem\",\"position\":1,\"name\":\"Portada\",\"item\":\"https:\\\/\\\/conexion23.com\\\/\"},{\"@type\":\"ListItem\",\"position\":2,\"name\":\"Nace ni\u00f1o con un diente en hospital de Cotu\u00ed\"}]},{\"@type\":\"WebSite\",\"@id\":\"https:\\\/\\\/conexion23.com\\\/#website\",\"url\":\"https:\\\/\\\/conexion23.com\\\/\",\"name\":\"Conexi\u00f3n 23\",\"description\":\"Peri\u00f3dico 100% Petromacorisano\",\"publisher\":{\"@id\":\"https:\\\/\\\/conexion23.com\\\/#organization\"},\"potentialAction\":[{\"@type\":\"SearchAction\",\"target\":{\"@type\":\"EntryPoint\",\"urlTemplate\":\"https:\\\/\\\/conexion23.com\\\/?s={search_term_string}\"},\"query-input\":{\"@type\":\"PropertyValueSpecification\",\"valueRequired\":true,\"valueName\":\"search_term_string\"}}],\"inLanguage\":\"es\"},{\"@type\":\"Organization\",\"@id\":\"https:\\\/\\\/conexion23.com\\\/#organization\",\"name\":\"Conexion 23\",\"url\":\"https:\\\/\\\/conexion23.com\\\/\",\"logo\":{\"@type\":\"ImageObject\",\"inLanguage\":\"es\",\"@id\":\"https:\\\/\\\/conexion23.com\\\/#\\\/schema\\\/logo\\\/image\\\/\",\"url\":\"https:\\\/\\\/conexion23.com\\\/wp-content\\\/uploads\\\/2021\\\/11\\\/Diseno-sin-titulo-2.png\",\"contentUrl\":\"https:\\\/\\\/conexion23.com\\\/wp-content\\\/uploads\\\/2021\\\/11\\\/Diseno-sin-titulo-2.png\",\"width\":541,\"height\":90,\"caption\":\"Conexion 23\"},\"image\":{\"@id\":\"https:\\\/\\\/conexion23.com\\\/#\\\/schema\\\/logo\\\/image\\\/\"},\"sameAs\":[\"https:\\\/\\\/www.facebook.com\\\/conexion23com\",\"https:\\\/\\\/www.instagram.com\\\/conexion23com\\\/\",\"https:\\\/\\\/www.youtube.com\\\/channel\\\/UCYc7vxxFZMYLIHNsHHxPZ3Q\"]},{\"@type\":\"Person\",\"@id\":\"https:\\\/\\\/conexion23.com\\\/#\\\/schema\\\/person\\\/03e36043331117e97a373299bbcd30a6\",\"name\":\"Raffy Ben\u00edtez\",\"image\":{\"@type\":\"ImageObject\",\"inLanguage\":\"es\",\"@id\":\"https:\\\/\\\/secure.gravatar.com\\\/avatar\\\/3190a6a6c5e1b0327500f7d6c56b6242472ee6cb974cf09b401ee6b3b0798f23?s=96&d=mm&r=g\",\"url\":\"https:\\\/\\\/secure.gravatar.com\\\/avatar\\\/3190a6a6c5e1b0327500f7d6c56b6242472ee6cb974cf09b401ee6b3b0798f23?s=96&d=mm&r=g\",\"contentUrl\":\"https:\\\/\\\/secure.gravatar.com\\\/avatar\\\/3190a6a6c5e1b0327500f7d6c56b6242472ee6cb974cf09b401ee6b3b0798f23?s=96&d=mm&r=g\",\"caption\":\"Raffy Ben\u00edtez\"},\"url\":\"https:\\\/\\\/conexion23.com\\\/?author=15\"}]}<\/script>\n<!-- \/ Yoast SEO plugin. -->","yoast_head_json":{"title":"Nace ni\u00f1o con un diente en hospital de Cotu\u00ed - Conexi\u00f3n 23","robots":{"index":"index","follow":"follow","max-snippet":"max-snippet:-1","max-image-preview":"max-image-preview:large","max-video-preview":"max-video-preview:-1"},"canonical":"https:\/\/conexion23.com\/?p=15658","og_locale":"es_ES","og_type":"article","og_title":"Nace ni\u00f1o con un diente en hospital de Cotu\u00ed - Conexi\u00f3n 23","og_description":"S\u00e1nchez Ram\u00edrez.-&nbsp;Un beb\u00e9 de nombre Ariel Flori\u00e1n Morel, sorprendi\u00f3 a todos los doctores y a sus padres cuando estos notaron que naci\u00f3 con un diente. Los padres de nombre Jos\u00e9 Joaqu\u00edn Florian y Arisleidy Morel Vargas, quedaron at\u00f3nitos. El ni\u00f1o naci\u00f3 en perfecto estado de salud, debemos resaltar que esto no es una condici\u00f3n de [&hellip;]","og_url":"https:\/\/conexion23.com\/?p=15658","og_site_name":"Conexi\u00f3n 23","article_publisher":"https:\/\/www.facebook.com\/conexion23com","article_published_time":"2023-01-18T15:41:41+00:00","article_modified_time":"2023-01-18T15:41:44+00:00","author":"Raffy Ben\u00edtez","twitter_card":"summary_large_image","twitter_misc":{"Escrito por":"Raffy Ben\u00edtez","Tiempo de lectura":"1 minuto"},"schema":{"@context":"https:\/\/schema.org","@graph":[{"@type":"Article","@id":"https:\/\/conexion23.com\/?p=15658#article","isPartOf":{"@id":"https:\/\/conexion23.com\/?p=15658"},"author":{"name":"Raffy Ben\u00edtez","@id":"https:\/\/conexion23.com\/#\/schema\/person\/03e36043331117e97a373299bbcd30a6"},"headline":"Nace ni\u00f1o con un diente en hospital de Cotu\u00ed","datePublished":"2023-01-18T15:41:41+00:00","dateModified":"2023-01-18T15:41:44+00:00","mainEntityOfPage":{"@id":"https:\/\/conexion23.com\/?p=15658"},"wordCount":131,"commentCount":0,"publisher":{"@id":"https:\/\/conexion23.com\/#organization"},"articleSection":["Uncategorized"],"inLanguage":"es","potentialAction":[{"@type":"CommentAction","name":"Comment","target":["https:\/\/conexion23.com\/?p=15658#respond"]}]},{"@type":"WebPage","@id":"https:\/\/conexion23.com\/?p=15658","url":"https:\/\/conexion23.com\/?p=15658","name":"Nace ni\u00f1o con un diente en hospital de Cotu\u00ed - Conexi\u00f3n 23","isPartOf":{"@id":"https:\/\/conexion23.com\/#website"},"datePublished":"2023-01-18T15:41:41+00:00","dateModified":"2023-01-18T15:41:44+00:00","breadcrumb":{"@id":"https:\/\/conexion23.com\/?p=15658#breadcrumb"},"inLanguage":"es","potentialAction":[{"@type":"ReadAction","target":["https:\/\/conexion23.com\/?p=15658"]}]},{"@type":"BreadcrumbList","@id":"https:\/\/conexion23.com\/?p=15658#breadcrumb","itemListElement":[{"@type":"ListItem","position":1,"name":"Portada","item":"https:\/\/conexion23.com\/"},{"@type":"ListItem","position":2,"name":"Nace ni\u00f1o con un diente en hospital de Cotu\u00ed"}]},{"@type":"WebSite","@id":"https:\/\/conexion23.com\/#website","url":"https:\/\/conexion23.com\/","name":"Conexi\u00f3n 23","description":"Peri\u00f3dico 100% Petromacorisano","publisher":{"@id":"https:\/\/conexion23.com\/#organization"},"potentialAction":[{"@type":"SearchAction","target":{"@type":"EntryPoint","urlTemplate":"https:\/\/conexion23.com\/?s={search_term_string}"},"query-input":{"@type":"PropertyValueSpecification","valueRequired":true,"valueName":"search_term_string"}}],"inLanguage":"es"},{"@type":"Organization","@id":"https:\/\/conexion23.com\/#organization","name":"Conexion 23","url":"https:\/\/conexion23.com\/","logo":{"@type":"ImageObject","inLanguage":"es","@id":"https:\/\/conexion23.com\/#\/schema\/logo\/image\/","url":"https:\/\/conexion23.com\/wp-content\/uploads\/2021\/11\/Diseno-sin-titulo-2.png","contentUrl":"https:\/\/conexion23.com\/wp-content\/uploads\/2021\/11\/Diseno-sin-titulo-2.png","width":541,"height":90,"caption":"Conexion 23"},"image":{"@id":"https:\/\/conexion23.com\/#\/schema\/logo\/image\/"},"sameAs":["https:\/\/www.facebook.com\/conexion23com","https:\/\/www.instagram.com\/conexion23com\/","https:\/\/www.youtube.com\/channel\/UCYc7vxxFZMYLIHNsHHxPZ3Q"]},{"@type":"Person","@id":"https:\/\/conexion23.com\/#\/schema\/person\/03e36043331117e97a373299bbcd30a6","name":"Raffy Ben\u00edtez","image":{"@type":"ImageObject","inLanguage":"es","@id":"https:\/\/secure.gravatar.com\/avatar\/3190a6a6c5e1b0327500f7d6c56b6242472ee6cb974cf09b401ee6b3b0798f23?s=96&d=mm&r=g","url":"https:\/\/secure.gravatar.com\/avatar\/3190a6a6c5e1b0327500f7d6c56b6242472ee6cb974cf09b401ee6b3b0798f23?s=96&d=mm&r=g","contentUrl":"https:\/\/secure.gravatar.com\/avatar\/3190a6a6c5e1b0327500f7d6c56b6242472ee6cb974cf09b401ee6b3b0798f23?s=96&d=mm&r=g","caption":"Raffy Ben\u00edtez"},"url":"https:\/\/conexion23.com\/?author=15"}]}},"_links":{"self":[{"href":"https:\/\/conexion23.com\/index.php?rest_route=\/wp\/v2\/posts\/15658","targetHints":{"allow":["GET"]}}],"collection":[{"href":"https:\/\/conexion23.com\/index.php?rest_route=\/wp\/v2\/posts"}],"about":[{"href":"https:\/\/conexion23.com\/index.php?rest_route=\/wp\/v2\/types\/post"}],"author":[{"embeddable":true,"href":"https:\/\/conexion23.com\/index.php?rest_route=\/wp\/v2\/users\/15"}],"replies":[{"embeddable":true,"href":"https:\/\/conexion23.com\/index.php?rest_route=%2Fwp%2Fv2%2Fcomments&post=15658"}],"version-history":[{"count":1,"href":"https:\/\/conexion23.com\/index.php?rest_route=\/wp\/v2\/posts\/15658\/revisions"}],"predecessor-version":[{"id":15660,"href":"https:\/\/conexion23.com\/index.php?rest_route=\/wp\/v2\/posts\/15658\/revisions\/15660"}],"wp:attachment":[{"href":"https:\/\/conexion23.com\/index.php?rest_route=%2Fwp%2Fv2%2Fmedia&parent=15658"}],"wp:term":[{"taxonomy":"category","embeddable":true,"href":"https:\/\/conexion23.com\/index.php?rest_route=%2Fwp%2Fv2%2Fcategories&post=15658"},{"taxonomy":"post_tag","embeddable":true,"href":"https:\/\/conexion23.com\/index.php?rest_route=%2Fwp%2Fv2%2Ftags&post=15658"}],"curies":[{"name":"wp","href":"https:\/\/api.w.org\/{rel}","templated":true}]}}