{"id":15664,"date":"2023-01-20T10:35:58","date_gmt":"2023-01-20T14:35:58","guid":{"rendered":"https:\/\/conexion23.com\/?p=15664"},"modified":"2023-01-20T10:46:23","modified_gmt":"2023-01-20T14:46:23","slug":"reportan-25-nuevos-casos-de-covid-en-ultimas-24-horas","status":"publish","type":"post","link":"https:\/\/conexion23.com\/?p=15664","title":{"rendered":"Reportan 25 nuevos casos de Covid en \u00faltimas 24 horas"},"content":{"rendered":"\n<p class=\"wp-block-paragraph\"><strong>Santo Domingo.-&nbsp;<\/strong>El&nbsp;<strong>Bolet\u00edn 1,037<\/strong>&nbsp;de Covid emitido por el Ministerio de Salud P\u00fablica reporta 25 nuevos casos registrados y ninguna defunci\u00f3n por la enfermedad en las \u00faltimas 24 horas.<\/p>\n\n\n\n<p class=\"wp-block-paragraph\">De acuerdo a los datos, la&nbsp;<strong>positividad es de 2.77%<\/strong>, lo que indica un descenso en las \u00faltimas semanas, mientras hay 12 camas ocupadas de 2373 y 1 solo ventilador en uso.<\/p>\n\n\n\n<p class=\"wp-block-paragraph\">En ese orden, destacan que se han realizado 904 pruebas por primeras de las 1,704 realizadas en las \u00faltimas 24 horas.<\/p>\n\n\n\n<p class=\"wp-block-paragraph\">La&nbsp;<strong>Unidad de Cuidados Intensivos<\/strong>&nbsp;tiene 2 camas en uso de 585 para un total de 314 casos activos en todo el pa\u00eds.<\/p>\n\n\n\n<p class=\"wp-block-paragraph\">En Rep\u00fablica&nbsp;Dominicana, desde la declaraci\u00f3n de la pandemia, se ha registrado un total de 4,384 defunciones por Covid.<\/p>\n\n\n\n<p class=\"wp-block-paragraph\">La enfermedad por&nbsp;<strong>coronavirus (COVID\u201119)<\/strong>&nbsp;es una enfermedad infecciosa provocada por el virus SARS-CoV-2.<\/p>\n\n\n\n<p class=\"wp-block-paragraph\">La mayor\u00eda de las personas que padecen COVID\u201119 sufren s\u00edntomas de intensidad leve a moderada y se recuperan sin necesidad de tratamientos especiales. Sin embargo, algunas personas desarrollan casos graves y necesitan atenci\u00f3n m\u00e9dica.<\/p>\n","protected":false},"excerpt":{"rendered":"<p>Santo Domingo.-&nbsp;El&nbsp;Bolet\u00edn 1,037&nbsp;de Covid emitido por el Ministerio de Salud P\u00fablica reporta 25 nuevos casos registrados y ninguna defunci\u00f3n por la enfermedad en las \u00faltimas 24 horas. De acuerdo a los datos, la&nbsp;positividad es de 2.77%, lo que indica un descenso en las \u00faltimas semanas, mientras hay 12 camas ocupadas de 2373 y 1 solo [&hellip;]<\/p>\n","protected":false},"author":15,"featured_media":0,"comment_status":"open","ping_status":"open","sticky":false,"template":"","format":"standard","meta":{"footnotes":""},"categories":[1],"tags":[],"class_list":["post-15664","post","type-post","status-publish","format-standard","category-uncategorized"],"yoast_head":"<!-- This site is optimized with the Yoast SEO plugin v27.6 - https:\/\/yoast.com\/product\/yoast-seo-wordpress\/ -->\n<title>Reportan 25 nuevos casos de Covid en \u00faltimas 24 horas - Conexi\u00f3n 23<\/title>\n<meta name=\"robots\" content=\"index, follow, max-snippet:-1, max-image-preview:large, max-video-preview:-1\" \/>\n<link rel=\"canonical\" href=\"https:\/\/conexion23.com\/?p=15664\" \/>\n<meta property=\"og:locale\" content=\"es_ES\" \/>\n<meta property=\"og:type\" content=\"article\" \/>\n<meta property=\"og:title\" content=\"Reportan 25 nuevos casos de Covid en \u00faltimas 24 horas - Conexi\u00f3n 23\" \/>\n<meta property=\"og:description\" content=\"Santo Domingo.-&nbsp;El&nbsp;Bolet\u00edn 1,037&nbsp;de Covid emitido por el Ministerio de Salud P\u00fablica reporta 25 nuevos casos registrados y ninguna defunci\u00f3n por la enfermedad en las \u00faltimas 24 horas. De acuerdo a los datos, la&nbsp;positividad es de 2.77%, lo que indica un descenso en las \u00faltimas semanas, mientras hay 12 camas ocupadas de 2373 y 1 solo [&hellip;]\" \/>\n<meta property=\"og:url\" content=\"https:\/\/conexion23.com\/?p=15664\" \/>\n<meta property=\"og:site_name\" content=\"Conexi\u00f3n 23\" \/>\n<meta property=\"article:publisher\" content=\"https:\/\/www.facebook.com\/conexion23com\" \/>\n<meta property=\"article:published_time\" content=\"2023-01-20T14:35:58+00:00\" \/>\n<meta property=\"article:modified_time\" content=\"2023-01-20T14:46:23+00:00\" \/>\n<meta name=\"author\" content=\"Raffy Ben\u00edtez\" \/>\n<meta name=\"twitter:card\" content=\"summary_large_image\" \/>\n<meta name=\"twitter:label1\" content=\"Escrito por\" \/>\n\t<meta name=\"twitter:data1\" content=\"Raffy Ben\u00edtez\" \/>\n\t<meta name=\"twitter:label2\" content=\"Tiempo de lectura\" \/>\n\t<meta name=\"twitter:data2\" content=\"1 minuto\" \/>\n<script type=\"application\/ld+json\" class=\"yoast-schema-graph\">{\"@context\":\"https:\\\/\\\/schema.org\",\"@graph\":[{\"@type\":\"Article\",\"@id\":\"https:\\\/\\\/conexion23.com\\\/?p=15664#article\",\"isPartOf\":{\"@id\":\"https:\\\/\\\/conexion23.com\\\/?p=15664\"},\"author\":{\"name\":\"Raffy Ben\u00edtez\",\"@id\":\"https:\\\/\\\/conexion23.com\\\/#\\\/schema\\\/person\\\/03e36043331117e97a373299bbcd30a6\"},\"headline\":\"Reportan 25 nuevos casos de Covid en \u00faltimas 24 horas\",\"datePublished\":\"2023-01-20T14:35:58+00:00\",\"dateModified\":\"2023-01-20T14:46:23+00:00\",\"mainEntityOfPage\":{\"@id\":\"https:\\\/\\\/conexion23.com\\\/?p=15664\"},\"wordCount\":187,\"commentCount\":0,\"publisher\":{\"@id\":\"https:\\\/\\\/conexion23.com\\\/#organization\"},\"articleSection\":[\"Uncategorized\"],\"inLanguage\":\"es\",\"potentialAction\":[{\"@type\":\"CommentAction\",\"name\":\"Comment\",\"target\":[\"https:\\\/\\\/conexion23.com\\\/?p=15664#respond\"]}]},{\"@type\":\"WebPage\",\"@id\":\"https:\\\/\\\/conexion23.com\\\/?p=15664\",\"url\":\"https:\\\/\\\/conexion23.com\\\/?p=15664\",\"name\":\"Reportan 25 nuevos casos de Covid en \u00faltimas 24 horas - Conexi\u00f3n 23\",\"isPartOf\":{\"@id\":\"https:\\\/\\\/conexion23.com\\\/#website\"},\"datePublished\":\"2023-01-20T14:35:58+00:00\",\"dateModified\":\"2023-01-20T14:46:23+00:00\",\"breadcrumb\":{\"@id\":\"https:\\\/\\\/conexion23.com\\\/?p=15664#breadcrumb\"},\"inLanguage\":\"es\",\"potentialAction\":[{\"@type\":\"ReadAction\",\"target\":[\"https:\\\/\\\/conexion23.com\\\/?p=15664\"]}]},{\"@type\":\"BreadcrumbList\",\"@id\":\"https:\\\/\\\/conexion23.com\\\/?p=15664#breadcrumb\",\"itemListElement\":[{\"@type\":\"ListItem\",\"position\":1,\"name\":\"Portada\",\"item\":\"https:\\\/\\\/conexion23.com\\\/\"},{\"@type\":\"ListItem\",\"position\":2,\"name\":\"Reportan 25 nuevos casos de Covid en \u00faltimas 24 horas\"}]},{\"@type\":\"WebSite\",\"@id\":\"https:\\\/\\\/conexion23.com\\\/#website\",\"url\":\"https:\\\/\\\/conexion23.com\\\/\",\"name\":\"Conexi\u00f3n 23\",\"description\":\"Peri\u00f3dico 100% Petromacorisano\",\"publisher\":{\"@id\":\"https:\\\/\\\/conexion23.com\\\/#organization\"},\"potentialAction\":[{\"@type\":\"SearchAction\",\"target\":{\"@type\":\"EntryPoint\",\"urlTemplate\":\"https:\\\/\\\/conexion23.com\\\/?s={search_term_string}\"},\"query-input\":{\"@type\":\"PropertyValueSpecification\",\"valueRequired\":true,\"valueName\":\"search_term_string\"}}],\"inLanguage\":\"es\"},{\"@type\":\"Organization\",\"@id\":\"https:\\\/\\\/conexion23.com\\\/#organization\",\"name\":\"Conexion 23\",\"url\":\"https:\\\/\\\/conexion23.com\\\/\",\"logo\":{\"@type\":\"ImageObject\",\"inLanguage\":\"es\",\"@id\":\"https:\\\/\\\/conexion23.com\\\/#\\\/schema\\\/logo\\\/image\\\/\",\"url\":\"https:\\\/\\\/conexion23.com\\\/wp-content\\\/uploads\\\/2021\\\/11\\\/Diseno-sin-titulo-2.png\",\"contentUrl\":\"https:\\\/\\\/conexion23.com\\\/wp-content\\\/uploads\\\/2021\\\/11\\\/Diseno-sin-titulo-2.png\",\"width\":541,\"height\":90,\"caption\":\"Conexion 23\"},\"image\":{\"@id\":\"https:\\\/\\\/conexion23.com\\\/#\\\/schema\\\/logo\\\/image\\\/\"},\"sameAs\":[\"https:\\\/\\\/www.facebook.com\\\/conexion23com\",\"https:\\\/\\\/www.instagram.com\\\/conexion23com\\\/\",\"https:\\\/\\\/www.youtube.com\\\/channel\\\/UCYc7vxxFZMYLIHNsHHxPZ3Q\"]},{\"@type\":\"Person\",\"@id\":\"https:\\\/\\\/conexion23.com\\\/#\\\/schema\\\/person\\\/03e36043331117e97a373299bbcd30a6\",\"name\":\"Raffy Ben\u00edtez\",\"image\":{\"@type\":\"ImageObject\",\"inLanguage\":\"es\",\"@id\":\"https:\\\/\\\/secure.gravatar.com\\\/avatar\\\/3190a6a6c5e1b0327500f7d6c56b6242472ee6cb974cf09b401ee6b3b0798f23?s=96&d=mm&r=g\",\"url\":\"https:\\\/\\\/secure.gravatar.com\\\/avatar\\\/3190a6a6c5e1b0327500f7d6c56b6242472ee6cb974cf09b401ee6b3b0798f23?s=96&d=mm&r=g\",\"contentUrl\":\"https:\\\/\\\/secure.gravatar.com\\\/avatar\\\/3190a6a6c5e1b0327500f7d6c56b6242472ee6cb974cf09b401ee6b3b0798f23?s=96&d=mm&r=g\",\"caption\":\"Raffy Ben\u00edtez\"},\"url\":\"https:\\\/\\\/conexion23.com\\\/?author=15\"}]}<\/script>\n<!-- \/ Yoast SEO plugin. -->","yoast_head_json":{"title":"Reportan 25 nuevos casos de Covid en \u00faltimas 24 horas - Conexi\u00f3n 23","robots":{"index":"index","follow":"follow","max-snippet":"max-snippet:-1","max-image-preview":"max-image-preview:large","max-video-preview":"max-video-preview:-1"},"canonical":"https:\/\/conexion23.com\/?p=15664","og_locale":"es_ES","og_type":"article","og_title":"Reportan 25 nuevos casos de Covid en \u00faltimas 24 horas - Conexi\u00f3n 23","og_description":"Santo Domingo.-&nbsp;El&nbsp;Bolet\u00edn 1,037&nbsp;de Covid emitido por el Ministerio de Salud P\u00fablica reporta 25 nuevos casos registrados y ninguna defunci\u00f3n por la enfermedad en las \u00faltimas 24 horas. De acuerdo a los datos, la&nbsp;positividad es de 2.77%, lo que indica un descenso en las \u00faltimas semanas, mientras hay 12 camas ocupadas de 2373 y 1 solo [&hellip;]","og_url":"https:\/\/conexion23.com\/?p=15664","og_site_name":"Conexi\u00f3n 23","article_publisher":"https:\/\/www.facebook.com\/conexion23com","article_published_time":"2023-01-20T14:35:58+00:00","article_modified_time":"2023-01-20T14:46:23+00:00","author":"Raffy Ben\u00edtez","twitter_card":"summary_large_image","twitter_misc":{"Escrito por":"Raffy Ben\u00edtez","Tiempo de lectura":"1 minuto"},"schema":{"@context":"https:\/\/schema.org","@graph":[{"@type":"Article","@id":"https:\/\/conexion23.com\/?p=15664#article","isPartOf":{"@id":"https:\/\/conexion23.com\/?p=15664"},"author":{"name":"Raffy Ben\u00edtez","@id":"https:\/\/conexion23.com\/#\/schema\/person\/03e36043331117e97a373299bbcd30a6"},"headline":"Reportan 25 nuevos casos de Covid en \u00faltimas 24 horas","datePublished":"2023-01-20T14:35:58+00:00","dateModified":"2023-01-20T14:46:23+00:00","mainEntityOfPage":{"@id":"https:\/\/conexion23.com\/?p=15664"},"wordCount":187,"commentCount":0,"publisher":{"@id":"https:\/\/conexion23.com\/#organization"},"articleSection":["Uncategorized"],"inLanguage":"es","potentialAction":[{"@type":"CommentAction","name":"Comment","target":["https:\/\/conexion23.com\/?p=15664#respond"]}]},{"@type":"WebPage","@id":"https:\/\/conexion23.com\/?p=15664","url":"https:\/\/conexion23.com\/?p=15664","name":"Reportan 25 nuevos casos de Covid en \u00faltimas 24 horas - Conexi\u00f3n 23","isPartOf":{"@id":"https:\/\/conexion23.com\/#website"},"datePublished":"2023-01-20T14:35:58+00:00","dateModified":"2023-01-20T14:46:23+00:00","breadcrumb":{"@id":"https:\/\/conexion23.com\/?p=15664#breadcrumb"},"inLanguage":"es","potentialAction":[{"@type":"ReadAction","target":["https:\/\/conexion23.com\/?p=15664"]}]},{"@type":"BreadcrumbList","@id":"https:\/\/conexion23.com\/?p=15664#breadcrumb","itemListElement":[{"@type":"ListItem","position":1,"name":"Portada","item":"https:\/\/conexion23.com\/"},{"@type":"ListItem","position":2,"name":"Reportan 25 nuevos casos de Covid en \u00faltimas 24 horas"}]},{"@type":"WebSite","@id":"https:\/\/conexion23.com\/#website","url":"https:\/\/conexion23.com\/","name":"Conexi\u00f3n 23","description":"Peri\u00f3dico 100% Petromacorisano","publisher":{"@id":"https:\/\/conexion23.com\/#organization"},"potentialAction":[{"@type":"SearchAction","target":{"@type":"EntryPoint","urlTemplate":"https:\/\/conexion23.com\/?s={search_term_string}"},"query-input":{"@type":"PropertyValueSpecification","valueRequired":true,"valueName":"search_term_string"}}],"inLanguage":"es"},{"@type":"Organization","@id":"https:\/\/conexion23.com\/#organization","name":"Conexion 23","url":"https:\/\/conexion23.com\/","logo":{"@type":"ImageObject","inLanguage":"es","@id":"https:\/\/conexion23.com\/#\/schema\/logo\/image\/","url":"https:\/\/conexion23.com\/wp-content\/uploads\/2021\/11\/Diseno-sin-titulo-2.png","contentUrl":"https:\/\/conexion23.com\/wp-content\/uploads\/2021\/11\/Diseno-sin-titulo-2.png","width":541,"height":90,"caption":"Conexion 23"},"image":{"@id":"https:\/\/conexion23.com\/#\/schema\/logo\/image\/"},"sameAs":["https:\/\/www.facebook.com\/conexion23com","https:\/\/www.instagram.com\/conexion23com\/","https:\/\/www.youtube.com\/channel\/UCYc7vxxFZMYLIHNsHHxPZ3Q"]},{"@type":"Person","@id":"https:\/\/conexion23.com\/#\/schema\/person\/03e36043331117e97a373299bbcd30a6","name":"Raffy Ben\u00edtez","image":{"@type":"ImageObject","inLanguage":"es","@id":"https:\/\/secure.gravatar.com\/avatar\/3190a6a6c5e1b0327500f7d6c56b6242472ee6cb974cf09b401ee6b3b0798f23?s=96&d=mm&r=g","url":"https:\/\/secure.gravatar.com\/avatar\/3190a6a6c5e1b0327500f7d6c56b6242472ee6cb974cf09b401ee6b3b0798f23?s=96&d=mm&r=g","contentUrl":"https:\/\/secure.gravatar.com\/avatar\/3190a6a6c5e1b0327500f7d6c56b6242472ee6cb974cf09b401ee6b3b0798f23?s=96&d=mm&r=g","caption":"Raffy Ben\u00edtez"},"url":"https:\/\/conexion23.com\/?author=15"}]}},"_links":{"self":[{"href":"https:\/\/conexion23.com\/index.php?rest_route=\/wp\/v2\/posts\/15664","targetHints":{"allow":["GET"]}}],"collection":[{"href":"https:\/\/conexion23.com\/index.php?rest_route=\/wp\/v2\/posts"}],"about":[{"href":"https:\/\/conexion23.com\/index.php?rest_route=\/wp\/v2\/types\/post"}],"author":[{"embeddable":true,"href":"https:\/\/conexion23.com\/index.php?rest_route=\/wp\/v2\/users\/15"}],"replies":[{"embeddable":true,"href":"https:\/\/conexion23.com\/index.php?rest_route=%2Fwp%2Fv2%2Fcomments&post=15664"}],"version-history":[{"count":2,"href":"https:\/\/conexion23.com\/index.php?rest_route=\/wp\/v2\/posts\/15664\/revisions"}],"predecessor-version":[{"id":15667,"href":"https:\/\/conexion23.com\/index.php?rest_route=\/wp\/v2\/posts\/15664\/revisions\/15667"}],"wp:attachment":[{"href":"https:\/\/conexion23.com\/index.php?rest_route=%2Fwp%2Fv2%2Fmedia&parent=15664"}],"wp:term":[{"taxonomy":"category","embeddable":true,"href":"https:\/\/conexion23.com\/index.php?rest_route=%2Fwp%2Fv2%2Fcategories&post=15664"},{"taxonomy":"post_tag","embeddable":true,"href":"https:\/\/conexion23.com\/index.php?rest_route=%2Fwp%2Fv2%2Ftags&post=15664"}],"curies":[{"name":"wp","href":"https:\/\/api.w.org\/{rel}","templated":true}]}}