{"id":15741,"date":"2023-01-26T08:17:56","date_gmt":"2023-01-26T12:17:56","guid":{"rendered":"https:\/\/conexion23.com\/?p=15741"},"modified":"2023-01-26T08:18:02","modified_gmt":"2023-01-26T12:18:02","slug":"restauremos-el-legado-de-juan-pablo-duarte","status":"publish","type":"post","link":"https:\/\/conexion23.com\/?p=15741","title":{"rendered":"RESTAUREMOS EL LEGADO DE \u201cJUAN PABLO DUARTE\u201d"},"content":{"rendered":"\n<p class=\"wp-block-paragraph\">Con motivo de la celebraci\u00f3n del 210\u00ba aniversario del natalicio de uno de nuestros padres de la patria, Juan Pablo Duarte y Diez, hemos querido escribir nuestro art\u00edculo de opini\u00f3n para esta semana, con un mensaje a la sociedad, la clase pol\u00edtica y la juventud dominicana, para que juntos luchemos por restaurar su legado.<\/p>\n\n\n\n<p class=\"wp-block-paragraph\">Leer o escuchar la frase: \u201cVivir sin patria, es lo mismo que vivir sin honor\u201d nos retrae al tiempo donde los combatientes, estrategas y propulsores independentistas, luchaban por hacer de la demarcaci\u00f3n con mayor porcentaje geogr\u00e1fico de la isla de Santo Domingo, un estado libre, soberano e independiente, a todo costo; sin reservar esfuerzos y solamente anteponiendo los intereses de los que hoy nos denominamos dominicanos.<\/p>\n\n\n\n<p class=\"wp-block-paragraph\">El legado de Duarte fue construido en base a valores inalienables para tener una sociedad donde prime la voluntad del servicio, el estado de derecho, la democracia plural e individual y sobre todo la soberan\u00eda sin dependencia alguna de factores externos que dobleguen o tergiversen la libertad de expresi\u00f3n, actuaci\u00f3n y convivencia.<\/p>\n\n\n\n<p class=\"wp-block-paragraph\">Exiliado, perseguido, enfrentado y abatido por un sinn\u00famero de ataques en su contra, Juan Pablo Duarte tuvo la firme convicci\u00f3n de que el Estado y la Naci\u00f3n, merecen hombres y mujeres de servicio, con un desinter\u00e9s particular en poseer bienes, que abracen el poder para administrar y gestar en los niveles mas sanos y proporcionales de justicia; este es un legado construido en base a la participaci\u00f3n colectiva, a objetivos propios del conglomerado de la Naci\u00f3n y apegado al sentimiento de continuar avanzando con libertad y democracia.<\/p>\n\n\n\n<p class=\"wp-block-paragraph\">Al ver, en las \u00faltimas d\u00e9cadas, el manejo distorsionado de la funci\u00f3n p\u00fablica, el despilfarro de todo lo que pertenece al Estado, el cumplimiento de agendas mundiales o internacionales y la arrabalizaci\u00f3n del sistema partidario dominicano, nos pone de frente una Rep\u00fablica que no ha dado continuidad al legado de nuestro padre de la patria.<\/p>\n\n\n\n<p class=\"wp-block-paragraph\">Volvamos a los inicios, donde la bandera tricolor y el escudo nacional, enarbolaban un sentimiento patri\u00f3tico, que nos permit\u00eda desarrollar ideas, estrategias y ejecuciones como Naci\u00f3n, en aras de fortalecer la democracia y la soberan\u00eda dominicana.<\/p>\n\n\n\n<p class=\"wp-block-paragraph\">Ser\u00eda preciso, que cada funcionario, designado o electo; que los lideres de influencia; los comunicadores, la sociedad y sobre todo cada uno de los j\u00f3venes, lleven en sus mentes el siguiente fragmento de uno de los grandes escritos de Juan Pablo Duarte. Cito: \u201cNunca me fue tan necesario como hoy el tener salud, coraz\u00f3n y juicio; hoy que hombres sin juicio y sin coraz\u00f3n conspiran contra la salud de la Patria\u201d.<\/p>\n\n\n\n<p class=\"wp-block-paragraph\">Dios, patria y libertad. Restauremos el legado de Juan Pablo Duarte.<\/p>\n","protected":false},"excerpt":{"rendered":"<p>Con motivo de la celebraci\u00f3n del 210\u00ba aniversario del natalicio de uno de nuestros padres de la patria, Juan Pablo Duarte y Diez, hemos querido escribir nuestro art\u00edculo de opini\u00f3n para esta semana, con un mensaje a la sociedad, la clase pol\u00edtica y la juventud dominicana, para que juntos luchemos por restaurar su legado. Leer [&hellip;]<\/p>\n","protected":false},"author":15,"featured_media":0,"comment_status":"open","ping_status":"open","sticky":false,"template":"","format":"standard","meta":{"footnotes":""},"categories":[58],"tags":[],"class_list":["post-15741","post","type-post","status-publish","format-standard","category-opinion"],"yoast_head":"<!-- This site is optimized with the Yoast SEO plugin v27.6 - https:\/\/yoast.com\/product\/yoast-seo-wordpress\/ -->\n<title>RESTAUREMOS EL LEGADO DE \u201cJUAN PABLO DUARTE\u201d - Conexi\u00f3n 23<\/title>\n<meta name=\"robots\" content=\"index, follow, max-snippet:-1, max-image-preview:large, max-video-preview:-1\" \/>\n<link rel=\"canonical\" href=\"http:\/\/conexion23.com\/?p=15741\" \/>\n<meta property=\"og:locale\" content=\"es_ES\" \/>\n<meta property=\"og:type\" content=\"article\" \/>\n<meta property=\"og:title\" content=\"RESTAUREMOS EL LEGADO DE \u201cJUAN PABLO DUARTE\u201d - Conexi\u00f3n 23\" \/>\n<meta property=\"og:description\" content=\"Con motivo de la celebraci\u00f3n del 210\u00ba aniversario del natalicio de uno de nuestros padres de la patria, Juan Pablo Duarte y Diez, hemos querido escribir nuestro art\u00edculo de opini\u00f3n para esta semana, con un mensaje a la sociedad, la clase pol\u00edtica y la juventud dominicana, para que juntos luchemos por restaurar su legado. Leer [&hellip;]\" \/>\n<meta property=\"og:url\" content=\"http:\/\/conexion23.com\/?p=15741\" \/>\n<meta property=\"og:site_name\" content=\"Conexi\u00f3n 23\" \/>\n<meta property=\"article:publisher\" content=\"https:\/\/www.facebook.com\/conexion23com\" \/>\n<meta property=\"article:published_time\" content=\"2023-01-26T12:17:56+00:00\" \/>\n<meta property=\"article:modified_time\" content=\"2023-01-26T12:18:02+00:00\" \/>\n<meta name=\"author\" content=\"Raffy Ben\u00edtez\" \/>\n<meta name=\"twitter:card\" content=\"summary_large_image\" \/>\n<meta name=\"twitter:label1\" content=\"Escrito por\" \/>\n\t<meta name=\"twitter:data1\" content=\"Raffy Ben\u00edtez\" \/>\n\t<meta name=\"twitter:label2\" content=\"Tiempo de lectura\" \/>\n\t<meta name=\"twitter:data2\" content=\"2 minutos\" \/>\n<script type=\"application\/ld+json\" class=\"yoast-schema-graph\">{\"@context\":\"https:\\\/\\\/schema.org\",\"@graph\":[{\"@type\":\"Article\",\"@id\":\"http:\\\/\\\/conexion23.com\\\/?p=15741#article\",\"isPartOf\":{\"@id\":\"http:\\\/\\\/conexion23.com\\\/?p=15741\"},\"author\":{\"name\":\"Raffy Ben\u00edtez\",\"@id\":\"https:\\\/\\\/conexion23.com\\\/#\\\/schema\\\/person\\\/03e36043331117e97a373299bbcd30a6\"},\"headline\":\"RESTAUREMOS EL LEGADO DE \u201cJUAN PABLO DUARTE\u201d\",\"datePublished\":\"2023-01-26T12:17:56+00:00\",\"dateModified\":\"2023-01-26T12:18:02+00:00\",\"mainEntityOfPage\":{\"@id\":\"http:\\\/\\\/conexion23.com\\\/?p=15741\"},\"wordCount\":466,\"commentCount\":0,\"publisher\":{\"@id\":\"https:\\\/\\\/conexion23.com\\\/#organization\"},\"articleSection\":[\"Opini\u00f3n\"],\"inLanguage\":\"es\",\"potentialAction\":[{\"@type\":\"CommentAction\",\"name\":\"Comment\",\"target\":[\"http:\\\/\\\/conexion23.com\\\/?p=15741#respond\"]}]},{\"@type\":\"WebPage\",\"@id\":\"http:\\\/\\\/conexion23.com\\\/?p=15741\",\"url\":\"http:\\\/\\\/conexion23.com\\\/?p=15741\",\"name\":\"RESTAUREMOS EL LEGADO DE \u201cJUAN PABLO DUARTE\u201d - Conexi\u00f3n 23\",\"isPartOf\":{\"@id\":\"https:\\\/\\\/conexion23.com\\\/#website\"},\"datePublished\":\"2023-01-26T12:17:56+00:00\",\"dateModified\":\"2023-01-26T12:18:02+00:00\",\"breadcrumb\":{\"@id\":\"http:\\\/\\\/conexion23.com\\\/?p=15741#breadcrumb\"},\"inLanguage\":\"es\",\"potentialAction\":[{\"@type\":\"ReadAction\",\"target\":[\"http:\\\/\\\/conexion23.com\\\/?p=15741\"]}]},{\"@type\":\"BreadcrumbList\",\"@id\":\"http:\\\/\\\/conexion23.com\\\/?p=15741#breadcrumb\",\"itemListElement\":[{\"@type\":\"ListItem\",\"position\":1,\"name\":\"Portada\",\"item\":\"https:\\\/\\\/conexion23.com\\\/\"},{\"@type\":\"ListItem\",\"position\":2,\"name\":\"RESTAUREMOS EL LEGADO DE \u201cJUAN PABLO DUARTE\u201d\"}]},{\"@type\":\"WebSite\",\"@id\":\"https:\\\/\\\/conexion23.com\\\/#website\",\"url\":\"https:\\\/\\\/conexion23.com\\\/\",\"name\":\"Conexi\u00f3n 23\",\"description\":\"Peri\u00f3dico 100% Petromacorisano\",\"publisher\":{\"@id\":\"https:\\\/\\\/conexion23.com\\\/#organization\"},\"potentialAction\":[{\"@type\":\"SearchAction\",\"target\":{\"@type\":\"EntryPoint\",\"urlTemplate\":\"https:\\\/\\\/conexion23.com\\\/?s={search_term_string}\"},\"query-input\":{\"@type\":\"PropertyValueSpecification\",\"valueRequired\":true,\"valueName\":\"search_term_string\"}}],\"inLanguage\":\"es\"},{\"@type\":\"Organization\",\"@id\":\"https:\\\/\\\/conexion23.com\\\/#organization\",\"name\":\"Conexion 23\",\"url\":\"https:\\\/\\\/conexion23.com\\\/\",\"logo\":{\"@type\":\"ImageObject\",\"inLanguage\":\"es\",\"@id\":\"https:\\\/\\\/conexion23.com\\\/#\\\/schema\\\/logo\\\/image\\\/\",\"url\":\"https:\\\/\\\/conexion23.com\\\/wp-content\\\/uploads\\\/2021\\\/11\\\/Diseno-sin-titulo-2.png\",\"contentUrl\":\"https:\\\/\\\/conexion23.com\\\/wp-content\\\/uploads\\\/2021\\\/11\\\/Diseno-sin-titulo-2.png\",\"width\":541,\"height\":90,\"caption\":\"Conexion 23\"},\"image\":{\"@id\":\"https:\\\/\\\/conexion23.com\\\/#\\\/schema\\\/logo\\\/image\\\/\"},\"sameAs\":[\"https:\\\/\\\/www.facebook.com\\\/conexion23com\",\"https:\\\/\\\/www.instagram.com\\\/conexion23com\\\/\",\"https:\\\/\\\/www.youtube.com\\\/channel\\\/UCYc7vxxFZMYLIHNsHHxPZ3Q\"]},{\"@type\":\"Person\",\"@id\":\"https:\\\/\\\/conexion23.com\\\/#\\\/schema\\\/person\\\/03e36043331117e97a373299bbcd30a6\",\"name\":\"Raffy Ben\u00edtez\",\"image\":{\"@type\":\"ImageObject\",\"inLanguage\":\"es\",\"@id\":\"https:\\\/\\\/secure.gravatar.com\\\/avatar\\\/3190a6a6c5e1b0327500f7d6c56b6242472ee6cb974cf09b401ee6b3b0798f23?s=96&d=mm&r=g\",\"url\":\"https:\\\/\\\/secure.gravatar.com\\\/avatar\\\/3190a6a6c5e1b0327500f7d6c56b6242472ee6cb974cf09b401ee6b3b0798f23?s=96&d=mm&r=g\",\"contentUrl\":\"https:\\\/\\\/secure.gravatar.com\\\/avatar\\\/3190a6a6c5e1b0327500f7d6c56b6242472ee6cb974cf09b401ee6b3b0798f23?s=96&d=mm&r=g\",\"caption\":\"Raffy Ben\u00edtez\"},\"url\":\"https:\\\/\\\/conexion23.com\\\/?author=15\"}]}<\/script>\n<!-- \/ Yoast SEO plugin. -->","yoast_head_json":{"title":"RESTAUREMOS EL LEGADO DE \u201cJUAN PABLO DUARTE\u201d - Conexi\u00f3n 23","robots":{"index":"index","follow":"follow","max-snippet":"max-snippet:-1","max-image-preview":"max-image-preview:large","max-video-preview":"max-video-preview:-1"},"canonical":"http:\/\/conexion23.com\/?p=15741","og_locale":"es_ES","og_type":"article","og_title":"RESTAUREMOS EL LEGADO DE \u201cJUAN PABLO DUARTE\u201d - Conexi\u00f3n 23","og_description":"Con motivo de la celebraci\u00f3n del 210\u00ba aniversario del natalicio de uno de nuestros padres de la patria, Juan Pablo Duarte y Diez, hemos querido escribir nuestro art\u00edculo de opini\u00f3n para esta semana, con un mensaje a la sociedad, la clase pol\u00edtica y la juventud dominicana, para que juntos luchemos por restaurar su legado. Leer [&hellip;]","og_url":"http:\/\/conexion23.com\/?p=15741","og_site_name":"Conexi\u00f3n 23","article_publisher":"https:\/\/www.facebook.com\/conexion23com","article_published_time":"2023-01-26T12:17:56+00:00","article_modified_time":"2023-01-26T12:18:02+00:00","author":"Raffy Ben\u00edtez","twitter_card":"summary_large_image","twitter_misc":{"Escrito por":"Raffy Ben\u00edtez","Tiempo de lectura":"2 minutos"},"schema":{"@context":"https:\/\/schema.org","@graph":[{"@type":"Article","@id":"http:\/\/conexion23.com\/?p=15741#article","isPartOf":{"@id":"http:\/\/conexion23.com\/?p=15741"},"author":{"name":"Raffy Ben\u00edtez","@id":"https:\/\/conexion23.com\/#\/schema\/person\/03e36043331117e97a373299bbcd30a6"},"headline":"RESTAUREMOS EL LEGADO DE \u201cJUAN PABLO DUARTE\u201d","datePublished":"2023-01-26T12:17:56+00:00","dateModified":"2023-01-26T12:18:02+00:00","mainEntityOfPage":{"@id":"http:\/\/conexion23.com\/?p=15741"},"wordCount":466,"commentCount":0,"publisher":{"@id":"https:\/\/conexion23.com\/#organization"},"articleSection":["Opini\u00f3n"],"inLanguage":"es","potentialAction":[{"@type":"CommentAction","name":"Comment","target":["http:\/\/conexion23.com\/?p=15741#respond"]}]},{"@type":"WebPage","@id":"http:\/\/conexion23.com\/?p=15741","url":"http:\/\/conexion23.com\/?p=15741","name":"RESTAUREMOS EL LEGADO DE \u201cJUAN PABLO DUARTE\u201d - Conexi\u00f3n 23","isPartOf":{"@id":"https:\/\/conexion23.com\/#website"},"datePublished":"2023-01-26T12:17:56+00:00","dateModified":"2023-01-26T12:18:02+00:00","breadcrumb":{"@id":"http:\/\/conexion23.com\/?p=15741#breadcrumb"},"inLanguage":"es","potentialAction":[{"@type":"ReadAction","target":["http:\/\/conexion23.com\/?p=15741"]}]},{"@type":"BreadcrumbList","@id":"http:\/\/conexion23.com\/?p=15741#breadcrumb","itemListElement":[{"@type":"ListItem","position":1,"name":"Portada","item":"https:\/\/conexion23.com\/"},{"@type":"ListItem","position":2,"name":"RESTAUREMOS EL LEGADO DE \u201cJUAN PABLO DUARTE\u201d"}]},{"@type":"WebSite","@id":"https:\/\/conexion23.com\/#website","url":"https:\/\/conexion23.com\/","name":"Conexi\u00f3n 23","description":"Peri\u00f3dico 100% Petromacorisano","publisher":{"@id":"https:\/\/conexion23.com\/#organization"},"potentialAction":[{"@type":"SearchAction","target":{"@type":"EntryPoint","urlTemplate":"https:\/\/conexion23.com\/?s={search_term_string}"},"query-input":{"@type":"PropertyValueSpecification","valueRequired":true,"valueName":"search_term_string"}}],"inLanguage":"es"},{"@type":"Organization","@id":"https:\/\/conexion23.com\/#organization","name":"Conexion 23","url":"https:\/\/conexion23.com\/","logo":{"@type":"ImageObject","inLanguage":"es","@id":"https:\/\/conexion23.com\/#\/schema\/logo\/image\/","url":"https:\/\/conexion23.com\/wp-content\/uploads\/2021\/11\/Diseno-sin-titulo-2.png","contentUrl":"https:\/\/conexion23.com\/wp-content\/uploads\/2021\/11\/Diseno-sin-titulo-2.png","width":541,"height":90,"caption":"Conexion 23"},"image":{"@id":"https:\/\/conexion23.com\/#\/schema\/logo\/image\/"},"sameAs":["https:\/\/www.facebook.com\/conexion23com","https:\/\/www.instagram.com\/conexion23com\/","https:\/\/www.youtube.com\/channel\/UCYc7vxxFZMYLIHNsHHxPZ3Q"]},{"@type":"Person","@id":"https:\/\/conexion23.com\/#\/schema\/person\/03e36043331117e97a373299bbcd30a6","name":"Raffy Ben\u00edtez","image":{"@type":"ImageObject","inLanguage":"es","@id":"https:\/\/secure.gravatar.com\/avatar\/3190a6a6c5e1b0327500f7d6c56b6242472ee6cb974cf09b401ee6b3b0798f23?s=96&d=mm&r=g","url":"https:\/\/secure.gravatar.com\/avatar\/3190a6a6c5e1b0327500f7d6c56b6242472ee6cb974cf09b401ee6b3b0798f23?s=96&d=mm&r=g","contentUrl":"https:\/\/secure.gravatar.com\/avatar\/3190a6a6c5e1b0327500f7d6c56b6242472ee6cb974cf09b401ee6b3b0798f23?s=96&d=mm&r=g","caption":"Raffy Ben\u00edtez"},"url":"https:\/\/conexion23.com\/?author=15"}]}},"_links":{"self":[{"href":"https:\/\/conexion23.com\/index.php?rest_route=\/wp\/v2\/posts\/15741","targetHints":{"allow":["GET"]}}],"collection":[{"href":"https:\/\/conexion23.com\/index.php?rest_route=\/wp\/v2\/posts"}],"about":[{"href":"https:\/\/conexion23.com\/index.php?rest_route=\/wp\/v2\/types\/post"}],"author":[{"embeddable":true,"href":"https:\/\/conexion23.com\/index.php?rest_route=\/wp\/v2\/users\/15"}],"replies":[{"embeddable":true,"href":"https:\/\/conexion23.com\/index.php?rest_route=%2Fwp%2Fv2%2Fcomments&post=15741"}],"version-history":[{"count":1,"href":"https:\/\/conexion23.com\/index.php?rest_route=\/wp\/v2\/posts\/15741\/revisions"}],"predecessor-version":[{"id":15743,"href":"https:\/\/conexion23.com\/index.php?rest_route=\/wp\/v2\/posts\/15741\/revisions\/15743"}],"wp:attachment":[{"href":"https:\/\/conexion23.com\/index.php?rest_route=%2Fwp%2Fv2%2Fmedia&parent=15741"}],"wp:term":[{"taxonomy":"category","embeddable":true,"href":"https:\/\/conexion23.com\/index.php?rest_route=%2Fwp%2Fv2%2Fcategories&post=15741"},{"taxonomy":"post_tag","embeddable":true,"href":"https:\/\/conexion23.com\/index.php?rest_route=%2Fwp%2Fv2%2Ftags&post=15741"}],"curies":[{"name":"wp","href":"https:\/\/api.w.org\/{rel}","templated":true}]}}