{"id":15808,"date":"2023-02-01T10:31:06","date_gmt":"2023-02-01T14:31:06","guid":{"rendered":"https:\/\/conexion23.com\/?p=15808"},"modified":"2023-02-01T10:31:11","modified_gmt":"2023-02-01T14:31:11","slug":"fuerte-temblor-de-tierra-se-siente-en-republica-dominicana","status":"publish","type":"post","link":"https:\/\/conexion23.com\/fuerte-temblor-de-tierra-se-siente-en-republica-dominicana\/","title":{"rendered":"Fuerte temblor de tierra se siente en Rep\u00fablica Dominicana"},"content":{"rendered":"\n<p class=\"wp-block-paragraph\"><strong>SANTO DOMINGO.-<\/strong>El\u00a0<strong>Centro Nacional de Sismolog\u00eda de la Universidad Aut\u00f3noma de Santo Domingo (UASD)<\/strong>\u00a0inform\u00f3 que a las 7:11 de la ma\u00f1ana de hoy se registr\u00f3 un temblor de tierra que sacudi\u00f3 la Rep\u00fablica Dominicana con magnitud 5.3.<\/p>\n\n\n\n<p class=\"wp-block-paragraph\">Asimismo, se\u00f1al\u00f3 que tras el sismo, se registraron varias r\u00e9plicas de menor intensidad.<\/p>\n\n\n\n<p class=\"wp-block-paragraph\">Se recuerda que el domingo pasado un sismo de magnitud 5.0 en la escala de Richter sacudi\u00f3 el noreste de Rep\u00fablica Dominicana, sin causar da\u00f1os.<\/p>\n\n\n\n<p class=\"wp-block-paragraph\"><strong>En Rep\u00fablica Dominicana, con una docena de fallas s\u00edsmicas, se producen cada mes cientos de movimientos tel\u00faricos, por lo general de poca intensidad.<\/strong><\/p>\n\n\n\n<p class=\"wp-block-paragraph\">De acuerdo con informaciones, el sismo se sinti\u00f3 fuerte en el\u00a0<strong>Distrito Nacional, Boca Chica, Santiago, La Vega, Santiago Rodr\u00edguez, entre otras localizaciones.<\/strong><\/p>\n","protected":false},"excerpt":{"rendered":"<p>SANTO DOMINGO.-El\u00a0Centro Nacional de Sismolog\u00eda de la Universidad Aut\u00f3noma de Santo Domingo (UASD)\u00a0inform\u00f3 que a las 7:11 de la ma\u00f1ana de hoy se registr\u00f3 un temblor de tierra que sacudi\u00f3 la Rep\u00fablica Dominicana con magnitud 5.3. Asimismo, se\u00f1al\u00f3 que tras el sismo, se registraron varias r\u00e9plicas de menor intensidad. Se recuerda que el domingo pasado [&hellip;]<\/p>\n","protected":false},"author":15,"featured_media":0,"comment_status":"open","ping_status":"open","sticky":false,"template":"","format":"standard","meta":{"footnotes":""},"categories":[1],"tags":[],"class_list":["post-15808","post","type-post","status-publish","format-standard","category-uncategorized"],"yoast_head":"<!-- This site is optimized with the Yoast SEO plugin v28.4 - https:\/\/yoast.com\/product\/yoast-seo-wordpress\/ -->\n<title>Fuerte temblor de tierra se siente en Rep\u00fablica Dominicana - Conexi\u00f3n 23<\/title>\n<meta name=\"robots\" content=\"index, follow, max-snippet:-1, max-image-preview:large, max-video-preview:-1\" \/>\n<link rel=\"canonical\" href=\"https:\/\/conexion23.com\/fuerte-temblor-de-tierra-se-siente-en-republica-dominicana\/\" \/>\n<meta property=\"og:locale\" content=\"es_ES\" \/>\n<meta property=\"og:type\" content=\"article\" \/>\n<meta property=\"og:title\" content=\"Fuerte temblor de tierra se siente en Rep\u00fablica Dominicana - Conexi\u00f3n 23\" \/>\n<meta property=\"og:description\" content=\"SANTO DOMINGO.-El\u00a0Centro Nacional de Sismolog\u00eda de la Universidad Aut\u00f3noma de Santo Domingo (UASD)\u00a0inform\u00f3 que a las 7:11 de la ma\u00f1ana de hoy se registr\u00f3 un temblor de tierra que sacudi\u00f3 la Rep\u00fablica Dominicana con magnitud 5.3. Asimismo, se\u00f1al\u00f3 que tras el sismo, se registraron varias r\u00e9plicas de menor intensidad. Se recuerda que el domingo pasado [&hellip;]\" \/>\n<meta property=\"og:url\" content=\"https:\/\/conexion23.com\/fuerte-temblor-de-tierra-se-siente-en-republica-dominicana\/\" \/>\n<meta property=\"og:site_name\" content=\"Conexi\u00f3n 23\" \/>\n<meta property=\"article:publisher\" content=\"https:\/\/www.facebook.com\/conexion23com\" \/>\n<meta property=\"article:published_time\" content=\"2023-02-01T14:31:06+00:00\" \/>\n<meta property=\"article:modified_time\" content=\"2023-02-01T14:31:11+00:00\" \/>\n<meta name=\"author\" content=\"Raffy Ben\u00edtez\" \/>\n<meta name=\"twitter:card\" content=\"summary_large_image\" \/>\n<meta name=\"twitter:label1\" content=\"Escrito por\" \/>\n\t<meta name=\"twitter:data1\" content=\"Raffy Ben\u00edtez\" \/>\n\t<meta name=\"twitter:label2\" content=\"Tiempo de lectura\" \/>\n\t<meta name=\"twitter:data2\" content=\"1 minuto\" \/>\n<script type=\"application\/ld+json\" class=\"yoast-schema-graph\">{\"@context\":\"https:\\\/\\\/schema.org\",\"@graph\":[{\"@type\":\"Article\",\"@id\":\"https:\\\/\\\/conexion23.com\\\/fuerte-temblor-de-tierra-se-siente-en-republica-dominicana\\\/#article\",\"isPartOf\":{\"@id\":\"https:\\\/\\\/conexion23.com\\\/fuerte-temblor-de-tierra-se-siente-en-republica-dominicana\\\/\"},\"author\":{\"name\":\"Raffy Ben\u00edtez\",\"@id\":\"https:\\\/\\\/conexion23.com\\\/#\\\/schema\\\/person\\\/5d6d767819503a4603e9fd070ecf3ac6\"},\"headline\":\"Fuerte temblor de tierra se siente en Rep\u00fablica Dominicana\",\"datePublished\":\"2023-02-01T14:31:06+00:00\",\"dateModified\":\"2023-02-01T14:31:11+00:00\",\"mainEntityOfPage\":{\"@id\":\"https:\\\/\\\/conexion23.com\\\/fuerte-temblor-de-tierra-se-siente-en-republica-dominicana\\\/\"},\"wordCount\":142,\"commentCount\":0,\"publisher\":{\"@id\":\"https:\\\/\\\/conexion23.com\\\/#organization\"},\"articleSection\":[\"Uncategorized\"],\"inLanguage\":\"es\",\"potentialAction\":[{\"@type\":\"CommentAction\",\"name\":\"Comment\",\"target\":[\"https:\\\/\\\/conexion23.com\\\/fuerte-temblor-de-tierra-se-siente-en-republica-dominicana\\\/#respond\"]}]},{\"@type\":\"WebPage\",\"@id\":\"https:\\\/\\\/conexion23.com\\\/fuerte-temblor-de-tierra-se-siente-en-republica-dominicana\\\/\",\"url\":\"https:\\\/\\\/conexion23.com\\\/fuerte-temblor-de-tierra-se-siente-en-republica-dominicana\\\/\",\"name\":\"Fuerte temblor de tierra se siente en Rep\u00fablica Dominicana - Conexi\u00f3n 23\",\"isPartOf\":{\"@id\":\"https:\\\/\\\/conexion23.com\\\/#website\"},\"datePublished\":\"2023-02-01T14:31:06+00:00\",\"dateModified\":\"2023-02-01T14:31:11+00:00\",\"breadcrumb\":{\"@id\":\"https:\\\/\\\/conexion23.com\\\/fuerte-temblor-de-tierra-se-siente-en-republica-dominicana\\\/#breadcrumb\"},\"inLanguage\":\"es\",\"potentialAction\":[{\"@type\":\"ReadAction\",\"target\":[\"https:\\\/\\\/conexion23.com\\\/fuerte-temblor-de-tierra-se-siente-en-republica-dominicana\\\/\"]}]},{\"@type\":\"BreadcrumbList\",\"@id\":\"https:\\\/\\\/conexion23.com\\\/fuerte-temblor-de-tierra-se-siente-en-republica-dominicana\\\/#breadcrumb\",\"itemListElement\":[{\"@type\":\"ListItem\",\"position\":1,\"name\":\"Portada\",\"item\":\"https:\\\/\\\/conexion23.com\\\/\"},{\"@type\":\"ListItem\",\"position\":2,\"name\":\"Fuerte temblor de tierra se siente en Rep\u00fablica Dominicana\"}]},{\"@type\":\"WebSite\",\"@id\":\"https:\\\/\\\/conexion23.com\\\/#website\",\"url\":\"https:\\\/\\\/conexion23.com\\\/\",\"name\":\"Conexi\u00f3n 23\",\"description\":\"Peri\u00f3dico 100% Petromacorisano\",\"publisher\":{\"@id\":\"https:\\\/\\\/conexion23.com\\\/#organization\"},\"potentialAction\":[{\"@type\":\"SearchAction\",\"target\":{\"@type\":\"EntryPoint\",\"urlTemplate\":\"https:\\\/\\\/conexion23.com\\\/?s={search_term_string}\"},\"query-input\":{\"@type\":\"PropertyValueSpecification\",\"valueRequired\":true,\"valueName\":\"search_term_string\"}}],\"inLanguage\":\"es\"},{\"@type\":\"Organization\",\"@id\":\"https:\\\/\\\/conexion23.com\\\/#organization\",\"name\":\"Conexion 23\",\"url\":\"https:\\\/\\\/conexion23.com\\\/\",\"logo\":{\"@type\":\"ImageObject\",\"inLanguage\":\"es\",\"@id\":\"https:\\\/\\\/conexion23.com\\\/#\\\/schema\\\/logo\\\/image\\\/\",\"url\":\"https:\\\/\\\/conexion23.com\\\/wp-content\\\/uploads\\\/2021\\\/11\\\/Diseno-sin-titulo-2.png\",\"contentUrl\":\"https:\\\/\\\/conexion23.com\\\/wp-content\\\/uploads\\\/2021\\\/11\\\/Diseno-sin-titulo-2.png\",\"width\":541,\"height\":90,\"caption\":\"Conexion 23\"},\"image\":{\"@id\":\"https:\\\/\\\/conexion23.com\\\/#\\\/schema\\\/logo\\\/image\\\/\"},\"sameAs\":[\"https:\\\/\\\/www.facebook.com\\\/conexion23com\",\"https:\\\/\\\/www.instagram.com\\\/conexion23com\\\/\",\"https:\\\/\\\/www.youtube.com\\\/channel\\\/UCYc7vxxFZMYLIHNsHHxPZ3Q\"]},{\"@type\":\"Person\",\"@id\":\"https:\\\/\\\/conexion23.com\\\/#\\\/schema\\\/person\\\/5d6d767819503a4603e9fd070ecf3ac6\",\"name\":\"Raffy Ben\u00edtez\",\"image\":{\"@type\":\"ImageObject\",\"inLanguage\":\"es\",\"@id\":\"https:\\\/\\\/secure.gravatar.com\\\/avatar\\\/3190a6a6c5e1b0327500f7d6c56b6242472ee6cb974cf09b401ee6b3b0798f23?s=96&d=mm&r=g\",\"url\":\"https:\\\/\\\/secure.gravatar.com\\\/avatar\\\/3190a6a6c5e1b0327500f7d6c56b6242472ee6cb974cf09b401ee6b3b0798f23?s=96&d=mm&r=g\",\"contentUrl\":\"https:\\\/\\\/secure.gravatar.com\\\/avatar\\\/3190a6a6c5e1b0327500f7d6c56b6242472ee6cb974cf09b401ee6b3b0798f23?s=96&d=mm&r=g\",\"caption\":\"Raffy Ben\u00edtez\"},\"url\":\"https:\\\/\\\/conexion23.com\\\/author\\\/raffy-benitez\\\/\"}]}<\/script>\n<!-- \/ Yoast SEO plugin. -->","yoast_head_json":{"title":"Fuerte temblor de tierra se siente en Rep\u00fablica Dominicana - Conexi\u00f3n 23","robots":{"index":"index","follow":"follow","max-snippet":"max-snippet:-1","max-image-preview":"max-image-preview:large","max-video-preview":"max-video-preview:-1"},"canonical":"https:\/\/conexion23.com\/fuerte-temblor-de-tierra-se-siente-en-republica-dominicana\/","og_locale":"es_ES","og_type":"article","og_title":"Fuerte temblor de tierra se siente en Rep\u00fablica Dominicana - Conexi\u00f3n 23","og_description":"SANTO DOMINGO.-El\u00a0Centro Nacional de Sismolog\u00eda de la Universidad Aut\u00f3noma de Santo Domingo (UASD)\u00a0inform\u00f3 que a las 7:11 de la ma\u00f1ana de hoy se registr\u00f3 un temblor de tierra que sacudi\u00f3 la Rep\u00fablica Dominicana con magnitud 5.3. Asimismo, se\u00f1al\u00f3 que tras el sismo, se registraron varias r\u00e9plicas de menor intensidad. Se recuerda que el domingo pasado [&hellip;]","og_url":"https:\/\/conexion23.com\/fuerte-temblor-de-tierra-se-siente-en-republica-dominicana\/","og_site_name":"Conexi\u00f3n 23","article_publisher":"https:\/\/www.facebook.com\/conexion23com","article_published_time":"2023-02-01T14:31:06+00:00","article_modified_time":"2023-02-01T14:31:11+00:00","author":"Raffy Ben\u00edtez","twitter_card":"summary_large_image","twitter_misc":{"Escrito por":"Raffy Ben\u00edtez","Tiempo de lectura":"1 minuto"},"schema":{"@context":"https:\/\/schema.org","@graph":[{"@type":"Article","@id":"https:\/\/conexion23.com\/fuerte-temblor-de-tierra-se-siente-en-republica-dominicana\/#article","isPartOf":{"@id":"https:\/\/conexion23.com\/fuerte-temblor-de-tierra-se-siente-en-republica-dominicana\/"},"author":{"name":"Raffy Ben\u00edtez","@id":"https:\/\/conexion23.com\/#\/schema\/person\/5d6d767819503a4603e9fd070ecf3ac6"},"headline":"Fuerte temblor de tierra se siente en Rep\u00fablica Dominicana","datePublished":"2023-02-01T14:31:06+00:00","dateModified":"2023-02-01T14:31:11+00:00","mainEntityOfPage":{"@id":"https:\/\/conexion23.com\/fuerte-temblor-de-tierra-se-siente-en-republica-dominicana\/"},"wordCount":142,"commentCount":0,"publisher":{"@id":"https:\/\/conexion23.com\/#organization"},"articleSection":["Uncategorized"],"inLanguage":"es","potentialAction":[{"@type":"CommentAction","name":"Comment","target":["https:\/\/conexion23.com\/fuerte-temblor-de-tierra-se-siente-en-republica-dominicana\/#respond"]}]},{"@type":"WebPage","@id":"https:\/\/conexion23.com\/fuerte-temblor-de-tierra-se-siente-en-republica-dominicana\/","url":"https:\/\/conexion23.com\/fuerte-temblor-de-tierra-se-siente-en-republica-dominicana\/","name":"Fuerte temblor de tierra se siente en Rep\u00fablica Dominicana - Conexi\u00f3n 23","isPartOf":{"@id":"https:\/\/conexion23.com\/#website"},"datePublished":"2023-02-01T14:31:06+00:00","dateModified":"2023-02-01T14:31:11+00:00","breadcrumb":{"@id":"https:\/\/conexion23.com\/fuerte-temblor-de-tierra-se-siente-en-republica-dominicana\/#breadcrumb"},"inLanguage":"es","potentialAction":[{"@type":"ReadAction","target":["https:\/\/conexion23.com\/fuerte-temblor-de-tierra-se-siente-en-republica-dominicana\/"]}]},{"@type":"BreadcrumbList","@id":"https:\/\/conexion23.com\/fuerte-temblor-de-tierra-se-siente-en-republica-dominicana\/#breadcrumb","itemListElement":[{"@type":"ListItem","position":1,"name":"Portada","item":"https:\/\/conexion23.com\/"},{"@type":"ListItem","position":2,"name":"Fuerte temblor de tierra se siente en Rep\u00fablica Dominicana"}]},{"@type":"WebSite","@id":"https:\/\/conexion23.com\/#website","url":"https:\/\/conexion23.com\/","name":"Conexi\u00f3n 23","description":"Peri\u00f3dico 100% Petromacorisano","publisher":{"@id":"https:\/\/conexion23.com\/#organization"},"potentialAction":[{"@type":"SearchAction","target":{"@type":"EntryPoint","urlTemplate":"https:\/\/conexion23.com\/?s={search_term_string}"},"query-input":{"@type":"PropertyValueSpecification","valueRequired":true,"valueName":"search_term_string"}}],"inLanguage":"es"},{"@type":"Organization","@id":"https:\/\/conexion23.com\/#organization","name":"Conexion 23","url":"https:\/\/conexion23.com\/","logo":{"@type":"ImageObject","inLanguage":"es","@id":"https:\/\/conexion23.com\/#\/schema\/logo\/image\/","url":"https:\/\/conexion23.com\/wp-content\/uploads\/2021\/11\/Diseno-sin-titulo-2.png","contentUrl":"https:\/\/conexion23.com\/wp-content\/uploads\/2021\/11\/Diseno-sin-titulo-2.png","width":541,"height":90,"caption":"Conexion 23"},"image":{"@id":"https:\/\/conexion23.com\/#\/schema\/logo\/image\/"},"sameAs":["https:\/\/www.facebook.com\/conexion23com","https:\/\/www.instagram.com\/conexion23com\/","https:\/\/www.youtube.com\/channel\/UCYc7vxxFZMYLIHNsHHxPZ3Q"]},{"@type":"Person","@id":"https:\/\/conexion23.com\/#\/schema\/person\/5d6d767819503a4603e9fd070ecf3ac6","name":"Raffy Ben\u00edtez","image":{"@type":"ImageObject","inLanguage":"es","@id":"https:\/\/secure.gravatar.com\/avatar\/3190a6a6c5e1b0327500f7d6c56b6242472ee6cb974cf09b401ee6b3b0798f23?s=96&d=mm&r=g","url":"https:\/\/secure.gravatar.com\/avatar\/3190a6a6c5e1b0327500f7d6c56b6242472ee6cb974cf09b401ee6b3b0798f23?s=96&d=mm&r=g","contentUrl":"https:\/\/secure.gravatar.com\/avatar\/3190a6a6c5e1b0327500f7d6c56b6242472ee6cb974cf09b401ee6b3b0798f23?s=96&d=mm&r=g","caption":"Raffy Ben\u00edtez"},"url":"https:\/\/conexion23.com\/author\/raffy-benitez\/"}]}},"_links":{"self":[{"href":"https:\/\/conexion23.com\/wp-json\/wp\/v2\/posts\/15808","targetHints":{"allow":["GET"]}}],"collection":[{"href":"https:\/\/conexion23.com\/wp-json\/wp\/v2\/posts"}],"about":[{"href":"https:\/\/conexion23.com\/wp-json\/wp\/v2\/types\/post"}],"author":[{"embeddable":true,"href":"https:\/\/conexion23.com\/wp-json\/wp\/v2\/users\/15"}],"replies":[{"embeddable":true,"href":"https:\/\/conexion23.com\/wp-json\/wp\/v2\/comments?post=15808"}],"version-history":[{"count":1,"href":"https:\/\/conexion23.com\/wp-json\/wp\/v2\/posts\/15808\/revisions"}],"predecessor-version":[{"id":15810,"href":"https:\/\/conexion23.com\/wp-json\/wp\/v2\/posts\/15808\/revisions\/15810"}],"wp:attachment":[{"href":"https:\/\/conexion23.com\/wp-json\/wp\/v2\/media?parent=15808"}],"wp:term":[{"taxonomy":"category","embeddable":true,"href":"https:\/\/conexion23.com\/wp-json\/wp\/v2\/categories?post=15808"},{"taxonomy":"post_tag","embeddable":true,"href":"https:\/\/conexion23.com\/wp-json\/wp\/v2\/tags?post=15808"}],"curies":[{"name":"wp","href":"https:\/\/api.w.org\/{rel}","templated":true}]}}