{"id":15814,"date":"2023-02-01T11:03:42","date_gmt":"2023-02-01T15:03:42","guid":{"rendered":"https:\/\/conexion23.com\/?p=15814"},"modified":"2023-02-01T11:03:46","modified_gmt":"2023-02-01T15:03:46","slug":"dirigentes-politicos-renuncian-del-pld-en-nagua-se-unen-a-justicia-social","status":"publish","type":"post","link":"https:\/\/conexion23.com\/?p=15814","title":{"rendered":"Dirigentes pol\u00edticos renuncian del PLD en Nagua; se unen a Justicia Social"},"content":{"rendered":"\n<p class=\"wp-block-paragraph\">Reconocidos dirigentes regionales hicieron p\u00fablica su renuncia al Partido de la Liberaci\u00f3n Dominicana (PLD), sum\u00e1ndose as\u00ed al \u00e9xodo que se mantiene en esa organizaci\u00f3n pol\u00edtica desde el 2022.<\/p>\n\n\n\n<p class=\"wp-block-paragraph\">El grupo de renunciantes de R\u00edo San Juan, provincia Mar\u00eda Trinidad S\u00e1nchez, lo integran Napole\u00f3n Almonte Jimini\u00e1n, exgobernador y excandidato a alcalde de dicha demarcaci\u00f3n y quien tuvo una militancia de m\u00e1s de 30 a\u00f1os en la organizaci\u00f3n morada. Junto a \u00e9l tambi\u00e9n presentaron sus renuncias la regidora por el municipio de Nagua, Alejandrina de la Cruz, M\u00e1rtires Altagracia N\u00fa\u00f1ez, Luis Manuel Jimini\u00e1n S\u00e1nchez, Yudelka Peralta de S\u00e1nchez, Alexandro S\u00e1nchez Yauger y Paula Modesta Serrano.<\/p>\n\n\n\n<p class=\"wp-block-paragraph\">A trav\u00e9s de sus cartas de renuncia, los firmantes expresaron su inconformidad por el ambiente de sectarismo, intolerancia, exclusi\u00f3n y falta de respeto al compa\u00f1erismo \u201cpor parte de una camarilla que ha pretendido apropiarse de un patrimonio colectivo como el PLD\u201d, al cual ellos aportaron su esfuerzo.<\/p>\n\n\n\n<p class=\"wp-block-paragraph\">Los dirigentes, algunos con trayectoria de d\u00e9cadas dentro del PLD, manifestaron por otros medios su decisi\u00f3n de formar parte del movimiento Justicia Social.<\/p>\n\n\n\n<p class=\"wp-block-paragraph\">Sobre sus tendencias recientes a lo interno del partido, algunos apoyaron a los aspirantes Margarita Cede\u00f1o, Francisco Dom\u00ednguez Brito, y otros al ganador de la consulta interna del PLD, Abel Mart\u00ednez.<\/p>\n\n\n\n<p class=\"wp-block-paragraph\"><strong>Pr\u00e1cticamente solo en Nagua<\/strong><\/p>\n\n\n\n<p class=\"wp-block-paragraph\">Estas renuncias se producen luego de una sucesi\u00f3n de anuncios de destacados dirigentes nacionales, provinciales y municipales, quienes han manifestado su decisi\u00f3n de abandonar las filas del PLD.<\/p>\n\n\n\n<p class=\"wp-block-paragraph\">En R\u00edo San Juan, centenares de militantes, entre ellos casi la totalidad de su dirigencia, dijeron adi\u00f3s al partido morado luego de la salida del ex miembro del Comit\u00e9 Central de la organizaci\u00f3n morada, Luis Estrella.<\/p>\n\n\n\n<p class=\"wp-block-paragraph\">En Nagua, tambi\u00e9n renunci\u00f3 un importante grupo de pelede\u00edstas tras la partida definitiva de los destacados dirigentes Ambiorix Laureano y Amaury Reyna, debido a serias diferencias internas.<\/p>\n\n\n\n<p class=\"wp-block-paragraph\">Su salida conduce al crecimiento y fortalecimiento de Justicia Social, organizaci\u00f3n pol\u00edtica que a\u00fan se encuentra en proceso de fundaci\u00f3n y que encabeza el exsenador de la Rep\u00fablica y expresidente de la C\u00e1mara de Diputados, Julio C\u00e9sar Valent\u00edn, a quien se le ha unido un importante n\u00facleo de dirigentes, alcaldes, concejales y diputados quienes decidieron separarse del PLD y formar esta nueva entidad.<\/p>\n","protected":false},"excerpt":{"rendered":"<p>Reconocidos dirigentes regionales hicieron p\u00fablica su renuncia al Partido de la Liberaci\u00f3n Dominicana (PLD), sum\u00e1ndose as\u00ed al \u00e9xodo que se mantiene en esa organizaci\u00f3n pol\u00edtica desde el 2022. El grupo de renunciantes de R\u00edo San Juan, provincia Mar\u00eda Trinidad S\u00e1nchez, lo integran Napole\u00f3n Almonte Jimini\u00e1n, exgobernador y excandidato a alcalde de dicha demarcaci\u00f3n y quien [&hellip;]<\/p>\n","protected":false},"author":15,"featured_media":0,"comment_status":"open","ping_status":"open","sticky":false,"template":"","format":"standard","meta":{"footnotes":""},"categories":[1],"tags":[],"class_list":["post-15814","post","type-post","status-publish","format-standard","category-uncategorized"],"yoast_head":"<!-- This site is optimized with the Yoast SEO plugin v27.6 - https:\/\/yoast.com\/product\/yoast-seo-wordpress\/ -->\n<title>Dirigentes pol\u00edticos renuncian del PLD en Nagua; se unen a Justicia Social - Conexi\u00f3n 23<\/title>\n<meta name=\"robots\" content=\"index, follow, max-snippet:-1, max-image-preview:large, max-video-preview:-1\" \/>\n<link rel=\"canonical\" href=\"https:\/\/conexion23.com\/?p=15814\" \/>\n<meta property=\"og:locale\" content=\"es_ES\" \/>\n<meta property=\"og:type\" content=\"article\" \/>\n<meta property=\"og:title\" content=\"Dirigentes pol\u00edticos renuncian del PLD en Nagua; se unen a Justicia Social - Conexi\u00f3n 23\" \/>\n<meta property=\"og:description\" content=\"Reconocidos dirigentes regionales hicieron p\u00fablica su renuncia al Partido de la Liberaci\u00f3n Dominicana (PLD), sum\u00e1ndose as\u00ed al \u00e9xodo que se mantiene en esa organizaci\u00f3n pol\u00edtica desde el 2022. El grupo de renunciantes de R\u00edo San Juan, provincia Mar\u00eda Trinidad S\u00e1nchez, lo integran Napole\u00f3n Almonte Jimini\u00e1n, exgobernador y excandidato a alcalde de dicha demarcaci\u00f3n y quien [&hellip;]\" \/>\n<meta property=\"og:url\" content=\"https:\/\/conexion23.com\/?p=15814\" \/>\n<meta property=\"og:site_name\" content=\"Conexi\u00f3n 23\" \/>\n<meta property=\"article:publisher\" content=\"https:\/\/www.facebook.com\/conexion23com\" \/>\n<meta property=\"article:published_time\" content=\"2023-02-01T15:03:42+00:00\" \/>\n<meta property=\"article:modified_time\" content=\"2023-02-01T15:03:46+00:00\" \/>\n<meta name=\"author\" content=\"Raffy Ben\u00edtez\" \/>\n<meta name=\"twitter:card\" content=\"summary_large_image\" \/>\n<meta name=\"twitter:label1\" content=\"Escrito por\" \/>\n\t<meta name=\"twitter:data1\" content=\"Raffy Ben\u00edtez\" \/>\n\t<meta name=\"twitter:label2\" content=\"Tiempo de lectura\" \/>\n\t<meta name=\"twitter:data2\" content=\"2 minutos\" \/>\n<script type=\"application\/ld+json\" class=\"yoast-schema-graph\">{\"@context\":\"https:\\\/\\\/schema.org\",\"@graph\":[{\"@type\":\"Article\",\"@id\":\"https:\\\/\\\/conexion23.com\\\/?p=15814#article\",\"isPartOf\":{\"@id\":\"https:\\\/\\\/conexion23.com\\\/?p=15814\"},\"author\":{\"name\":\"Raffy Ben\u00edtez\",\"@id\":\"https:\\\/\\\/conexion23.com\\\/#\\\/schema\\\/person\\\/5d6d767819503a4603e9fd070ecf3ac6\"},\"headline\":\"Dirigentes pol\u00edticos renuncian del PLD en Nagua; se unen a Justicia Social\",\"datePublished\":\"2023-02-01T15:03:42+00:00\",\"dateModified\":\"2023-02-01T15:03:46+00:00\",\"mainEntityOfPage\":{\"@id\":\"https:\\\/\\\/conexion23.com\\\/?p=15814\"},\"wordCount\":419,\"commentCount\":0,\"publisher\":{\"@id\":\"https:\\\/\\\/conexion23.com\\\/#organization\"},\"articleSection\":[\"Uncategorized\"],\"inLanguage\":\"es\",\"potentialAction\":[{\"@type\":\"CommentAction\",\"name\":\"Comment\",\"target\":[\"https:\\\/\\\/conexion23.com\\\/?p=15814#respond\"]}]},{\"@type\":\"WebPage\",\"@id\":\"https:\\\/\\\/conexion23.com\\\/?p=15814\",\"url\":\"https:\\\/\\\/conexion23.com\\\/?p=15814\",\"name\":\"Dirigentes pol\u00edticos renuncian del PLD en Nagua; se unen a Justicia Social - Conexi\u00f3n 23\",\"isPartOf\":{\"@id\":\"https:\\\/\\\/conexion23.com\\\/#website\"},\"datePublished\":\"2023-02-01T15:03:42+00:00\",\"dateModified\":\"2023-02-01T15:03:46+00:00\",\"breadcrumb\":{\"@id\":\"https:\\\/\\\/conexion23.com\\\/?p=15814#breadcrumb\"},\"inLanguage\":\"es\",\"potentialAction\":[{\"@type\":\"ReadAction\",\"target\":[\"https:\\\/\\\/conexion23.com\\\/?p=15814\"]}]},{\"@type\":\"BreadcrumbList\",\"@id\":\"https:\\\/\\\/conexion23.com\\\/?p=15814#breadcrumb\",\"itemListElement\":[{\"@type\":\"ListItem\",\"position\":1,\"name\":\"Portada\",\"item\":\"https:\\\/\\\/conexion23.com\\\/\"},{\"@type\":\"ListItem\",\"position\":2,\"name\":\"Dirigentes pol\u00edticos renuncian del PLD en Nagua; se unen a Justicia Social\"}]},{\"@type\":\"WebSite\",\"@id\":\"https:\\\/\\\/conexion23.com\\\/#website\",\"url\":\"https:\\\/\\\/conexion23.com\\\/\",\"name\":\"Conexi\u00f3n 23\",\"description\":\"Peri\u00f3dico 100% Petromacorisano\",\"publisher\":{\"@id\":\"https:\\\/\\\/conexion23.com\\\/#organization\"},\"potentialAction\":[{\"@type\":\"SearchAction\",\"target\":{\"@type\":\"EntryPoint\",\"urlTemplate\":\"https:\\\/\\\/conexion23.com\\\/?s={search_term_string}\"},\"query-input\":{\"@type\":\"PropertyValueSpecification\",\"valueRequired\":true,\"valueName\":\"search_term_string\"}}],\"inLanguage\":\"es\"},{\"@type\":\"Organization\",\"@id\":\"https:\\\/\\\/conexion23.com\\\/#organization\",\"name\":\"Conexion 23\",\"url\":\"https:\\\/\\\/conexion23.com\\\/\",\"logo\":{\"@type\":\"ImageObject\",\"inLanguage\":\"es\",\"@id\":\"https:\\\/\\\/conexion23.com\\\/#\\\/schema\\\/logo\\\/image\\\/\",\"url\":\"https:\\\/\\\/conexion23.com\\\/wp-content\\\/uploads\\\/2021\\\/11\\\/Diseno-sin-titulo-2.png\",\"contentUrl\":\"https:\\\/\\\/conexion23.com\\\/wp-content\\\/uploads\\\/2021\\\/11\\\/Diseno-sin-titulo-2.png\",\"width\":541,\"height\":90,\"caption\":\"Conexion 23\"},\"image\":{\"@id\":\"https:\\\/\\\/conexion23.com\\\/#\\\/schema\\\/logo\\\/image\\\/\"},\"sameAs\":[\"https:\\\/\\\/www.facebook.com\\\/conexion23com\",\"https:\\\/\\\/www.instagram.com\\\/conexion23com\\\/\",\"https:\\\/\\\/www.youtube.com\\\/channel\\\/UCYc7vxxFZMYLIHNsHHxPZ3Q\"]},{\"@type\":\"Person\",\"@id\":\"https:\\\/\\\/conexion23.com\\\/#\\\/schema\\\/person\\\/5d6d767819503a4603e9fd070ecf3ac6\",\"name\":\"Raffy Ben\u00edtez\",\"image\":{\"@type\":\"ImageObject\",\"inLanguage\":\"es\",\"@id\":\"https:\\\/\\\/secure.gravatar.com\\\/avatar\\\/3190a6a6c5e1b0327500f7d6c56b6242472ee6cb974cf09b401ee6b3b0798f23?s=96&d=mm&r=g\",\"url\":\"https:\\\/\\\/secure.gravatar.com\\\/avatar\\\/3190a6a6c5e1b0327500f7d6c56b6242472ee6cb974cf09b401ee6b3b0798f23?s=96&d=mm&r=g\",\"contentUrl\":\"https:\\\/\\\/secure.gravatar.com\\\/avatar\\\/3190a6a6c5e1b0327500f7d6c56b6242472ee6cb974cf09b401ee6b3b0798f23?s=96&d=mm&r=g\",\"caption\":\"Raffy Ben\u00edtez\"},\"url\":\"https:\\\/\\\/conexion23.com\\\/?author=15\"}]}<\/script>\n<!-- \/ Yoast SEO plugin. -->","yoast_head_json":{"title":"Dirigentes pol\u00edticos renuncian del PLD en Nagua; se unen a Justicia Social - Conexi\u00f3n 23","robots":{"index":"index","follow":"follow","max-snippet":"max-snippet:-1","max-image-preview":"max-image-preview:large","max-video-preview":"max-video-preview:-1"},"canonical":"https:\/\/conexion23.com\/?p=15814","og_locale":"es_ES","og_type":"article","og_title":"Dirigentes pol\u00edticos renuncian del PLD en Nagua; se unen a Justicia Social - Conexi\u00f3n 23","og_description":"Reconocidos dirigentes regionales hicieron p\u00fablica su renuncia al Partido de la Liberaci\u00f3n Dominicana (PLD), sum\u00e1ndose as\u00ed al \u00e9xodo que se mantiene en esa organizaci\u00f3n pol\u00edtica desde el 2022. El grupo de renunciantes de R\u00edo San Juan, provincia Mar\u00eda Trinidad S\u00e1nchez, lo integran Napole\u00f3n Almonte Jimini\u00e1n, exgobernador y excandidato a alcalde de dicha demarcaci\u00f3n y quien [&hellip;]","og_url":"https:\/\/conexion23.com\/?p=15814","og_site_name":"Conexi\u00f3n 23","article_publisher":"https:\/\/www.facebook.com\/conexion23com","article_published_time":"2023-02-01T15:03:42+00:00","article_modified_time":"2023-02-01T15:03:46+00:00","author":"Raffy Ben\u00edtez","twitter_card":"summary_large_image","twitter_misc":{"Escrito por":"Raffy Ben\u00edtez","Tiempo de lectura":"2 minutos"},"schema":{"@context":"https:\/\/schema.org","@graph":[{"@type":"Article","@id":"https:\/\/conexion23.com\/?p=15814#article","isPartOf":{"@id":"https:\/\/conexion23.com\/?p=15814"},"author":{"name":"Raffy Ben\u00edtez","@id":"https:\/\/conexion23.com\/#\/schema\/person\/5d6d767819503a4603e9fd070ecf3ac6"},"headline":"Dirigentes pol\u00edticos renuncian del PLD en Nagua; se unen a Justicia Social","datePublished":"2023-02-01T15:03:42+00:00","dateModified":"2023-02-01T15:03:46+00:00","mainEntityOfPage":{"@id":"https:\/\/conexion23.com\/?p=15814"},"wordCount":419,"commentCount":0,"publisher":{"@id":"https:\/\/conexion23.com\/#organization"},"articleSection":["Uncategorized"],"inLanguage":"es","potentialAction":[{"@type":"CommentAction","name":"Comment","target":["https:\/\/conexion23.com\/?p=15814#respond"]}]},{"@type":"WebPage","@id":"https:\/\/conexion23.com\/?p=15814","url":"https:\/\/conexion23.com\/?p=15814","name":"Dirigentes pol\u00edticos renuncian del PLD en Nagua; se unen a Justicia Social - Conexi\u00f3n 23","isPartOf":{"@id":"https:\/\/conexion23.com\/#website"},"datePublished":"2023-02-01T15:03:42+00:00","dateModified":"2023-02-01T15:03:46+00:00","breadcrumb":{"@id":"https:\/\/conexion23.com\/?p=15814#breadcrumb"},"inLanguage":"es","potentialAction":[{"@type":"ReadAction","target":["https:\/\/conexion23.com\/?p=15814"]}]},{"@type":"BreadcrumbList","@id":"https:\/\/conexion23.com\/?p=15814#breadcrumb","itemListElement":[{"@type":"ListItem","position":1,"name":"Portada","item":"https:\/\/conexion23.com\/"},{"@type":"ListItem","position":2,"name":"Dirigentes pol\u00edticos renuncian del PLD en Nagua; se unen a Justicia Social"}]},{"@type":"WebSite","@id":"https:\/\/conexion23.com\/#website","url":"https:\/\/conexion23.com\/","name":"Conexi\u00f3n 23","description":"Peri\u00f3dico 100% Petromacorisano","publisher":{"@id":"https:\/\/conexion23.com\/#organization"},"potentialAction":[{"@type":"SearchAction","target":{"@type":"EntryPoint","urlTemplate":"https:\/\/conexion23.com\/?s={search_term_string}"},"query-input":{"@type":"PropertyValueSpecification","valueRequired":true,"valueName":"search_term_string"}}],"inLanguage":"es"},{"@type":"Organization","@id":"https:\/\/conexion23.com\/#organization","name":"Conexion 23","url":"https:\/\/conexion23.com\/","logo":{"@type":"ImageObject","inLanguage":"es","@id":"https:\/\/conexion23.com\/#\/schema\/logo\/image\/","url":"https:\/\/conexion23.com\/wp-content\/uploads\/2021\/11\/Diseno-sin-titulo-2.png","contentUrl":"https:\/\/conexion23.com\/wp-content\/uploads\/2021\/11\/Diseno-sin-titulo-2.png","width":541,"height":90,"caption":"Conexion 23"},"image":{"@id":"https:\/\/conexion23.com\/#\/schema\/logo\/image\/"},"sameAs":["https:\/\/www.facebook.com\/conexion23com","https:\/\/www.instagram.com\/conexion23com\/","https:\/\/www.youtube.com\/channel\/UCYc7vxxFZMYLIHNsHHxPZ3Q"]},{"@type":"Person","@id":"https:\/\/conexion23.com\/#\/schema\/person\/5d6d767819503a4603e9fd070ecf3ac6","name":"Raffy Ben\u00edtez","image":{"@type":"ImageObject","inLanguage":"es","@id":"https:\/\/secure.gravatar.com\/avatar\/3190a6a6c5e1b0327500f7d6c56b6242472ee6cb974cf09b401ee6b3b0798f23?s=96&d=mm&r=g","url":"https:\/\/secure.gravatar.com\/avatar\/3190a6a6c5e1b0327500f7d6c56b6242472ee6cb974cf09b401ee6b3b0798f23?s=96&d=mm&r=g","contentUrl":"https:\/\/secure.gravatar.com\/avatar\/3190a6a6c5e1b0327500f7d6c56b6242472ee6cb974cf09b401ee6b3b0798f23?s=96&d=mm&r=g","caption":"Raffy Ben\u00edtez"},"url":"https:\/\/conexion23.com\/?author=15"}]}},"_links":{"self":[{"href":"https:\/\/conexion23.com\/index.php?rest_route=\/wp\/v2\/posts\/15814","targetHints":{"allow":["GET"]}}],"collection":[{"href":"https:\/\/conexion23.com\/index.php?rest_route=\/wp\/v2\/posts"}],"about":[{"href":"https:\/\/conexion23.com\/index.php?rest_route=\/wp\/v2\/types\/post"}],"author":[{"embeddable":true,"href":"https:\/\/conexion23.com\/index.php?rest_route=\/wp\/v2\/users\/15"}],"replies":[{"embeddable":true,"href":"https:\/\/conexion23.com\/index.php?rest_route=%2Fwp%2Fv2%2Fcomments&post=15814"}],"version-history":[{"count":1,"href":"https:\/\/conexion23.com\/index.php?rest_route=\/wp\/v2\/posts\/15814\/revisions"}],"predecessor-version":[{"id":15816,"href":"https:\/\/conexion23.com\/index.php?rest_route=\/wp\/v2\/posts\/15814\/revisions\/15816"}],"wp:attachment":[{"href":"https:\/\/conexion23.com\/index.php?rest_route=%2Fwp%2Fv2%2Fmedia&parent=15814"}],"wp:term":[{"taxonomy":"category","embeddable":true,"href":"https:\/\/conexion23.com\/index.php?rest_route=%2Fwp%2Fv2%2Fcategories&post=15814"},{"taxonomy":"post_tag","embeddable":true,"href":"https:\/\/conexion23.com\/index.php?rest_route=%2Fwp%2Fv2%2Ftags&post=15814"}],"curies":[{"name":"wp","href":"https:\/\/api.w.org\/{rel}","templated":true}]}}