{"id":15820,"date":"2023-02-02T10:26:32","date_gmt":"2023-02-02T14:26:32","guid":{"rendered":"https:\/\/conexion23.com\/?p=15820"},"modified":"2023-02-02T10:26:35","modified_gmt":"2023-02-02T14:26:35","slug":"un-apagon-retrasa-actividad-en-aeropuerto-internacional-de-los-angeles","status":"publish","type":"post","link":"https:\/\/conexion23.com\/?p=15820","title":{"rendered":"Un apag\u00f3n retrasa actividad en Aeropuerto Internacional de Los \u00c1ngeles"},"content":{"rendered":"\n<p class=\"wp-block-paragraph\"><strong>Los \u00c1ngeles.-<\/strong>&nbsp;El&nbsp;<strong>Aeropuerto Internacional de Los \u00c1ngeles (LAX)<\/strong>&nbsp;en el estado de California (EE.UU.) sufri\u00f3 un peque\u00f1o apag\u00f3n que mantuvo sin electricidad al recinto y entorpeci\u00f3 el control de pasajeros oficiado por la Administraci\u00f3n de Seguridad en el Transporte.<\/p>\n\n\n\n<p class=\"wp-block-paragraph\">Seg\u00fan informaron las autoridades del aeropuerto v\u00eda Twitter, la mayor\u00eda de sus terminales se vieron afectadas por la p\u00e9rdida de electricidad durante 50 minutos.<\/p>\n\n\n\n<p class=\"wp-block-paragraph\">Tambi\u00e9n pidieron a los usuarios tener precauci\u00f3n y revisar los estados de sus vuelos y una vez solucionado el problema anunciaron la restauraci\u00f3n del servicio con normalidad.<\/p>\n\n\n\n<p class=\"wp-block-paragraph\">Tampoco se sabe las repercusiones que tuvo en los usuarios despu\u00e9s del retraso en el control de pasajeros oficiado por la Administraci\u00f3n de Seguridad en el Transporte.<\/p>\n\n\n\n<p class=\"wp-block-paragraph\">Los equipos del Departamento de Agua y Electricidad aseguraron que se encuentran investigando la raz\u00f3n por la que se produjo el apag\u00f3n.&nbsp;<\/p>\n","protected":false},"excerpt":{"rendered":"<p>Los \u00c1ngeles.-&nbsp;El&nbsp;Aeropuerto Internacional de Los \u00c1ngeles (LAX)&nbsp;en el estado de California (EE.UU.) sufri\u00f3 un peque\u00f1o apag\u00f3n que mantuvo sin electricidad al recinto y entorpeci\u00f3 el control de pasajeros oficiado por la Administraci\u00f3n de Seguridad en el Transporte. Seg\u00fan informaron las autoridades del aeropuerto v\u00eda Twitter, la mayor\u00eda de sus terminales se vieron afectadas por la [&hellip;]<\/p>\n","protected":false},"author":15,"featured_media":0,"comment_status":"open","ping_status":"open","sticky":false,"template":"","format":"standard","meta":{"footnotes":""},"categories":[1],"tags":[],"class_list":["post-15820","post","type-post","status-publish","format-standard","category-uncategorized"],"yoast_head":"<!-- This site is optimized with the Yoast SEO plugin v27.6 - https:\/\/yoast.com\/product\/yoast-seo-wordpress\/ -->\n<title>Un apag\u00f3n retrasa actividad en Aeropuerto Internacional de Los \u00c1ngeles - Conexi\u00f3n 23<\/title>\n<meta name=\"robots\" content=\"index, follow, max-snippet:-1, max-image-preview:large, max-video-preview:-1\" \/>\n<link rel=\"canonical\" href=\"https:\/\/conexion23.com\/?p=15820\" \/>\n<meta property=\"og:locale\" content=\"es_ES\" \/>\n<meta property=\"og:type\" content=\"article\" \/>\n<meta property=\"og:title\" content=\"Un apag\u00f3n retrasa actividad en Aeropuerto Internacional de Los \u00c1ngeles - Conexi\u00f3n 23\" \/>\n<meta property=\"og:description\" content=\"Los \u00c1ngeles.-&nbsp;El&nbsp;Aeropuerto Internacional de Los \u00c1ngeles (LAX)&nbsp;en el estado de California (EE.UU.) sufri\u00f3 un peque\u00f1o apag\u00f3n que mantuvo sin electricidad al recinto y entorpeci\u00f3 el control de pasajeros oficiado por la Administraci\u00f3n de Seguridad en el Transporte. Seg\u00fan informaron las autoridades del aeropuerto v\u00eda Twitter, la mayor\u00eda de sus terminales se vieron afectadas por la [&hellip;]\" \/>\n<meta property=\"og:url\" content=\"https:\/\/conexion23.com\/?p=15820\" \/>\n<meta property=\"og:site_name\" content=\"Conexi\u00f3n 23\" \/>\n<meta property=\"article:publisher\" content=\"https:\/\/www.facebook.com\/conexion23com\" \/>\n<meta property=\"article:published_time\" content=\"2023-02-02T14:26:32+00:00\" \/>\n<meta property=\"article:modified_time\" content=\"2023-02-02T14:26:35+00:00\" \/>\n<meta name=\"author\" content=\"Raffy Ben\u00edtez\" \/>\n<meta name=\"twitter:card\" content=\"summary_large_image\" \/>\n<meta name=\"twitter:label1\" content=\"Escrito por\" \/>\n\t<meta name=\"twitter:data1\" content=\"Raffy Ben\u00edtez\" \/>\n\t<meta name=\"twitter:label2\" content=\"Tiempo de lectura\" \/>\n\t<meta name=\"twitter:data2\" content=\"1 minuto\" \/>\n<script type=\"application\/ld+json\" class=\"yoast-schema-graph\">{\"@context\":\"https:\\\/\\\/schema.org\",\"@graph\":[{\"@type\":\"Article\",\"@id\":\"https:\\\/\\\/conexion23.com\\\/?p=15820#article\",\"isPartOf\":{\"@id\":\"https:\\\/\\\/conexion23.com\\\/?p=15820\"},\"author\":{\"name\":\"Raffy Ben\u00edtez\",\"@id\":\"https:\\\/\\\/conexion23.com\\\/#\\\/schema\\\/person\\\/03e36043331117e97a373299bbcd30a6\"},\"headline\":\"Un apag\u00f3n retrasa actividad en Aeropuerto Internacional de Los \u00c1ngeles\",\"datePublished\":\"2023-02-02T14:26:32+00:00\",\"dateModified\":\"2023-02-02T14:26:35+00:00\",\"mainEntityOfPage\":{\"@id\":\"https:\\\/\\\/conexion23.com\\\/?p=15820\"},\"wordCount\":170,\"commentCount\":0,\"publisher\":{\"@id\":\"https:\\\/\\\/conexion23.com\\\/#organization\"},\"articleSection\":[\"Uncategorized\"],\"inLanguage\":\"es\",\"potentialAction\":[{\"@type\":\"CommentAction\",\"name\":\"Comment\",\"target\":[\"https:\\\/\\\/conexion23.com\\\/?p=15820#respond\"]}]},{\"@type\":\"WebPage\",\"@id\":\"https:\\\/\\\/conexion23.com\\\/?p=15820\",\"url\":\"https:\\\/\\\/conexion23.com\\\/?p=15820\",\"name\":\"Un apag\u00f3n retrasa actividad en Aeropuerto Internacional de Los \u00c1ngeles - Conexi\u00f3n 23\",\"isPartOf\":{\"@id\":\"https:\\\/\\\/conexion23.com\\\/#website\"},\"datePublished\":\"2023-02-02T14:26:32+00:00\",\"dateModified\":\"2023-02-02T14:26:35+00:00\",\"breadcrumb\":{\"@id\":\"https:\\\/\\\/conexion23.com\\\/?p=15820#breadcrumb\"},\"inLanguage\":\"es\",\"potentialAction\":[{\"@type\":\"ReadAction\",\"target\":[\"https:\\\/\\\/conexion23.com\\\/?p=15820\"]}]},{\"@type\":\"BreadcrumbList\",\"@id\":\"https:\\\/\\\/conexion23.com\\\/?p=15820#breadcrumb\",\"itemListElement\":[{\"@type\":\"ListItem\",\"position\":1,\"name\":\"Portada\",\"item\":\"https:\\\/\\\/conexion23.com\\\/\"},{\"@type\":\"ListItem\",\"position\":2,\"name\":\"Un apag\u00f3n retrasa actividad en Aeropuerto Internacional de Los \u00c1ngeles\"}]},{\"@type\":\"WebSite\",\"@id\":\"https:\\\/\\\/conexion23.com\\\/#website\",\"url\":\"https:\\\/\\\/conexion23.com\\\/\",\"name\":\"Conexi\u00f3n 23\",\"description\":\"Peri\u00f3dico 100% Petromacorisano\",\"publisher\":{\"@id\":\"https:\\\/\\\/conexion23.com\\\/#organization\"},\"potentialAction\":[{\"@type\":\"SearchAction\",\"target\":{\"@type\":\"EntryPoint\",\"urlTemplate\":\"https:\\\/\\\/conexion23.com\\\/?s={search_term_string}\"},\"query-input\":{\"@type\":\"PropertyValueSpecification\",\"valueRequired\":true,\"valueName\":\"search_term_string\"}}],\"inLanguage\":\"es\"},{\"@type\":\"Organization\",\"@id\":\"https:\\\/\\\/conexion23.com\\\/#organization\",\"name\":\"Conexion 23\",\"url\":\"https:\\\/\\\/conexion23.com\\\/\",\"logo\":{\"@type\":\"ImageObject\",\"inLanguage\":\"es\",\"@id\":\"https:\\\/\\\/conexion23.com\\\/#\\\/schema\\\/logo\\\/image\\\/\",\"url\":\"https:\\\/\\\/conexion23.com\\\/wp-content\\\/uploads\\\/2021\\\/11\\\/Diseno-sin-titulo-2.png\",\"contentUrl\":\"https:\\\/\\\/conexion23.com\\\/wp-content\\\/uploads\\\/2021\\\/11\\\/Diseno-sin-titulo-2.png\",\"width\":541,\"height\":90,\"caption\":\"Conexion 23\"},\"image\":{\"@id\":\"https:\\\/\\\/conexion23.com\\\/#\\\/schema\\\/logo\\\/image\\\/\"},\"sameAs\":[\"https:\\\/\\\/www.facebook.com\\\/conexion23com\",\"https:\\\/\\\/www.instagram.com\\\/conexion23com\\\/\",\"https:\\\/\\\/www.youtube.com\\\/channel\\\/UCYc7vxxFZMYLIHNsHHxPZ3Q\"]},{\"@type\":\"Person\",\"@id\":\"https:\\\/\\\/conexion23.com\\\/#\\\/schema\\\/person\\\/03e36043331117e97a373299bbcd30a6\",\"name\":\"Raffy Ben\u00edtez\",\"image\":{\"@type\":\"ImageObject\",\"inLanguage\":\"es\",\"@id\":\"https:\\\/\\\/secure.gravatar.com\\\/avatar\\\/3190a6a6c5e1b0327500f7d6c56b6242472ee6cb974cf09b401ee6b3b0798f23?s=96&d=mm&r=g\",\"url\":\"https:\\\/\\\/secure.gravatar.com\\\/avatar\\\/3190a6a6c5e1b0327500f7d6c56b6242472ee6cb974cf09b401ee6b3b0798f23?s=96&d=mm&r=g\",\"contentUrl\":\"https:\\\/\\\/secure.gravatar.com\\\/avatar\\\/3190a6a6c5e1b0327500f7d6c56b6242472ee6cb974cf09b401ee6b3b0798f23?s=96&d=mm&r=g\",\"caption\":\"Raffy Ben\u00edtez\"},\"url\":\"https:\\\/\\\/conexion23.com\\\/?author=15\"}]}<\/script>\n<!-- \/ Yoast SEO plugin. -->","yoast_head_json":{"title":"Un apag\u00f3n retrasa actividad en Aeropuerto Internacional de Los \u00c1ngeles - Conexi\u00f3n 23","robots":{"index":"index","follow":"follow","max-snippet":"max-snippet:-1","max-image-preview":"max-image-preview:large","max-video-preview":"max-video-preview:-1"},"canonical":"https:\/\/conexion23.com\/?p=15820","og_locale":"es_ES","og_type":"article","og_title":"Un apag\u00f3n retrasa actividad en Aeropuerto Internacional de Los \u00c1ngeles - Conexi\u00f3n 23","og_description":"Los \u00c1ngeles.-&nbsp;El&nbsp;Aeropuerto Internacional de Los \u00c1ngeles (LAX)&nbsp;en el estado de California (EE.UU.) sufri\u00f3 un peque\u00f1o apag\u00f3n que mantuvo sin electricidad al recinto y entorpeci\u00f3 el control de pasajeros oficiado por la Administraci\u00f3n de Seguridad en el Transporte. Seg\u00fan informaron las autoridades del aeropuerto v\u00eda Twitter, la mayor\u00eda de sus terminales se vieron afectadas por la [&hellip;]","og_url":"https:\/\/conexion23.com\/?p=15820","og_site_name":"Conexi\u00f3n 23","article_publisher":"https:\/\/www.facebook.com\/conexion23com","article_published_time":"2023-02-02T14:26:32+00:00","article_modified_time":"2023-02-02T14:26:35+00:00","author":"Raffy Ben\u00edtez","twitter_card":"summary_large_image","twitter_misc":{"Escrito por":"Raffy Ben\u00edtez","Tiempo de lectura":"1 minuto"},"schema":{"@context":"https:\/\/schema.org","@graph":[{"@type":"Article","@id":"https:\/\/conexion23.com\/?p=15820#article","isPartOf":{"@id":"https:\/\/conexion23.com\/?p=15820"},"author":{"name":"Raffy Ben\u00edtez","@id":"https:\/\/conexion23.com\/#\/schema\/person\/03e36043331117e97a373299bbcd30a6"},"headline":"Un apag\u00f3n retrasa actividad en Aeropuerto Internacional de Los \u00c1ngeles","datePublished":"2023-02-02T14:26:32+00:00","dateModified":"2023-02-02T14:26:35+00:00","mainEntityOfPage":{"@id":"https:\/\/conexion23.com\/?p=15820"},"wordCount":170,"commentCount":0,"publisher":{"@id":"https:\/\/conexion23.com\/#organization"},"articleSection":["Uncategorized"],"inLanguage":"es","potentialAction":[{"@type":"CommentAction","name":"Comment","target":["https:\/\/conexion23.com\/?p=15820#respond"]}]},{"@type":"WebPage","@id":"https:\/\/conexion23.com\/?p=15820","url":"https:\/\/conexion23.com\/?p=15820","name":"Un apag\u00f3n retrasa actividad en Aeropuerto Internacional de Los \u00c1ngeles - Conexi\u00f3n 23","isPartOf":{"@id":"https:\/\/conexion23.com\/#website"},"datePublished":"2023-02-02T14:26:32+00:00","dateModified":"2023-02-02T14:26:35+00:00","breadcrumb":{"@id":"https:\/\/conexion23.com\/?p=15820#breadcrumb"},"inLanguage":"es","potentialAction":[{"@type":"ReadAction","target":["https:\/\/conexion23.com\/?p=15820"]}]},{"@type":"BreadcrumbList","@id":"https:\/\/conexion23.com\/?p=15820#breadcrumb","itemListElement":[{"@type":"ListItem","position":1,"name":"Portada","item":"https:\/\/conexion23.com\/"},{"@type":"ListItem","position":2,"name":"Un apag\u00f3n retrasa actividad en Aeropuerto Internacional de Los \u00c1ngeles"}]},{"@type":"WebSite","@id":"https:\/\/conexion23.com\/#website","url":"https:\/\/conexion23.com\/","name":"Conexi\u00f3n 23","description":"Peri\u00f3dico 100% Petromacorisano","publisher":{"@id":"https:\/\/conexion23.com\/#organization"},"potentialAction":[{"@type":"SearchAction","target":{"@type":"EntryPoint","urlTemplate":"https:\/\/conexion23.com\/?s={search_term_string}"},"query-input":{"@type":"PropertyValueSpecification","valueRequired":true,"valueName":"search_term_string"}}],"inLanguage":"es"},{"@type":"Organization","@id":"https:\/\/conexion23.com\/#organization","name":"Conexion 23","url":"https:\/\/conexion23.com\/","logo":{"@type":"ImageObject","inLanguage":"es","@id":"https:\/\/conexion23.com\/#\/schema\/logo\/image\/","url":"https:\/\/conexion23.com\/wp-content\/uploads\/2021\/11\/Diseno-sin-titulo-2.png","contentUrl":"https:\/\/conexion23.com\/wp-content\/uploads\/2021\/11\/Diseno-sin-titulo-2.png","width":541,"height":90,"caption":"Conexion 23"},"image":{"@id":"https:\/\/conexion23.com\/#\/schema\/logo\/image\/"},"sameAs":["https:\/\/www.facebook.com\/conexion23com","https:\/\/www.instagram.com\/conexion23com\/","https:\/\/www.youtube.com\/channel\/UCYc7vxxFZMYLIHNsHHxPZ3Q"]},{"@type":"Person","@id":"https:\/\/conexion23.com\/#\/schema\/person\/03e36043331117e97a373299bbcd30a6","name":"Raffy Ben\u00edtez","image":{"@type":"ImageObject","inLanguage":"es","@id":"https:\/\/secure.gravatar.com\/avatar\/3190a6a6c5e1b0327500f7d6c56b6242472ee6cb974cf09b401ee6b3b0798f23?s=96&d=mm&r=g","url":"https:\/\/secure.gravatar.com\/avatar\/3190a6a6c5e1b0327500f7d6c56b6242472ee6cb974cf09b401ee6b3b0798f23?s=96&d=mm&r=g","contentUrl":"https:\/\/secure.gravatar.com\/avatar\/3190a6a6c5e1b0327500f7d6c56b6242472ee6cb974cf09b401ee6b3b0798f23?s=96&d=mm&r=g","caption":"Raffy Ben\u00edtez"},"url":"https:\/\/conexion23.com\/?author=15"}]}},"_links":{"self":[{"href":"https:\/\/conexion23.com\/index.php?rest_route=\/wp\/v2\/posts\/15820","targetHints":{"allow":["GET"]}}],"collection":[{"href":"https:\/\/conexion23.com\/index.php?rest_route=\/wp\/v2\/posts"}],"about":[{"href":"https:\/\/conexion23.com\/index.php?rest_route=\/wp\/v2\/types\/post"}],"author":[{"embeddable":true,"href":"https:\/\/conexion23.com\/index.php?rest_route=\/wp\/v2\/users\/15"}],"replies":[{"embeddable":true,"href":"https:\/\/conexion23.com\/index.php?rest_route=%2Fwp%2Fv2%2Fcomments&post=15820"}],"version-history":[{"count":1,"href":"https:\/\/conexion23.com\/index.php?rest_route=\/wp\/v2\/posts\/15820\/revisions"}],"predecessor-version":[{"id":15827,"href":"https:\/\/conexion23.com\/index.php?rest_route=\/wp\/v2\/posts\/15820\/revisions\/15827"}],"wp:attachment":[{"href":"https:\/\/conexion23.com\/index.php?rest_route=%2Fwp%2Fv2%2Fmedia&parent=15820"}],"wp:term":[{"taxonomy":"category","embeddable":true,"href":"https:\/\/conexion23.com\/index.php?rest_route=%2Fwp%2Fv2%2Fcategories&post=15820"},{"taxonomy":"post_tag","embeddable":true,"href":"https:\/\/conexion23.com\/index.php?rest_route=%2Fwp%2Fv2%2Ftags&post=15820"}],"curies":[{"name":"wp","href":"https:\/\/api.w.org\/{rel}","templated":true}]}}