{"id":15833,"date":"2023-02-02T11:55:30","date_gmt":"2023-02-02T15:55:30","guid":{"rendered":"https:\/\/conexion23.com\/?p=15833"},"modified":"2023-02-02T11:55:35","modified_gmt":"2023-02-02T15:55:35","slug":"hoy-inicia-la-serie-del-caribe-gran-caracas-2023","status":"publish","type":"post","link":"https:\/\/conexion23.com\/?p=15833","title":{"rendered":"Hoy\u00a0inicia \u00a0la Serie del Caribe Gran Caracas 2023"},"content":{"rendered":"\n<p class=\"wp-block-paragraph\">Este jueves inicia la Serie del Caribe en su edici\u00f3n 65, la misma que tendr\u00e1 a Venezuela como sede. Los Estadios de La Rinconada y el de La Guaira son los establecimientos que albergar\u00e1n el magno evento caribe\u00f1o.<\/p>\n\n\n\n<p class=\"wp-block-paragraph\">Ser\u00e1n ocho los equipos que representar\u00e1n a sus pa\u00edses en esta ocasi\u00f3n, teniendo a Cuba y a Curazao como invitados. Los campeones de M\u00e9xico, Puerto Rico, Rep\u00fablica Dominicana, Venezuela, Panam\u00e1, Colombia, as\u00ed como los dos invitados.<\/p>\n\n\n\n<p class=\"wp-block-paragraph\">Por primera vez en\u00a0<a href=\"https:\/\/twitter.com\/beisboldecaribe?ref_src=twsrc%5Egoogle%7Ctwcamp%5Eserp%7Ctwgr%5Eauthor\" target=\"_blank\" rel=\"noreferrer noopener\">65 a\u00f1os de competencia<\/a>, dos estadios ser\u00e1n los escenarios de la Serie del Caribe.\u00a0El F\u00f3rum la Guaira es uno de ellos y cuenta con una capacidad de 14 mil 500 espectadores, mientras que el otro estadio ser\u00e1 \u2018La Rinconada\u2019\u00a0que se estrenar\u00e1 precisamente en el evento tiene una capacidad de 40 mil personas.<\/p>\n\n\n\n<p class=\"wp-block-paragraph\">De acuerdo con el formato actual, todos los equipos se enfrentan entre s\u00ed por d\u00edas seguidos. Al final de todas las jornadas, los primeros cuatro calificar\u00e1n a las semifinales. El primero se medir\u00e1 al cuarto y el segundo al tercero.<\/p>\n\n\n\n<p class=\"wp-block-paragraph\">Entre los clubes que participaran son:<\/p>\n\n\n\n<p class=\"wp-block-paragraph\">Tigres del Licey<em>&nbsp;(<\/em>Rep\u00fablica Dominicana<\/p>\n","protected":false},"excerpt":{"rendered":"<p>Este jueves inicia la Serie del Caribe en su edici\u00f3n 65, la misma que tendr\u00e1 a Venezuela como sede. Los Estadios de La Rinconada y el de La Guaira son los establecimientos que albergar\u00e1n el magno evento caribe\u00f1o. Ser\u00e1n ocho los equipos que representar\u00e1n a sus pa\u00edses en esta ocasi\u00f3n, teniendo a Cuba y a [&hellip;]<\/p>\n","protected":false},"author":15,"featured_media":0,"comment_status":"open","ping_status":"open","sticky":false,"template":"","format":"standard","meta":{"footnotes":""},"categories":[6],"tags":[],"class_list":["post-15833","post","type-post","status-publish","format-standard","category-deportes"],"yoast_head":"<!-- This site is optimized with the Yoast SEO plugin v27.6 - https:\/\/yoast.com\/product\/yoast-seo-wordpress\/ -->\n<title>Hoy\u00a0inicia \u00a0la Serie del Caribe Gran Caracas 2023 - Conexi\u00f3n 23<\/title>\n<meta name=\"robots\" content=\"index, follow, max-snippet:-1, max-image-preview:large, max-video-preview:-1\" \/>\n<link rel=\"canonical\" href=\"https:\/\/conexion23.com\/?p=15833\" \/>\n<meta property=\"og:locale\" content=\"es_ES\" \/>\n<meta property=\"og:type\" content=\"article\" \/>\n<meta property=\"og:title\" content=\"Hoy\u00a0inicia \u00a0la Serie del Caribe Gran Caracas 2023 - Conexi\u00f3n 23\" \/>\n<meta property=\"og:description\" content=\"Este jueves inicia la Serie del Caribe en su edici\u00f3n 65, la misma que tendr\u00e1 a Venezuela como sede. Los Estadios de La Rinconada y el de La Guaira son los establecimientos que albergar\u00e1n el magno evento caribe\u00f1o. Ser\u00e1n ocho los equipos que representar\u00e1n a sus pa\u00edses en esta ocasi\u00f3n, teniendo a Cuba y a [&hellip;]\" \/>\n<meta property=\"og:url\" content=\"https:\/\/conexion23.com\/?p=15833\" \/>\n<meta property=\"og:site_name\" content=\"Conexi\u00f3n 23\" \/>\n<meta property=\"article:publisher\" content=\"https:\/\/www.facebook.com\/conexion23com\" \/>\n<meta property=\"article:published_time\" content=\"2023-02-02T15:55:30+00:00\" \/>\n<meta property=\"article:modified_time\" content=\"2023-02-02T15:55:35+00:00\" \/>\n<meta name=\"author\" content=\"Raffy Ben\u00edtez\" \/>\n<meta name=\"twitter:card\" content=\"summary_large_image\" \/>\n<meta name=\"twitter:label1\" content=\"Escrito por\" \/>\n\t<meta name=\"twitter:data1\" content=\"Raffy Ben\u00edtez\" \/>\n\t<meta name=\"twitter:label2\" content=\"Tiempo de lectura\" \/>\n\t<meta name=\"twitter:data2\" content=\"1 minuto\" \/>\n<script type=\"application\/ld+json\" class=\"yoast-schema-graph\">{\"@context\":\"https:\\\/\\\/schema.org\",\"@graph\":[{\"@type\":\"Article\",\"@id\":\"https:\\\/\\\/conexion23.com\\\/?p=15833#article\",\"isPartOf\":{\"@id\":\"https:\\\/\\\/conexion23.com\\\/?p=15833\"},\"author\":{\"name\":\"Raffy Ben\u00edtez\",\"@id\":\"https:\\\/\\\/conexion23.com\\\/#\\\/schema\\\/person\\\/03e36043331117e97a373299bbcd30a6\"},\"headline\":\"Hoy\u00a0inicia \u00a0la Serie del Caribe Gran Caracas 2023\",\"datePublished\":\"2023-02-02T15:55:30+00:00\",\"dateModified\":\"2023-02-02T15:55:35+00:00\",\"mainEntityOfPage\":{\"@id\":\"https:\\\/\\\/conexion23.com\\\/?p=15833\"},\"wordCount\":202,\"commentCount\":0,\"publisher\":{\"@id\":\"https:\\\/\\\/conexion23.com\\\/#organization\"},\"articleSection\":[\"Deportes\"],\"inLanguage\":\"es\",\"potentialAction\":[{\"@type\":\"CommentAction\",\"name\":\"Comment\",\"target\":[\"https:\\\/\\\/conexion23.com\\\/?p=15833#respond\"]}]},{\"@type\":\"WebPage\",\"@id\":\"https:\\\/\\\/conexion23.com\\\/?p=15833\",\"url\":\"https:\\\/\\\/conexion23.com\\\/?p=15833\",\"name\":\"Hoy\u00a0inicia \u00a0la Serie del Caribe Gran Caracas 2023 - Conexi\u00f3n 23\",\"isPartOf\":{\"@id\":\"https:\\\/\\\/conexion23.com\\\/#website\"},\"datePublished\":\"2023-02-02T15:55:30+00:00\",\"dateModified\":\"2023-02-02T15:55:35+00:00\",\"breadcrumb\":{\"@id\":\"https:\\\/\\\/conexion23.com\\\/?p=15833#breadcrumb\"},\"inLanguage\":\"es\",\"potentialAction\":[{\"@type\":\"ReadAction\",\"target\":[\"https:\\\/\\\/conexion23.com\\\/?p=15833\"]}]},{\"@type\":\"BreadcrumbList\",\"@id\":\"https:\\\/\\\/conexion23.com\\\/?p=15833#breadcrumb\",\"itemListElement\":[{\"@type\":\"ListItem\",\"position\":1,\"name\":\"Portada\",\"item\":\"https:\\\/\\\/conexion23.com\\\/\"},{\"@type\":\"ListItem\",\"position\":2,\"name\":\"Hoy\u00a0inicia \u00a0la Serie del Caribe Gran Caracas 2023\"}]},{\"@type\":\"WebSite\",\"@id\":\"https:\\\/\\\/conexion23.com\\\/#website\",\"url\":\"https:\\\/\\\/conexion23.com\\\/\",\"name\":\"Conexi\u00f3n 23\",\"description\":\"Peri\u00f3dico 100% Petromacorisano\",\"publisher\":{\"@id\":\"https:\\\/\\\/conexion23.com\\\/#organization\"},\"potentialAction\":[{\"@type\":\"SearchAction\",\"target\":{\"@type\":\"EntryPoint\",\"urlTemplate\":\"https:\\\/\\\/conexion23.com\\\/?s={search_term_string}\"},\"query-input\":{\"@type\":\"PropertyValueSpecification\",\"valueRequired\":true,\"valueName\":\"search_term_string\"}}],\"inLanguage\":\"es\"},{\"@type\":\"Organization\",\"@id\":\"https:\\\/\\\/conexion23.com\\\/#organization\",\"name\":\"Conexion 23\",\"url\":\"https:\\\/\\\/conexion23.com\\\/\",\"logo\":{\"@type\":\"ImageObject\",\"inLanguage\":\"es\",\"@id\":\"https:\\\/\\\/conexion23.com\\\/#\\\/schema\\\/logo\\\/image\\\/\",\"url\":\"https:\\\/\\\/conexion23.com\\\/wp-content\\\/uploads\\\/2021\\\/11\\\/Diseno-sin-titulo-2.png\",\"contentUrl\":\"https:\\\/\\\/conexion23.com\\\/wp-content\\\/uploads\\\/2021\\\/11\\\/Diseno-sin-titulo-2.png\",\"width\":541,\"height\":90,\"caption\":\"Conexion 23\"},\"image\":{\"@id\":\"https:\\\/\\\/conexion23.com\\\/#\\\/schema\\\/logo\\\/image\\\/\"},\"sameAs\":[\"https:\\\/\\\/www.facebook.com\\\/conexion23com\",\"https:\\\/\\\/www.instagram.com\\\/conexion23com\\\/\",\"https:\\\/\\\/www.youtube.com\\\/channel\\\/UCYc7vxxFZMYLIHNsHHxPZ3Q\"]},{\"@type\":\"Person\",\"@id\":\"https:\\\/\\\/conexion23.com\\\/#\\\/schema\\\/person\\\/03e36043331117e97a373299bbcd30a6\",\"name\":\"Raffy Ben\u00edtez\",\"image\":{\"@type\":\"ImageObject\",\"inLanguage\":\"es\",\"@id\":\"https:\\\/\\\/secure.gravatar.com\\\/avatar\\\/3190a6a6c5e1b0327500f7d6c56b6242472ee6cb974cf09b401ee6b3b0798f23?s=96&d=mm&r=g\",\"url\":\"https:\\\/\\\/secure.gravatar.com\\\/avatar\\\/3190a6a6c5e1b0327500f7d6c56b6242472ee6cb974cf09b401ee6b3b0798f23?s=96&d=mm&r=g\",\"contentUrl\":\"https:\\\/\\\/secure.gravatar.com\\\/avatar\\\/3190a6a6c5e1b0327500f7d6c56b6242472ee6cb974cf09b401ee6b3b0798f23?s=96&d=mm&r=g\",\"caption\":\"Raffy Ben\u00edtez\"},\"url\":\"https:\\\/\\\/conexion23.com\\\/?author=15\"}]}<\/script>\n<!-- \/ Yoast SEO plugin. -->","yoast_head_json":{"title":"Hoy\u00a0inicia \u00a0la Serie del Caribe Gran Caracas 2023 - Conexi\u00f3n 23","robots":{"index":"index","follow":"follow","max-snippet":"max-snippet:-1","max-image-preview":"max-image-preview:large","max-video-preview":"max-video-preview:-1"},"canonical":"https:\/\/conexion23.com\/?p=15833","og_locale":"es_ES","og_type":"article","og_title":"Hoy\u00a0inicia \u00a0la Serie del Caribe Gran Caracas 2023 - Conexi\u00f3n 23","og_description":"Este jueves inicia la Serie del Caribe en su edici\u00f3n 65, la misma que tendr\u00e1 a Venezuela como sede. Los Estadios de La Rinconada y el de La Guaira son los establecimientos que albergar\u00e1n el magno evento caribe\u00f1o. Ser\u00e1n ocho los equipos que representar\u00e1n a sus pa\u00edses en esta ocasi\u00f3n, teniendo a Cuba y a [&hellip;]","og_url":"https:\/\/conexion23.com\/?p=15833","og_site_name":"Conexi\u00f3n 23","article_publisher":"https:\/\/www.facebook.com\/conexion23com","article_published_time":"2023-02-02T15:55:30+00:00","article_modified_time":"2023-02-02T15:55:35+00:00","author":"Raffy Ben\u00edtez","twitter_card":"summary_large_image","twitter_misc":{"Escrito por":"Raffy Ben\u00edtez","Tiempo de lectura":"1 minuto"},"schema":{"@context":"https:\/\/schema.org","@graph":[{"@type":"Article","@id":"https:\/\/conexion23.com\/?p=15833#article","isPartOf":{"@id":"https:\/\/conexion23.com\/?p=15833"},"author":{"name":"Raffy Ben\u00edtez","@id":"https:\/\/conexion23.com\/#\/schema\/person\/03e36043331117e97a373299bbcd30a6"},"headline":"Hoy\u00a0inicia \u00a0la Serie del Caribe Gran Caracas 2023","datePublished":"2023-02-02T15:55:30+00:00","dateModified":"2023-02-02T15:55:35+00:00","mainEntityOfPage":{"@id":"https:\/\/conexion23.com\/?p=15833"},"wordCount":202,"commentCount":0,"publisher":{"@id":"https:\/\/conexion23.com\/#organization"},"articleSection":["Deportes"],"inLanguage":"es","potentialAction":[{"@type":"CommentAction","name":"Comment","target":["https:\/\/conexion23.com\/?p=15833#respond"]}]},{"@type":"WebPage","@id":"https:\/\/conexion23.com\/?p=15833","url":"https:\/\/conexion23.com\/?p=15833","name":"Hoy\u00a0inicia \u00a0la Serie del Caribe Gran Caracas 2023 - Conexi\u00f3n 23","isPartOf":{"@id":"https:\/\/conexion23.com\/#website"},"datePublished":"2023-02-02T15:55:30+00:00","dateModified":"2023-02-02T15:55:35+00:00","breadcrumb":{"@id":"https:\/\/conexion23.com\/?p=15833#breadcrumb"},"inLanguage":"es","potentialAction":[{"@type":"ReadAction","target":["https:\/\/conexion23.com\/?p=15833"]}]},{"@type":"BreadcrumbList","@id":"https:\/\/conexion23.com\/?p=15833#breadcrumb","itemListElement":[{"@type":"ListItem","position":1,"name":"Portada","item":"https:\/\/conexion23.com\/"},{"@type":"ListItem","position":2,"name":"Hoy\u00a0inicia \u00a0la Serie del Caribe Gran Caracas 2023"}]},{"@type":"WebSite","@id":"https:\/\/conexion23.com\/#website","url":"https:\/\/conexion23.com\/","name":"Conexi\u00f3n 23","description":"Peri\u00f3dico 100% Petromacorisano","publisher":{"@id":"https:\/\/conexion23.com\/#organization"},"potentialAction":[{"@type":"SearchAction","target":{"@type":"EntryPoint","urlTemplate":"https:\/\/conexion23.com\/?s={search_term_string}"},"query-input":{"@type":"PropertyValueSpecification","valueRequired":true,"valueName":"search_term_string"}}],"inLanguage":"es"},{"@type":"Organization","@id":"https:\/\/conexion23.com\/#organization","name":"Conexion 23","url":"https:\/\/conexion23.com\/","logo":{"@type":"ImageObject","inLanguage":"es","@id":"https:\/\/conexion23.com\/#\/schema\/logo\/image\/","url":"https:\/\/conexion23.com\/wp-content\/uploads\/2021\/11\/Diseno-sin-titulo-2.png","contentUrl":"https:\/\/conexion23.com\/wp-content\/uploads\/2021\/11\/Diseno-sin-titulo-2.png","width":541,"height":90,"caption":"Conexion 23"},"image":{"@id":"https:\/\/conexion23.com\/#\/schema\/logo\/image\/"},"sameAs":["https:\/\/www.facebook.com\/conexion23com","https:\/\/www.instagram.com\/conexion23com\/","https:\/\/www.youtube.com\/channel\/UCYc7vxxFZMYLIHNsHHxPZ3Q"]},{"@type":"Person","@id":"https:\/\/conexion23.com\/#\/schema\/person\/03e36043331117e97a373299bbcd30a6","name":"Raffy Ben\u00edtez","image":{"@type":"ImageObject","inLanguage":"es","@id":"https:\/\/secure.gravatar.com\/avatar\/3190a6a6c5e1b0327500f7d6c56b6242472ee6cb974cf09b401ee6b3b0798f23?s=96&d=mm&r=g","url":"https:\/\/secure.gravatar.com\/avatar\/3190a6a6c5e1b0327500f7d6c56b6242472ee6cb974cf09b401ee6b3b0798f23?s=96&d=mm&r=g","contentUrl":"https:\/\/secure.gravatar.com\/avatar\/3190a6a6c5e1b0327500f7d6c56b6242472ee6cb974cf09b401ee6b3b0798f23?s=96&d=mm&r=g","caption":"Raffy Ben\u00edtez"},"url":"https:\/\/conexion23.com\/?author=15"}]}},"_links":{"self":[{"href":"https:\/\/conexion23.com\/index.php?rest_route=\/wp\/v2\/posts\/15833","targetHints":{"allow":["GET"]}}],"collection":[{"href":"https:\/\/conexion23.com\/index.php?rest_route=\/wp\/v2\/posts"}],"about":[{"href":"https:\/\/conexion23.com\/index.php?rest_route=\/wp\/v2\/types\/post"}],"author":[{"embeddable":true,"href":"https:\/\/conexion23.com\/index.php?rest_route=\/wp\/v2\/users\/15"}],"replies":[{"embeddable":true,"href":"https:\/\/conexion23.com\/index.php?rest_route=%2Fwp%2Fv2%2Fcomments&post=15833"}],"version-history":[{"count":1,"href":"https:\/\/conexion23.com\/index.php?rest_route=\/wp\/v2\/posts\/15833\/revisions"}],"predecessor-version":[{"id":15835,"href":"https:\/\/conexion23.com\/index.php?rest_route=\/wp\/v2\/posts\/15833\/revisions\/15835"}],"wp:attachment":[{"href":"https:\/\/conexion23.com\/index.php?rest_route=%2Fwp%2Fv2%2Fmedia&parent=15833"}],"wp:term":[{"taxonomy":"category","embeddable":true,"href":"https:\/\/conexion23.com\/index.php?rest_route=%2Fwp%2Fv2%2Fcategories&post=15833"},{"taxonomy":"post_tag","embeddable":true,"href":"https:\/\/conexion23.com\/index.php?rest_route=%2Fwp%2Fv2%2Ftags&post=15833"}],"curies":[{"name":"wp","href":"https:\/\/api.w.org\/{rel}","templated":true}]}}