{"id":15840,"date":"2023-02-03T12:17:50","date_gmt":"2023-02-03T16:17:50","guid":{"rendered":"https:\/\/conexion23.com\/?p=15840"},"modified":"2023-02-03T12:19:31","modified_gmt":"2023-02-03T16:19:31","slug":"l-f-califica-como-una-distraccion-la-creacion-de-un-ministerio-de-justicia","status":"publish","type":"post","link":"https:\/\/conexion23.com\/?p=15840","title":{"rendered":"Leonel califica como una \u201cdistracci\u00f3n\u201d la creaci\u00f3n de un Ministerio de Justicia"},"content":{"rendered":"\n<p class=\"wp-block-paragraph\">El presidente del Partido Fuerza del Pueblo (FP), Leonel Fern\u00e1ndez, consider\u00f3 ayer como un\u00a0<strong>\u201celemento distractor\u201d\u00a0<\/strong>la creaci\u00f3n de un Ministerio de Justicia en el tercer a\u00f1o de gobierno.<\/p>\n\n\n\n<p class=\"wp-block-paragraph\">Al ser cuestionado por miembros de la prensa durante un acto de juramentaci\u00f3n de nuevos miembros del partido verde, indic\u00f3 que habr\u00eda que cuestionar al gobierno sobre la\u00a0<strong>finalidad\u00a0<\/strong>con la que lo est\u00e9n proponiendo \u201ca estas alturas\u201d.<\/p>\n\n\n\n<p class=\"wp-block-paragraph\">\u201cLa gente lo que est\u00e1 pensando en lo que cuesta un aguacate, a eso es que el gobierno tiene que&nbsp;<strong>presar atenci\u00f3n<\/strong>; en vez de estar inventando cosas en lugar de recoger las maletas para irse\u201d, dijo Fern\u00e1ndez.<\/p>\n\n\n\n<p class=\"wp-block-paragraph\">Agreg\u00f3 que actualmente, hay que&nbsp;<strong>concentrarse en los problemas que afectan al pueblo<\/strong>&nbsp;dominicano y reiter\u00f3 su calificaci\u00f3n al proyecto como un elemento de \u201cdistracci\u00f3n\u201d justamente en el tercer a\u00f1o del actual gesti\u00f3n.<\/p>\n\n\n\n<p class=\"wp-block-paragraph\">El Consultor Jur\u00eddico del Poder Ejecutivo, Antoliano Peralta, inform\u00f3 que en el d\u00eda de ayer continuar\u00edan desarrollando las consultas para la\u00a0creaci\u00f3n de un ministerio de justicia y que se reunieron con diferentes gremios empresariales.<\/p>\n\n\n\n<p class=\"wp-block-paragraph\">La creaci\u00f3n de este ministerio tiene como prop\u00f3sito ser el \u201c\u00f3rgano responsable de los asuntos administrativos que actualmente implican una carga innecesaria para el Ministerio P\u00fablico y que lo desenfoca de su rol de dirigir la investigaci\u00f3n penal y ejercer la acci\u00f3n p\u00fablica en representaci\u00f3n de la sociedad\u201d.<\/p>\n\n\n\n<p class=\"wp-block-paragraph\">Referente a las encuestas que posicionan al partido oficialista con ventajas, Leonel Fern\u00e1ndez, expres\u00f3 que el gobierno&nbsp;<strong>no tiene las posibilidades de ganar en primera vuelta<\/strong>, debido a que las encuestas colocan al partido verde en un lugar preferencial.<\/p>\n\n\n\n<p class=\"wp-block-paragraph\">Dijo que de acuerdo algunas encuestas internas que han realizado se evidenci\u00f3 un \u201cempate t\u00e9cnico con un<strong>&nbsp;<\/strong><strong>38.7 por ciento el presidente Luis Abinader y un 38.4 por ciento, nosotros<\/strong>\u201d. Indic\u00f3 sin especificar el porcentaje el Partido de la Liberaci\u00f3n Dominicana (PLD).<\/p>\n\n\n\n<p class=\"wp-block-paragraph\">\u201cCiertamente hay encuestas que se manipulan. Nosotros no publicamos encuestas, la hacemos para dominio interno y esas que no se publican, nos colocan en un plano preferencial\u201d, dijo Fern\u00e1ndez al ser cuestionado sobre el panorama pol\u00edtico de acuerdo algunas encuestas que colocan al partido oficialista en primer lugar.<\/p>\n\n\n\n<p class=\"wp-block-paragraph\"><strong>Detall\u00f3 que ya tienen el posicionamiento que deseaban<\/strong>&nbsp;y \u201cque esta campa\u00f1a tendr\u00e1n un 40 por ciento de los votos internos m\u00ednimo, lo que significa que tienen el potencial para ganar en primera vuelta\u201d.<\/p>\n\n\n\n<p class=\"wp-block-paragraph\">Continu\u00f3 diciendo que despu\u00e9s de estos pron\u00f3sticos, el gobierno no tiene \u201cposibilidad alguna\u201d de ganar en primera vuelta.<\/p>\n\n\n\n<p class=\"wp-block-paragraph\">\u201cDonde hay tres fuerzas que participan que est\u00e1n creciendo por encima del reloj de ellos no te puede crecer un gobierno que est\u00e1 limitado.<strong>&nbsp;Nosotros s\u00ed podemos crecer\u201d, expres\u00f3 indicando que ya se han juramentado&nbsp;<\/strong>antiguos miembros del Partido Revolucionario Moderno en su organizaci\u00f3n.<\/p>\n","protected":false},"excerpt":{"rendered":"<p>El presidente del Partido Fuerza del Pueblo (FP), Leonel Fern\u00e1ndez, consider\u00f3 ayer como un\u00a0\u201celemento distractor\u201d\u00a0la creaci\u00f3n de un Ministerio de Justicia en el tercer a\u00f1o de gobierno. Al ser cuestionado por miembros de la prensa durante un acto de juramentaci\u00f3n de nuevos miembros del partido verde, indic\u00f3 que habr\u00eda que cuestionar al gobierno sobre la\u00a0finalidad\u00a0con [&hellip;]<\/p>\n","protected":false},"author":7,"featured_media":0,"comment_status":"open","ping_status":"open","sticky":false,"template":"","format":"standard","meta":{"footnotes":""},"categories":[1],"tags":[],"class_list":["post-15840","post","type-post","status-publish","format-standard","category-uncategorized"],"yoast_head":"<!-- This site is optimized with the Yoast SEO plugin v27.6 - https:\/\/yoast.com\/product\/yoast-seo-wordpress\/ -->\n<title>Leonel califica como una \u201cdistracci\u00f3n\u201d la creaci\u00f3n de un Ministerio de Justicia - Conexi\u00f3n 23<\/title>\n<meta name=\"robots\" content=\"index, follow, max-snippet:-1, max-image-preview:large, max-video-preview:-1\" \/>\n<link rel=\"canonical\" href=\"https:\/\/conexion23.com\/?p=15840\" \/>\n<meta property=\"og:locale\" content=\"es_ES\" \/>\n<meta property=\"og:type\" content=\"article\" \/>\n<meta property=\"og:title\" content=\"Leonel califica como una \u201cdistracci\u00f3n\u201d la creaci\u00f3n de un Ministerio de Justicia - Conexi\u00f3n 23\" \/>\n<meta property=\"og:description\" content=\"El presidente del Partido Fuerza del Pueblo (FP), Leonel Fern\u00e1ndez, consider\u00f3 ayer como un\u00a0\u201celemento distractor\u201d\u00a0la creaci\u00f3n de un Ministerio de Justicia en el tercer a\u00f1o de gobierno. Al ser cuestionado por miembros de la prensa durante un acto de juramentaci\u00f3n de nuevos miembros del partido verde, indic\u00f3 que habr\u00eda que cuestionar al gobierno sobre la\u00a0finalidad\u00a0con [&hellip;]\" \/>\n<meta property=\"og:url\" content=\"https:\/\/conexion23.com\/?p=15840\" \/>\n<meta property=\"og:site_name\" content=\"Conexi\u00f3n 23\" \/>\n<meta property=\"article:publisher\" content=\"https:\/\/www.facebook.com\/conexion23com\" \/>\n<meta property=\"article:published_time\" content=\"2023-02-03T16:17:50+00:00\" \/>\n<meta property=\"article:modified_time\" content=\"2023-02-03T16:19:31+00:00\" \/>\n<meta name=\"author\" content=\"Benjam\u00edn Rosario\" \/>\n<meta name=\"twitter:card\" content=\"summary_large_image\" \/>\n<meta name=\"twitter:label1\" content=\"Escrito por\" \/>\n\t<meta name=\"twitter:data1\" content=\"Benjam\u00edn Rosario\" \/>\n\t<meta name=\"twitter:label2\" content=\"Tiempo de lectura\" \/>\n\t<meta name=\"twitter:data2\" content=\"3 minutos\" \/>\n<script type=\"application\/ld+json\" class=\"yoast-schema-graph\">{\"@context\":\"https:\\\/\\\/schema.org\",\"@graph\":[{\"@type\":\"Article\",\"@id\":\"https:\\\/\\\/conexion23.com\\\/?p=15840#article\",\"isPartOf\":{\"@id\":\"https:\\\/\\\/conexion23.com\\\/?p=15840\"},\"author\":{\"name\":\"Benjam\u00edn Rosario\",\"@id\":\"https:\\\/\\\/conexion23.com\\\/#\\\/schema\\\/person\\\/c0b7ce1f0e7a915d08fa289072b8353a\"},\"headline\":\"Leonel califica como una \u201cdistracci\u00f3n\u201d la creaci\u00f3n de un Ministerio de Justicia\",\"datePublished\":\"2023-02-03T16:17:50+00:00\",\"dateModified\":\"2023-02-03T16:19:31+00:00\",\"mainEntityOfPage\":{\"@id\":\"https:\\\/\\\/conexion23.com\\\/?p=15840\"},\"wordCount\":500,\"commentCount\":0,\"publisher\":{\"@id\":\"https:\\\/\\\/conexion23.com\\\/#organization\"},\"articleSection\":[\"Uncategorized\"],\"inLanguage\":\"es\",\"potentialAction\":[{\"@type\":\"CommentAction\",\"name\":\"Comment\",\"target\":[\"https:\\\/\\\/conexion23.com\\\/?p=15840#respond\"]}]},{\"@type\":\"WebPage\",\"@id\":\"https:\\\/\\\/conexion23.com\\\/?p=15840\",\"url\":\"https:\\\/\\\/conexion23.com\\\/?p=15840\",\"name\":\"Leonel califica como una \u201cdistracci\u00f3n\u201d la creaci\u00f3n de un Ministerio de Justicia - Conexi\u00f3n 23\",\"isPartOf\":{\"@id\":\"https:\\\/\\\/conexion23.com\\\/#website\"},\"datePublished\":\"2023-02-03T16:17:50+00:00\",\"dateModified\":\"2023-02-03T16:19:31+00:00\",\"breadcrumb\":{\"@id\":\"https:\\\/\\\/conexion23.com\\\/?p=15840#breadcrumb\"},\"inLanguage\":\"es\",\"potentialAction\":[{\"@type\":\"ReadAction\",\"target\":[\"https:\\\/\\\/conexion23.com\\\/?p=15840\"]}]},{\"@type\":\"BreadcrumbList\",\"@id\":\"https:\\\/\\\/conexion23.com\\\/?p=15840#breadcrumb\",\"itemListElement\":[{\"@type\":\"ListItem\",\"position\":1,\"name\":\"Portada\",\"item\":\"https:\\\/\\\/conexion23.com\\\/\"},{\"@type\":\"ListItem\",\"position\":2,\"name\":\"Leonel califica como una \u201cdistracci\u00f3n\u201d la creaci\u00f3n de un Ministerio de Justicia\"}]},{\"@type\":\"WebSite\",\"@id\":\"https:\\\/\\\/conexion23.com\\\/#website\",\"url\":\"https:\\\/\\\/conexion23.com\\\/\",\"name\":\"Conexi\u00f3n 23\",\"description\":\"Peri\u00f3dico 100% Petromacorisano\",\"publisher\":{\"@id\":\"https:\\\/\\\/conexion23.com\\\/#organization\"},\"potentialAction\":[{\"@type\":\"SearchAction\",\"target\":{\"@type\":\"EntryPoint\",\"urlTemplate\":\"https:\\\/\\\/conexion23.com\\\/?s={search_term_string}\"},\"query-input\":{\"@type\":\"PropertyValueSpecification\",\"valueRequired\":true,\"valueName\":\"search_term_string\"}}],\"inLanguage\":\"es\"},{\"@type\":\"Organization\",\"@id\":\"https:\\\/\\\/conexion23.com\\\/#organization\",\"name\":\"Conexion 23\",\"url\":\"https:\\\/\\\/conexion23.com\\\/\",\"logo\":{\"@type\":\"ImageObject\",\"inLanguage\":\"es\",\"@id\":\"https:\\\/\\\/conexion23.com\\\/#\\\/schema\\\/logo\\\/image\\\/\",\"url\":\"https:\\\/\\\/conexion23.com\\\/wp-content\\\/uploads\\\/2021\\\/11\\\/Diseno-sin-titulo-2.png\",\"contentUrl\":\"https:\\\/\\\/conexion23.com\\\/wp-content\\\/uploads\\\/2021\\\/11\\\/Diseno-sin-titulo-2.png\",\"width\":541,\"height\":90,\"caption\":\"Conexion 23\"},\"image\":{\"@id\":\"https:\\\/\\\/conexion23.com\\\/#\\\/schema\\\/logo\\\/image\\\/\"},\"sameAs\":[\"https:\\\/\\\/www.facebook.com\\\/conexion23com\",\"https:\\\/\\\/www.instagram.com\\\/conexion23com\\\/\",\"https:\\\/\\\/www.youtube.com\\\/channel\\\/UCYc7vxxFZMYLIHNsHHxPZ3Q\"]},{\"@type\":\"Person\",\"@id\":\"https:\\\/\\\/conexion23.com\\\/#\\\/schema\\\/person\\\/c0b7ce1f0e7a915d08fa289072b8353a\",\"name\":\"Benjam\u00edn Rosario\",\"image\":{\"@type\":\"ImageObject\",\"inLanguage\":\"es\",\"@id\":\"https:\\\/\\\/secure.gravatar.com\\\/avatar\\\/62e1b2539b49cdeb50ee302e2a5f2bd31dc7fdba412bbac67e2a2a6e0c89bb2a?s=96&d=mm&r=g\",\"url\":\"https:\\\/\\\/secure.gravatar.com\\\/avatar\\\/62e1b2539b49cdeb50ee302e2a5f2bd31dc7fdba412bbac67e2a2a6e0c89bb2a?s=96&d=mm&r=g\",\"contentUrl\":\"https:\\\/\\\/secure.gravatar.com\\\/avatar\\\/62e1b2539b49cdeb50ee302e2a5f2bd31dc7fdba412bbac67e2a2a6e0c89bb2a?s=96&d=mm&r=g\",\"caption\":\"Benjam\u00edn Rosario\"},\"url\":\"https:\\\/\\\/conexion23.com\\\/?author=7\"}]}<\/script>\n<!-- \/ Yoast SEO plugin. -->","yoast_head_json":{"title":"Leonel califica como una \u201cdistracci\u00f3n\u201d la creaci\u00f3n de un Ministerio de Justicia - Conexi\u00f3n 23","robots":{"index":"index","follow":"follow","max-snippet":"max-snippet:-1","max-image-preview":"max-image-preview:large","max-video-preview":"max-video-preview:-1"},"canonical":"https:\/\/conexion23.com\/?p=15840","og_locale":"es_ES","og_type":"article","og_title":"Leonel califica como una \u201cdistracci\u00f3n\u201d la creaci\u00f3n de un Ministerio de Justicia - Conexi\u00f3n 23","og_description":"El presidente del Partido Fuerza del Pueblo (FP), Leonel Fern\u00e1ndez, consider\u00f3 ayer como un\u00a0\u201celemento distractor\u201d\u00a0la creaci\u00f3n de un Ministerio de Justicia en el tercer a\u00f1o de gobierno. Al ser cuestionado por miembros de la prensa durante un acto de juramentaci\u00f3n de nuevos miembros del partido verde, indic\u00f3 que habr\u00eda que cuestionar al gobierno sobre la\u00a0finalidad\u00a0con [&hellip;]","og_url":"https:\/\/conexion23.com\/?p=15840","og_site_name":"Conexi\u00f3n 23","article_publisher":"https:\/\/www.facebook.com\/conexion23com","article_published_time":"2023-02-03T16:17:50+00:00","article_modified_time":"2023-02-03T16:19:31+00:00","author":"Benjam\u00edn Rosario","twitter_card":"summary_large_image","twitter_misc":{"Escrito por":"Benjam\u00edn Rosario","Tiempo de lectura":"3 minutos"},"schema":{"@context":"https:\/\/schema.org","@graph":[{"@type":"Article","@id":"https:\/\/conexion23.com\/?p=15840#article","isPartOf":{"@id":"https:\/\/conexion23.com\/?p=15840"},"author":{"name":"Benjam\u00edn Rosario","@id":"https:\/\/conexion23.com\/#\/schema\/person\/c0b7ce1f0e7a915d08fa289072b8353a"},"headline":"Leonel califica como una \u201cdistracci\u00f3n\u201d la creaci\u00f3n de un Ministerio de Justicia","datePublished":"2023-02-03T16:17:50+00:00","dateModified":"2023-02-03T16:19:31+00:00","mainEntityOfPage":{"@id":"https:\/\/conexion23.com\/?p=15840"},"wordCount":500,"commentCount":0,"publisher":{"@id":"https:\/\/conexion23.com\/#organization"},"articleSection":["Uncategorized"],"inLanguage":"es","potentialAction":[{"@type":"CommentAction","name":"Comment","target":["https:\/\/conexion23.com\/?p=15840#respond"]}]},{"@type":"WebPage","@id":"https:\/\/conexion23.com\/?p=15840","url":"https:\/\/conexion23.com\/?p=15840","name":"Leonel califica como una \u201cdistracci\u00f3n\u201d la creaci\u00f3n de un Ministerio de Justicia - Conexi\u00f3n 23","isPartOf":{"@id":"https:\/\/conexion23.com\/#website"},"datePublished":"2023-02-03T16:17:50+00:00","dateModified":"2023-02-03T16:19:31+00:00","breadcrumb":{"@id":"https:\/\/conexion23.com\/?p=15840#breadcrumb"},"inLanguage":"es","potentialAction":[{"@type":"ReadAction","target":["https:\/\/conexion23.com\/?p=15840"]}]},{"@type":"BreadcrumbList","@id":"https:\/\/conexion23.com\/?p=15840#breadcrumb","itemListElement":[{"@type":"ListItem","position":1,"name":"Portada","item":"https:\/\/conexion23.com\/"},{"@type":"ListItem","position":2,"name":"Leonel califica como una \u201cdistracci\u00f3n\u201d la creaci\u00f3n de un Ministerio de Justicia"}]},{"@type":"WebSite","@id":"https:\/\/conexion23.com\/#website","url":"https:\/\/conexion23.com\/","name":"Conexi\u00f3n 23","description":"Peri\u00f3dico 100% Petromacorisano","publisher":{"@id":"https:\/\/conexion23.com\/#organization"},"potentialAction":[{"@type":"SearchAction","target":{"@type":"EntryPoint","urlTemplate":"https:\/\/conexion23.com\/?s={search_term_string}"},"query-input":{"@type":"PropertyValueSpecification","valueRequired":true,"valueName":"search_term_string"}}],"inLanguage":"es"},{"@type":"Organization","@id":"https:\/\/conexion23.com\/#organization","name":"Conexion 23","url":"https:\/\/conexion23.com\/","logo":{"@type":"ImageObject","inLanguage":"es","@id":"https:\/\/conexion23.com\/#\/schema\/logo\/image\/","url":"https:\/\/conexion23.com\/wp-content\/uploads\/2021\/11\/Diseno-sin-titulo-2.png","contentUrl":"https:\/\/conexion23.com\/wp-content\/uploads\/2021\/11\/Diseno-sin-titulo-2.png","width":541,"height":90,"caption":"Conexion 23"},"image":{"@id":"https:\/\/conexion23.com\/#\/schema\/logo\/image\/"},"sameAs":["https:\/\/www.facebook.com\/conexion23com","https:\/\/www.instagram.com\/conexion23com\/","https:\/\/www.youtube.com\/channel\/UCYc7vxxFZMYLIHNsHHxPZ3Q"]},{"@type":"Person","@id":"https:\/\/conexion23.com\/#\/schema\/person\/c0b7ce1f0e7a915d08fa289072b8353a","name":"Benjam\u00edn Rosario","image":{"@type":"ImageObject","inLanguage":"es","@id":"https:\/\/secure.gravatar.com\/avatar\/62e1b2539b49cdeb50ee302e2a5f2bd31dc7fdba412bbac67e2a2a6e0c89bb2a?s=96&d=mm&r=g","url":"https:\/\/secure.gravatar.com\/avatar\/62e1b2539b49cdeb50ee302e2a5f2bd31dc7fdba412bbac67e2a2a6e0c89bb2a?s=96&d=mm&r=g","contentUrl":"https:\/\/secure.gravatar.com\/avatar\/62e1b2539b49cdeb50ee302e2a5f2bd31dc7fdba412bbac67e2a2a6e0c89bb2a?s=96&d=mm&r=g","caption":"Benjam\u00edn Rosario"},"url":"https:\/\/conexion23.com\/?author=7"}]}},"_links":{"self":[{"href":"https:\/\/conexion23.com\/index.php?rest_route=\/wp\/v2\/posts\/15840","targetHints":{"allow":["GET"]}}],"collection":[{"href":"https:\/\/conexion23.com\/index.php?rest_route=\/wp\/v2\/posts"}],"about":[{"href":"https:\/\/conexion23.com\/index.php?rest_route=\/wp\/v2\/types\/post"}],"author":[{"embeddable":true,"href":"https:\/\/conexion23.com\/index.php?rest_route=\/wp\/v2\/users\/7"}],"replies":[{"embeddable":true,"href":"https:\/\/conexion23.com\/index.php?rest_route=%2Fwp%2Fv2%2Fcomments&post=15840"}],"version-history":[{"count":2,"href":"https:\/\/conexion23.com\/index.php?rest_route=\/wp\/v2\/posts\/15840\/revisions"}],"predecessor-version":[{"id":15843,"href":"https:\/\/conexion23.com\/index.php?rest_route=\/wp\/v2\/posts\/15840\/revisions\/15843"}],"wp:attachment":[{"href":"https:\/\/conexion23.com\/index.php?rest_route=%2Fwp%2Fv2%2Fmedia&parent=15840"}],"wp:term":[{"taxonomy":"category","embeddable":true,"href":"https:\/\/conexion23.com\/index.php?rest_route=%2Fwp%2Fv2%2Fcategories&post=15840"},{"taxonomy":"post_tag","embeddable":true,"href":"https:\/\/conexion23.com\/index.php?rest_route=%2Fwp%2Fv2%2Ftags&post=15840"}],"curies":[{"name":"wp","href":"https:\/\/api.w.org\/{rel}","templated":true}]}}