{"id":15874,"date":"2023-02-08T10:48:52","date_gmt":"2023-02-08T14:48:52","guid":{"rendered":"https:\/\/conexion23.com\/?p=15874"},"modified":"2023-02-08T10:48:55","modified_gmt":"2023-02-08T14:48:55","slug":"piden-acabar-con-la-comercializacion-irresponsable-de-la-leche-de-formula","status":"publish","type":"post","link":"https:\/\/conexion23.com\/?p=15874","title":{"rendered":"Piden acabar con la \u201ccomercializaci\u00f3n irresponsable\u201d de la leche de f\u00f3rmula"},"content":{"rendered":"\n<p class=\"wp-block-paragraph\">Las t\u00e1cticas de comercializaci\u00f3n de la leche de f\u00f3rmula son \u201cexplotadoras\u201d, por lo que es urgente reforzar la normativa y aplicarla adecuadamente, seg\u00fan un nuevo documento de tres series publicado en \u2018The Lancet\u2019. Los expertos piden un tratado jur\u00eddico internacional que ponga fin a la \u201ccomercializaci\u00f3n irresponsable\u201d de leche artificial y a los grupos de presi\u00f3n pol\u00edtica, acompa\u00f1ado de un apoyo m\u00e1s eficaz a la lactancia materna en todo el mundo.<\/p>\n\n\n\n<p class=\"wp-block-paragraph\">Menos de la mitad de los lactantes de todo el mundo son amamantados, tal y como recomienda la OMS, mientras que las ventas de leche de f\u00f3rmula aumentan a pesar de que no ofrecen los mismos beneficios nutricionales, de salud y de desarrollo que la lactancia materna.<\/p>\n\n\n\n<p class=\"wp-block-paragraph\">La serie \u2018The Lancet 2023\u2019 sobre lactancia materna sostiene que las empresas de leche de f\u00f3rmula \u201cexplotan las emociones de los padres y manipulan la informaci\u00f3n cient\u00edfica para generar ventas a expensas de la salud y los derechos de las familias, las mujeres y los ni\u00f1os\u201d. Y pone de relieve el poder econ\u00f3mico y pol\u00edtico de las empresas dominantes de leche de f\u00f3rmula y los fallos de las pol\u00edticas p\u00fablicas que impiden a millones de mujeres amamantar como se recomienda.<\/p>\n\n\n\n<p class=\"wp-block-paragraph\">Los autores subrayan que la lactancia materna es una responsabilidad colectiva de la sociedad y reclaman una promoci\u00f3n, un apoyo y una protecci\u00f3n m\u00e1s eficaces de la lactancia materna, incluido un personal sanitario mucho mejor formado.<\/p>\n\n\n\n<p class=\"wp-block-paragraph\">El coautor de la serie, el profesor Nigel Rollins, de la OMS, afirma que \u201cla venta de leche de f\u00f3rmula comercial es una industria multimillonaria que utiliza grupos de presi\u00f3n pol\u00edtica junto con un sofisticado y muy eficaz libro de jugadas de marketing para convertir el cuidado y la preocupaci\u00f3n de los padres y cuidadores en una oportunidad de negocio. Es hora de poner fin a esta situaci\u00f3n \u2013reclama\u2013. Las mujeres deben poder tomar decisiones sobre la alimentaci\u00f3n infantil basadas en informaci\u00f3n precisa y libre de influencias de la industria\u201d.<\/p>\n\n\n\n<p class=\"wp-block-paragraph\">\u201cSeg\u00fan nuestra serie, la sociedad, la pol\u00edtica y la econom\u00eda contribuyen a que menos de la mitad de los lactantes del mundo reciban la lactancia materna recomendada \u2013destaca\u2013. La lactancia materna debe considerarse una responsabilidad colectiva de la sociedad, no una preocupaci\u00f3n exclusiva de las mujeres. Necesitamos ver acciones de amplio alcance en diferentes \u00e1mbitos de la sociedad para apoyar mejor a las madres para que amamanten durante todo el tiempo que deseen\u201d.<\/p>\n\n\n\n<p class=\"wp-block-paragraph\">Los expertos recuerdan que \u201clos beb\u00e9s tienen m\u00e1s probabilidades de sobrevivir y desarrollar todo su potencial cuando son amamantados. La lactancia favorece el desarrollo cerebral, protege a los beb\u00e9s contra la desnutrici\u00f3n, las enfermedades infecciosas y la muerte, y reduce el riesgo de obesidad y enfermedades cr\u00f3nicas en etapas posteriores de la vida\u201d.<\/p>\n\n\n\n<p class=\"wp-block-paragraph\">\u201cSin embargo, en todo el mundo, muchas mujeres que desean dar el pecho se enfrentan a m\u00faltiples obst\u00e1culos, como un permiso parental insuficiente y la falta de apoyo en los sistemas sanitarios y en el lugar de trabajo, en el contexto de las t\u00e1cticas de marketing explotadoras de la industria comercial de preparados l\u00e1cteos\u201d, afirma el coautor de la serie, el profesor Rafael P\u00e9rez-Escamilla, de la Escuela de Salud P\u00fablica de la Universidad de Yale (Estados Unidos).<\/p>\n\n\n\n<p class=\"wp-block-paragraph\">\u201cLa industria de las leches de f\u00f3rmula utiliza datos cient\u00edficos deficientes para sugerir, con escasas pruebas, que sus productos son la soluci\u00f3n a problemas comunes de salud y desarrollo infantil. Los anuncios afirman que las f\u00f3rmulas especializadas alivian la irritabilidad, ayudan con los c\u00f3licos, prolongan el sue\u00f1o nocturno e incluso fomentan una inteligencia superior, pero los estudios no muestran ning\u00fan beneficio de los ingredientes de estos productos en el rendimiento acad\u00e9mico o \u2026<\/p>\n\n\n\n<p class=\"wp-block-paragraph\">Asimismo, la serie explica c\u00f3mo el marketing de la leche de f\u00f3rmula se aprovecha de la falta de apoyo a la lactancia materna por parte de los gobiernos y la sociedad para utilizar la pol\u00edtica de g\u00e9nero para vender sus productos.<\/p>\n\n\n\n<p class=\"wp-block-paragraph\">Una nueva revisi\u00f3n, realizada para la Serie, de 153 estudios detalla c\u00f3mo las pr\u00e1cticas de comercializaci\u00f3n que violan el C\u00f3digo han continuado en casi 100 pa\u00edses y en todas las regiones del mundo desde su adopci\u00f3n hace m\u00e1s de cuarenta a\u00f1os, por lo que pide un tratado jur\u00eddico internacional sobre la comercializaci\u00f3n de alimentos para beb\u00e9s que proteja la salud y el bienestar de las madres y las familias.<\/p>\n\n\n\n<p class=\"wp-block-paragraph\">Tambi\u00e9n llama la atenci\u00f3n sobre el poder de esta industria para influir en las decisiones pol\u00edticas nacionales e interferir en los procesos reguladores internacionales y nacionales y resalta que la industria de la leche de f\u00f3rmula ha establecido una red de asociaciones comerciales y grupos de fachada que ejercen presi\u00f3n contra el C\u00f3digo y otras medidas de protecci\u00f3n de la lactancia materna.<\/p>\n\n\n\n<p class=\"wp-block-paragraph\">Adem\u00e1s de influir en las organizaciones pol\u00edticas, los autores sostienen que las empresas tambi\u00e9n se aprovechan de la credibilidad de la ciencia patrocinando organizaciones profesionales, publicando art\u00edculos patrocinados en revistas cient\u00edficas e invitando a l\u00edderes de la salud p\u00fablica a formar parte de consejos y comit\u00e9s consultivos, lo que provoca conflictos de intereses inaceptables en el \u00e1mbito de la salud p\u00fablica.<\/p>\n\n\n\n<p class=\"wp-block-paragraph\">\u201cNecesitamos un tratado jur\u00eddico internacional m\u00e1s estricto sobre la comercializaci\u00f3n de preparados l\u00e1cteos que se incorpore a la legislaci\u00f3n de todo el mundo (\u2026) que regular\u00eda la industria comercial de preparados l\u00e1cteos sin restringir la venta de los productos a quienes los necesitan o desean. En t\u00e9rminos m\u00e1s generales, la comunidad sanitaria mundial y p\u00fablica tambi\u00e9n debe ser mucho m\u00e1s cr\u00edtica con las asociaciones p\u00fablico-privadas que permiten o toleran conflictos de intereses\u201d, a \u2026<\/p>\n\n\n\n<p class=\"wp-block-paragraph\">Recuerdan que 500 millones de mujeres trabajadoras de todo el mundo no tienen derecho a una protecci\u00f3n adecuada de la maternidad y, seg\u00fan una revisi\u00f3n sistem\u00e1tica de estudios, las mujeres que disfrutan de un permiso de maternidad de al menos tres meses, remunerado o no, tienen al menos un 50% m\u00e1s de probabilidades de seguir amamantando a sus hijos que las que se reincorporan al trabajo a los tres meses de dar a luz.<\/p>\n\n\n\n<p class=\"wp-block-paragraph\">As\u00ed, los autores piden a los gobiernos y a los lugares de trabajo que reconozcan el valor de la lactancia materna y del trabajo de cuidados, mediante acciones como la ampliaci\u00f3n de la duraci\u00f3n del permiso de maternidad remunerado para que coincida con la duraci\u00f3n de seis meses recomendada por la OMS para la lactancia materna exclusiva.<\/p>\n\n\n\n<p class=\"wp-block-paragraph\">Sonia Hern\u00e1ndez-Cordero, de la Universidad Iberoamericana de Ciudad de M\u00e9xico, reconoce que se est\u00e1n observando mejoras en algunos pa\u00edses pero a\u00f1ade que \u201cmuchos gobiernos no protegen a las madres y los ni\u00f1os de las pr\u00e1cticas comerciales poco \u00e9ticas debido al poder econ\u00f3mico y pol\u00edtico de las empresas transnacionales\u201d.<\/p>\n\n\n\n<p class=\"wp-block-paragraph\">\u201cEl consejo de que la lactancia materna es lo mejor para la salud de los beb\u00e9s no sirve de nada si las mujeres no reciben apoyo para comprender y gestionar los comportamientos inestables de los beb\u00e9s, o si las madres sin permiso de maternidad o remuneraci\u00f3n se ven obligadas a volver a trabajar por necesidad econ\u00f3mica\u201d, afirma la doctora Julie Smith, de la Universidad Nacional de Australia.<\/p>\n\n\n\n<p class=\"wp-block-paragraph\">\u201cEs vital ampliar la formaci\u00f3n de los profesionales de la salud en materia de lactancia materna, as\u00ed como establecer un permiso de maternidad remunerado y otras medidas de protecci\u00f3n. Para ello es necesario cambiar la forma en que la sociedad considera que la lactancia materna es responsabilidad exclusiva de cada mujer y hacer recaer la responsabilidad en todos los niveles de la sociedad\u201d, concluye el profesor Rafael P\u00e9rez-Escamilla, de la Escuela de Salud P\u00fablica de Yale.<\/p>\n\n\n\n<p class=\"wp-block-paragraph\">EP<\/p>\n","protected":false},"excerpt":{"rendered":"<p>Las t\u00e1cticas de comercializaci\u00f3n de la leche de f\u00f3rmula son \u201cexplotadoras\u201d, por lo que es urgente reforzar la normativa y aplicarla adecuadamente, seg\u00fan un nuevo documento de tres series publicado en \u2018The Lancet\u2019. Los expertos piden un tratado jur\u00eddico internacional que ponga fin a la \u201ccomercializaci\u00f3n irresponsable\u201d de leche artificial y a los grupos de [&hellip;]<\/p>\n","protected":false},"author":15,"featured_media":0,"comment_status":"open","ping_status":"open","sticky":false,"template":"","format":"standard","meta":{"footnotes":""},"categories":[1],"tags":[],"class_list":["post-15874","post","type-post","status-publish","format-standard","category-uncategorized"],"yoast_head":"<!-- This site is optimized with the Yoast SEO plugin v27.6 - https:\/\/yoast.com\/product\/yoast-seo-wordpress\/ -->\n<title>Piden acabar con la \u201ccomercializaci\u00f3n irresponsable\u201d de la leche de f\u00f3rmula - Conexi\u00f3n 23<\/title>\n<meta name=\"robots\" content=\"index, follow, max-snippet:-1, max-image-preview:large, max-video-preview:-1\" \/>\n<link rel=\"canonical\" href=\"https:\/\/conexion23.com\/?p=15874\" \/>\n<meta property=\"og:locale\" content=\"es_ES\" \/>\n<meta property=\"og:type\" content=\"article\" \/>\n<meta property=\"og:title\" content=\"Piden acabar con la \u201ccomercializaci\u00f3n irresponsable\u201d de la leche de f\u00f3rmula - Conexi\u00f3n 23\" \/>\n<meta property=\"og:description\" content=\"Las t\u00e1cticas de comercializaci\u00f3n de la leche de f\u00f3rmula son \u201cexplotadoras\u201d, por lo que es urgente reforzar la normativa y aplicarla adecuadamente, seg\u00fan un nuevo documento de tres series publicado en \u2018The Lancet\u2019. Los expertos piden un tratado jur\u00eddico internacional que ponga fin a la \u201ccomercializaci\u00f3n irresponsable\u201d de leche artificial y a los grupos de [&hellip;]\" \/>\n<meta property=\"og:url\" content=\"https:\/\/conexion23.com\/?p=15874\" \/>\n<meta property=\"og:site_name\" content=\"Conexi\u00f3n 23\" \/>\n<meta property=\"article:publisher\" content=\"https:\/\/www.facebook.com\/conexion23com\" \/>\n<meta property=\"article:published_time\" content=\"2023-02-08T14:48:52+00:00\" \/>\n<meta property=\"article:modified_time\" content=\"2023-02-08T14:48:55+00:00\" \/>\n<meta name=\"author\" content=\"Raffy Ben\u00edtez\" \/>\n<meta name=\"twitter:card\" content=\"summary_large_image\" \/>\n<meta name=\"twitter:label1\" content=\"Escrito por\" \/>\n\t<meta name=\"twitter:data1\" content=\"Raffy Ben\u00edtez\" \/>\n\t<meta name=\"twitter:label2\" content=\"Tiempo de lectura\" \/>\n\t<meta name=\"twitter:data2\" content=\"6 minutos\" \/>\n<script type=\"application\/ld+json\" class=\"yoast-schema-graph\">{\"@context\":\"https:\\\/\\\/schema.org\",\"@graph\":[{\"@type\":\"Article\",\"@id\":\"https:\\\/\\\/conexion23.com\\\/?p=15874#article\",\"isPartOf\":{\"@id\":\"https:\\\/\\\/conexion23.com\\\/?p=15874\"},\"author\":{\"name\":\"Raffy Ben\u00edtez\",\"@id\":\"https:\\\/\\\/conexion23.com\\\/#\\\/schema\\\/person\\\/03e36043331117e97a373299bbcd30a6\"},\"headline\":\"Piden acabar con la \u201ccomercializaci\u00f3n irresponsable\u201d de la leche de f\u00f3rmula\",\"datePublished\":\"2023-02-08T14:48:52+00:00\",\"dateModified\":\"2023-02-08T14:48:55+00:00\",\"mainEntityOfPage\":{\"@id\":\"https:\\\/\\\/conexion23.com\\\/?p=15874\"},\"wordCount\":1359,\"commentCount\":0,\"publisher\":{\"@id\":\"https:\\\/\\\/conexion23.com\\\/#organization\"},\"articleSection\":[\"Uncategorized\"],\"inLanguage\":\"es\",\"potentialAction\":[{\"@type\":\"CommentAction\",\"name\":\"Comment\",\"target\":[\"https:\\\/\\\/conexion23.com\\\/?p=15874#respond\"]}]},{\"@type\":\"WebPage\",\"@id\":\"https:\\\/\\\/conexion23.com\\\/?p=15874\",\"url\":\"https:\\\/\\\/conexion23.com\\\/?p=15874\",\"name\":\"Piden acabar con la \u201ccomercializaci\u00f3n irresponsable\u201d de la leche de f\u00f3rmula - Conexi\u00f3n 23\",\"isPartOf\":{\"@id\":\"https:\\\/\\\/conexion23.com\\\/#website\"},\"datePublished\":\"2023-02-08T14:48:52+00:00\",\"dateModified\":\"2023-02-08T14:48:55+00:00\",\"breadcrumb\":{\"@id\":\"https:\\\/\\\/conexion23.com\\\/?p=15874#breadcrumb\"},\"inLanguage\":\"es\",\"potentialAction\":[{\"@type\":\"ReadAction\",\"target\":[\"https:\\\/\\\/conexion23.com\\\/?p=15874\"]}]},{\"@type\":\"BreadcrumbList\",\"@id\":\"https:\\\/\\\/conexion23.com\\\/?p=15874#breadcrumb\",\"itemListElement\":[{\"@type\":\"ListItem\",\"position\":1,\"name\":\"Portada\",\"item\":\"https:\\\/\\\/conexion23.com\\\/\"},{\"@type\":\"ListItem\",\"position\":2,\"name\":\"Piden acabar con la \u201ccomercializaci\u00f3n irresponsable\u201d de la leche de f\u00f3rmula\"}]},{\"@type\":\"WebSite\",\"@id\":\"https:\\\/\\\/conexion23.com\\\/#website\",\"url\":\"https:\\\/\\\/conexion23.com\\\/\",\"name\":\"Conexi\u00f3n 23\",\"description\":\"Peri\u00f3dico 100% Petromacorisano\",\"publisher\":{\"@id\":\"https:\\\/\\\/conexion23.com\\\/#organization\"},\"potentialAction\":[{\"@type\":\"SearchAction\",\"target\":{\"@type\":\"EntryPoint\",\"urlTemplate\":\"https:\\\/\\\/conexion23.com\\\/?s={search_term_string}\"},\"query-input\":{\"@type\":\"PropertyValueSpecification\",\"valueRequired\":true,\"valueName\":\"search_term_string\"}}],\"inLanguage\":\"es\"},{\"@type\":\"Organization\",\"@id\":\"https:\\\/\\\/conexion23.com\\\/#organization\",\"name\":\"Conexion 23\",\"url\":\"https:\\\/\\\/conexion23.com\\\/\",\"logo\":{\"@type\":\"ImageObject\",\"inLanguage\":\"es\",\"@id\":\"https:\\\/\\\/conexion23.com\\\/#\\\/schema\\\/logo\\\/image\\\/\",\"url\":\"https:\\\/\\\/conexion23.com\\\/wp-content\\\/uploads\\\/2021\\\/11\\\/Diseno-sin-titulo-2.png\",\"contentUrl\":\"https:\\\/\\\/conexion23.com\\\/wp-content\\\/uploads\\\/2021\\\/11\\\/Diseno-sin-titulo-2.png\",\"width\":541,\"height\":90,\"caption\":\"Conexion 23\"},\"image\":{\"@id\":\"https:\\\/\\\/conexion23.com\\\/#\\\/schema\\\/logo\\\/image\\\/\"},\"sameAs\":[\"https:\\\/\\\/www.facebook.com\\\/conexion23com\",\"https:\\\/\\\/www.instagram.com\\\/conexion23com\\\/\",\"https:\\\/\\\/www.youtube.com\\\/channel\\\/UCYc7vxxFZMYLIHNsHHxPZ3Q\"]},{\"@type\":\"Person\",\"@id\":\"https:\\\/\\\/conexion23.com\\\/#\\\/schema\\\/person\\\/03e36043331117e97a373299bbcd30a6\",\"name\":\"Raffy Ben\u00edtez\",\"image\":{\"@type\":\"ImageObject\",\"inLanguage\":\"es\",\"@id\":\"https:\\\/\\\/secure.gravatar.com\\\/avatar\\\/3190a6a6c5e1b0327500f7d6c56b6242472ee6cb974cf09b401ee6b3b0798f23?s=96&d=mm&r=g\",\"url\":\"https:\\\/\\\/secure.gravatar.com\\\/avatar\\\/3190a6a6c5e1b0327500f7d6c56b6242472ee6cb974cf09b401ee6b3b0798f23?s=96&d=mm&r=g\",\"contentUrl\":\"https:\\\/\\\/secure.gravatar.com\\\/avatar\\\/3190a6a6c5e1b0327500f7d6c56b6242472ee6cb974cf09b401ee6b3b0798f23?s=96&d=mm&r=g\",\"caption\":\"Raffy Ben\u00edtez\"},\"url\":\"https:\\\/\\\/conexion23.com\\\/?author=15\"}]}<\/script>\n<!-- \/ Yoast SEO plugin. -->","yoast_head_json":{"title":"Piden acabar con la \u201ccomercializaci\u00f3n irresponsable\u201d de la leche de f\u00f3rmula - Conexi\u00f3n 23","robots":{"index":"index","follow":"follow","max-snippet":"max-snippet:-1","max-image-preview":"max-image-preview:large","max-video-preview":"max-video-preview:-1"},"canonical":"https:\/\/conexion23.com\/?p=15874","og_locale":"es_ES","og_type":"article","og_title":"Piden acabar con la \u201ccomercializaci\u00f3n irresponsable\u201d de la leche de f\u00f3rmula - Conexi\u00f3n 23","og_description":"Las t\u00e1cticas de comercializaci\u00f3n de la leche de f\u00f3rmula son \u201cexplotadoras\u201d, por lo que es urgente reforzar la normativa y aplicarla adecuadamente, seg\u00fan un nuevo documento de tres series publicado en \u2018The Lancet\u2019. Los expertos piden un tratado jur\u00eddico internacional que ponga fin a la \u201ccomercializaci\u00f3n irresponsable\u201d de leche artificial y a los grupos de [&hellip;]","og_url":"https:\/\/conexion23.com\/?p=15874","og_site_name":"Conexi\u00f3n 23","article_publisher":"https:\/\/www.facebook.com\/conexion23com","article_published_time":"2023-02-08T14:48:52+00:00","article_modified_time":"2023-02-08T14:48:55+00:00","author":"Raffy Ben\u00edtez","twitter_card":"summary_large_image","twitter_misc":{"Escrito por":"Raffy Ben\u00edtez","Tiempo de lectura":"6 minutos"},"schema":{"@context":"https:\/\/schema.org","@graph":[{"@type":"Article","@id":"https:\/\/conexion23.com\/?p=15874#article","isPartOf":{"@id":"https:\/\/conexion23.com\/?p=15874"},"author":{"name":"Raffy Ben\u00edtez","@id":"https:\/\/conexion23.com\/#\/schema\/person\/03e36043331117e97a373299bbcd30a6"},"headline":"Piden acabar con la \u201ccomercializaci\u00f3n irresponsable\u201d de la leche de f\u00f3rmula","datePublished":"2023-02-08T14:48:52+00:00","dateModified":"2023-02-08T14:48:55+00:00","mainEntityOfPage":{"@id":"https:\/\/conexion23.com\/?p=15874"},"wordCount":1359,"commentCount":0,"publisher":{"@id":"https:\/\/conexion23.com\/#organization"},"articleSection":["Uncategorized"],"inLanguage":"es","potentialAction":[{"@type":"CommentAction","name":"Comment","target":["https:\/\/conexion23.com\/?p=15874#respond"]}]},{"@type":"WebPage","@id":"https:\/\/conexion23.com\/?p=15874","url":"https:\/\/conexion23.com\/?p=15874","name":"Piden acabar con la \u201ccomercializaci\u00f3n irresponsable\u201d de la leche de f\u00f3rmula - Conexi\u00f3n 23","isPartOf":{"@id":"https:\/\/conexion23.com\/#website"},"datePublished":"2023-02-08T14:48:52+00:00","dateModified":"2023-02-08T14:48:55+00:00","breadcrumb":{"@id":"https:\/\/conexion23.com\/?p=15874#breadcrumb"},"inLanguage":"es","potentialAction":[{"@type":"ReadAction","target":["https:\/\/conexion23.com\/?p=15874"]}]},{"@type":"BreadcrumbList","@id":"https:\/\/conexion23.com\/?p=15874#breadcrumb","itemListElement":[{"@type":"ListItem","position":1,"name":"Portada","item":"https:\/\/conexion23.com\/"},{"@type":"ListItem","position":2,"name":"Piden acabar con la \u201ccomercializaci\u00f3n irresponsable\u201d de la leche de f\u00f3rmula"}]},{"@type":"WebSite","@id":"https:\/\/conexion23.com\/#website","url":"https:\/\/conexion23.com\/","name":"Conexi\u00f3n 23","description":"Peri\u00f3dico 100% Petromacorisano","publisher":{"@id":"https:\/\/conexion23.com\/#organization"},"potentialAction":[{"@type":"SearchAction","target":{"@type":"EntryPoint","urlTemplate":"https:\/\/conexion23.com\/?s={search_term_string}"},"query-input":{"@type":"PropertyValueSpecification","valueRequired":true,"valueName":"search_term_string"}}],"inLanguage":"es"},{"@type":"Organization","@id":"https:\/\/conexion23.com\/#organization","name":"Conexion 23","url":"https:\/\/conexion23.com\/","logo":{"@type":"ImageObject","inLanguage":"es","@id":"https:\/\/conexion23.com\/#\/schema\/logo\/image\/","url":"https:\/\/conexion23.com\/wp-content\/uploads\/2021\/11\/Diseno-sin-titulo-2.png","contentUrl":"https:\/\/conexion23.com\/wp-content\/uploads\/2021\/11\/Diseno-sin-titulo-2.png","width":541,"height":90,"caption":"Conexion 23"},"image":{"@id":"https:\/\/conexion23.com\/#\/schema\/logo\/image\/"},"sameAs":["https:\/\/www.facebook.com\/conexion23com","https:\/\/www.instagram.com\/conexion23com\/","https:\/\/www.youtube.com\/channel\/UCYc7vxxFZMYLIHNsHHxPZ3Q"]},{"@type":"Person","@id":"https:\/\/conexion23.com\/#\/schema\/person\/03e36043331117e97a373299bbcd30a6","name":"Raffy Ben\u00edtez","image":{"@type":"ImageObject","inLanguage":"es","@id":"https:\/\/secure.gravatar.com\/avatar\/3190a6a6c5e1b0327500f7d6c56b6242472ee6cb974cf09b401ee6b3b0798f23?s=96&d=mm&r=g","url":"https:\/\/secure.gravatar.com\/avatar\/3190a6a6c5e1b0327500f7d6c56b6242472ee6cb974cf09b401ee6b3b0798f23?s=96&d=mm&r=g","contentUrl":"https:\/\/secure.gravatar.com\/avatar\/3190a6a6c5e1b0327500f7d6c56b6242472ee6cb974cf09b401ee6b3b0798f23?s=96&d=mm&r=g","caption":"Raffy Ben\u00edtez"},"url":"https:\/\/conexion23.com\/?author=15"}]}},"_links":{"self":[{"href":"https:\/\/conexion23.com\/index.php?rest_route=\/wp\/v2\/posts\/15874","targetHints":{"allow":["GET"]}}],"collection":[{"href":"https:\/\/conexion23.com\/index.php?rest_route=\/wp\/v2\/posts"}],"about":[{"href":"https:\/\/conexion23.com\/index.php?rest_route=\/wp\/v2\/types\/post"}],"author":[{"embeddable":true,"href":"https:\/\/conexion23.com\/index.php?rest_route=\/wp\/v2\/users\/15"}],"replies":[{"embeddable":true,"href":"https:\/\/conexion23.com\/index.php?rest_route=%2Fwp%2Fv2%2Fcomments&post=15874"}],"version-history":[{"count":1,"href":"https:\/\/conexion23.com\/index.php?rest_route=\/wp\/v2\/posts\/15874\/revisions"}],"predecessor-version":[{"id":15876,"href":"https:\/\/conexion23.com\/index.php?rest_route=\/wp\/v2\/posts\/15874\/revisions\/15876"}],"wp:attachment":[{"href":"https:\/\/conexion23.com\/index.php?rest_route=%2Fwp%2Fv2%2Fmedia&parent=15874"}],"wp:term":[{"taxonomy":"category","embeddable":true,"href":"https:\/\/conexion23.com\/index.php?rest_route=%2Fwp%2Fv2%2Fcategories&post=15874"},{"taxonomy":"post_tag","embeddable":true,"href":"https:\/\/conexion23.com\/index.php?rest_route=%2Fwp%2Fv2%2Ftags&post=15874"}],"curies":[{"name":"wp","href":"https:\/\/api.w.org\/{rel}","templated":true}]}}