{"id":15877,"date":"2023-02-08T10:52:25","date_gmt":"2023-02-08T14:52:25","guid":{"rendered":"https:\/\/conexion23.com\/?p=15877"},"modified":"2023-02-08T10:52:29","modified_gmt":"2023-02-08T14:52:29","slug":"domingo-contreras-afirma-derrota-electoral-de-2020-se-debio-a-suspension-elecciones","status":"publish","type":"post","link":"https:\/\/conexion23.com\/?p=15877","title":{"rendered":"Domingo contreras afirma derrota electoral de 2020 se debi\u00f3 a suspensi\u00f3n elecciones"},"content":{"rendered":"\n<p class=\"wp-block-paragraph\">El miembro del Comit\u00e9 Pol\u00edtico del Partido de la Liberaci\u00f3n Dominicana&nbsp;<strong><a href=\"https:\/\/twitter.com\/PLDenlinea\">(PLD)<\/a><\/strong>,&nbsp;Domingo Contreras, afirm\u00f3 este martes, que el elemento esencial de la derrota electoral en las pasadas elecciones de 2020, fue la suspensi\u00f3n de las elecciones municipales de febrero.<\/p>\n\n\n\n<p class=\"wp-block-paragraph\">\u00abDesde mi punto de vista, el elemento esencial, de la derrota electoral en el caso nuestro, fue la suspensi\u00f3n de las elecciones de febrero. Yo no tengo la menor duda de que en febrero ganar\u00edamos las elecciones ampliamente\u00bb, dijo Contreras, mientras participaba de una entrevista en el&nbsp;programa&nbsp;<strong><a href=\"https:\/\/www.youtube.com\/watch?v=u6v9jGpIBOQ\">Politikal<\/a><\/strong>,&nbsp;que se transmite&nbsp;por la emisora&nbsp;KQ 94.5&nbsp;y las plataformas de De \u00daltimo Minuto.<\/p>\n\n\n\n<p class=\"wp-block-paragraph\">Manifest\u00f3 que por la referida interrupci\u00f3n, tuvo que pagar el precio y que con el, la mayor\u00eda de candidatos del partido morado en, en los diferentes sectores capitales, con un efecto urbano en todos los rincones del pa\u00eds.<\/p>\n\n\n\n<p class=\"wp-block-paragraph\">Expres\u00f3 que por su parte, hizo su trabajo, para ganar, pero con el acontecimiento, el panorama pol\u00edtico cambi\u00f3 por completo.<\/p>\n\n\n\n<p class=\"wp-block-paragraph\">Al responder sigilosamente a si participar\u00e1 como candidato a alcalde del Distrito Nacional, dijo si la mayor\u00eda de los compa\u00f1eros del partido morado lo decide, lo har\u00e1.<\/p>\n\n\n\n<p class=\"wp-block-paragraph\">\u00abSi la mayor\u00eda de los compa\u00f1eros del partido lo deciden y est\u00e1n de acuerdo, pues yo lo har\u00e9\u00bb, manifest\u00f3 el municipalista.<\/p>\n\n\n\n<p class=\"wp-block-paragraph\">Contreras, que fue uno de los dirigentes clave en el Distrito Nacional en la campa\u00f1a que gan\u00f3 Abel Mart\u00ednez en la consulta de simpat\u00edas del PLD del 16 de octubre, sostuvo que ha estado realizando recorridos por los diferentes sectores de la capital, para, en otras palabras determinar las necesidades de la poblaci\u00f3n.<\/p>\n","protected":false},"excerpt":{"rendered":"<p>El miembro del Comit\u00e9 Pol\u00edtico del Partido de la Liberaci\u00f3n Dominicana&nbsp;(PLD),&nbsp;Domingo Contreras, afirm\u00f3 este martes, que el elemento esencial de la derrota electoral en las pasadas elecciones de 2020, fue la suspensi\u00f3n de las elecciones municipales de febrero. \u00abDesde mi punto de vista, el elemento esencial, de la derrota electoral en el caso nuestro, fue [&hellip;]<\/p>\n","protected":false},"author":15,"featured_media":0,"comment_status":"open","ping_status":"open","sticky":false,"template":"","format":"standard","meta":{"footnotes":""},"categories":[1],"tags":[],"class_list":["post-15877","post","type-post","status-publish","format-standard","category-uncategorized"],"yoast_head":"<!-- This site is optimized with the Yoast SEO plugin v27.6 - https:\/\/yoast.com\/product\/yoast-seo-wordpress\/ -->\n<title>Domingo contreras afirma derrota electoral de 2020 se debi\u00f3 a suspensi\u00f3n elecciones - Conexi\u00f3n 23<\/title>\n<meta name=\"robots\" content=\"index, follow, max-snippet:-1, max-image-preview:large, max-video-preview:-1\" \/>\n<link rel=\"canonical\" href=\"https:\/\/conexion23.com\/?p=15877\" \/>\n<meta property=\"og:locale\" content=\"es_ES\" \/>\n<meta property=\"og:type\" content=\"article\" \/>\n<meta property=\"og:title\" content=\"Domingo contreras afirma derrota electoral de 2020 se debi\u00f3 a suspensi\u00f3n elecciones - Conexi\u00f3n 23\" \/>\n<meta property=\"og:description\" content=\"El miembro del Comit\u00e9 Pol\u00edtico del Partido de la Liberaci\u00f3n Dominicana&nbsp;(PLD),&nbsp;Domingo Contreras, afirm\u00f3 este martes, que el elemento esencial de la derrota electoral en las pasadas elecciones de 2020, fue la suspensi\u00f3n de las elecciones municipales de febrero. \u00abDesde mi punto de vista, el elemento esencial, de la derrota electoral en el caso nuestro, fue [&hellip;]\" \/>\n<meta property=\"og:url\" content=\"https:\/\/conexion23.com\/?p=15877\" \/>\n<meta property=\"og:site_name\" content=\"Conexi\u00f3n 23\" \/>\n<meta property=\"article:publisher\" content=\"https:\/\/www.facebook.com\/conexion23com\" \/>\n<meta property=\"article:published_time\" content=\"2023-02-08T14:52:25+00:00\" \/>\n<meta property=\"article:modified_time\" content=\"2023-02-08T14:52:29+00:00\" \/>\n<meta name=\"author\" content=\"Raffy Ben\u00edtez\" \/>\n<meta name=\"twitter:card\" content=\"summary_large_image\" \/>\n<meta name=\"twitter:label1\" content=\"Escrito por\" \/>\n\t<meta name=\"twitter:data1\" content=\"Raffy Ben\u00edtez\" \/>\n\t<meta name=\"twitter:label2\" content=\"Tiempo de lectura\" \/>\n\t<meta name=\"twitter:data2\" content=\"2 minutos\" \/>\n<script type=\"application\/ld+json\" class=\"yoast-schema-graph\">{\"@context\":\"https:\\\/\\\/schema.org\",\"@graph\":[{\"@type\":\"Article\",\"@id\":\"https:\\\/\\\/conexion23.com\\\/?p=15877#article\",\"isPartOf\":{\"@id\":\"https:\\\/\\\/conexion23.com\\\/?p=15877\"},\"author\":{\"name\":\"Raffy Ben\u00edtez\",\"@id\":\"https:\\\/\\\/conexion23.com\\\/#\\\/schema\\\/person\\\/03e36043331117e97a373299bbcd30a6\"},\"headline\":\"Domingo contreras afirma derrota electoral de 2020 se debi\u00f3 a suspensi\u00f3n elecciones\",\"datePublished\":\"2023-02-08T14:52:25+00:00\",\"dateModified\":\"2023-02-08T14:52:29+00:00\",\"mainEntityOfPage\":{\"@id\":\"https:\\\/\\\/conexion23.com\\\/?p=15877\"},\"wordCount\":298,\"commentCount\":0,\"publisher\":{\"@id\":\"https:\\\/\\\/conexion23.com\\\/#organization\"},\"articleSection\":[\"Uncategorized\"],\"inLanguage\":\"es\",\"potentialAction\":[{\"@type\":\"CommentAction\",\"name\":\"Comment\",\"target\":[\"https:\\\/\\\/conexion23.com\\\/?p=15877#respond\"]}]},{\"@type\":\"WebPage\",\"@id\":\"https:\\\/\\\/conexion23.com\\\/?p=15877\",\"url\":\"https:\\\/\\\/conexion23.com\\\/?p=15877\",\"name\":\"Domingo contreras afirma derrota electoral de 2020 se debi\u00f3 a suspensi\u00f3n elecciones - Conexi\u00f3n 23\",\"isPartOf\":{\"@id\":\"https:\\\/\\\/conexion23.com\\\/#website\"},\"datePublished\":\"2023-02-08T14:52:25+00:00\",\"dateModified\":\"2023-02-08T14:52:29+00:00\",\"breadcrumb\":{\"@id\":\"https:\\\/\\\/conexion23.com\\\/?p=15877#breadcrumb\"},\"inLanguage\":\"es\",\"potentialAction\":[{\"@type\":\"ReadAction\",\"target\":[\"https:\\\/\\\/conexion23.com\\\/?p=15877\"]}]},{\"@type\":\"BreadcrumbList\",\"@id\":\"https:\\\/\\\/conexion23.com\\\/?p=15877#breadcrumb\",\"itemListElement\":[{\"@type\":\"ListItem\",\"position\":1,\"name\":\"Portada\",\"item\":\"https:\\\/\\\/conexion23.com\\\/\"},{\"@type\":\"ListItem\",\"position\":2,\"name\":\"Domingo contreras afirma derrota electoral de 2020 se debi\u00f3 a suspensi\u00f3n elecciones\"}]},{\"@type\":\"WebSite\",\"@id\":\"https:\\\/\\\/conexion23.com\\\/#website\",\"url\":\"https:\\\/\\\/conexion23.com\\\/\",\"name\":\"Conexi\u00f3n 23\",\"description\":\"Peri\u00f3dico 100% Petromacorisano\",\"publisher\":{\"@id\":\"https:\\\/\\\/conexion23.com\\\/#organization\"},\"potentialAction\":[{\"@type\":\"SearchAction\",\"target\":{\"@type\":\"EntryPoint\",\"urlTemplate\":\"https:\\\/\\\/conexion23.com\\\/?s={search_term_string}\"},\"query-input\":{\"@type\":\"PropertyValueSpecification\",\"valueRequired\":true,\"valueName\":\"search_term_string\"}}],\"inLanguage\":\"es\"},{\"@type\":\"Organization\",\"@id\":\"https:\\\/\\\/conexion23.com\\\/#organization\",\"name\":\"Conexion 23\",\"url\":\"https:\\\/\\\/conexion23.com\\\/\",\"logo\":{\"@type\":\"ImageObject\",\"inLanguage\":\"es\",\"@id\":\"https:\\\/\\\/conexion23.com\\\/#\\\/schema\\\/logo\\\/image\\\/\",\"url\":\"https:\\\/\\\/conexion23.com\\\/wp-content\\\/uploads\\\/2021\\\/11\\\/Diseno-sin-titulo-2.png\",\"contentUrl\":\"https:\\\/\\\/conexion23.com\\\/wp-content\\\/uploads\\\/2021\\\/11\\\/Diseno-sin-titulo-2.png\",\"width\":541,\"height\":90,\"caption\":\"Conexion 23\"},\"image\":{\"@id\":\"https:\\\/\\\/conexion23.com\\\/#\\\/schema\\\/logo\\\/image\\\/\"},\"sameAs\":[\"https:\\\/\\\/www.facebook.com\\\/conexion23com\",\"https:\\\/\\\/www.instagram.com\\\/conexion23com\\\/\",\"https:\\\/\\\/www.youtube.com\\\/channel\\\/UCYc7vxxFZMYLIHNsHHxPZ3Q\"]},{\"@type\":\"Person\",\"@id\":\"https:\\\/\\\/conexion23.com\\\/#\\\/schema\\\/person\\\/03e36043331117e97a373299bbcd30a6\",\"name\":\"Raffy Ben\u00edtez\",\"image\":{\"@type\":\"ImageObject\",\"inLanguage\":\"es\",\"@id\":\"https:\\\/\\\/secure.gravatar.com\\\/avatar\\\/3190a6a6c5e1b0327500f7d6c56b6242472ee6cb974cf09b401ee6b3b0798f23?s=96&d=mm&r=g\",\"url\":\"https:\\\/\\\/secure.gravatar.com\\\/avatar\\\/3190a6a6c5e1b0327500f7d6c56b6242472ee6cb974cf09b401ee6b3b0798f23?s=96&d=mm&r=g\",\"contentUrl\":\"https:\\\/\\\/secure.gravatar.com\\\/avatar\\\/3190a6a6c5e1b0327500f7d6c56b6242472ee6cb974cf09b401ee6b3b0798f23?s=96&d=mm&r=g\",\"caption\":\"Raffy Ben\u00edtez\"},\"url\":\"https:\\\/\\\/conexion23.com\\\/?author=15\"}]}<\/script>\n<!-- \/ Yoast SEO plugin. -->","yoast_head_json":{"title":"Domingo contreras afirma derrota electoral de 2020 se debi\u00f3 a suspensi\u00f3n elecciones - Conexi\u00f3n 23","robots":{"index":"index","follow":"follow","max-snippet":"max-snippet:-1","max-image-preview":"max-image-preview:large","max-video-preview":"max-video-preview:-1"},"canonical":"https:\/\/conexion23.com\/?p=15877","og_locale":"es_ES","og_type":"article","og_title":"Domingo contreras afirma derrota electoral de 2020 se debi\u00f3 a suspensi\u00f3n elecciones - Conexi\u00f3n 23","og_description":"El miembro del Comit\u00e9 Pol\u00edtico del Partido de la Liberaci\u00f3n Dominicana&nbsp;(PLD),&nbsp;Domingo Contreras, afirm\u00f3 este martes, que el elemento esencial de la derrota electoral en las pasadas elecciones de 2020, fue la suspensi\u00f3n de las elecciones municipales de febrero. \u00abDesde mi punto de vista, el elemento esencial, de la derrota electoral en el caso nuestro, fue [&hellip;]","og_url":"https:\/\/conexion23.com\/?p=15877","og_site_name":"Conexi\u00f3n 23","article_publisher":"https:\/\/www.facebook.com\/conexion23com","article_published_time":"2023-02-08T14:52:25+00:00","article_modified_time":"2023-02-08T14:52:29+00:00","author":"Raffy Ben\u00edtez","twitter_card":"summary_large_image","twitter_misc":{"Escrito por":"Raffy Ben\u00edtez","Tiempo de lectura":"2 minutos"},"schema":{"@context":"https:\/\/schema.org","@graph":[{"@type":"Article","@id":"https:\/\/conexion23.com\/?p=15877#article","isPartOf":{"@id":"https:\/\/conexion23.com\/?p=15877"},"author":{"name":"Raffy Ben\u00edtez","@id":"https:\/\/conexion23.com\/#\/schema\/person\/03e36043331117e97a373299bbcd30a6"},"headline":"Domingo contreras afirma derrota electoral de 2020 se debi\u00f3 a suspensi\u00f3n elecciones","datePublished":"2023-02-08T14:52:25+00:00","dateModified":"2023-02-08T14:52:29+00:00","mainEntityOfPage":{"@id":"https:\/\/conexion23.com\/?p=15877"},"wordCount":298,"commentCount":0,"publisher":{"@id":"https:\/\/conexion23.com\/#organization"},"articleSection":["Uncategorized"],"inLanguage":"es","potentialAction":[{"@type":"CommentAction","name":"Comment","target":["https:\/\/conexion23.com\/?p=15877#respond"]}]},{"@type":"WebPage","@id":"https:\/\/conexion23.com\/?p=15877","url":"https:\/\/conexion23.com\/?p=15877","name":"Domingo contreras afirma derrota electoral de 2020 se debi\u00f3 a suspensi\u00f3n elecciones - Conexi\u00f3n 23","isPartOf":{"@id":"https:\/\/conexion23.com\/#website"},"datePublished":"2023-02-08T14:52:25+00:00","dateModified":"2023-02-08T14:52:29+00:00","breadcrumb":{"@id":"https:\/\/conexion23.com\/?p=15877#breadcrumb"},"inLanguage":"es","potentialAction":[{"@type":"ReadAction","target":["https:\/\/conexion23.com\/?p=15877"]}]},{"@type":"BreadcrumbList","@id":"https:\/\/conexion23.com\/?p=15877#breadcrumb","itemListElement":[{"@type":"ListItem","position":1,"name":"Portada","item":"https:\/\/conexion23.com\/"},{"@type":"ListItem","position":2,"name":"Domingo contreras afirma derrota electoral de 2020 se debi\u00f3 a suspensi\u00f3n elecciones"}]},{"@type":"WebSite","@id":"https:\/\/conexion23.com\/#website","url":"https:\/\/conexion23.com\/","name":"Conexi\u00f3n 23","description":"Peri\u00f3dico 100% Petromacorisano","publisher":{"@id":"https:\/\/conexion23.com\/#organization"},"potentialAction":[{"@type":"SearchAction","target":{"@type":"EntryPoint","urlTemplate":"https:\/\/conexion23.com\/?s={search_term_string}"},"query-input":{"@type":"PropertyValueSpecification","valueRequired":true,"valueName":"search_term_string"}}],"inLanguage":"es"},{"@type":"Organization","@id":"https:\/\/conexion23.com\/#organization","name":"Conexion 23","url":"https:\/\/conexion23.com\/","logo":{"@type":"ImageObject","inLanguage":"es","@id":"https:\/\/conexion23.com\/#\/schema\/logo\/image\/","url":"https:\/\/conexion23.com\/wp-content\/uploads\/2021\/11\/Diseno-sin-titulo-2.png","contentUrl":"https:\/\/conexion23.com\/wp-content\/uploads\/2021\/11\/Diseno-sin-titulo-2.png","width":541,"height":90,"caption":"Conexion 23"},"image":{"@id":"https:\/\/conexion23.com\/#\/schema\/logo\/image\/"},"sameAs":["https:\/\/www.facebook.com\/conexion23com","https:\/\/www.instagram.com\/conexion23com\/","https:\/\/www.youtube.com\/channel\/UCYc7vxxFZMYLIHNsHHxPZ3Q"]},{"@type":"Person","@id":"https:\/\/conexion23.com\/#\/schema\/person\/03e36043331117e97a373299bbcd30a6","name":"Raffy Ben\u00edtez","image":{"@type":"ImageObject","inLanguage":"es","@id":"https:\/\/secure.gravatar.com\/avatar\/3190a6a6c5e1b0327500f7d6c56b6242472ee6cb974cf09b401ee6b3b0798f23?s=96&d=mm&r=g","url":"https:\/\/secure.gravatar.com\/avatar\/3190a6a6c5e1b0327500f7d6c56b6242472ee6cb974cf09b401ee6b3b0798f23?s=96&d=mm&r=g","contentUrl":"https:\/\/secure.gravatar.com\/avatar\/3190a6a6c5e1b0327500f7d6c56b6242472ee6cb974cf09b401ee6b3b0798f23?s=96&d=mm&r=g","caption":"Raffy Ben\u00edtez"},"url":"https:\/\/conexion23.com\/?author=15"}]}},"_links":{"self":[{"href":"https:\/\/conexion23.com\/index.php?rest_route=\/wp\/v2\/posts\/15877","targetHints":{"allow":["GET"]}}],"collection":[{"href":"https:\/\/conexion23.com\/index.php?rest_route=\/wp\/v2\/posts"}],"about":[{"href":"https:\/\/conexion23.com\/index.php?rest_route=\/wp\/v2\/types\/post"}],"author":[{"embeddable":true,"href":"https:\/\/conexion23.com\/index.php?rest_route=\/wp\/v2\/users\/15"}],"replies":[{"embeddable":true,"href":"https:\/\/conexion23.com\/index.php?rest_route=%2Fwp%2Fv2%2Fcomments&post=15877"}],"version-history":[{"count":1,"href":"https:\/\/conexion23.com\/index.php?rest_route=\/wp\/v2\/posts\/15877\/revisions"}],"predecessor-version":[{"id":15879,"href":"https:\/\/conexion23.com\/index.php?rest_route=\/wp\/v2\/posts\/15877\/revisions\/15879"}],"wp:attachment":[{"href":"https:\/\/conexion23.com\/index.php?rest_route=%2Fwp%2Fv2%2Fmedia&parent=15877"}],"wp:term":[{"taxonomy":"category","embeddable":true,"href":"https:\/\/conexion23.com\/index.php?rest_route=%2Fwp%2Fv2%2Fcategories&post=15877"},{"taxonomy":"post_tag","embeddable":true,"href":"https:\/\/conexion23.com\/index.php?rest_route=%2Fwp%2Fv2%2Ftags&post=15877"}],"curies":[{"name":"wp","href":"https:\/\/api.w.org\/{rel}","templated":true}]}}