{"id":15884,"date":"2023-02-09T10:00:11","date_gmt":"2023-02-09T14:00:11","guid":{"rendered":"https:\/\/conexion23.com\/?p=15884"},"modified":"2023-02-09T10:00:16","modified_gmt":"2023-02-09T14:00:16","slug":"el-futbol-espanol-se-tine-de-luto-por-marcos-alonso-pena","status":"publish","type":"post","link":"https:\/\/conexion23.com\/?p=15884","title":{"rendered":"El f\u00fatbol espa\u00f1ol se ti\u00f1e de luto por Marcos Alonso Pe\u00f1a"},"content":{"rendered":"\n<p class=\"wp-block-paragraph\"><strong>Madrid.-&nbsp;<\/strong>El f\u00fatbol espa\u00f1ol, instituciones, clubes, jugadores, entrenadores, todos sus estamentos, han expresado su pesar por el&nbsp;<strong>fallecimiento a los 63 a\u00f1os del exfutbolista Marcos Alonso Pe\u00f1a<\/strong>, hijo y padre de futbolistas internacionales.<\/p>\n\n\n\n<p class=\"wp-block-paragraph\">\u00abEl FC Barcelona expresa su m\u00e1s sentido p\u00e9same por la muerte de Marcos Alonso Pe\u00f1a, exjugador del Bar\u00e7a durante las temporadas 1982-1987 y padre del actual jugador del primer equipo. Toda nuestra fuerza para Marcos Alonso y su familia. Descanse en paz\u00bb, se\u00f1ala el club catal\u00e1n, con cuya camiseta logr\u00f3 ganar la Liga, la Copa del Rey, la Supercopa de Espa\u00f1a y la Copa de la Liga.<\/p>\n\n\n\n<p class=\"wp-block-paragraph\"><strong>Marcos Alonso,<\/strong>&nbsp;nacido en Cantabria y que comenz\u00f3 su carrera como jugador en el Racing de Santander, lleg\u00f3 al Barcelona procedente del Atl\u00e9tico de Madrid, que expresa en sus redes sociales que \u00abLa familia rojiblanca est\u00e1 de luto por el fallecimiento de nuestro exjugador y exentrenador Marcos Alonso Pe\u00f1a. Transmitimos nuestro m\u00e1s sincero p\u00e9same y nos unimos al dolor de su familia y amigos. Siempre estar\u00e1s en nuestros corazones. Descanse en paz\u00bb.<\/p>\n\n\n\n<p class=\"wp-block-paragraph\">\u00abEl Real Racing Club muestra su pesar por el fallecimiento, en la jornada de hoy, de Marcos Alonso, quien fuera jugador y entrenador verdiblanco en Primera Divisi\u00f3n. La entidad c\u00e1ntabra -a trav\u00e9s de estas l\u00edneas- se une al dolor de sus familiares y seres queridos, a los que env\u00eda su m\u00e1s sentido p\u00e9same, y anuncia que guardar\u00e1 un minuto de silencio en su memoria antes del partido de LaLiga SmartBank que la escuadra dirigida por Jos\u00e9 Alberto disputar\u00e1 ante el Club Deportivo Legan\u00e9s en Los Campos de Sport el lunes, 13 de febrero, a las 21:00 horas\u00bb, afirma la entidad c\u00e1ntabra en un comunicado.<\/p>\n\n\n\n<p class=\"wp-block-paragraph\">Tambi\u00e9n han mostrado su pesar equipos a los que entren\u00f3, a parte de Racing y Atl\u00e9tico, Rayo Vallecano, Sevilla, Zaragoza, Valladolid, M\u00e1laga y Granada 74, los dem\u00e1s clubes y la patronal, LaLiga, que tambi\u00e9n transmite sus \u00abm\u00e1s sinceras condolencias a los familiares y amigos de Marcos Alonso, hist\u00f3rico jugador y entrenador de nuestro f\u00fatbol\u00bb.<\/p>\n\n\n\n<p class=\"wp-block-paragraph\">Visti\u00f3, as\u00ed mismo, la camiseta de la selecci\u00f3n nacional en 22 ocasiones. La Asociaci\u00f3n Espa\u00f1ola de Futbolistas Internacionales (AEdFI) env\u00eda sus condolencias, como la RFEF, que \u00ablamenta\u00bb su p\u00e9rdida y \u00abmanda un abrazo muy sentido a sus familiares y amigos en estos momentos tan duros. El mundo del f\u00fatbol te recordar\u00e1 siempre por todo lo bueno que aportaste a nuestro deporte. DEP\u00bb.<\/p>\n\n\n\n<p class=\"wp-block-paragraph\">\u00abCon enorme tristeza despedimos a Marcos Alonso, legendario futbolista espa\u00f1ol que tanto aport\u00f3 al mundo del f\u00fatbol y a AFEF\u00fatbol. Un enorme compa\u00f1ero que durante toda su carrera deportiva dignific\u00f3 nuestra profesi\u00f3n. Nuestras condolencias a familiares y amigos\u00bb, indica la Asociaci\u00f3n de Futbolistas Espa\u00f1oles (AFE).<\/p>\n","protected":false},"excerpt":{"rendered":"<p>Madrid.-&nbsp;El f\u00fatbol espa\u00f1ol, instituciones, clubes, jugadores, entrenadores, todos sus estamentos, han expresado su pesar por el&nbsp;fallecimiento a los 63 a\u00f1os del exfutbolista Marcos Alonso Pe\u00f1a, hijo y padre de futbolistas internacionales. \u00abEl FC Barcelona expresa su m\u00e1s sentido p\u00e9same por la muerte de Marcos Alonso Pe\u00f1a, exjugador del Bar\u00e7a durante las temporadas 1982-1987 y padre [&hellip;]<\/p>\n","protected":false},"author":15,"featured_media":0,"comment_status":"open","ping_status":"open","sticky":false,"template":"","format":"standard","meta":{"footnotes":""},"categories":[1],"tags":[],"class_list":["post-15884","post","type-post","status-publish","format-standard","category-uncategorized"],"yoast_head":"<!-- This site is optimized with the Yoast SEO plugin v27.6 - https:\/\/yoast.com\/product\/yoast-seo-wordpress\/ -->\n<title>El f\u00fatbol espa\u00f1ol se ti\u00f1e de luto por Marcos Alonso Pe\u00f1a - Conexi\u00f3n 23<\/title>\n<meta name=\"robots\" content=\"index, follow, max-snippet:-1, max-image-preview:large, max-video-preview:-1\" \/>\n<link rel=\"canonical\" href=\"https:\/\/conexion23.com\/?p=15884\" \/>\n<meta property=\"og:locale\" content=\"es_ES\" \/>\n<meta property=\"og:type\" content=\"article\" \/>\n<meta property=\"og:title\" content=\"El f\u00fatbol espa\u00f1ol se ti\u00f1e de luto por Marcos Alonso Pe\u00f1a - Conexi\u00f3n 23\" \/>\n<meta property=\"og:description\" content=\"Madrid.-&nbsp;El f\u00fatbol espa\u00f1ol, instituciones, clubes, jugadores, entrenadores, todos sus estamentos, han expresado su pesar por el&nbsp;fallecimiento a los 63 a\u00f1os del exfutbolista Marcos Alonso Pe\u00f1a, hijo y padre de futbolistas internacionales. \u00abEl FC Barcelona expresa su m\u00e1s sentido p\u00e9same por la muerte de Marcos Alonso Pe\u00f1a, exjugador del Bar\u00e7a durante las temporadas 1982-1987 y padre [&hellip;]\" \/>\n<meta property=\"og:url\" content=\"https:\/\/conexion23.com\/?p=15884\" \/>\n<meta property=\"og:site_name\" content=\"Conexi\u00f3n 23\" \/>\n<meta property=\"article:publisher\" content=\"https:\/\/www.facebook.com\/conexion23com\" \/>\n<meta property=\"article:published_time\" content=\"2023-02-09T14:00:11+00:00\" \/>\n<meta property=\"article:modified_time\" content=\"2023-02-09T14:00:16+00:00\" \/>\n<meta name=\"author\" content=\"Raffy Ben\u00edtez\" \/>\n<meta name=\"twitter:card\" content=\"summary_large_image\" \/>\n<meta name=\"twitter:label1\" content=\"Escrito por\" \/>\n\t<meta name=\"twitter:data1\" content=\"Raffy Ben\u00edtez\" \/>\n\t<meta name=\"twitter:label2\" content=\"Tiempo de lectura\" \/>\n\t<meta name=\"twitter:data2\" content=\"3 minutos\" \/>\n<script type=\"application\/ld+json\" class=\"yoast-schema-graph\">{\"@context\":\"https:\\\/\\\/schema.org\",\"@graph\":[{\"@type\":\"Article\",\"@id\":\"https:\\\/\\\/conexion23.com\\\/?p=15884#article\",\"isPartOf\":{\"@id\":\"https:\\\/\\\/conexion23.com\\\/?p=15884\"},\"author\":{\"name\":\"Raffy Ben\u00edtez\",\"@id\":\"https:\\\/\\\/conexion23.com\\\/#\\\/schema\\\/person\\\/03e36043331117e97a373299bbcd30a6\"},\"headline\":\"El f\u00fatbol espa\u00f1ol se ti\u00f1e de luto por Marcos Alonso Pe\u00f1a\",\"datePublished\":\"2023-02-09T14:00:11+00:00\",\"dateModified\":\"2023-02-09T14:00:16+00:00\",\"mainEntityOfPage\":{\"@id\":\"https:\\\/\\\/conexion23.com\\\/?p=15884\"},\"wordCount\":497,\"commentCount\":0,\"publisher\":{\"@id\":\"https:\\\/\\\/conexion23.com\\\/#organization\"},\"articleSection\":[\"Uncategorized\"],\"inLanguage\":\"es\",\"potentialAction\":[{\"@type\":\"CommentAction\",\"name\":\"Comment\",\"target\":[\"https:\\\/\\\/conexion23.com\\\/?p=15884#respond\"]}]},{\"@type\":\"WebPage\",\"@id\":\"https:\\\/\\\/conexion23.com\\\/?p=15884\",\"url\":\"https:\\\/\\\/conexion23.com\\\/?p=15884\",\"name\":\"El f\u00fatbol espa\u00f1ol se ti\u00f1e de luto por Marcos Alonso Pe\u00f1a - Conexi\u00f3n 23\",\"isPartOf\":{\"@id\":\"https:\\\/\\\/conexion23.com\\\/#website\"},\"datePublished\":\"2023-02-09T14:00:11+00:00\",\"dateModified\":\"2023-02-09T14:00:16+00:00\",\"breadcrumb\":{\"@id\":\"https:\\\/\\\/conexion23.com\\\/?p=15884#breadcrumb\"},\"inLanguage\":\"es\",\"potentialAction\":[{\"@type\":\"ReadAction\",\"target\":[\"https:\\\/\\\/conexion23.com\\\/?p=15884\"]}]},{\"@type\":\"BreadcrumbList\",\"@id\":\"https:\\\/\\\/conexion23.com\\\/?p=15884#breadcrumb\",\"itemListElement\":[{\"@type\":\"ListItem\",\"position\":1,\"name\":\"Portada\",\"item\":\"https:\\\/\\\/conexion23.com\\\/\"},{\"@type\":\"ListItem\",\"position\":2,\"name\":\"El f\u00fatbol espa\u00f1ol se ti\u00f1e de luto por Marcos Alonso Pe\u00f1a\"}]},{\"@type\":\"WebSite\",\"@id\":\"https:\\\/\\\/conexion23.com\\\/#website\",\"url\":\"https:\\\/\\\/conexion23.com\\\/\",\"name\":\"Conexi\u00f3n 23\",\"description\":\"Peri\u00f3dico 100% Petromacorisano\",\"publisher\":{\"@id\":\"https:\\\/\\\/conexion23.com\\\/#organization\"},\"potentialAction\":[{\"@type\":\"SearchAction\",\"target\":{\"@type\":\"EntryPoint\",\"urlTemplate\":\"https:\\\/\\\/conexion23.com\\\/?s={search_term_string}\"},\"query-input\":{\"@type\":\"PropertyValueSpecification\",\"valueRequired\":true,\"valueName\":\"search_term_string\"}}],\"inLanguage\":\"es\"},{\"@type\":\"Organization\",\"@id\":\"https:\\\/\\\/conexion23.com\\\/#organization\",\"name\":\"Conexion 23\",\"url\":\"https:\\\/\\\/conexion23.com\\\/\",\"logo\":{\"@type\":\"ImageObject\",\"inLanguage\":\"es\",\"@id\":\"https:\\\/\\\/conexion23.com\\\/#\\\/schema\\\/logo\\\/image\\\/\",\"url\":\"https:\\\/\\\/conexion23.com\\\/wp-content\\\/uploads\\\/2021\\\/11\\\/Diseno-sin-titulo-2.png\",\"contentUrl\":\"https:\\\/\\\/conexion23.com\\\/wp-content\\\/uploads\\\/2021\\\/11\\\/Diseno-sin-titulo-2.png\",\"width\":541,\"height\":90,\"caption\":\"Conexion 23\"},\"image\":{\"@id\":\"https:\\\/\\\/conexion23.com\\\/#\\\/schema\\\/logo\\\/image\\\/\"},\"sameAs\":[\"https:\\\/\\\/www.facebook.com\\\/conexion23com\",\"https:\\\/\\\/www.instagram.com\\\/conexion23com\\\/\",\"https:\\\/\\\/www.youtube.com\\\/channel\\\/UCYc7vxxFZMYLIHNsHHxPZ3Q\"]},{\"@type\":\"Person\",\"@id\":\"https:\\\/\\\/conexion23.com\\\/#\\\/schema\\\/person\\\/03e36043331117e97a373299bbcd30a6\",\"name\":\"Raffy Ben\u00edtez\",\"image\":{\"@type\":\"ImageObject\",\"inLanguage\":\"es\",\"@id\":\"https:\\\/\\\/secure.gravatar.com\\\/avatar\\\/3190a6a6c5e1b0327500f7d6c56b6242472ee6cb974cf09b401ee6b3b0798f23?s=96&d=mm&r=g\",\"url\":\"https:\\\/\\\/secure.gravatar.com\\\/avatar\\\/3190a6a6c5e1b0327500f7d6c56b6242472ee6cb974cf09b401ee6b3b0798f23?s=96&d=mm&r=g\",\"contentUrl\":\"https:\\\/\\\/secure.gravatar.com\\\/avatar\\\/3190a6a6c5e1b0327500f7d6c56b6242472ee6cb974cf09b401ee6b3b0798f23?s=96&d=mm&r=g\",\"caption\":\"Raffy Ben\u00edtez\"},\"url\":\"https:\\\/\\\/conexion23.com\\\/?author=15\"}]}<\/script>\n<!-- \/ Yoast SEO plugin. -->","yoast_head_json":{"title":"El f\u00fatbol espa\u00f1ol se ti\u00f1e de luto por Marcos Alonso Pe\u00f1a - Conexi\u00f3n 23","robots":{"index":"index","follow":"follow","max-snippet":"max-snippet:-1","max-image-preview":"max-image-preview:large","max-video-preview":"max-video-preview:-1"},"canonical":"https:\/\/conexion23.com\/?p=15884","og_locale":"es_ES","og_type":"article","og_title":"El f\u00fatbol espa\u00f1ol se ti\u00f1e de luto por Marcos Alonso Pe\u00f1a - Conexi\u00f3n 23","og_description":"Madrid.-&nbsp;El f\u00fatbol espa\u00f1ol, instituciones, clubes, jugadores, entrenadores, todos sus estamentos, han expresado su pesar por el&nbsp;fallecimiento a los 63 a\u00f1os del exfutbolista Marcos Alonso Pe\u00f1a, hijo y padre de futbolistas internacionales. \u00abEl FC Barcelona expresa su m\u00e1s sentido p\u00e9same por la muerte de Marcos Alonso Pe\u00f1a, exjugador del Bar\u00e7a durante las temporadas 1982-1987 y padre [&hellip;]","og_url":"https:\/\/conexion23.com\/?p=15884","og_site_name":"Conexi\u00f3n 23","article_publisher":"https:\/\/www.facebook.com\/conexion23com","article_published_time":"2023-02-09T14:00:11+00:00","article_modified_time":"2023-02-09T14:00:16+00:00","author":"Raffy Ben\u00edtez","twitter_card":"summary_large_image","twitter_misc":{"Escrito por":"Raffy Ben\u00edtez","Tiempo de lectura":"3 minutos"},"schema":{"@context":"https:\/\/schema.org","@graph":[{"@type":"Article","@id":"https:\/\/conexion23.com\/?p=15884#article","isPartOf":{"@id":"https:\/\/conexion23.com\/?p=15884"},"author":{"name":"Raffy Ben\u00edtez","@id":"https:\/\/conexion23.com\/#\/schema\/person\/03e36043331117e97a373299bbcd30a6"},"headline":"El f\u00fatbol espa\u00f1ol se ti\u00f1e de luto por Marcos Alonso Pe\u00f1a","datePublished":"2023-02-09T14:00:11+00:00","dateModified":"2023-02-09T14:00:16+00:00","mainEntityOfPage":{"@id":"https:\/\/conexion23.com\/?p=15884"},"wordCount":497,"commentCount":0,"publisher":{"@id":"https:\/\/conexion23.com\/#organization"},"articleSection":["Uncategorized"],"inLanguage":"es","potentialAction":[{"@type":"CommentAction","name":"Comment","target":["https:\/\/conexion23.com\/?p=15884#respond"]}]},{"@type":"WebPage","@id":"https:\/\/conexion23.com\/?p=15884","url":"https:\/\/conexion23.com\/?p=15884","name":"El f\u00fatbol espa\u00f1ol se ti\u00f1e de luto por Marcos Alonso Pe\u00f1a - Conexi\u00f3n 23","isPartOf":{"@id":"https:\/\/conexion23.com\/#website"},"datePublished":"2023-02-09T14:00:11+00:00","dateModified":"2023-02-09T14:00:16+00:00","breadcrumb":{"@id":"https:\/\/conexion23.com\/?p=15884#breadcrumb"},"inLanguage":"es","potentialAction":[{"@type":"ReadAction","target":["https:\/\/conexion23.com\/?p=15884"]}]},{"@type":"BreadcrumbList","@id":"https:\/\/conexion23.com\/?p=15884#breadcrumb","itemListElement":[{"@type":"ListItem","position":1,"name":"Portada","item":"https:\/\/conexion23.com\/"},{"@type":"ListItem","position":2,"name":"El f\u00fatbol espa\u00f1ol se ti\u00f1e de luto por Marcos Alonso Pe\u00f1a"}]},{"@type":"WebSite","@id":"https:\/\/conexion23.com\/#website","url":"https:\/\/conexion23.com\/","name":"Conexi\u00f3n 23","description":"Peri\u00f3dico 100% Petromacorisano","publisher":{"@id":"https:\/\/conexion23.com\/#organization"},"potentialAction":[{"@type":"SearchAction","target":{"@type":"EntryPoint","urlTemplate":"https:\/\/conexion23.com\/?s={search_term_string}"},"query-input":{"@type":"PropertyValueSpecification","valueRequired":true,"valueName":"search_term_string"}}],"inLanguage":"es"},{"@type":"Organization","@id":"https:\/\/conexion23.com\/#organization","name":"Conexion 23","url":"https:\/\/conexion23.com\/","logo":{"@type":"ImageObject","inLanguage":"es","@id":"https:\/\/conexion23.com\/#\/schema\/logo\/image\/","url":"https:\/\/conexion23.com\/wp-content\/uploads\/2021\/11\/Diseno-sin-titulo-2.png","contentUrl":"https:\/\/conexion23.com\/wp-content\/uploads\/2021\/11\/Diseno-sin-titulo-2.png","width":541,"height":90,"caption":"Conexion 23"},"image":{"@id":"https:\/\/conexion23.com\/#\/schema\/logo\/image\/"},"sameAs":["https:\/\/www.facebook.com\/conexion23com","https:\/\/www.instagram.com\/conexion23com\/","https:\/\/www.youtube.com\/channel\/UCYc7vxxFZMYLIHNsHHxPZ3Q"]},{"@type":"Person","@id":"https:\/\/conexion23.com\/#\/schema\/person\/03e36043331117e97a373299bbcd30a6","name":"Raffy Ben\u00edtez","image":{"@type":"ImageObject","inLanguage":"es","@id":"https:\/\/secure.gravatar.com\/avatar\/3190a6a6c5e1b0327500f7d6c56b6242472ee6cb974cf09b401ee6b3b0798f23?s=96&d=mm&r=g","url":"https:\/\/secure.gravatar.com\/avatar\/3190a6a6c5e1b0327500f7d6c56b6242472ee6cb974cf09b401ee6b3b0798f23?s=96&d=mm&r=g","contentUrl":"https:\/\/secure.gravatar.com\/avatar\/3190a6a6c5e1b0327500f7d6c56b6242472ee6cb974cf09b401ee6b3b0798f23?s=96&d=mm&r=g","caption":"Raffy Ben\u00edtez"},"url":"https:\/\/conexion23.com\/?author=15"}]}},"_links":{"self":[{"href":"https:\/\/conexion23.com\/index.php?rest_route=\/wp\/v2\/posts\/15884","targetHints":{"allow":["GET"]}}],"collection":[{"href":"https:\/\/conexion23.com\/index.php?rest_route=\/wp\/v2\/posts"}],"about":[{"href":"https:\/\/conexion23.com\/index.php?rest_route=\/wp\/v2\/types\/post"}],"author":[{"embeddable":true,"href":"https:\/\/conexion23.com\/index.php?rest_route=\/wp\/v2\/users\/15"}],"replies":[{"embeddable":true,"href":"https:\/\/conexion23.com\/index.php?rest_route=%2Fwp%2Fv2%2Fcomments&post=15884"}],"version-history":[{"count":1,"href":"https:\/\/conexion23.com\/index.php?rest_route=\/wp\/v2\/posts\/15884\/revisions"}],"predecessor-version":[{"id":15886,"href":"https:\/\/conexion23.com\/index.php?rest_route=\/wp\/v2\/posts\/15884\/revisions\/15886"}],"wp:attachment":[{"href":"https:\/\/conexion23.com\/index.php?rest_route=%2Fwp%2Fv2%2Fmedia&parent=15884"}],"wp:term":[{"taxonomy":"category","embeddable":true,"href":"https:\/\/conexion23.com\/index.php?rest_route=%2Fwp%2Fv2%2Fcategories&post=15884"},{"taxonomy":"post_tag","embeddable":true,"href":"https:\/\/conexion23.com\/index.php?rest_route=%2Fwp%2Fv2%2Ftags&post=15884"}],"curies":[{"name":"wp","href":"https:\/\/api.w.org\/{rel}","templated":true}]}}