{"id":15887,"date":"2023-02-09T10:02:56","date_gmt":"2023-02-09T14:02:56","guid":{"rendered":"https:\/\/conexion23.com\/?p=15887"},"modified":"2023-02-09T10:03:01","modified_gmt":"2023-02-09T14:03:01","slug":"direccion-del-comite-municipal-del-pld-en-sde-se-reune-con-danilo-medina","status":"publish","type":"post","link":"https:\/\/conexion23.com\/?p=15887","title":{"rendered":"Direcci\u00f3n del Comit\u00e9 Municipal del PLD en SDE se re\u00fane con Danilo Medina"},"content":{"rendered":"\n<p class=\"wp-block-paragraph\">\u201cAfinando detalles para la conquista del triunfo en las elecciones del 2024\u201d, as\u00ed definieron los participantes lo tratado en el encuentro que encabez\u00f3 el ex Presidente de la Rep\u00fablica, Danilo Medina, presidente del Partido de la Liberaci\u00f3n Dominicana (PLD)&nbsp; con el equipo de direcci\u00f3n del municipio Santo Domingo Este.<\/p>\n\n\n\n<p class=\"wp-block-paragraph\">Los miembros de la direcci\u00f3n municipal,&nbsp; reci\u00e9n escogida,&nbsp; abordaron con el presidente del PLD y el coordinador nacional de campa\u00f1a, Francisco Javier Garc\u00eda,&nbsp; la l\u00ednea de trabajo a seguir para fortalecer y promover la candidatura presidencial de Abel Mart\u00ednez.<\/p>\n\n\n\n<p class=\"wp-block-paragraph\">Se aprovech\u00f3 el escenario del encuentro para afinar los detalles de la asamblea de dirigentes del municipio, convocada por el Comit\u00e9 de Campa\u00f1a para trazar la estrategia de la candidatura en el municipio,&nbsp; este jueves 9 de febrero.<\/p>\n\n\n\n<p class=\"wp-block-paragraph\">Francisco Javier Garc\u00eda inici\u00f3 &nbsp;el pasado fin de semana, junto a &nbsp;una comitiva del Comit\u00e9 Pol\u00edtico, &nbsp;una serie de encuentros con la dirigencias provinciales y de circunscripciones electorales &nbsp;del PLD planificando acciones y pasos con miras a la participaci\u00f3n &nbsp;en las elecciones de 2024.<\/p>\n\n\n\n<p class=\"wp-block-paragraph\">Los encuentros de esta semana iniciar\u00e1n el jueves en el Municipio Santo Domingo Este, sigue el viernes con la Circunscripci\u00f3n Uno del Distrito Nacional, el s\u00e1bado en el municipio Santo Domingo Norte y el domingo en la Circunscripci\u00f3n Tres del Distrito Nacional.<\/p>\n\n\n\n<p class=\"wp-block-paragraph\">Junto al ex Presidente Danilo Medina y&nbsp; el &nbsp;Coordinador Nacional de Campa\u00f1a, Francisco Javier Garc\u00eda; participaron &nbsp;los miembros del Comit\u00e9 Pol\u00edtico: Cristina Lizardo, presidenta de la Provincia Santo Domingo, &nbsp;Carlos Pared P\u00e9rez; Jhonny Pujols, Alexis Lantigua, &nbsp;Robert De La Cruz, los miembros de la Direcci\u00f3n del Comit\u00e9 Municipal y los Presidentes de las tres Circunscripciones del municipio, entre otros.<\/p>\n","protected":false},"excerpt":{"rendered":"<p>\u201cAfinando detalles para la conquista del triunfo en las elecciones del 2024\u201d, as\u00ed definieron los participantes lo tratado en el encuentro que encabez\u00f3 el ex Presidente de la Rep\u00fablica, Danilo Medina, presidente del Partido de la Liberaci\u00f3n Dominicana (PLD)&nbsp; con el equipo de direcci\u00f3n del municipio Santo Domingo Este. Los miembros de la direcci\u00f3n municipal,&nbsp; [&hellip;]<\/p>\n","protected":false},"author":15,"featured_media":0,"comment_status":"open","ping_status":"open","sticky":false,"template":"","format":"standard","meta":{"footnotes":""},"categories":[1],"tags":[],"class_list":["post-15887","post","type-post","status-publish","format-standard","category-uncategorized"],"yoast_head":"<!-- This site is optimized with the Yoast SEO plugin v27.6 - https:\/\/yoast.com\/product\/yoast-seo-wordpress\/ -->\n<title>Direcci\u00f3n del Comit\u00e9 Municipal del PLD en SDE se re\u00fane con Danilo Medina - Conexi\u00f3n 23<\/title>\n<meta name=\"robots\" content=\"index, follow, max-snippet:-1, max-image-preview:large, max-video-preview:-1\" \/>\n<link rel=\"canonical\" href=\"https:\/\/conexion23.com\/?p=15887\" \/>\n<meta property=\"og:locale\" content=\"es_ES\" \/>\n<meta property=\"og:type\" content=\"article\" \/>\n<meta property=\"og:title\" content=\"Direcci\u00f3n del Comit\u00e9 Municipal del PLD en SDE se re\u00fane con Danilo Medina - Conexi\u00f3n 23\" \/>\n<meta property=\"og:description\" content=\"\u201cAfinando detalles para la conquista del triunfo en las elecciones del 2024\u201d, as\u00ed definieron los participantes lo tratado en el encuentro que encabez\u00f3 el ex Presidente de la Rep\u00fablica, Danilo Medina, presidente del Partido de la Liberaci\u00f3n Dominicana (PLD)&nbsp; con el equipo de direcci\u00f3n del municipio Santo Domingo Este. Los miembros de la direcci\u00f3n municipal,&nbsp; [&hellip;]\" \/>\n<meta property=\"og:url\" content=\"https:\/\/conexion23.com\/?p=15887\" \/>\n<meta property=\"og:site_name\" content=\"Conexi\u00f3n 23\" \/>\n<meta property=\"article:publisher\" content=\"https:\/\/www.facebook.com\/conexion23com\" \/>\n<meta property=\"article:published_time\" content=\"2023-02-09T14:02:56+00:00\" \/>\n<meta property=\"article:modified_time\" content=\"2023-02-09T14:03:01+00:00\" \/>\n<meta name=\"author\" content=\"Raffy Ben\u00edtez\" \/>\n<meta name=\"twitter:card\" content=\"summary_large_image\" \/>\n<meta name=\"twitter:label1\" content=\"Escrito por\" \/>\n\t<meta name=\"twitter:data1\" content=\"Raffy Ben\u00edtez\" \/>\n\t<meta name=\"twitter:label2\" content=\"Tiempo de lectura\" \/>\n\t<meta name=\"twitter:data2\" content=\"2 minutos\" \/>\n<script type=\"application\/ld+json\" class=\"yoast-schema-graph\">{\"@context\":\"https:\\\/\\\/schema.org\",\"@graph\":[{\"@type\":\"Article\",\"@id\":\"https:\\\/\\\/conexion23.com\\\/?p=15887#article\",\"isPartOf\":{\"@id\":\"https:\\\/\\\/conexion23.com\\\/?p=15887\"},\"author\":{\"name\":\"Raffy Ben\u00edtez\",\"@id\":\"https:\\\/\\\/conexion23.com\\\/#\\\/schema\\\/person\\\/03e36043331117e97a373299bbcd30a6\"},\"headline\":\"Direcci\u00f3n del Comit\u00e9 Municipal del PLD en SDE se re\u00fane con Danilo Medina\",\"datePublished\":\"2023-02-09T14:02:56+00:00\",\"dateModified\":\"2023-02-09T14:03:01+00:00\",\"mainEntityOfPage\":{\"@id\":\"https:\\\/\\\/conexion23.com\\\/?p=15887\"},\"wordCount\":320,\"commentCount\":0,\"publisher\":{\"@id\":\"https:\\\/\\\/conexion23.com\\\/#organization\"},\"articleSection\":[\"Uncategorized\"],\"inLanguage\":\"es\",\"potentialAction\":[{\"@type\":\"CommentAction\",\"name\":\"Comment\",\"target\":[\"https:\\\/\\\/conexion23.com\\\/?p=15887#respond\"]}]},{\"@type\":\"WebPage\",\"@id\":\"https:\\\/\\\/conexion23.com\\\/?p=15887\",\"url\":\"https:\\\/\\\/conexion23.com\\\/?p=15887\",\"name\":\"Direcci\u00f3n del Comit\u00e9 Municipal del PLD en SDE se re\u00fane con Danilo Medina - Conexi\u00f3n 23\",\"isPartOf\":{\"@id\":\"https:\\\/\\\/conexion23.com\\\/#website\"},\"datePublished\":\"2023-02-09T14:02:56+00:00\",\"dateModified\":\"2023-02-09T14:03:01+00:00\",\"breadcrumb\":{\"@id\":\"https:\\\/\\\/conexion23.com\\\/?p=15887#breadcrumb\"},\"inLanguage\":\"es\",\"potentialAction\":[{\"@type\":\"ReadAction\",\"target\":[\"https:\\\/\\\/conexion23.com\\\/?p=15887\"]}]},{\"@type\":\"BreadcrumbList\",\"@id\":\"https:\\\/\\\/conexion23.com\\\/?p=15887#breadcrumb\",\"itemListElement\":[{\"@type\":\"ListItem\",\"position\":1,\"name\":\"Portada\",\"item\":\"https:\\\/\\\/conexion23.com\\\/\"},{\"@type\":\"ListItem\",\"position\":2,\"name\":\"Direcci\u00f3n del Comit\u00e9 Municipal del PLD en SDE se re\u00fane con Danilo Medina\"}]},{\"@type\":\"WebSite\",\"@id\":\"https:\\\/\\\/conexion23.com\\\/#website\",\"url\":\"https:\\\/\\\/conexion23.com\\\/\",\"name\":\"Conexi\u00f3n 23\",\"description\":\"Peri\u00f3dico 100% Petromacorisano\",\"publisher\":{\"@id\":\"https:\\\/\\\/conexion23.com\\\/#organization\"},\"potentialAction\":[{\"@type\":\"SearchAction\",\"target\":{\"@type\":\"EntryPoint\",\"urlTemplate\":\"https:\\\/\\\/conexion23.com\\\/?s={search_term_string}\"},\"query-input\":{\"@type\":\"PropertyValueSpecification\",\"valueRequired\":true,\"valueName\":\"search_term_string\"}}],\"inLanguage\":\"es\"},{\"@type\":\"Organization\",\"@id\":\"https:\\\/\\\/conexion23.com\\\/#organization\",\"name\":\"Conexion 23\",\"url\":\"https:\\\/\\\/conexion23.com\\\/\",\"logo\":{\"@type\":\"ImageObject\",\"inLanguage\":\"es\",\"@id\":\"https:\\\/\\\/conexion23.com\\\/#\\\/schema\\\/logo\\\/image\\\/\",\"url\":\"https:\\\/\\\/conexion23.com\\\/wp-content\\\/uploads\\\/2021\\\/11\\\/Diseno-sin-titulo-2.png\",\"contentUrl\":\"https:\\\/\\\/conexion23.com\\\/wp-content\\\/uploads\\\/2021\\\/11\\\/Diseno-sin-titulo-2.png\",\"width\":541,\"height\":90,\"caption\":\"Conexion 23\"},\"image\":{\"@id\":\"https:\\\/\\\/conexion23.com\\\/#\\\/schema\\\/logo\\\/image\\\/\"},\"sameAs\":[\"https:\\\/\\\/www.facebook.com\\\/conexion23com\",\"https:\\\/\\\/www.instagram.com\\\/conexion23com\\\/\",\"https:\\\/\\\/www.youtube.com\\\/channel\\\/UCYc7vxxFZMYLIHNsHHxPZ3Q\"]},{\"@type\":\"Person\",\"@id\":\"https:\\\/\\\/conexion23.com\\\/#\\\/schema\\\/person\\\/03e36043331117e97a373299bbcd30a6\",\"name\":\"Raffy Ben\u00edtez\",\"image\":{\"@type\":\"ImageObject\",\"inLanguage\":\"es\",\"@id\":\"https:\\\/\\\/secure.gravatar.com\\\/avatar\\\/3190a6a6c5e1b0327500f7d6c56b6242472ee6cb974cf09b401ee6b3b0798f23?s=96&d=mm&r=g\",\"url\":\"https:\\\/\\\/secure.gravatar.com\\\/avatar\\\/3190a6a6c5e1b0327500f7d6c56b6242472ee6cb974cf09b401ee6b3b0798f23?s=96&d=mm&r=g\",\"contentUrl\":\"https:\\\/\\\/secure.gravatar.com\\\/avatar\\\/3190a6a6c5e1b0327500f7d6c56b6242472ee6cb974cf09b401ee6b3b0798f23?s=96&d=mm&r=g\",\"caption\":\"Raffy Ben\u00edtez\"},\"url\":\"https:\\\/\\\/conexion23.com\\\/?author=15\"}]}<\/script>\n<!-- \/ Yoast SEO plugin. -->","yoast_head_json":{"title":"Direcci\u00f3n del Comit\u00e9 Municipal del PLD en SDE se re\u00fane con Danilo Medina - Conexi\u00f3n 23","robots":{"index":"index","follow":"follow","max-snippet":"max-snippet:-1","max-image-preview":"max-image-preview:large","max-video-preview":"max-video-preview:-1"},"canonical":"https:\/\/conexion23.com\/?p=15887","og_locale":"es_ES","og_type":"article","og_title":"Direcci\u00f3n del Comit\u00e9 Municipal del PLD en SDE se re\u00fane con Danilo Medina - Conexi\u00f3n 23","og_description":"\u201cAfinando detalles para la conquista del triunfo en las elecciones del 2024\u201d, as\u00ed definieron los participantes lo tratado en el encuentro que encabez\u00f3 el ex Presidente de la Rep\u00fablica, Danilo Medina, presidente del Partido de la Liberaci\u00f3n Dominicana (PLD)&nbsp; con el equipo de direcci\u00f3n del municipio Santo Domingo Este. Los miembros de la direcci\u00f3n municipal,&nbsp; [&hellip;]","og_url":"https:\/\/conexion23.com\/?p=15887","og_site_name":"Conexi\u00f3n 23","article_publisher":"https:\/\/www.facebook.com\/conexion23com","article_published_time":"2023-02-09T14:02:56+00:00","article_modified_time":"2023-02-09T14:03:01+00:00","author":"Raffy Ben\u00edtez","twitter_card":"summary_large_image","twitter_misc":{"Escrito por":"Raffy Ben\u00edtez","Tiempo de lectura":"2 minutos"},"schema":{"@context":"https:\/\/schema.org","@graph":[{"@type":"Article","@id":"https:\/\/conexion23.com\/?p=15887#article","isPartOf":{"@id":"https:\/\/conexion23.com\/?p=15887"},"author":{"name":"Raffy Ben\u00edtez","@id":"https:\/\/conexion23.com\/#\/schema\/person\/03e36043331117e97a373299bbcd30a6"},"headline":"Direcci\u00f3n del Comit\u00e9 Municipal del PLD en SDE se re\u00fane con Danilo Medina","datePublished":"2023-02-09T14:02:56+00:00","dateModified":"2023-02-09T14:03:01+00:00","mainEntityOfPage":{"@id":"https:\/\/conexion23.com\/?p=15887"},"wordCount":320,"commentCount":0,"publisher":{"@id":"https:\/\/conexion23.com\/#organization"},"articleSection":["Uncategorized"],"inLanguage":"es","potentialAction":[{"@type":"CommentAction","name":"Comment","target":["https:\/\/conexion23.com\/?p=15887#respond"]}]},{"@type":"WebPage","@id":"https:\/\/conexion23.com\/?p=15887","url":"https:\/\/conexion23.com\/?p=15887","name":"Direcci\u00f3n del Comit\u00e9 Municipal del PLD en SDE se re\u00fane con Danilo Medina - Conexi\u00f3n 23","isPartOf":{"@id":"https:\/\/conexion23.com\/#website"},"datePublished":"2023-02-09T14:02:56+00:00","dateModified":"2023-02-09T14:03:01+00:00","breadcrumb":{"@id":"https:\/\/conexion23.com\/?p=15887#breadcrumb"},"inLanguage":"es","potentialAction":[{"@type":"ReadAction","target":["https:\/\/conexion23.com\/?p=15887"]}]},{"@type":"BreadcrumbList","@id":"https:\/\/conexion23.com\/?p=15887#breadcrumb","itemListElement":[{"@type":"ListItem","position":1,"name":"Portada","item":"https:\/\/conexion23.com\/"},{"@type":"ListItem","position":2,"name":"Direcci\u00f3n del Comit\u00e9 Municipal del PLD en SDE se re\u00fane con Danilo Medina"}]},{"@type":"WebSite","@id":"https:\/\/conexion23.com\/#website","url":"https:\/\/conexion23.com\/","name":"Conexi\u00f3n 23","description":"Peri\u00f3dico 100% Petromacorisano","publisher":{"@id":"https:\/\/conexion23.com\/#organization"},"potentialAction":[{"@type":"SearchAction","target":{"@type":"EntryPoint","urlTemplate":"https:\/\/conexion23.com\/?s={search_term_string}"},"query-input":{"@type":"PropertyValueSpecification","valueRequired":true,"valueName":"search_term_string"}}],"inLanguage":"es"},{"@type":"Organization","@id":"https:\/\/conexion23.com\/#organization","name":"Conexion 23","url":"https:\/\/conexion23.com\/","logo":{"@type":"ImageObject","inLanguage":"es","@id":"https:\/\/conexion23.com\/#\/schema\/logo\/image\/","url":"https:\/\/conexion23.com\/wp-content\/uploads\/2021\/11\/Diseno-sin-titulo-2.png","contentUrl":"https:\/\/conexion23.com\/wp-content\/uploads\/2021\/11\/Diseno-sin-titulo-2.png","width":541,"height":90,"caption":"Conexion 23"},"image":{"@id":"https:\/\/conexion23.com\/#\/schema\/logo\/image\/"},"sameAs":["https:\/\/www.facebook.com\/conexion23com","https:\/\/www.instagram.com\/conexion23com\/","https:\/\/www.youtube.com\/channel\/UCYc7vxxFZMYLIHNsHHxPZ3Q"]},{"@type":"Person","@id":"https:\/\/conexion23.com\/#\/schema\/person\/03e36043331117e97a373299bbcd30a6","name":"Raffy Ben\u00edtez","image":{"@type":"ImageObject","inLanguage":"es","@id":"https:\/\/secure.gravatar.com\/avatar\/3190a6a6c5e1b0327500f7d6c56b6242472ee6cb974cf09b401ee6b3b0798f23?s=96&d=mm&r=g","url":"https:\/\/secure.gravatar.com\/avatar\/3190a6a6c5e1b0327500f7d6c56b6242472ee6cb974cf09b401ee6b3b0798f23?s=96&d=mm&r=g","contentUrl":"https:\/\/secure.gravatar.com\/avatar\/3190a6a6c5e1b0327500f7d6c56b6242472ee6cb974cf09b401ee6b3b0798f23?s=96&d=mm&r=g","caption":"Raffy Ben\u00edtez"},"url":"https:\/\/conexion23.com\/?author=15"}]}},"_links":{"self":[{"href":"https:\/\/conexion23.com\/index.php?rest_route=\/wp\/v2\/posts\/15887","targetHints":{"allow":["GET"]}}],"collection":[{"href":"https:\/\/conexion23.com\/index.php?rest_route=\/wp\/v2\/posts"}],"about":[{"href":"https:\/\/conexion23.com\/index.php?rest_route=\/wp\/v2\/types\/post"}],"author":[{"embeddable":true,"href":"https:\/\/conexion23.com\/index.php?rest_route=\/wp\/v2\/users\/15"}],"replies":[{"embeddable":true,"href":"https:\/\/conexion23.com\/index.php?rest_route=%2Fwp%2Fv2%2Fcomments&post=15887"}],"version-history":[{"count":1,"href":"https:\/\/conexion23.com\/index.php?rest_route=\/wp\/v2\/posts\/15887\/revisions"}],"predecessor-version":[{"id":15889,"href":"https:\/\/conexion23.com\/index.php?rest_route=\/wp\/v2\/posts\/15887\/revisions\/15889"}],"wp:attachment":[{"href":"https:\/\/conexion23.com\/index.php?rest_route=%2Fwp%2Fv2%2Fmedia&parent=15887"}],"wp:term":[{"taxonomy":"category","embeddable":true,"href":"https:\/\/conexion23.com\/index.php?rest_route=%2Fwp%2Fv2%2Fcategories&post=15887"},{"taxonomy":"post_tag","embeddable":true,"href":"https:\/\/conexion23.com\/index.php?rest_route=%2Fwp%2Fv2%2Ftags&post=15887"}],"curies":[{"name":"wp","href":"https:\/\/api.w.org\/{rel}","templated":true}]}}