{"id":15898,"date":"2023-02-09T11:58:56","date_gmt":"2023-02-09T15:58:56","guid":{"rendered":"https:\/\/conexion23.com\/?p=15898"},"modified":"2023-02-09T11:58:59","modified_gmt":"2023-02-09T15:58:59","slug":"lula-va-a-su-primer-encuentro-con-biden","status":"publish","type":"post","link":"https:\/\/conexion23.com\/?p=15898","title":{"rendered":"Lula va a su primer encuentro con Biden"},"content":{"rendered":"\n<p class=\"wp-block-paragraph\">Brasilia.- El presidente brasile\u00f1o, Luiz In\u00e1cio Lula da Silva, viaj\u00f3 este jueves hacia Washington para su primera cita con el mandatario estadounidense Joe Bien, con quien abordar\u00e1 una agenda que incluye democracia, medioambiente y paz.<\/p>\n\n\n\n<p class=\"wp-block-paragraph\">Seg\u00fan fuentes oficiales, la primera visita de Lula a la Casa Blanca en su tercer mandato, que comenz\u00f3 el 1 de enero, tendr\u00e1 un contenido esencialmente \u00abpol\u00edtico\u00bb, aunque tambi\u00e9n una vertiente comercial y otras volcadas al medioambiente y los derechos humanos.<\/p>\n\n\n\n<p class=\"wp-block-paragraph\">De hecho, la delegaci\u00f3n la integran el canciller Mauro Vieira, los titulares de Medio Ambiente, Marina Silva; Hacienda, Fernando Haddad; e Igualdad Racial, Anielle Franco, as\u00ed como el viceministro de Industria y Comercio, Marcio El\u00edas Rosa.<\/p>\n\n\n\n<p class=\"wp-block-paragraph\">El avi\u00f3n de la Presidencia brasile\u00f1a llegar\u00e1 esta misma tarde a la Base A\u00e9rea Saint Andrews, pero la agenda de Lula solo comenzar\u00e1 ma\u00f1ana.<\/p>\n\n\n\n<p class=\"wp-block-paragraph\">El primer acto ser\u00e1 un encuentro con el senador Bernie Sanders, del sector m\u00e1s izquierdista del Partido Dem\u00f3crata. Luego se reunir\u00e1 con otros legisladores del partido gobernante y con un grupo de sindicalistas, tras lo cual se dirigir\u00e1 a la Casa Blanca.<\/p>\n\n\n\n<p class=\"wp-block-paragraph\">LA DEFENSA DE LA DEMOCRACIA FRENTE A LA ULTRADERECHA<br>Uno de los principales puntos de la agenda de Lula con Biden ser\u00e1 la \u00abamenaza\u00bb que representa la ultraderecha radical, que ha mostrado su rostro m\u00e1s violento precisamente en Washington y en Brasilia.<\/p>\n\n\n\n<p class=\"wp-block-paragraph\">El 6 de enero de 2021, catorce d\u00edas antes de la investidura de Biden, la ultraderecha en que se respalda Donald Trump y desconoc\u00eda la victoria del dem\u00f3crata se lanz\u00f3 contra el Capitolio.<\/p>\n\n\n\n<p class=\"wp-block-paragraph\">El 8 de enero pasado, fueron los partidarios del ya exmandatario Jair Bolsonaro quienes asaltaron los tres poderes de la Naci\u00f3n en Brasilia, en un intento de provocar un golpe de Estado contra Lula, quien hab\u00eda asumido el primer d\u00eda de este a\u00f1o.<\/p>\n","protected":false},"excerpt":{"rendered":"<p>Brasilia.- El presidente brasile\u00f1o, Luiz In\u00e1cio Lula da Silva, viaj\u00f3 este jueves hacia Washington para su primera cita con el mandatario estadounidense Joe Bien, con quien abordar\u00e1 una agenda que incluye democracia, medioambiente y paz. Seg\u00fan fuentes oficiales, la primera visita de Lula a la Casa Blanca en su tercer mandato, que comenz\u00f3 el 1 [&hellip;]<\/p>\n","protected":false},"author":15,"featured_media":0,"comment_status":"open","ping_status":"open","sticky":false,"template":"","format":"standard","meta":{"footnotes":""},"categories":[1],"tags":[],"class_list":["post-15898","post","type-post","status-publish","format-standard","category-uncategorized"],"yoast_head":"<!-- This site is optimized with the Yoast SEO plugin v27.6 - https:\/\/yoast.com\/product\/yoast-seo-wordpress\/ -->\n<title>Lula va a su primer encuentro con Biden - Conexi\u00f3n 23<\/title>\n<meta name=\"robots\" content=\"index, follow, max-snippet:-1, max-image-preview:large, max-video-preview:-1\" \/>\n<link rel=\"canonical\" href=\"https:\/\/conexion23.com\/?p=15898\" \/>\n<meta property=\"og:locale\" content=\"es_ES\" \/>\n<meta property=\"og:type\" content=\"article\" \/>\n<meta property=\"og:title\" content=\"Lula va a su primer encuentro con Biden - Conexi\u00f3n 23\" \/>\n<meta property=\"og:description\" content=\"Brasilia.- El presidente brasile\u00f1o, Luiz In\u00e1cio Lula da Silva, viaj\u00f3 este jueves hacia Washington para su primera cita con el mandatario estadounidense Joe Bien, con quien abordar\u00e1 una agenda que incluye democracia, medioambiente y paz. Seg\u00fan fuentes oficiales, la primera visita de Lula a la Casa Blanca en su tercer mandato, que comenz\u00f3 el 1 [&hellip;]\" \/>\n<meta property=\"og:url\" content=\"https:\/\/conexion23.com\/?p=15898\" \/>\n<meta property=\"og:site_name\" content=\"Conexi\u00f3n 23\" \/>\n<meta property=\"article:publisher\" content=\"https:\/\/www.facebook.com\/conexion23com\" \/>\n<meta property=\"article:published_time\" content=\"2023-02-09T15:58:56+00:00\" \/>\n<meta property=\"article:modified_time\" content=\"2023-02-09T15:58:59+00:00\" \/>\n<meta name=\"author\" content=\"Raffy Ben\u00edtez\" \/>\n<meta name=\"twitter:card\" content=\"summary_large_image\" \/>\n<meta name=\"twitter:label1\" content=\"Escrito por\" \/>\n\t<meta name=\"twitter:data1\" content=\"Raffy Ben\u00edtez\" \/>\n\t<meta name=\"twitter:label2\" content=\"Tiempo de lectura\" \/>\n\t<meta name=\"twitter:data2\" content=\"2 minutos\" \/>\n<script type=\"application\/ld+json\" class=\"yoast-schema-graph\">{\"@context\":\"https:\\\/\\\/schema.org\",\"@graph\":[{\"@type\":\"Article\",\"@id\":\"https:\\\/\\\/conexion23.com\\\/?p=15898#article\",\"isPartOf\":{\"@id\":\"https:\\\/\\\/conexion23.com\\\/?p=15898\"},\"author\":{\"name\":\"Raffy Ben\u00edtez\",\"@id\":\"https:\\\/\\\/conexion23.com\\\/#\\\/schema\\\/person\\\/03e36043331117e97a373299bbcd30a6\"},\"headline\":\"Lula va a su primer encuentro con Biden\",\"datePublished\":\"2023-02-09T15:58:56+00:00\",\"dateModified\":\"2023-02-09T15:58:59+00:00\",\"mainEntityOfPage\":{\"@id\":\"https:\\\/\\\/conexion23.com\\\/?p=15898\"},\"wordCount\":321,\"commentCount\":0,\"publisher\":{\"@id\":\"https:\\\/\\\/conexion23.com\\\/#organization\"},\"articleSection\":[\"Uncategorized\"],\"inLanguage\":\"es\",\"potentialAction\":[{\"@type\":\"CommentAction\",\"name\":\"Comment\",\"target\":[\"https:\\\/\\\/conexion23.com\\\/?p=15898#respond\"]}]},{\"@type\":\"WebPage\",\"@id\":\"https:\\\/\\\/conexion23.com\\\/?p=15898\",\"url\":\"https:\\\/\\\/conexion23.com\\\/?p=15898\",\"name\":\"Lula va a su primer encuentro con Biden - Conexi\u00f3n 23\",\"isPartOf\":{\"@id\":\"https:\\\/\\\/conexion23.com\\\/#website\"},\"datePublished\":\"2023-02-09T15:58:56+00:00\",\"dateModified\":\"2023-02-09T15:58:59+00:00\",\"breadcrumb\":{\"@id\":\"https:\\\/\\\/conexion23.com\\\/?p=15898#breadcrumb\"},\"inLanguage\":\"es\",\"potentialAction\":[{\"@type\":\"ReadAction\",\"target\":[\"https:\\\/\\\/conexion23.com\\\/?p=15898\"]}]},{\"@type\":\"BreadcrumbList\",\"@id\":\"https:\\\/\\\/conexion23.com\\\/?p=15898#breadcrumb\",\"itemListElement\":[{\"@type\":\"ListItem\",\"position\":1,\"name\":\"Portada\",\"item\":\"https:\\\/\\\/conexion23.com\\\/\"},{\"@type\":\"ListItem\",\"position\":2,\"name\":\"Lula va a su primer encuentro con Biden\"}]},{\"@type\":\"WebSite\",\"@id\":\"https:\\\/\\\/conexion23.com\\\/#website\",\"url\":\"https:\\\/\\\/conexion23.com\\\/\",\"name\":\"Conexi\u00f3n 23\",\"description\":\"Peri\u00f3dico 100% Petromacorisano\",\"publisher\":{\"@id\":\"https:\\\/\\\/conexion23.com\\\/#organization\"},\"potentialAction\":[{\"@type\":\"SearchAction\",\"target\":{\"@type\":\"EntryPoint\",\"urlTemplate\":\"https:\\\/\\\/conexion23.com\\\/?s={search_term_string}\"},\"query-input\":{\"@type\":\"PropertyValueSpecification\",\"valueRequired\":true,\"valueName\":\"search_term_string\"}}],\"inLanguage\":\"es\"},{\"@type\":\"Organization\",\"@id\":\"https:\\\/\\\/conexion23.com\\\/#organization\",\"name\":\"Conexion 23\",\"url\":\"https:\\\/\\\/conexion23.com\\\/\",\"logo\":{\"@type\":\"ImageObject\",\"inLanguage\":\"es\",\"@id\":\"https:\\\/\\\/conexion23.com\\\/#\\\/schema\\\/logo\\\/image\\\/\",\"url\":\"https:\\\/\\\/conexion23.com\\\/wp-content\\\/uploads\\\/2021\\\/11\\\/Diseno-sin-titulo-2.png\",\"contentUrl\":\"https:\\\/\\\/conexion23.com\\\/wp-content\\\/uploads\\\/2021\\\/11\\\/Diseno-sin-titulo-2.png\",\"width\":541,\"height\":90,\"caption\":\"Conexion 23\"},\"image\":{\"@id\":\"https:\\\/\\\/conexion23.com\\\/#\\\/schema\\\/logo\\\/image\\\/\"},\"sameAs\":[\"https:\\\/\\\/www.facebook.com\\\/conexion23com\",\"https:\\\/\\\/www.instagram.com\\\/conexion23com\\\/\",\"https:\\\/\\\/www.youtube.com\\\/channel\\\/UCYc7vxxFZMYLIHNsHHxPZ3Q\"]},{\"@type\":\"Person\",\"@id\":\"https:\\\/\\\/conexion23.com\\\/#\\\/schema\\\/person\\\/03e36043331117e97a373299bbcd30a6\",\"name\":\"Raffy Ben\u00edtez\",\"image\":{\"@type\":\"ImageObject\",\"inLanguage\":\"es\",\"@id\":\"https:\\\/\\\/secure.gravatar.com\\\/avatar\\\/3190a6a6c5e1b0327500f7d6c56b6242472ee6cb974cf09b401ee6b3b0798f23?s=96&d=mm&r=g\",\"url\":\"https:\\\/\\\/secure.gravatar.com\\\/avatar\\\/3190a6a6c5e1b0327500f7d6c56b6242472ee6cb974cf09b401ee6b3b0798f23?s=96&d=mm&r=g\",\"contentUrl\":\"https:\\\/\\\/secure.gravatar.com\\\/avatar\\\/3190a6a6c5e1b0327500f7d6c56b6242472ee6cb974cf09b401ee6b3b0798f23?s=96&d=mm&r=g\",\"caption\":\"Raffy Ben\u00edtez\"},\"url\":\"https:\\\/\\\/conexion23.com\\\/?author=15\"}]}<\/script>\n<!-- \/ Yoast SEO plugin. -->","yoast_head_json":{"title":"Lula va a su primer encuentro con Biden - Conexi\u00f3n 23","robots":{"index":"index","follow":"follow","max-snippet":"max-snippet:-1","max-image-preview":"max-image-preview:large","max-video-preview":"max-video-preview:-1"},"canonical":"https:\/\/conexion23.com\/?p=15898","og_locale":"es_ES","og_type":"article","og_title":"Lula va a su primer encuentro con Biden - Conexi\u00f3n 23","og_description":"Brasilia.- El presidente brasile\u00f1o, Luiz In\u00e1cio Lula da Silva, viaj\u00f3 este jueves hacia Washington para su primera cita con el mandatario estadounidense Joe Bien, con quien abordar\u00e1 una agenda que incluye democracia, medioambiente y paz. Seg\u00fan fuentes oficiales, la primera visita de Lula a la Casa Blanca en su tercer mandato, que comenz\u00f3 el 1 [&hellip;]","og_url":"https:\/\/conexion23.com\/?p=15898","og_site_name":"Conexi\u00f3n 23","article_publisher":"https:\/\/www.facebook.com\/conexion23com","article_published_time":"2023-02-09T15:58:56+00:00","article_modified_time":"2023-02-09T15:58:59+00:00","author":"Raffy Ben\u00edtez","twitter_card":"summary_large_image","twitter_misc":{"Escrito por":"Raffy Ben\u00edtez","Tiempo de lectura":"2 minutos"},"schema":{"@context":"https:\/\/schema.org","@graph":[{"@type":"Article","@id":"https:\/\/conexion23.com\/?p=15898#article","isPartOf":{"@id":"https:\/\/conexion23.com\/?p=15898"},"author":{"name":"Raffy Ben\u00edtez","@id":"https:\/\/conexion23.com\/#\/schema\/person\/03e36043331117e97a373299bbcd30a6"},"headline":"Lula va a su primer encuentro con Biden","datePublished":"2023-02-09T15:58:56+00:00","dateModified":"2023-02-09T15:58:59+00:00","mainEntityOfPage":{"@id":"https:\/\/conexion23.com\/?p=15898"},"wordCount":321,"commentCount":0,"publisher":{"@id":"https:\/\/conexion23.com\/#organization"},"articleSection":["Uncategorized"],"inLanguage":"es","potentialAction":[{"@type":"CommentAction","name":"Comment","target":["https:\/\/conexion23.com\/?p=15898#respond"]}]},{"@type":"WebPage","@id":"https:\/\/conexion23.com\/?p=15898","url":"https:\/\/conexion23.com\/?p=15898","name":"Lula va a su primer encuentro con Biden - Conexi\u00f3n 23","isPartOf":{"@id":"https:\/\/conexion23.com\/#website"},"datePublished":"2023-02-09T15:58:56+00:00","dateModified":"2023-02-09T15:58:59+00:00","breadcrumb":{"@id":"https:\/\/conexion23.com\/?p=15898#breadcrumb"},"inLanguage":"es","potentialAction":[{"@type":"ReadAction","target":["https:\/\/conexion23.com\/?p=15898"]}]},{"@type":"BreadcrumbList","@id":"https:\/\/conexion23.com\/?p=15898#breadcrumb","itemListElement":[{"@type":"ListItem","position":1,"name":"Portada","item":"https:\/\/conexion23.com\/"},{"@type":"ListItem","position":2,"name":"Lula va a su primer encuentro con Biden"}]},{"@type":"WebSite","@id":"https:\/\/conexion23.com\/#website","url":"https:\/\/conexion23.com\/","name":"Conexi\u00f3n 23","description":"Peri\u00f3dico 100% Petromacorisano","publisher":{"@id":"https:\/\/conexion23.com\/#organization"},"potentialAction":[{"@type":"SearchAction","target":{"@type":"EntryPoint","urlTemplate":"https:\/\/conexion23.com\/?s={search_term_string}"},"query-input":{"@type":"PropertyValueSpecification","valueRequired":true,"valueName":"search_term_string"}}],"inLanguage":"es"},{"@type":"Organization","@id":"https:\/\/conexion23.com\/#organization","name":"Conexion 23","url":"https:\/\/conexion23.com\/","logo":{"@type":"ImageObject","inLanguage":"es","@id":"https:\/\/conexion23.com\/#\/schema\/logo\/image\/","url":"https:\/\/conexion23.com\/wp-content\/uploads\/2021\/11\/Diseno-sin-titulo-2.png","contentUrl":"https:\/\/conexion23.com\/wp-content\/uploads\/2021\/11\/Diseno-sin-titulo-2.png","width":541,"height":90,"caption":"Conexion 23"},"image":{"@id":"https:\/\/conexion23.com\/#\/schema\/logo\/image\/"},"sameAs":["https:\/\/www.facebook.com\/conexion23com","https:\/\/www.instagram.com\/conexion23com\/","https:\/\/www.youtube.com\/channel\/UCYc7vxxFZMYLIHNsHHxPZ3Q"]},{"@type":"Person","@id":"https:\/\/conexion23.com\/#\/schema\/person\/03e36043331117e97a373299bbcd30a6","name":"Raffy Ben\u00edtez","image":{"@type":"ImageObject","inLanguage":"es","@id":"https:\/\/secure.gravatar.com\/avatar\/3190a6a6c5e1b0327500f7d6c56b6242472ee6cb974cf09b401ee6b3b0798f23?s=96&d=mm&r=g","url":"https:\/\/secure.gravatar.com\/avatar\/3190a6a6c5e1b0327500f7d6c56b6242472ee6cb974cf09b401ee6b3b0798f23?s=96&d=mm&r=g","contentUrl":"https:\/\/secure.gravatar.com\/avatar\/3190a6a6c5e1b0327500f7d6c56b6242472ee6cb974cf09b401ee6b3b0798f23?s=96&d=mm&r=g","caption":"Raffy Ben\u00edtez"},"url":"https:\/\/conexion23.com\/?author=15"}]}},"_links":{"self":[{"href":"https:\/\/conexion23.com\/index.php?rest_route=\/wp\/v2\/posts\/15898","targetHints":{"allow":["GET"]}}],"collection":[{"href":"https:\/\/conexion23.com\/index.php?rest_route=\/wp\/v2\/posts"}],"about":[{"href":"https:\/\/conexion23.com\/index.php?rest_route=\/wp\/v2\/types\/post"}],"author":[{"embeddable":true,"href":"https:\/\/conexion23.com\/index.php?rest_route=\/wp\/v2\/users\/15"}],"replies":[{"embeddable":true,"href":"https:\/\/conexion23.com\/index.php?rest_route=%2Fwp%2Fv2%2Fcomments&post=15898"}],"version-history":[{"count":1,"href":"https:\/\/conexion23.com\/index.php?rest_route=\/wp\/v2\/posts\/15898\/revisions"}],"predecessor-version":[{"id":15900,"href":"https:\/\/conexion23.com\/index.php?rest_route=\/wp\/v2\/posts\/15898\/revisions\/15900"}],"wp:attachment":[{"href":"https:\/\/conexion23.com\/index.php?rest_route=%2Fwp%2Fv2%2Fmedia&parent=15898"}],"wp:term":[{"taxonomy":"category","embeddable":true,"href":"https:\/\/conexion23.com\/index.php?rest_route=%2Fwp%2Fv2%2Fcategories&post=15898"},{"taxonomy":"post_tag","embeddable":true,"href":"https:\/\/conexion23.com\/index.php?rest_route=%2Fwp%2Fv2%2Ftags&post=15898"}],"curies":[{"name":"wp","href":"https:\/\/api.w.org\/{rel}","templated":true}]}}