{"id":15901,"date":"2023-02-09T12:00:29","date_gmt":"2023-02-09T16:00:29","guid":{"rendered":"https:\/\/conexion23.com\/?p=15901"},"modified":"2023-02-09T12:00:34","modified_gmt":"2023-02-09T16:00:34","slug":"miguel-vargas-se-reune-con-embajador-chino-en-el-pais","status":"publish","type":"post","link":"https:\/\/conexion23.com\/?p=15901","title":{"rendered":"Miguel Vargas se re\u00fane con embajador chino en el pa\u00eds"},"content":{"rendered":"\n<p class=\"wp-block-paragraph\"><strong>Santo Domingo.-<\/strong>&nbsp;El exministro de Relaciones Exteriores, Miguel Vargas Maldonado, recibi\u00f3 en su residencia al embajador de la Rep\u00fablica Popular China, Zhang Run, quien le visit\u00f3 junto a su esposa, la se\u00f1ora Duan Niyan, con motivo de la despedida de su misi\u00f3n diplom\u00e1tica en este pa\u00eds.<\/p>\n\n\n\n<p class=\"wp-block-paragraph\">Vargas Maldonado manifest\u00f3 sentirse honrado de reunirse con tan distinguidas personalidades y record\u00f3 el importante papel del diplom\u00e1tico para que Rep\u00fablica Dominicana pudiera abastecerse de las primeras vacunas contra la Covid-19 en plena emergencia sanitaria por la pandemia.<\/p>\n\n\n\n<p class=\"wp-block-paragraph\">Cabe destacar que el excanciller Vargas fue protagonista, en un rol trascendental, en el proceso de consecuci\u00f3n del establecimiento de las relaciones diplom\u00e1ticas entre China y Rep\u00fablica Dominicana, el primero de mayo del 2018.<\/p>\n\n\n\n<p class=\"wp-block-paragraph\">En esa ocasi\u00f3n, durante el acto formal que as\u00ed lo oficializ\u00f3 en Beijing, ambos pa\u00edses estuvieron representados por los entonces cancilleres Wang Yi y Miguel Vargas.<\/p>\n\n\n\n<p class=\"wp-block-paragraph\">Tambi\u00e9n se recuerda que el presidente de China, Xi Jinping, otorgando una importancia especial a la Rep\u00fablica Dominicana, design\u00f3 a Zhang Run como embajador en ese mismo a\u00f1o.<\/p>\n","protected":false},"excerpt":{"rendered":"<p>Santo Domingo.-&nbsp;El exministro de Relaciones Exteriores, Miguel Vargas Maldonado, recibi\u00f3 en su residencia al embajador de la Rep\u00fablica Popular China, Zhang Run, quien le visit\u00f3 junto a su esposa, la se\u00f1ora Duan Niyan, con motivo de la despedida de su misi\u00f3n diplom\u00e1tica en este pa\u00eds. Vargas Maldonado manifest\u00f3 sentirse honrado de reunirse con tan distinguidas [&hellip;]<\/p>\n","protected":false},"author":15,"featured_media":0,"comment_status":"open","ping_status":"open","sticky":false,"template":"","format":"standard","meta":{"footnotes":""},"categories":[1],"tags":[],"class_list":["post-15901","post","type-post","status-publish","format-standard","category-uncategorized"],"yoast_head":"<!-- This site is optimized with the Yoast SEO plugin v27.6 - https:\/\/yoast.com\/product\/yoast-seo-wordpress\/ -->\n<title>Miguel Vargas se re\u00fane con embajador chino en el pa\u00eds - Conexi\u00f3n 23<\/title>\n<meta name=\"robots\" content=\"index, follow, max-snippet:-1, max-image-preview:large, max-video-preview:-1\" \/>\n<link rel=\"canonical\" href=\"https:\/\/conexion23.com\/?p=15901\" \/>\n<meta property=\"og:locale\" content=\"es_ES\" \/>\n<meta property=\"og:type\" content=\"article\" \/>\n<meta property=\"og:title\" content=\"Miguel Vargas se re\u00fane con embajador chino en el pa\u00eds - Conexi\u00f3n 23\" \/>\n<meta property=\"og:description\" content=\"Santo Domingo.-&nbsp;El exministro de Relaciones Exteriores, Miguel Vargas Maldonado, recibi\u00f3 en su residencia al embajador de la Rep\u00fablica Popular China, Zhang Run, quien le visit\u00f3 junto a su esposa, la se\u00f1ora Duan Niyan, con motivo de la despedida de su misi\u00f3n diplom\u00e1tica en este pa\u00eds. Vargas Maldonado manifest\u00f3 sentirse honrado de reunirse con tan distinguidas [&hellip;]\" \/>\n<meta property=\"og:url\" content=\"https:\/\/conexion23.com\/?p=15901\" \/>\n<meta property=\"og:site_name\" content=\"Conexi\u00f3n 23\" \/>\n<meta property=\"article:publisher\" content=\"https:\/\/www.facebook.com\/conexion23com\" \/>\n<meta property=\"article:published_time\" content=\"2023-02-09T16:00:29+00:00\" \/>\n<meta property=\"article:modified_time\" content=\"2023-02-09T16:00:34+00:00\" \/>\n<meta name=\"author\" content=\"Raffy Ben\u00edtez\" \/>\n<meta name=\"twitter:card\" content=\"summary_large_image\" \/>\n<meta name=\"twitter:label1\" content=\"Escrito por\" \/>\n\t<meta name=\"twitter:data1\" content=\"Raffy Ben\u00edtez\" \/>\n\t<meta name=\"twitter:label2\" content=\"Tiempo de lectura\" \/>\n\t<meta name=\"twitter:data2\" content=\"1 minuto\" \/>\n<script type=\"application\/ld+json\" class=\"yoast-schema-graph\">{\"@context\":\"https:\\\/\\\/schema.org\",\"@graph\":[{\"@type\":\"Article\",\"@id\":\"https:\\\/\\\/conexion23.com\\\/?p=15901#article\",\"isPartOf\":{\"@id\":\"https:\\\/\\\/conexion23.com\\\/?p=15901\"},\"author\":{\"name\":\"Raffy Ben\u00edtez\",\"@id\":\"https:\\\/\\\/conexion23.com\\\/#\\\/schema\\\/person\\\/03e36043331117e97a373299bbcd30a6\"},\"headline\":\"Miguel Vargas se re\u00fane con embajador chino en el pa\u00eds\",\"datePublished\":\"2023-02-09T16:00:29+00:00\",\"dateModified\":\"2023-02-09T16:00:34+00:00\",\"mainEntityOfPage\":{\"@id\":\"https:\\\/\\\/conexion23.com\\\/?p=15901\"},\"wordCount\":200,\"commentCount\":0,\"publisher\":{\"@id\":\"https:\\\/\\\/conexion23.com\\\/#organization\"},\"articleSection\":[\"Uncategorized\"],\"inLanguage\":\"es\",\"potentialAction\":[{\"@type\":\"CommentAction\",\"name\":\"Comment\",\"target\":[\"https:\\\/\\\/conexion23.com\\\/?p=15901#respond\"]}]},{\"@type\":\"WebPage\",\"@id\":\"https:\\\/\\\/conexion23.com\\\/?p=15901\",\"url\":\"https:\\\/\\\/conexion23.com\\\/?p=15901\",\"name\":\"Miguel Vargas se re\u00fane con embajador chino en el pa\u00eds - Conexi\u00f3n 23\",\"isPartOf\":{\"@id\":\"https:\\\/\\\/conexion23.com\\\/#website\"},\"datePublished\":\"2023-02-09T16:00:29+00:00\",\"dateModified\":\"2023-02-09T16:00:34+00:00\",\"breadcrumb\":{\"@id\":\"https:\\\/\\\/conexion23.com\\\/?p=15901#breadcrumb\"},\"inLanguage\":\"es\",\"potentialAction\":[{\"@type\":\"ReadAction\",\"target\":[\"https:\\\/\\\/conexion23.com\\\/?p=15901\"]}]},{\"@type\":\"BreadcrumbList\",\"@id\":\"https:\\\/\\\/conexion23.com\\\/?p=15901#breadcrumb\",\"itemListElement\":[{\"@type\":\"ListItem\",\"position\":1,\"name\":\"Portada\",\"item\":\"https:\\\/\\\/conexion23.com\\\/\"},{\"@type\":\"ListItem\",\"position\":2,\"name\":\"Miguel Vargas se re\u00fane con embajador chino en el pa\u00eds\"}]},{\"@type\":\"WebSite\",\"@id\":\"https:\\\/\\\/conexion23.com\\\/#website\",\"url\":\"https:\\\/\\\/conexion23.com\\\/\",\"name\":\"Conexi\u00f3n 23\",\"description\":\"Peri\u00f3dico 100% Petromacorisano\",\"publisher\":{\"@id\":\"https:\\\/\\\/conexion23.com\\\/#organization\"},\"potentialAction\":[{\"@type\":\"SearchAction\",\"target\":{\"@type\":\"EntryPoint\",\"urlTemplate\":\"https:\\\/\\\/conexion23.com\\\/?s={search_term_string}\"},\"query-input\":{\"@type\":\"PropertyValueSpecification\",\"valueRequired\":true,\"valueName\":\"search_term_string\"}}],\"inLanguage\":\"es\"},{\"@type\":\"Organization\",\"@id\":\"https:\\\/\\\/conexion23.com\\\/#organization\",\"name\":\"Conexion 23\",\"url\":\"https:\\\/\\\/conexion23.com\\\/\",\"logo\":{\"@type\":\"ImageObject\",\"inLanguage\":\"es\",\"@id\":\"https:\\\/\\\/conexion23.com\\\/#\\\/schema\\\/logo\\\/image\\\/\",\"url\":\"https:\\\/\\\/conexion23.com\\\/wp-content\\\/uploads\\\/2021\\\/11\\\/Diseno-sin-titulo-2.png\",\"contentUrl\":\"https:\\\/\\\/conexion23.com\\\/wp-content\\\/uploads\\\/2021\\\/11\\\/Diseno-sin-titulo-2.png\",\"width\":541,\"height\":90,\"caption\":\"Conexion 23\"},\"image\":{\"@id\":\"https:\\\/\\\/conexion23.com\\\/#\\\/schema\\\/logo\\\/image\\\/\"},\"sameAs\":[\"https:\\\/\\\/www.facebook.com\\\/conexion23com\",\"https:\\\/\\\/www.instagram.com\\\/conexion23com\\\/\",\"https:\\\/\\\/www.youtube.com\\\/channel\\\/UCYc7vxxFZMYLIHNsHHxPZ3Q\"]},{\"@type\":\"Person\",\"@id\":\"https:\\\/\\\/conexion23.com\\\/#\\\/schema\\\/person\\\/03e36043331117e97a373299bbcd30a6\",\"name\":\"Raffy Ben\u00edtez\",\"image\":{\"@type\":\"ImageObject\",\"inLanguage\":\"es\",\"@id\":\"https:\\\/\\\/secure.gravatar.com\\\/avatar\\\/3190a6a6c5e1b0327500f7d6c56b6242472ee6cb974cf09b401ee6b3b0798f23?s=96&d=mm&r=g\",\"url\":\"https:\\\/\\\/secure.gravatar.com\\\/avatar\\\/3190a6a6c5e1b0327500f7d6c56b6242472ee6cb974cf09b401ee6b3b0798f23?s=96&d=mm&r=g\",\"contentUrl\":\"https:\\\/\\\/secure.gravatar.com\\\/avatar\\\/3190a6a6c5e1b0327500f7d6c56b6242472ee6cb974cf09b401ee6b3b0798f23?s=96&d=mm&r=g\",\"caption\":\"Raffy Ben\u00edtez\"},\"url\":\"https:\\\/\\\/conexion23.com\\\/?author=15\"}]}<\/script>\n<!-- \/ Yoast SEO plugin. -->","yoast_head_json":{"title":"Miguel Vargas se re\u00fane con embajador chino en el pa\u00eds - Conexi\u00f3n 23","robots":{"index":"index","follow":"follow","max-snippet":"max-snippet:-1","max-image-preview":"max-image-preview:large","max-video-preview":"max-video-preview:-1"},"canonical":"https:\/\/conexion23.com\/?p=15901","og_locale":"es_ES","og_type":"article","og_title":"Miguel Vargas se re\u00fane con embajador chino en el pa\u00eds - Conexi\u00f3n 23","og_description":"Santo Domingo.-&nbsp;El exministro de Relaciones Exteriores, Miguel Vargas Maldonado, recibi\u00f3 en su residencia al embajador de la Rep\u00fablica Popular China, Zhang Run, quien le visit\u00f3 junto a su esposa, la se\u00f1ora Duan Niyan, con motivo de la despedida de su misi\u00f3n diplom\u00e1tica en este pa\u00eds. Vargas Maldonado manifest\u00f3 sentirse honrado de reunirse con tan distinguidas [&hellip;]","og_url":"https:\/\/conexion23.com\/?p=15901","og_site_name":"Conexi\u00f3n 23","article_publisher":"https:\/\/www.facebook.com\/conexion23com","article_published_time":"2023-02-09T16:00:29+00:00","article_modified_time":"2023-02-09T16:00:34+00:00","author":"Raffy Ben\u00edtez","twitter_card":"summary_large_image","twitter_misc":{"Escrito por":"Raffy Ben\u00edtez","Tiempo de lectura":"1 minuto"},"schema":{"@context":"https:\/\/schema.org","@graph":[{"@type":"Article","@id":"https:\/\/conexion23.com\/?p=15901#article","isPartOf":{"@id":"https:\/\/conexion23.com\/?p=15901"},"author":{"name":"Raffy Ben\u00edtez","@id":"https:\/\/conexion23.com\/#\/schema\/person\/03e36043331117e97a373299bbcd30a6"},"headline":"Miguel Vargas se re\u00fane con embajador chino en el pa\u00eds","datePublished":"2023-02-09T16:00:29+00:00","dateModified":"2023-02-09T16:00:34+00:00","mainEntityOfPage":{"@id":"https:\/\/conexion23.com\/?p=15901"},"wordCount":200,"commentCount":0,"publisher":{"@id":"https:\/\/conexion23.com\/#organization"},"articleSection":["Uncategorized"],"inLanguage":"es","potentialAction":[{"@type":"CommentAction","name":"Comment","target":["https:\/\/conexion23.com\/?p=15901#respond"]}]},{"@type":"WebPage","@id":"https:\/\/conexion23.com\/?p=15901","url":"https:\/\/conexion23.com\/?p=15901","name":"Miguel Vargas se re\u00fane con embajador chino en el pa\u00eds - Conexi\u00f3n 23","isPartOf":{"@id":"https:\/\/conexion23.com\/#website"},"datePublished":"2023-02-09T16:00:29+00:00","dateModified":"2023-02-09T16:00:34+00:00","breadcrumb":{"@id":"https:\/\/conexion23.com\/?p=15901#breadcrumb"},"inLanguage":"es","potentialAction":[{"@type":"ReadAction","target":["https:\/\/conexion23.com\/?p=15901"]}]},{"@type":"BreadcrumbList","@id":"https:\/\/conexion23.com\/?p=15901#breadcrumb","itemListElement":[{"@type":"ListItem","position":1,"name":"Portada","item":"https:\/\/conexion23.com\/"},{"@type":"ListItem","position":2,"name":"Miguel Vargas se re\u00fane con embajador chino en el pa\u00eds"}]},{"@type":"WebSite","@id":"https:\/\/conexion23.com\/#website","url":"https:\/\/conexion23.com\/","name":"Conexi\u00f3n 23","description":"Peri\u00f3dico 100% Petromacorisano","publisher":{"@id":"https:\/\/conexion23.com\/#organization"},"potentialAction":[{"@type":"SearchAction","target":{"@type":"EntryPoint","urlTemplate":"https:\/\/conexion23.com\/?s={search_term_string}"},"query-input":{"@type":"PropertyValueSpecification","valueRequired":true,"valueName":"search_term_string"}}],"inLanguage":"es"},{"@type":"Organization","@id":"https:\/\/conexion23.com\/#organization","name":"Conexion 23","url":"https:\/\/conexion23.com\/","logo":{"@type":"ImageObject","inLanguage":"es","@id":"https:\/\/conexion23.com\/#\/schema\/logo\/image\/","url":"https:\/\/conexion23.com\/wp-content\/uploads\/2021\/11\/Diseno-sin-titulo-2.png","contentUrl":"https:\/\/conexion23.com\/wp-content\/uploads\/2021\/11\/Diseno-sin-titulo-2.png","width":541,"height":90,"caption":"Conexion 23"},"image":{"@id":"https:\/\/conexion23.com\/#\/schema\/logo\/image\/"},"sameAs":["https:\/\/www.facebook.com\/conexion23com","https:\/\/www.instagram.com\/conexion23com\/","https:\/\/www.youtube.com\/channel\/UCYc7vxxFZMYLIHNsHHxPZ3Q"]},{"@type":"Person","@id":"https:\/\/conexion23.com\/#\/schema\/person\/03e36043331117e97a373299bbcd30a6","name":"Raffy Ben\u00edtez","image":{"@type":"ImageObject","inLanguage":"es","@id":"https:\/\/secure.gravatar.com\/avatar\/3190a6a6c5e1b0327500f7d6c56b6242472ee6cb974cf09b401ee6b3b0798f23?s=96&d=mm&r=g","url":"https:\/\/secure.gravatar.com\/avatar\/3190a6a6c5e1b0327500f7d6c56b6242472ee6cb974cf09b401ee6b3b0798f23?s=96&d=mm&r=g","contentUrl":"https:\/\/secure.gravatar.com\/avatar\/3190a6a6c5e1b0327500f7d6c56b6242472ee6cb974cf09b401ee6b3b0798f23?s=96&d=mm&r=g","caption":"Raffy Ben\u00edtez"},"url":"https:\/\/conexion23.com\/?author=15"}]}},"_links":{"self":[{"href":"https:\/\/conexion23.com\/index.php?rest_route=\/wp\/v2\/posts\/15901","targetHints":{"allow":["GET"]}}],"collection":[{"href":"https:\/\/conexion23.com\/index.php?rest_route=\/wp\/v2\/posts"}],"about":[{"href":"https:\/\/conexion23.com\/index.php?rest_route=\/wp\/v2\/types\/post"}],"author":[{"embeddable":true,"href":"https:\/\/conexion23.com\/index.php?rest_route=\/wp\/v2\/users\/15"}],"replies":[{"embeddable":true,"href":"https:\/\/conexion23.com\/index.php?rest_route=%2Fwp%2Fv2%2Fcomments&post=15901"}],"version-history":[{"count":1,"href":"https:\/\/conexion23.com\/index.php?rest_route=\/wp\/v2\/posts\/15901\/revisions"}],"predecessor-version":[{"id":15903,"href":"https:\/\/conexion23.com\/index.php?rest_route=\/wp\/v2\/posts\/15901\/revisions\/15903"}],"wp:attachment":[{"href":"https:\/\/conexion23.com\/index.php?rest_route=%2Fwp%2Fv2%2Fmedia&parent=15901"}],"wp:term":[{"taxonomy":"category","embeddable":true,"href":"https:\/\/conexion23.com\/index.php?rest_route=%2Fwp%2Fv2%2Fcategories&post=15901"},{"taxonomy":"post_tag","embeddable":true,"href":"https:\/\/conexion23.com\/index.php?rest_route=%2Fwp%2Fv2%2Ftags&post=15901"}],"curies":[{"name":"wp","href":"https:\/\/api.w.org\/{rel}","templated":true}]}}