{"id":15974,"date":"2023-02-21T11:21:24","date_gmt":"2023-02-21T15:21:24","guid":{"rendered":"https:\/\/conexion23.com\/?p=15974"},"modified":"2023-02-21T11:21:33","modified_gmt":"2023-02-21T15:21:33","slug":"operacion-frontera-mp-solicita-prision-preventiva-y-caso-complejo-en-contra-de-15-de-los-arrestados","status":"publish","type":"post","link":"https:\/\/conexion23.com\/?p=15974","title":{"rendered":"Operaci\u00f3n Frontera: MP solicita prisi\u00f3n preventiva y caso complejo en contra de 15 de los arrestados"},"content":{"rendered":"\n<p>El Ministerio P\u00fablico deposit\u00f3 ante la Oficina de Atenci\u00f3n Permanente del distrito judicial de Monte Cristi la solicitud de 18 meses de prisi\u00f3n preventiva y la declaraci\u00f3n de complejidad del proceso, en contra de 15 imputados pertenecientes a una\u00a0Red de criminalidad organizada\u00a0dedicada al tr\u00e1fico de inmigrantes haitianos.<\/p>\n\n\n\n<p>La mencionada red fue desarticulada la madrugada del pasado domingo en la\u00a0Operaci\u00f3n Frontera.<\/p>\n\n\n\n<p>La solicitud de la medida de coerci\u00f3n fue depositada este lunes por la fiscal titular interina de Monte Cristi, Dinorah Liberato Rojas, en contra de los 15 imputados por la violaci\u00f3n al tipo penal de tr\u00e1fico Il\u00edcito de Migrantes, previsto y sancionado en los art\u00edculos 2 y 7 (literales b, c, d y e) de la ley 137-03, sobre Trafico il\u00edcito de Migrantes y Trata de personas; los art\u00edculos 265 y 266 del C\u00f3digo Penal, que tipifican como un delito la Trata y Tr\u00e1fico de Personas.<\/p>\n\n\n\n<p>En la operaci\u00f3n coordinada fueron arrestados&nbsp;<strong>Eddy Rafael Cordero Villanueva y Osiris Rafael Est\u00e9vez Fortuna<\/strong>, quienes han sido identificados como cabecillas de esta red tr\u00e1fico de migrantes desde Hait\u00ed.<\/p>\n\n\n\n<p>Elbio Jos\u00e9 Castillo Mart\u00ednez, Hilario Antonio G\u00f3mez Paul, Santo Valerio Contreras, Anelby Susa\u00f1a Guzm\u00e1n, Jes\u00fas Mar\u00eda Cerda Acosta, Anelsy Escarlex Cordero N\u00fa\u00f1ez y Mar\u00eda Rafaela Batista de Cordero.<\/p>\n\n\n\n<p>As\u00ed como tambi\u00e9n los miembros del Ej\u00e9rcito Dominicano, los segundo teniente Jos\u00e9 Dolores Hern\u00e1ndez Merejildo y Julio C\u00e9sar Pujols Montero; los sargentos mayor Rafael Contreras y Rafael Zabala Pe\u00f1a y el cabo Sandro Liranzo Javier.<\/p>\n\n\n\n<p>De acuerdo con la investigaci\u00f3n realizada por el Ministerio P\u00fablico, los cabecillas y miembros de la red se dedicaban a financiar, facilitar y transportar a migrantes a trav\u00e9s de motocicletas y autobuses, en complicidad con militares\u00a0asignados para funciones de vigilancia y control en esa zona fronteriza del pa\u00eds.<\/p>\n\n\n\n<p>En los 16 allanamientos realizados se encontraron\u00a0<strong>24 inmigrantes<\/strong>\u00a0entre ellos hombres mujeres embarazadas, ni\u00f1os, ni\u00f1as y adolescentes, quienes permanec\u00edan en los centros de acopio clandestinos utilizados por la estructura criminal para luego ser trasportados por las diferentes rutas establecidas hacia diferentes provincias del pa\u00eds.<\/p>\n\n\n\n<p>Entre las evidencias ocupadas por los fiscales, a los arrestados que integran la presente estructura criminal, se destacan: documentos, veh\u00edculos, motocicletas, armas de fuego, municiones, y cargadores para pistolas.<\/p>\n\n\n\n<p>Asimismo, dinero en efectivo de diferentes denominaciones (<strong>pesos, d\u00f3lares y gourdes<\/strong>), celulares, computadoras, entre otros elementos de pruebas \u00fatiles y relevantes vinculados al tr\u00e1fico il\u00edcito de personas.<\/p>\n","protected":false},"excerpt":{"rendered":"<p>El Ministerio P\u00fablico deposit\u00f3 ante la Oficina de Atenci\u00f3n Permanente del distrito judicial de Monte Cristi la solicitud de 18 meses de prisi\u00f3n preventiva y la declaraci\u00f3n de complejidad del proceso, en contra de 15 imputados pertenecientes a una\u00a0Red de criminalidad organizada\u00a0dedicada al tr\u00e1fico de inmigrantes haitianos. La mencionada red fue desarticulada la madrugada del [&hellip;]<\/p>\n","protected":false},"author":15,"featured_media":0,"comment_status":"open","ping_status":"open","sticky":false,"template":"","format":"standard","meta":{"footnotes":""},"categories":[1],"tags":[],"class_list":{"0":"post-15974","1":"post","2":"type-post","3":"status-publish","4":"format-standard","6":"category-uncategorized"},"yoast_head":"<!-- This site is optimized with the Yoast SEO plugin v27.1.1 - https:\/\/yoast.com\/product\/yoast-seo-wordpress\/ -->\n<title>Operaci\u00f3n Frontera: MP solicita prisi\u00f3n preventiva y caso complejo en contra de 15 de los arrestados - Conexi\u00f3n 23<\/title>\n<meta name=\"robots\" content=\"index, follow, max-snippet:-1, max-image-preview:large, max-video-preview:-1\" \/>\n<link rel=\"canonical\" href=\"https:\/\/conexion23.com\/?p=15974\" \/>\n<meta property=\"og:locale\" content=\"es_ES\" \/>\n<meta property=\"og:type\" content=\"article\" \/>\n<meta property=\"og:title\" content=\"Operaci\u00f3n Frontera: MP solicita prisi\u00f3n preventiva y caso complejo en contra de 15 de los arrestados - Conexi\u00f3n 23\" \/>\n<meta property=\"og:description\" content=\"El Ministerio P\u00fablico deposit\u00f3 ante la Oficina de Atenci\u00f3n Permanente del distrito judicial de Monte Cristi la solicitud de 18 meses de prisi\u00f3n preventiva y la declaraci\u00f3n de complejidad del proceso, en contra de 15 imputados pertenecientes a una\u00a0Red de criminalidad organizada\u00a0dedicada al tr\u00e1fico de inmigrantes haitianos. La mencionada red fue desarticulada la madrugada del [&hellip;]\" \/>\n<meta property=\"og:url\" content=\"https:\/\/conexion23.com\/?p=15974\" \/>\n<meta property=\"og:site_name\" content=\"Conexi\u00f3n 23\" \/>\n<meta property=\"article:publisher\" content=\"https:\/\/www.facebook.com\/conexion23com\" \/>\n<meta property=\"article:published_time\" content=\"2023-02-21T15:21:24+00:00\" \/>\n<meta property=\"article:modified_time\" content=\"2023-02-21T15:21:33+00:00\" \/>\n<meta name=\"author\" content=\"Raffy Ben\u00edtez\" \/>\n<meta name=\"twitter:card\" content=\"summary_large_image\" \/>\n<meta name=\"twitter:label1\" content=\"Escrito por\" \/>\n\t<meta name=\"twitter:data1\" content=\"Raffy Ben\u00edtez\" \/>\n\t<meta name=\"twitter:label2\" content=\"Tiempo de lectura\" \/>\n\t<meta name=\"twitter:data2\" content=\"2 minutos\" \/>\n<script type=\"application\/ld+json\" class=\"yoast-schema-graph\">{\"@context\":\"https:\/\/schema.org\",\"@graph\":[{\"@type\":\"Article\",\"@id\":\"https:\/\/conexion23.com\/?p=15974#article\",\"isPartOf\":{\"@id\":\"https:\/\/conexion23.com\/?p=15974\"},\"author\":{\"name\":\"Raffy Ben\u00edtez\",\"@id\":\"https:\/\/conexion23.com\/#\/schema\/person\/03e36043331117e97a373299bbcd30a6\"},\"headline\":\"Operaci\u00f3n Frontera: MP solicita prisi\u00f3n preventiva y caso complejo en contra de 15 de los arrestados\",\"datePublished\":\"2023-02-21T15:21:24+00:00\",\"dateModified\":\"2023-02-21T15:21:33+00:00\",\"mainEntityOfPage\":{\"@id\":\"https:\/\/conexion23.com\/?p=15974\"},\"wordCount\":443,\"commentCount\":0,\"publisher\":{\"@id\":\"https:\/\/conexion23.com\/#organization\"},\"articleSection\":[\"Uncategorized\"],\"inLanguage\":\"es\",\"potentialAction\":[{\"@type\":\"CommentAction\",\"name\":\"Comment\",\"target\":[\"https:\/\/conexion23.com\/?p=15974#respond\"]}]},{\"@type\":\"WebPage\",\"@id\":\"https:\/\/conexion23.com\/?p=15974\",\"url\":\"https:\/\/conexion23.com\/?p=15974\",\"name\":\"Operaci\u00f3n Frontera: MP solicita prisi\u00f3n preventiva y caso complejo en contra de 15 de los arrestados - Conexi\u00f3n 23\",\"isPartOf\":{\"@id\":\"https:\/\/conexion23.com\/#website\"},\"datePublished\":\"2023-02-21T15:21:24+00:00\",\"dateModified\":\"2023-02-21T15:21:33+00:00\",\"breadcrumb\":{\"@id\":\"https:\/\/conexion23.com\/?p=15974#breadcrumb\"},\"inLanguage\":\"es\",\"potentialAction\":[{\"@type\":\"ReadAction\",\"target\":[\"https:\/\/conexion23.com\/?p=15974\"]}]},{\"@type\":\"BreadcrumbList\",\"@id\":\"https:\/\/conexion23.com\/?p=15974#breadcrumb\",\"itemListElement\":[{\"@type\":\"ListItem\",\"position\":1,\"name\":\"Portada\",\"item\":\"https:\/\/conexion23.com\/\"},{\"@type\":\"ListItem\",\"position\":2,\"name\":\"Operaci\u00f3n Frontera: MP solicita prisi\u00f3n preventiva y caso complejo en contra de 15 de los arrestados\"}]},{\"@type\":\"WebSite\",\"@id\":\"https:\/\/conexion23.com\/#website\",\"url\":\"https:\/\/conexion23.com\/\",\"name\":\"Conexi\u00f3n 23\",\"description\":\"Peri\u00f3dico 100% Petromacorisano\",\"publisher\":{\"@id\":\"https:\/\/conexion23.com\/#organization\"},\"potentialAction\":[{\"@type\":\"SearchAction\",\"target\":{\"@type\":\"EntryPoint\",\"urlTemplate\":\"https:\/\/conexion23.com\/?s={search_term_string}\"},\"query-input\":{\"@type\":\"PropertyValueSpecification\",\"valueRequired\":true,\"valueName\":\"search_term_string\"}}],\"inLanguage\":\"es\"},{\"@type\":\"Organization\",\"@id\":\"https:\/\/conexion23.com\/#organization\",\"name\":\"Conexion 23\",\"url\":\"https:\/\/conexion23.com\/\",\"logo\":{\"@type\":\"ImageObject\",\"inLanguage\":\"es\",\"@id\":\"https:\/\/conexion23.com\/#\/schema\/logo\/image\/\",\"url\":\"https:\/\/conexion23.com\/wp-content\/uploads\/2021\/11\/Diseno-sin-titulo-2.png\",\"contentUrl\":\"https:\/\/conexion23.com\/wp-content\/uploads\/2021\/11\/Diseno-sin-titulo-2.png\",\"width\":541,\"height\":90,\"caption\":\"Conexion 23\"},\"image\":{\"@id\":\"https:\/\/conexion23.com\/#\/schema\/logo\/image\/\"},\"sameAs\":[\"https:\/\/www.facebook.com\/conexion23com\",\"https:\/\/www.instagram.com\/conexion23com\/\",\"https:\/\/www.youtube.com\/channel\/UCYc7vxxFZMYLIHNsHHxPZ3Q\"]},{\"@type\":\"Person\",\"@id\":\"https:\/\/conexion23.com\/#\/schema\/person\/03e36043331117e97a373299bbcd30a6\",\"name\":\"Raffy Ben\u00edtez\",\"image\":{\"@type\":\"ImageObject\",\"inLanguage\":\"es\",\"@id\":\"https:\/\/conexion23.com\/#\/schema\/person\/image\/\",\"url\":\"https:\/\/secure.gravatar.com\/avatar\/3190a6a6c5e1b0327500f7d6c56b6242472ee6cb974cf09b401ee6b3b0798f23?s=96&d=mm&r=g\",\"contentUrl\":\"https:\/\/secure.gravatar.com\/avatar\/3190a6a6c5e1b0327500f7d6c56b6242472ee6cb974cf09b401ee6b3b0798f23?s=96&d=mm&r=g\",\"caption\":\"Raffy Ben\u00edtez\"},\"url\":\"https:\/\/conexion23.com\/?author=15\"}]}<\/script>\n<!-- \/ Yoast SEO plugin. -->","yoast_head_json":{"title":"Operaci\u00f3n Frontera: MP solicita prisi\u00f3n preventiva y caso complejo en contra de 15 de los arrestados - Conexi\u00f3n 23","robots":{"index":"index","follow":"follow","max-snippet":"max-snippet:-1","max-image-preview":"max-image-preview:large","max-video-preview":"max-video-preview:-1"},"canonical":"https:\/\/conexion23.com\/?p=15974","og_locale":"es_ES","og_type":"article","og_title":"Operaci\u00f3n Frontera: MP solicita prisi\u00f3n preventiva y caso complejo en contra de 15 de los arrestados - Conexi\u00f3n 23","og_description":"El Ministerio P\u00fablico deposit\u00f3 ante la Oficina de Atenci\u00f3n Permanente del distrito judicial de Monte Cristi la solicitud de 18 meses de prisi\u00f3n preventiva y la declaraci\u00f3n de complejidad del proceso, en contra de 15 imputados pertenecientes a una\u00a0Red de criminalidad organizada\u00a0dedicada al tr\u00e1fico de inmigrantes haitianos. La mencionada red fue desarticulada la madrugada del [&hellip;]","og_url":"https:\/\/conexion23.com\/?p=15974","og_site_name":"Conexi\u00f3n 23","article_publisher":"https:\/\/www.facebook.com\/conexion23com","article_published_time":"2023-02-21T15:21:24+00:00","article_modified_time":"2023-02-21T15:21:33+00:00","author":"Raffy Ben\u00edtez","twitter_card":"summary_large_image","twitter_misc":{"Escrito por":"Raffy Ben\u00edtez","Tiempo de lectura":"2 minutos"},"schema":{"@context":"https:\/\/schema.org","@graph":[{"@type":"Article","@id":"https:\/\/conexion23.com\/?p=15974#article","isPartOf":{"@id":"https:\/\/conexion23.com\/?p=15974"},"author":{"name":"Raffy Ben\u00edtez","@id":"https:\/\/conexion23.com\/#\/schema\/person\/03e36043331117e97a373299bbcd30a6"},"headline":"Operaci\u00f3n Frontera: MP solicita prisi\u00f3n preventiva y caso complejo en contra de 15 de los arrestados","datePublished":"2023-02-21T15:21:24+00:00","dateModified":"2023-02-21T15:21:33+00:00","mainEntityOfPage":{"@id":"https:\/\/conexion23.com\/?p=15974"},"wordCount":443,"commentCount":0,"publisher":{"@id":"https:\/\/conexion23.com\/#organization"},"articleSection":["Uncategorized"],"inLanguage":"es","potentialAction":[{"@type":"CommentAction","name":"Comment","target":["https:\/\/conexion23.com\/?p=15974#respond"]}]},{"@type":"WebPage","@id":"https:\/\/conexion23.com\/?p=15974","url":"https:\/\/conexion23.com\/?p=15974","name":"Operaci\u00f3n Frontera: MP solicita prisi\u00f3n preventiva y caso complejo en contra de 15 de los arrestados - Conexi\u00f3n 23","isPartOf":{"@id":"https:\/\/conexion23.com\/#website"},"datePublished":"2023-02-21T15:21:24+00:00","dateModified":"2023-02-21T15:21:33+00:00","breadcrumb":{"@id":"https:\/\/conexion23.com\/?p=15974#breadcrumb"},"inLanguage":"es","potentialAction":[{"@type":"ReadAction","target":["https:\/\/conexion23.com\/?p=15974"]}]},{"@type":"BreadcrumbList","@id":"https:\/\/conexion23.com\/?p=15974#breadcrumb","itemListElement":[{"@type":"ListItem","position":1,"name":"Portada","item":"https:\/\/conexion23.com\/"},{"@type":"ListItem","position":2,"name":"Operaci\u00f3n Frontera: MP solicita prisi\u00f3n preventiva y caso complejo en contra de 15 de los arrestados"}]},{"@type":"WebSite","@id":"https:\/\/conexion23.com\/#website","url":"https:\/\/conexion23.com\/","name":"Conexi\u00f3n 23","description":"Peri\u00f3dico 100% Petromacorisano","publisher":{"@id":"https:\/\/conexion23.com\/#organization"},"potentialAction":[{"@type":"SearchAction","target":{"@type":"EntryPoint","urlTemplate":"https:\/\/conexion23.com\/?s={search_term_string}"},"query-input":{"@type":"PropertyValueSpecification","valueRequired":true,"valueName":"search_term_string"}}],"inLanguage":"es"},{"@type":"Organization","@id":"https:\/\/conexion23.com\/#organization","name":"Conexion 23","url":"https:\/\/conexion23.com\/","logo":{"@type":"ImageObject","inLanguage":"es","@id":"https:\/\/conexion23.com\/#\/schema\/logo\/image\/","url":"https:\/\/conexion23.com\/wp-content\/uploads\/2021\/11\/Diseno-sin-titulo-2.png","contentUrl":"https:\/\/conexion23.com\/wp-content\/uploads\/2021\/11\/Diseno-sin-titulo-2.png","width":541,"height":90,"caption":"Conexion 23"},"image":{"@id":"https:\/\/conexion23.com\/#\/schema\/logo\/image\/"},"sameAs":["https:\/\/www.facebook.com\/conexion23com","https:\/\/www.instagram.com\/conexion23com\/","https:\/\/www.youtube.com\/channel\/UCYc7vxxFZMYLIHNsHHxPZ3Q"]},{"@type":"Person","@id":"https:\/\/conexion23.com\/#\/schema\/person\/03e36043331117e97a373299bbcd30a6","name":"Raffy Ben\u00edtez","image":{"@type":"ImageObject","inLanguage":"es","@id":"https:\/\/conexion23.com\/#\/schema\/person\/image\/","url":"https:\/\/secure.gravatar.com\/avatar\/3190a6a6c5e1b0327500f7d6c56b6242472ee6cb974cf09b401ee6b3b0798f23?s=96&d=mm&r=g","contentUrl":"https:\/\/secure.gravatar.com\/avatar\/3190a6a6c5e1b0327500f7d6c56b6242472ee6cb974cf09b401ee6b3b0798f23?s=96&d=mm&r=g","caption":"Raffy Ben\u00edtez"},"url":"https:\/\/conexion23.com\/?author=15"}]}},"_links":{"self":[{"href":"https:\/\/conexion23.com\/index.php?rest_route=\/wp\/v2\/posts\/15974","targetHints":{"allow":["GET"]}}],"collection":[{"href":"https:\/\/conexion23.com\/index.php?rest_route=\/wp\/v2\/posts"}],"about":[{"href":"https:\/\/conexion23.com\/index.php?rest_route=\/wp\/v2\/types\/post"}],"author":[{"embeddable":true,"href":"https:\/\/conexion23.com\/index.php?rest_route=\/wp\/v2\/users\/15"}],"replies":[{"embeddable":true,"href":"https:\/\/conexion23.com\/index.php?rest_route=%2Fwp%2Fv2%2Fcomments&post=15974"}],"version-history":[{"count":1,"href":"https:\/\/conexion23.com\/index.php?rest_route=\/wp\/v2\/posts\/15974\/revisions"}],"predecessor-version":[{"id":15976,"href":"https:\/\/conexion23.com\/index.php?rest_route=\/wp\/v2\/posts\/15974\/revisions\/15976"}],"wp:attachment":[{"href":"https:\/\/conexion23.com\/index.php?rest_route=%2Fwp%2Fv2%2Fmedia&parent=15974"}],"wp:term":[{"taxonomy":"category","embeddable":true,"href":"https:\/\/conexion23.com\/index.php?rest_route=%2Fwp%2Fv2%2Fcategories&post=15974"},{"taxonomy":"post_tag","embeddable":true,"href":"https:\/\/conexion23.com\/index.php?rest_route=%2Fwp%2Fv2%2Ftags&post=15974"}],"curies":[{"name":"wp","href":"https:\/\/api.w.org\/{rel}","templated":true}]}}