{"id":15984,"date":"2023-02-22T13:46:59","date_gmt":"2023-02-22T17:46:59","guid":{"rendered":"https:\/\/conexion23.com\/?p=15984"},"modified":"2023-02-22T13:47:03","modified_gmt":"2023-02-22T17:47:03","slug":"profanan-tumbas-en-el-cementerio-de-monte-plata","status":"publish","type":"post","link":"https:\/\/conexion23.com\/?p=15984","title":{"rendered":"<strong>Profanan tumbas en el cementerio de\u00a0 Monte Plata.<\/strong>"},"content":{"rendered":"\n<p>Los actos delictivos no paran en la provincia de Monte Plata, donde&nbsp; desconocidos profanaron una tumba, en el cementerio de Sabana Grande de Boy\u00e1.<\/p>\n\n\n\n<p>Utilizando mandarria, los delincuentes rompieron un nicho y extrajeron un ata\u00fad con las osamentas dentro.<\/p>\n\n\n\n<p>Lo extra\u00f1o del caso es que los desconocidos no sacaron nada del ata\u00fad, de un hombre no identificado que llevaba 10 a\u00f1os enterrado en ese campo santo.<\/p>\n\n\n\n<p>En el mismo cementerio en el 2017, desconocidos cortaron la cabeza y quemaron el cad\u00e1ver de Jos\u00e9 Alberto Santana, luego de sacarlo de su tumba al este matar a tres personas, mientras que en el 2019, fue degollado el joven Andry Jim\u00e9nez, dejando su cuerpo sobre una tumba.<\/p>\n\n\n\n<p>Tanto en el municipio de Sabana Grande de Boy\u00e1 como en la provincia Monte Plata se registran cifras r\u00e9cord en actos delictivos, lo que la poblaci\u00f3n solo denuncia v\u00eda redes sociales ya que expresan que la polic\u00eda no resuelve ning\u00fan caso y le pone trabas al momento de colocar las denuncias.&nbsp;<\/p>\n\n\n\n<p>Un medio local asegura que son frecuentes los actos de profanaci\u00f3n, sin que las autoridades pongan atenci\u00f3n a los robos en los campos santo de la provincia.<\/p>\n","protected":false},"excerpt":{"rendered":"<p>Los actos delictivos no paran en la provincia de Monte Plata, donde&nbsp; desconocidos profanaron una tumba, en el cementerio de Sabana Grande de Boy\u00e1. Utilizando mandarria, los delincuentes rompieron un nicho y extrajeron un ata\u00fad con las osamentas dentro. Lo extra\u00f1o del caso es que los desconocidos no sacaron nada del ata\u00fad, de un hombre [&hellip;]<\/p>\n","protected":false},"author":15,"featured_media":0,"comment_status":"open","ping_status":"open","sticky":false,"template":"","format":"standard","meta":{"footnotes":""},"categories":[1],"tags":[],"class_list":{"0":"post-15984","1":"post","2":"type-post","3":"status-publish","4":"format-standard","6":"category-uncategorized"},"yoast_head":"<!-- This site is optimized with the Yoast SEO plugin v27.1.1 - https:\/\/yoast.com\/product\/yoast-seo-wordpress\/ -->\n<title>Profanan tumbas en el cementerio de\u00a0 Monte Plata. - Conexi\u00f3n 23<\/title>\n<meta name=\"robots\" content=\"index, follow, max-snippet:-1, max-image-preview:large, max-video-preview:-1\" \/>\n<link rel=\"canonical\" href=\"https:\/\/conexion23.com\/?p=15984\" \/>\n<meta property=\"og:locale\" content=\"es_ES\" \/>\n<meta property=\"og:type\" content=\"article\" \/>\n<meta property=\"og:title\" content=\"Profanan tumbas en el cementerio de\u00a0 Monte Plata. - Conexi\u00f3n 23\" \/>\n<meta property=\"og:description\" content=\"Los actos delictivos no paran en la provincia de Monte Plata, donde&nbsp; desconocidos profanaron una tumba, en el cementerio de Sabana Grande de Boy\u00e1. Utilizando mandarria, los delincuentes rompieron un nicho y extrajeron un ata\u00fad con las osamentas dentro. Lo extra\u00f1o del caso es que los desconocidos no sacaron nada del ata\u00fad, de un hombre [&hellip;]\" \/>\n<meta property=\"og:url\" content=\"https:\/\/conexion23.com\/?p=15984\" \/>\n<meta property=\"og:site_name\" content=\"Conexi\u00f3n 23\" \/>\n<meta property=\"article:publisher\" content=\"https:\/\/www.facebook.com\/conexion23com\" \/>\n<meta property=\"article:published_time\" content=\"2023-02-22T17:46:59+00:00\" \/>\n<meta property=\"article:modified_time\" content=\"2023-02-22T17:47:03+00:00\" \/>\n<meta name=\"author\" content=\"Raffy Ben\u00edtez\" \/>\n<meta name=\"twitter:card\" content=\"summary_large_image\" \/>\n<meta name=\"twitter:label1\" content=\"Escrito por\" \/>\n\t<meta name=\"twitter:data1\" content=\"Raffy Ben\u00edtez\" \/>\n\t<meta name=\"twitter:label2\" content=\"Tiempo de lectura\" \/>\n\t<meta name=\"twitter:data2\" content=\"1 minuto\" \/>\n<script type=\"application\/ld+json\" class=\"yoast-schema-graph\">{\"@context\":\"https:\/\/schema.org\",\"@graph\":[{\"@type\":\"Article\",\"@id\":\"https:\/\/conexion23.com\/?p=15984#article\",\"isPartOf\":{\"@id\":\"https:\/\/conexion23.com\/?p=15984\"},\"author\":{\"name\":\"Raffy Ben\u00edtez\",\"@id\":\"https:\/\/conexion23.com\/#\/schema\/person\/03e36043331117e97a373299bbcd30a6\"},\"headline\":\"Profanan tumbas en el cementerio de\u00a0 Monte Plata.\",\"datePublished\":\"2023-02-22T17:46:59+00:00\",\"dateModified\":\"2023-02-22T17:47:03+00:00\",\"mainEntityOfPage\":{\"@id\":\"https:\/\/conexion23.com\/?p=15984\"},\"wordCount\":212,\"commentCount\":0,\"publisher\":{\"@id\":\"https:\/\/conexion23.com\/#organization\"},\"articleSection\":[\"Uncategorized\"],\"inLanguage\":\"es\",\"potentialAction\":[{\"@type\":\"CommentAction\",\"name\":\"Comment\",\"target\":[\"https:\/\/conexion23.com\/?p=15984#respond\"]}]},{\"@type\":\"WebPage\",\"@id\":\"https:\/\/conexion23.com\/?p=15984\",\"url\":\"https:\/\/conexion23.com\/?p=15984\",\"name\":\"Profanan tumbas en el cementerio de\u00a0 Monte Plata. - Conexi\u00f3n 23\",\"isPartOf\":{\"@id\":\"https:\/\/conexion23.com\/#website\"},\"datePublished\":\"2023-02-22T17:46:59+00:00\",\"dateModified\":\"2023-02-22T17:47:03+00:00\",\"breadcrumb\":{\"@id\":\"https:\/\/conexion23.com\/?p=15984#breadcrumb\"},\"inLanguage\":\"es\",\"potentialAction\":[{\"@type\":\"ReadAction\",\"target\":[\"https:\/\/conexion23.com\/?p=15984\"]}]},{\"@type\":\"BreadcrumbList\",\"@id\":\"https:\/\/conexion23.com\/?p=15984#breadcrumb\",\"itemListElement\":[{\"@type\":\"ListItem\",\"position\":1,\"name\":\"Portada\",\"item\":\"https:\/\/conexion23.com\/\"},{\"@type\":\"ListItem\",\"position\":2,\"name\":\"Profanan tumbas en el cementerio de\u00a0 Monte Plata.\"}]},{\"@type\":\"WebSite\",\"@id\":\"https:\/\/conexion23.com\/#website\",\"url\":\"https:\/\/conexion23.com\/\",\"name\":\"Conexi\u00f3n 23\",\"description\":\"Peri\u00f3dico 100% Petromacorisano\",\"publisher\":{\"@id\":\"https:\/\/conexion23.com\/#organization\"},\"potentialAction\":[{\"@type\":\"SearchAction\",\"target\":{\"@type\":\"EntryPoint\",\"urlTemplate\":\"https:\/\/conexion23.com\/?s={search_term_string}\"},\"query-input\":{\"@type\":\"PropertyValueSpecification\",\"valueRequired\":true,\"valueName\":\"search_term_string\"}}],\"inLanguage\":\"es\"},{\"@type\":\"Organization\",\"@id\":\"https:\/\/conexion23.com\/#organization\",\"name\":\"Conexion 23\",\"url\":\"https:\/\/conexion23.com\/\",\"logo\":{\"@type\":\"ImageObject\",\"inLanguage\":\"es\",\"@id\":\"https:\/\/conexion23.com\/#\/schema\/logo\/image\/\",\"url\":\"https:\/\/conexion23.com\/wp-content\/uploads\/2021\/11\/Diseno-sin-titulo-2.png\",\"contentUrl\":\"https:\/\/conexion23.com\/wp-content\/uploads\/2021\/11\/Diseno-sin-titulo-2.png\",\"width\":541,\"height\":90,\"caption\":\"Conexion 23\"},\"image\":{\"@id\":\"https:\/\/conexion23.com\/#\/schema\/logo\/image\/\"},\"sameAs\":[\"https:\/\/www.facebook.com\/conexion23com\",\"https:\/\/www.instagram.com\/conexion23com\/\",\"https:\/\/www.youtube.com\/channel\/UCYc7vxxFZMYLIHNsHHxPZ3Q\"]},{\"@type\":\"Person\",\"@id\":\"https:\/\/conexion23.com\/#\/schema\/person\/03e36043331117e97a373299bbcd30a6\",\"name\":\"Raffy Ben\u00edtez\",\"image\":{\"@type\":\"ImageObject\",\"inLanguage\":\"es\",\"@id\":\"https:\/\/conexion23.com\/#\/schema\/person\/image\/\",\"url\":\"https:\/\/secure.gravatar.com\/avatar\/3190a6a6c5e1b0327500f7d6c56b6242472ee6cb974cf09b401ee6b3b0798f23?s=96&d=mm&r=g\",\"contentUrl\":\"https:\/\/secure.gravatar.com\/avatar\/3190a6a6c5e1b0327500f7d6c56b6242472ee6cb974cf09b401ee6b3b0798f23?s=96&d=mm&r=g\",\"caption\":\"Raffy Ben\u00edtez\"},\"url\":\"https:\/\/conexion23.com\/?author=15\"}]}<\/script>\n<!-- \/ Yoast SEO plugin. -->","yoast_head_json":{"title":"Profanan tumbas en el cementerio de\u00a0 Monte Plata. - Conexi\u00f3n 23","robots":{"index":"index","follow":"follow","max-snippet":"max-snippet:-1","max-image-preview":"max-image-preview:large","max-video-preview":"max-video-preview:-1"},"canonical":"https:\/\/conexion23.com\/?p=15984","og_locale":"es_ES","og_type":"article","og_title":"Profanan tumbas en el cementerio de\u00a0 Monte Plata. - Conexi\u00f3n 23","og_description":"Los actos delictivos no paran en la provincia de Monte Plata, donde&nbsp; desconocidos profanaron una tumba, en el cementerio de Sabana Grande de Boy\u00e1. Utilizando mandarria, los delincuentes rompieron un nicho y extrajeron un ata\u00fad con las osamentas dentro. Lo extra\u00f1o del caso es que los desconocidos no sacaron nada del ata\u00fad, de un hombre [&hellip;]","og_url":"https:\/\/conexion23.com\/?p=15984","og_site_name":"Conexi\u00f3n 23","article_publisher":"https:\/\/www.facebook.com\/conexion23com","article_published_time":"2023-02-22T17:46:59+00:00","article_modified_time":"2023-02-22T17:47:03+00:00","author":"Raffy Ben\u00edtez","twitter_card":"summary_large_image","twitter_misc":{"Escrito por":"Raffy Ben\u00edtez","Tiempo de lectura":"1 minuto"},"schema":{"@context":"https:\/\/schema.org","@graph":[{"@type":"Article","@id":"https:\/\/conexion23.com\/?p=15984#article","isPartOf":{"@id":"https:\/\/conexion23.com\/?p=15984"},"author":{"name":"Raffy Ben\u00edtez","@id":"https:\/\/conexion23.com\/#\/schema\/person\/03e36043331117e97a373299bbcd30a6"},"headline":"Profanan tumbas en el cementerio de\u00a0 Monte Plata.","datePublished":"2023-02-22T17:46:59+00:00","dateModified":"2023-02-22T17:47:03+00:00","mainEntityOfPage":{"@id":"https:\/\/conexion23.com\/?p=15984"},"wordCount":212,"commentCount":0,"publisher":{"@id":"https:\/\/conexion23.com\/#organization"},"articleSection":["Uncategorized"],"inLanguage":"es","potentialAction":[{"@type":"CommentAction","name":"Comment","target":["https:\/\/conexion23.com\/?p=15984#respond"]}]},{"@type":"WebPage","@id":"https:\/\/conexion23.com\/?p=15984","url":"https:\/\/conexion23.com\/?p=15984","name":"Profanan tumbas en el cementerio de\u00a0 Monte Plata. - Conexi\u00f3n 23","isPartOf":{"@id":"https:\/\/conexion23.com\/#website"},"datePublished":"2023-02-22T17:46:59+00:00","dateModified":"2023-02-22T17:47:03+00:00","breadcrumb":{"@id":"https:\/\/conexion23.com\/?p=15984#breadcrumb"},"inLanguage":"es","potentialAction":[{"@type":"ReadAction","target":["https:\/\/conexion23.com\/?p=15984"]}]},{"@type":"BreadcrumbList","@id":"https:\/\/conexion23.com\/?p=15984#breadcrumb","itemListElement":[{"@type":"ListItem","position":1,"name":"Portada","item":"https:\/\/conexion23.com\/"},{"@type":"ListItem","position":2,"name":"Profanan tumbas en el cementerio de\u00a0 Monte Plata."}]},{"@type":"WebSite","@id":"https:\/\/conexion23.com\/#website","url":"https:\/\/conexion23.com\/","name":"Conexi\u00f3n 23","description":"Peri\u00f3dico 100% Petromacorisano","publisher":{"@id":"https:\/\/conexion23.com\/#organization"},"potentialAction":[{"@type":"SearchAction","target":{"@type":"EntryPoint","urlTemplate":"https:\/\/conexion23.com\/?s={search_term_string}"},"query-input":{"@type":"PropertyValueSpecification","valueRequired":true,"valueName":"search_term_string"}}],"inLanguage":"es"},{"@type":"Organization","@id":"https:\/\/conexion23.com\/#organization","name":"Conexion 23","url":"https:\/\/conexion23.com\/","logo":{"@type":"ImageObject","inLanguage":"es","@id":"https:\/\/conexion23.com\/#\/schema\/logo\/image\/","url":"https:\/\/conexion23.com\/wp-content\/uploads\/2021\/11\/Diseno-sin-titulo-2.png","contentUrl":"https:\/\/conexion23.com\/wp-content\/uploads\/2021\/11\/Diseno-sin-titulo-2.png","width":541,"height":90,"caption":"Conexion 23"},"image":{"@id":"https:\/\/conexion23.com\/#\/schema\/logo\/image\/"},"sameAs":["https:\/\/www.facebook.com\/conexion23com","https:\/\/www.instagram.com\/conexion23com\/","https:\/\/www.youtube.com\/channel\/UCYc7vxxFZMYLIHNsHHxPZ3Q"]},{"@type":"Person","@id":"https:\/\/conexion23.com\/#\/schema\/person\/03e36043331117e97a373299bbcd30a6","name":"Raffy Ben\u00edtez","image":{"@type":"ImageObject","inLanguage":"es","@id":"https:\/\/conexion23.com\/#\/schema\/person\/image\/","url":"https:\/\/secure.gravatar.com\/avatar\/3190a6a6c5e1b0327500f7d6c56b6242472ee6cb974cf09b401ee6b3b0798f23?s=96&d=mm&r=g","contentUrl":"https:\/\/secure.gravatar.com\/avatar\/3190a6a6c5e1b0327500f7d6c56b6242472ee6cb974cf09b401ee6b3b0798f23?s=96&d=mm&r=g","caption":"Raffy Ben\u00edtez"},"url":"https:\/\/conexion23.com\/?author=15"}]}},"_links":{"self":[{"href":"https:\/\/conexion23.com\/index.php?rest_route=\/wp\/v2\/posts\/15984","targetHints":{"allow":["GET"]}}],"collection":[{"href":"https:\/\/conexion23.com\/index.php?rest_route=\/wp\/v2\/posts"}],"about":[{"href":"https:\/\/conexion23.com\/index.php?rest_route=\/wp\/v2\/types\/post"}],"author":[{"embeddable":true,"href":"https:\/\/conexion23.com\/index.php?rest_route=\/wp\/v2\/users\/15"}],"replies":[{"embeddable":true,"href":"https:\/\/conexion23.com\/index.php?rest_route=%2Fwp%2Fv2%2Fcomments&post=15984"}],"version-history":[{"count":1,"href":"https:\/\/conexion23.com\/index.php?rest_route=\/wp\/v2\/posts\/15984\/revisions"}],"predecessor-version":[{"id":15986,"href":"https:\/\/conexion23.com\/index.php?rest_route=\/wp\/v2\/posts\/15984\/revisions\/15986"}],"wp:attachment":[{"href":"https:\/\/conexion23.com\/index.php?rest_route=%2Fwp%2Fv2%2Fmedia&parent=15984"}],"wp:term":[{"taxonomy":"category","embeddable":true,"href":"https:\/\/conexion23.com\/index.php?rest_route=%2Fwp%2Fv2%2Fcategories&post=15984"},{"taxonomy":"post_tag","embeddable":true,"href":"https:\/\/conexion23.com\/index.php?rest_route=%2Fwp%2Fv2%2Ftags&post=15984"}],"curies":[{"name":"wp","href":"https:\/\/api.w.org\/{rel}","templated":true}]}}