{"id":16006,"date":"2023-02-22T13:56:01","date_gmt":"2023-02-22T17:56:01","guid":{"rendered":"https:\/\/conexion23.com\/?p=16006"},"modified":"2023-02-22T13:56:05","modified_gmt":"2023-02-22T17:56:05","slug":"familiares-de-esmeralda-richiez-cambian-de-abogado","status":"publish","type":"post","link":"https:\/\/conexion23.com\/?p=16006","title":{"rendered":"<strong>Familiares de Esmeralda Richiez cambian de abogado.<\/strong>"},"content":{"rendered":"\n<p class=\"wp-block-paragraph\">Los familiares de la adolescente fallecida <a href=\"https:\/\/listindiario.com\/la-republica\/2023\/02\/20\/763681\/abogado-de-familia-de-esmeralda-richiez-dice-una-nueva-experticia-probara-muchas-cosas\">Esmeralda Richiez,<\/a> informaron que contrataron un nuevo abogado para que los represente en el caso que acusan al profesor <a href=\"https:\/\/listindiario.com\/la-republica\/2023\/02\/20\/763717\/un-velo-de-misterio-cubre-muerte-de-adolescente-esmeralda-richiez\">John Kelly Mart\u00ednez <\/a>de la muerte de la joven.<\/p>\n\n\n\n<p class=\"wp-block-paragraph\">Adelantaron que ofrecer\u00e1n una rueda de prensa para dar a conocer algunos detalles sobre el caso.<\/p>\n\n\n\n<p class=\"wp-block-paragraph\">Yurimar Richiez, hermana de la fallecida, inform\u00f3 que, a partir de ahora, contar\u00e1n con los servicios del abogado Julio C\u00e9sar Silvestre, quien representar\u00e1 a la familia.<\/p>\n\n\n\n<p class=\"wp-block-paragraph\">Hasta ahora los abogados que representaban a la familia Richiez eran Juan Francisco Guerrero M\u00e1rmolejos y Raymundo Rosario.<\/p>\n\n\n\n<p class=\"wp-block-paragraph\">Hoy se llevar\u00eda a cabo el interrogatorio en c\u00e1mara <a href=\"https:\/\/www.justiciasanluis.gov.ar\/?page_id=758#:~:text=%C2%BFQu%C3%A9%20es%20C%C3%A1mara%20Gesell%3F,permitir%20la%20observaci%C3%B3n%20con%20personas.\">Gesell<\/a> de la \u00fanica menor de edad vinculada al caso que falta por ofrecer su versi\u00f3n, por lo que los medios de comunicaci\u00f3n han sido invitados.<\/p>\n\n\n\n<p class=\"wp-block-paragraph\">La decisi\u00f3n de la familia ocurre un d\u00eda despu\u00e9s que al principal acusado<a href=\"https:\/\/listindiario.com\/la-republica\/2023\/02\/20\/763662\/dictan-un-ano-de-prision-preventiva-a-profesor-john-kelly-martinez-implicado-en-muerte-de-esmeralda-richiez\"> se le impuso medida de coerci\u00f3n de un a\u00f1o de prisi\u00f3n preventiva<\/a> y a su primo, Rubiel Morrillo Mart\u00ednez, presentaci\u00f3n peri\u00f3dica e impedimento de salida.<\/p>\n","protected":false},"excerpt":{"rendered":"<p>Los familiares de la adolescente fallecida Esmeralda Richiez, informaron que contrataron un nuevo abogado para que los represente en el caso que acusan al profesor John Kelly Mart\u00ednez de la muerte de la joven. Adelantaron que ofrecer\u00e1n una rueda de prensa para dar a conocer algunos detalles sobre el caso. Yurimar Richiez, hermana de la [&hellip;]<\/p>\n","protected":false},"author":15,"featured_media":0,"comment_status":"open","ping_status":"open","sticky":false,"template":"","format":"standard","meta":{"footnotes":""},"categories":[2474],"tags":[],"class_list":["post-16006","post","type-post","status-publish","format-standard","category-la-altagracia"],"yoast_head":"<!-- This site is optimized with the Yoast SEO plugin v27.6 - https:\/\/yoast.com\/product\/yoast-seo-wordpress\/ -->\n<title>Familiares de Esmeralda Richiez cambian de abogado. - Conexi\u00f3n 23<\/title>\n<meta name=\"robots\" content=\"index, follow, max-snippet:-1, max-image-preview:large, max-video-preview:-1\" \/>\n<link rel=\"canonical\" href=\"https:\/\/conexion23.com\/?p=16006\" \/>\n<meta property=\"og:locale\" content=\"es_ES\" \/>\n<meta property=\"og:type\" content=\"article\" \/>\n<meta property=\"og:title\" content=\"Familiares de Esmeralda Richiez cambian de abogado. - Conexi\u00f3n 23\" \/>\n<meta property=\"og:description\" content=\"Los familiares de la adolescente fallecida Esmeralda Richiez, informaron que contrataron un nuevo abogado para que los represente en el caso que acusan al profesor John Kelly Mart\u00ednez de la muerte de la joven. Adelantaron que ofrecer\u00e1n una rueda de prensa para dar a conocer algunos detalles sobre el caso. Yurimar Richiez, hermana de la [&hellip;]\" \/>\n<meta property=\"og:url\" content=\"https:\/\/conexion23.com\/?p=16006\" \/>\n<meta property=\"og:site_name\" content=\"Conexi\u00f3n 23\" \/>\n<meta property=\"article:publisher\" content=\"https:\/\/www.facebook.com\/conexion23com\" \/>\n<meta property=\"article:published_time\" content=\"2023-02-22T17:56:01+00:00\" \/>\n<meta property=\"article:modified_time\" content=\"2023-02-22T17:56:05+00:00\" \/>\n<meta name=\"author\" content=\"Raffy Ben\u00edtez\" \/>\n<meta name=\"twitter:card\" content=\"summary_large_image\" \/>\n<meta name=\"twitter:label1\" content=\"Escrito por\" \/>\n\t<meta name=\"twitter:data1\" content=\"Raffy Ben\u00edtez\" \/>\n\t<meta name=\"twitter:label2\" content=\"Tiempo de lectura\" \/>\n\t<meta name=\"twitter:data2\" content=\"1 minuto\" \/>\n<script type=\"application\/ld+json\" class=\"yoast-schema-graph\">{\"@context\":\"https:\\\/\\\/schema.org\",\"@graph\":[{\"@type\":\"Article\",\"@id\":\"https:\\\/\\\/conexion23.com\\\/?p=16006#article\",\"isPartOf\":{\"@id\":\"https:\\\/\\\/conexion23.com\\\/?p=16006\"},\"author\":{\"name\":\"Raffy Ben\u00edtez\",\"@id\":\"https:\\\/\\\/conexion23.com\\\/#\\\/schema\\\/person\\\/03e36043331117e97a373299bbcd30a6\"},\"headline\":\"Familiares de Esmeralda Richiez cambian de abogado.\",\"datePublished\":\"2023-02-22T17:56:01+00:00\",\"dateModified\":\"2023-02-22T17:56:05+00:00\",\"mainEntityOfPage\":{\"@id\":\"https:\\\/\\\/conexion23.com\\\/?p=16006\"},\"wordCount\":192,\"commentCount\":0,\"publisher\":{\"@id\":\"https:\\\/\\\/conexion23.com\\\/#organization\"},\"articleSection\":[\"La Altagracia\"],\"inLanguage\":\"es\",\"potentialAction\":[{\"@type\":\"CommentAction\",\"name\":\"Comment\",\"target\":[\"https:\\\/\\\/conexion23.com\\\/?p=16006#respond\"]}]},{\"@type\":\"WebPage\",\"@id\":\"https:\\\/\\\/conexion23.com\\\/?p=16006\",\"url\":\"https:\\\/\\\/conexion23.com\\\/?p=16006\",\"name\":\"Familiares de Esmeralda Richiez cambian de abogado. - Conexi\u00f3n 23\",\"isPartOf\":{\"@id\":\"https:\\\/\\\/conexion23.com\\\/#website\"},\"datePublished\":\"2023-02-22T17:56:01+00:00\",\"dateModified\":\"2023-02-22T17:56:05+00:00\",\"breadcrumb\":{\"@id\":\"https:\\\/\\\/conexion23.com\\\/?p=16006#breadcrumb\"},\"inLanguage\":\"es\",\"potentialAction\":[{\"@type\":\"ReadAction\",\"target\":[\"https:\\\/\\\/conexion23.com\\\/?p=16006\"]}]},{\"@type\":\"BreadcrumbList\",\"@id\":\"https:\\\/\\\/conexion23.com\\\/?p=16006#breadcrumb\",\"itemListElement\":[{\"@type\":\"ListItem\",\"position\":1,\"name\":\"Portada\",\"item\":\"https:\\\/\\\/conexion23.com\\\/\"},{\"@type\":\"ListItem\",\"position\":2,\"name\":\"Familiares de Esmeralda Richiez cambian de abogado.\"}]},{\"@type\":\"WebSite\",\"@id\":\"https:\\\/\\\/conexion23.com\\\/#website\",\"url\":\"https:\\\/\\\/conexion23.com\\\/\",\"name\":\"Conexi\u00f3n 23\",\"description\":\"Peri\u00f3dico 100% Petromacorisano\",\"publisher\":{\"@id\":\"https:\\\/\\\/conexion23.com\\\/#organization\"},\"potentialAction\":[{\"@type\":\"SearchAction\",\"target\":{\"@type\":\"EntryPoint\",\"urlTemplate\":\"https:\\\/\\\/conexion23.com\\\/?s={search_term_string}\"},\"query-input\":{\"@type\":\"PropertyValueSpecification\",\"valueRequired\":true,\"valueName\":\"search_term_string\"}}],\"inLanguage\":\"es\"},{\"@type\":\"Organization\",\"@id\":\"https:\\\/\\\/conexion23.com\\\/#organization\",\"name\":\"Conexion 23\",\"url\":\"https:\\\/\\\/conexion23.com\\\/\",\"logo\":{\"@type\":\"ImageObject\",\"inLanguage\":\"es\",\"@id\":\"https:\\\/\\\/conexion23.com\\\/#\\\/schema\\\/logo\\\/image\\\/\",\"url\":\"https:\\\/\\\/conexion23.com\\\/wp-content\\\/uploads\\\/2021\\\/11\\\/Diseno-sin-titulo-2.png\",\"contentUrl\":\"https:\\\/\\\/conexion23.com\\\/wp-content\\\/uploads\\\/2021\\\/11\\\/Diseno-sin-titulo-2.png\",\"width\":541,\"height\":90,\"caption\":\"Conexion 23\"},\"image\":{\"@id\":\"https:\\\/\\\/conexion23.com\\\/#\\\/schema\\\/logo\\\/image\\\/\"},\"sameAs\":[\"https:\\\/\\\/www.facebook.com\\\/conexion23com\",\"https:\\\/\\\/www.instagram.com\\\/conexion23com\\\/\",\"https:\\\/\\\/www.youtube.com\\\/channel\\\/UCYc7vxxFZMYLIHNsHHxPZ3Q\"]},{\"@type\":\"Person\",\"@id\":\"https:\\\/\\\/conexion23.com\\\/#\\\/schema\\\/person\\\/03e36043331117e97a373299bbcd30a6\",\"name\":\"Raffy Ben\u00edtez\",\"image\":{\"@type\":\"ImageObject\",\"inLanguage\":\"es\",\"@id\":\"https:\\\/\\\/secure.gravatar.com\\\/avatar\\\/3190a6a6c5e1b0327500f7d6c56b6242472ee6cb974cf09b401ee6b3b0798f23?s=96&d=mm&r=g\",\"url\":\"https:\\\/\\\/secure.gravatar.com\\\/avatar\\\/3190a6a6c5e1b0327500f7d6c56b6242472ee6cb974cf09b401ee6b3b0798f23?s=96&d=mm&r=g\",\"contentUrl\":\"https:\\\/\\\/secure.gravatar.com\\\/avatar\\\/3190a6a6c5e1b0327500f7d6c56b6242472ee6cb974cf09b401ee6b3b0798f23?s=96&d=mm&r=g\",\"caption\":\"Raffy Ben\u00edtez\"},\"url\":\"https:\\\/\\\/conexion23.com\\\/?author=15\"}]}<\/script>\n<!-- \/ Yoast SEO plugin. -->","yoast_head_json":{"title":"Familiares de Esmeralda Richiez cambian de abogado. - Conexi\u00f3n 23","robots":{"index":"index","follow":"follow","max-snippet":"max-snippet:-1","max-image-preview":"max-image-preview:large","max-video-preview":"max-video-preview:-1"},"canonical":"https:\/\/conexion23.com\/?p=16006","og_locale":"es_ES","og_type":"article","og_title":"Familiares de Esmeralda Richiez cambian de abogado. - Conexi\u00f3n 23","og_description":"Los familiares de la adolescente fallecida Esmeralda Richiez, informaron que contrataron un nuevo abogado para que los represente en el caso que acusan al profesor John Kelly Mart\u00ednez de la muerte de la joven. Adelantaron que ofrecer\u00e1n una rueda de prensa para dar a conocer algunos detalles sobre el caso. Yurimar Richiez, hermana de la [&hellip;]","og_url":"https:\/\/conexion23.com\/?p=16006","og_site_name":"Conexi\u00f3n 23","article_publisher":"https:\/\/www.facebook.com\/conexion23com","article_published_time":"2023-02-22T17:56:01+00:00","article_modified_time":"2023-02-22T17:56:05+00:00","author":"Raffy Ben\u00edtez","twitter_card":"summary_large_image","twitter_misc":{"Escrito por":"Raffy Ben\u00edtez","Tiempo de lectura":"1 minuto"},"schema":{"@context":"https:\/\/schema.org","@graph":[{"@type":"Article","@id":"https:\/\/conexion23.com\/?p=16006#article","isPartOf":{"@id":"https:\/\/conexion23.com\/?p=16006"},"author":{"name":"Raffy Ben\u00edtez","@id":"https:\/\/conexion23.com\/#\/schema\/person\/03e36043331117e97a373299bbcd30a6"},"headline":"Familiares de Esmeralda Richiez cambian de abogado.","datePublished":"2023-02-22T17:56:01+00:00","dateModified":"2023-02-22T17:56:05+00:00","mainEntityOfPage":{"@id":"https:\/\/conexion23.com\/?p=16006"},"wordCount":192,"commentCount":0,"publisher":{"@id":"https:\/\/conexion23.com\/#organization"},"articleSection":["La Altagracia"],"inLanguage":"es","potentialAction":[{"@type":"CommentAction","name":"Comment","target":["https:\/\/conexion23.com\/?p=16006#respond"]}]},{"@type":"WebPage","@id":"https:\/\/conexion23.com\/?p=16006","url":"https:\/\/conexion23.com\/?p=16006","name":"Familiares de Esmeralda Richiez cambian de abogado. - Conexi\u00f3n 23","isPartOf":{"@id":"https:\/\/conexion23.com\/#website"},"datePublished":"2023-02-22T17:56:01+00:00","dateModified":"2023-02-22T17:56:05+00:00","breadcrumb":{"@id":"https:\/\/conexion23.com\/?p=16006#breadcrumb"},"inLanguage":"es","potentialAction":[{"@type":"ReadAction","target":["https:\/\/conexion23.com\/?p=16006"]}]},{"@type":"BreadcrumbList","@id":"https:\/\/conexion23.com\/?p=16006#breadcrumb","itemListElement":[{"@type":"ListItem","position":1,"name":"Portada","item":"https:\/\/conexion23.com\/"},{"@type":"ListItem","position":2,"name":"Familiares de Esmeralda Richiez cambian de abogado."}]},{"@type":"WebSite","@id":"https:\/\/conexion23.com\/#website","url":"https:\/\/conexion23.com\/","name":"Conexi\u00f3n 23","description":"Peri\u00f3dico 100% Petromacorisano","publisher":{"@id":"https:\/\/conexion23.com\/#organization"},"potentialAction":[{"@type":"SearchAction","target":{"@type":"EntryPoint","urlTemplate":"https:\/\/conexion23.com\/?s={search_term_string}"},"query-input":{"@type":"PropertyValueSpecification","valueRequired":true,"valueName":"search_term_string"}}],"inLanguage":"es"},{"@type":"Organization","@id":"https:\/\/conexion23.com\/#organization","name":"Conexion 23","url":"https:\/\/conexion23.com\/","logo":{"@type":"ImageObject","inLanguage":"es","@id":"https:\/\/conexion23.com\/#\/schema\/logo\/image\/","url":"https:\/\/conexion23.com\/wp-content\/uploads\/2021\/11\/Diseno-sin-titulo-2.png","contentUrl":"https:\/\/conexion23.com\/wp-content\/uploads\/2021\/11\/Diseno-sin-titulo-2.png","width":541,"height":90,"caption":"Conexion 23"},"image":{"@id":"https:\/\/conexion23.com\/#\/schema\/logo\/image\/"},"sameAs":["https:\/\/www.facebook.com\/conexion23com","https:\/\/www.instagram.com\/conexion23com\/","https:\/\/www.youtube.com\/channel\/UCYc7vxxFZMYLIHNsHHxPZ3Q"]},{"@type":"Person","@id":"https:\/\/conexion23.com\/#\/schema\/person\/03e36043331117e97a373299bbcd30a6","name":"Raffy Ben\u00edtez","image":{"@type":"ImageObject","inLanguage":"es","@id":"https:\/\/secure.gravatar.com\/avatar\/3190a6a6c5e1b0327500f7d6c56b6242472ee6cb974cf09b401ee6b3b0798f23?s=96&d=mm&r=g","url":"https:\/\/secure.gravatar.com\/avatar\/3190a6a6c5e1b0327500f7d6c56b6242472ee6cb974cf09b401ee6b3b0798f23?s=96&d=mm&r=g","contentUrl":"https:\/\/secure.gravatar.com\/avatar\/3190a6a6c5e1b0327500f7d6c56b6242472ee6cb974cf09b401ee6b3b0798f23?s=96&d=mm&r=g","caption":"Raffy Ben\u00edtez"},"url":"https:\/\/conexion23.com\/?author=15"}]}},"_links":{"self":[{"href":"https:\/\/conexion23.com\/index.php?rest_route=\/wp\/v2\/posts\/16006","targetHints":{"allow":["GET"]}}],"collection":[{"href":"https:\/\/conexion23.com\/index.php?rest_route=\/wp\/v2\/posts"}],"about":[{"href":"https:\/\/conexion23.com\/index.php?rest_route=\/wp\/v2\/types\/post"}],"author":[{"embeddable":true,"href":"https:\/\/conexion23.com\/index.php?rest_route=\/wp\/v2\/users\/15"}],"replies":[{"embeddable":true,"href":"https:\/\/conexion23.com\/index.php?rest_route=%2Fwp%2Fv2%2Fcomments&post=16006"}],"version-history":[{"count":1,"href":"https:\/\/conexion23.com\/index.php?rest_route=\/wp\/v2\/posts\/16006\/revisions"}],"predecessor-version":[{"id":16008,"href":"https:\/\/conexion23.com\/index.php?rest_route=\/wp\/v2\/posts\/16006\/revisions\/16008"}],"wp:attachment":[{"href":"https:\/\/conexion23.com\/index.php?rest_route=%2Fwp%2Fv2%2Fmedia&parent=16006"}],"wp:term":[{"taxonomy":"category","embeddable":true,"href":"https:\/\/conexion23.com\/index.php?rest_route=%2Fwp%2Fv2%2Fcategories&post=16006"},{"taxonomy":"post_tag","embeddable":true,"href":"https:\/\/conexion23.com\/index.php?rest_route=%2Fwp%2Fv2%2Ftags&post=16006"}],"curies":[{"name":"wp","href":"https:\/\/api.w.org\/{rel}","templated":true}]}}