{"id":16018,"date":"2023-02-24T13:42:30","date_gmt":"2023-02-24T17:42:30","guid":{"rendered":"https:\/\/conexion23.com\/?p=16018"},"modified":"2023-02-24T13:42:34","modified_gmt":"2023-02-24T17:42:34","slug":"camara-de-comercio-y-produccion-de-spm-juramenta-nueva-directiva","status":"publish","type":"post","link":"https:\/\/conexion23.com\/?p=16018","title":{"rendered":"C\u00e1mara de Comercio y Producci\u00f3n de SPM Juramenta Nueva Directiva."},"content":{"rendered":"\n<p class=\"wp-block-paragraph\">Fue juramentada en la noche de \u00e9ste Mi\u00e9rcoles la nueva directiva de la C\u00e1mara de Comercio y Producci\u00f3n de San Pedro de Macor\u00eds donde la Lcda. Carmen Fondeur sustituye al ingeniero Fellito Luna.<\/p>\n\n\n\n<p class=\"wp-block-paragraph\">En la nueva directiva tambi\u00e9n est\u00e1n Ricardo Rosario como vice presidente, Danilo Mi\u00f1oso suplente, Euclides Javier vocal, entre otros.<\/p>\n\n\n\n<figure class=\"wp-block-image size-full\"><img decoding=\"async\" src=\"https:\/\/conexion23.com\/wp-content\/uploads\/2023\/02\/333002951_3456042754720059_2072115483012274708_n.jpg\" alt=\"\" class=\"wp-image-16020\"\/><\/figure>\n\n\n\n<p class=\"wp-block-paragraph\">En la juramentaci\u00f3n fue reconocida la Directora Ejecutiva Lcda. Arelis Garc\u00eda por sus m\u00e1s de 20 a\u00f1os de servicios en la instituci\u00f3n, reconocimiento realizado por la saliente directiva que encabezaba el ingeniero Fellito Luna.<\/p>\n","protected":false},"excerpt":{"rendered":"<p>Fue juramentada en la noche de \u00e9ste Mi\u00e9rcoles la nueva directiva de la C\u00e1mara de Comercio y Producci\u00f3n de San Pedro de Macor\u00eds donde la Lcda. Carmen Fondeur sustituye al ingeniero Fellito Luna. En la nueva directiva tambi\u00e9n est\u00e1n Ricardo Rosario como vice presidente, Danilo Mi\u00f1oso suplente, Euclides Javier vocal, entre otros. En la juramentaci\u00f3n [&hellip;]<\/p>\n","protected":false},"author":15,"featured_media":0,"comment_status":"open","ping_status":"open","sticky":false,"template":"","format":"standard","meta":{"footnotes":""},"categories":[35],"tags":[],"class_list":["post-16018","post","type-post","status-publish","format-standard","category-spm"],"yoast_head":"<!-- This site is optimized with the Yoast SEO plugin v27.6 - https:\/\/yoast.com\/product\/yoast-seo-wordpress\/ -->\n<title>C\u00e1mara de Comercio y Producci\u00f3n de SPM Juramenta Nueva Directiva. - Conexi\u00f3n 23<\/title>\n<meta name=\"robots\" content=\"index, follow, max-snippet:-1, max-image-preview:large, max-video-preview:-1\" \/>\n<link rel=\"canonical\" href=\"http:\/\/conexion23.com\/?p=16018\" \/>\n<meta property=\"og:locale\" content=\"es_ES\" \/>\n<meta property=\"og:type\" content=\"article\" \/>\n<meta property=\"og:title\" content=\"C\u00e1mara de Comercio y Producci\u00f3n de SPM Juramenta Nueva Directiva. - Conexi\u00f3n 23\" \/>\n<meta property=\"og:description\" content=\"Fue juramentada en la noche de \u00e9ste Mi\u00e9rcoles la nueva directiva de la C\u00e1mara de Comercio y Producci\u00f3n de San Pedro de Macor\u00eds donde la Lcda. Carmen Fondeur sustituye al ingeniero Fellito Luna. En la nueva directiva tambi\u00e9n est\u00e1n Ricardo Rosario como vice presidente, Danilo Mi\u00f1oso suplente, Euclides Javier vocal, entre otros. En la juramentaci\u00f3n [&hellip;]\" \/>\n<meta property=\"og:url\" content=\"http:\/\/conexion23.com\/?p=16018\" \/>\n<meta property=\"og:site_name\" content=\"Conexi\u00f3n 23\" \/>\n<meta property=\"article:publisher\" content=\"https:\/\/www.facebook.com\/conexion23com\" \/>\n<meta property=\"article:published_time\" content=\"2023-02-24T17:42:30+00:00\" \/>\n<meta property=\"article:modified_time\" content=\"2023-02-24T17:42:34+00:00\" \/>\n<meta property=\"og:image\" content=\"https:\/\/conexion23.com\/wp-content\/uploads\/2023\/02\/333002951_3456042754720059_2072115483012274708_n.jpg\" \/>\n<meta name=\"author\" content=\"Raffy Ben\u00edtez\" \/>\n<meta name=\"twitter:card\" content=\"summary_large_image\" \/>\n<meta name=\"twitter:label1\" content=\"Escrito por\" \/>\n\t<meta name=\"twitter:data1\" content=\"Raffy Ben\u00edtez\" \/>\n\t<meta name=\"twitter:label2\" content=\"Tiempo de lectura\" \/>\n\t<meta name=\"twitter:data2\" content=\"1 minuto\" \/>\n<script type=\"application\/ld+json\" class=\"yoast-schema-graph\">{\"@context\":\"https:\\\/\\\/schema.org\",\"@graph\":[{\"@type\":\"Article\",\"@id\":\"http:\\\/\\\/conexion23.com\\\/?p=16018#article\",\"isPartOf\":{\"@id\":\"http:\\\/\\\/conexion23.com\\\/?p=16018\"},\"author\":{\"name\":\"Raffy Ben\u00edtez\",\"@id\":\"https:\\\/\\\/conexion23.com\\\/#\\\/schema\\\/person\\\/03e36043331117e97a373299bbcd30a6\"},\"headline\":\"C\u00e1mara de Comercio y Producci\u00f3n de SPM Juramenta Nueva Directiva.\",\"datePublished\":\"2023-02-24T17:42:30+00:00\",\"dateModified\":\"2023-02-24T17:42:34+00:00\",\"mainEntityOfPage\":{\"@id\":\"http:\\\/\\\/conexion23.com\\\/?p=16018\"},\"wordCount\":109,\"commentCount\":0,\"publisher\":{\"@id\":\"https:\\\/\\\/conexion23.com\\\/#organization\"},\"image\":{\"@id\":\"http:\\\/\\\/conexion23.com\\\/?p=16018#primaryimage\"},\"thumbnailUrl\":\"https:\\\/\\\/conexion23.com\\\/wp-content\\\/uploads\\\/2023\\\/02\\\/333002951_3456042754720059_2072115483012274708_n.jpg\",\"articleSection\":[\"SPM\"],\"inLanguage\":\"es\",\"potentialAction\":[{\"@type\":\"CommentAction\",\"name\":\"Comment\",\"target\":[\"http:\\\/\\\/conexion23.com\\\/?p=16018#respond\"]}]},{\"@type\":\"WebPage\",\"@id\":\"http:\\\/\\\/conexion23.com\\\/?p=16018\",\"url\":\"http:\\\/\\\/conexion23.com\\\/?p=16018\",\"name\":\"C\u00e1mara de Comercio y Producci\u00f3n de SPM Juramenta Nueva Directiva. - Conexi\u00f3n 23\",\"isPartOf\":{\"@id\":\"https:\\\/\\\/conexion23.com\\\/#website\"},\"primaryImageOfPage\":{\"@id\":\"http:\\\/\\\/conexion23.com\\\/?p=16018#primaryimage\"},\"image\":{\"@id\":\"http:\\\/\\\/conexion23.com\\\/?p=16018#primaryimage\"},\"thumbnailUrl\":\"https:\\\/\\\/conexion23.com\\\/wp-content\\\/uploads\\\/2023\\\/02\\\/333002951_3456042754720059_2072115483012274708_n.jpg\",\"datePublished\":\"2023-02-24T17:42:30+00:00\",\"dateModified\":\"2023-02-24T17:42:34+00:00\",\"breadcrumb\":{\"@id\":\"http:\\\/\\\/conexion23.com\\\/?p=16018#breadcrumb\"},\"inLanguage\":\"es\",\"potentialAction\":[{\"@type\":\"ReadAction\",\"target\":[\"http:\\\/\\\/conexion23.com\\\/?p=16018\"]}]},{\"@type\":\"ImageObject\",\"inLanguage\":\"es\",\"@id\":\"http:\\\/\\\/conexion23.com\\\/?p=16018#primaryimage\",\"url\":\"\",\"contentUrl\":\"\"},{\"@type\":\"BreadcrumbList\",\"@id\":\"http:\\\/\\\/conexion23.com\\\/?p=16018#breadcrumb\",\"itemListElement\":[{\"@type\":\"ListItem\",\"position\":1,\"name\":\"Portada\",\"item\":\"https:\\\/\\\/conexion23.com\\\/\"},{\"@type\":\"ListItem\",\"position\":2,\"name\":\"C\u00e1mara de Comercio y Producci\u00f3n de SPM Juramenta Nueva Directiva.\"}]},{\"@type\":\"WebSite\",\"@id\":\"https:\\\/\\\/conexion23.com\\\/#website\",\"url\":\"https:\\\/\\\/conexion23.com\\\/\",\"name\":\"Conexi\u00f3n 23\",\"description\":\"Peri\u00f3dico 100% Petromacorisano\",\"publisher\":{\"@id\":\"https:\\\/\\\/conexion23.com\\\/#organization\"},\"potentialAction\":[{\"@type\":\"SearchAction\",\"target\":{\"@type\":\"EntryPoint\",\"urlTemplate\":\"https:\\\/\\\/conexion23.com\\\/?s={search_term_string}\"},\"query-input\":{\"@type\":\"PropertyValueSpecification\",\"valueRequired\":true,\"valueName\":\"search_term_string\"}}],\"inLanguage\":\"es\"},{\"@type\":\"Organization\",\"@id\":\"https:\\\/\\\/conexion23.com\\\/#organization\",\"name\":\"Conexion 23\",\"url\":\"https:\\\/\\\/conexion23.com\\\/\",\"logo\":{\"@type\":\"ImageObject\",\"inLanguage\":\"es\",\"@id\":\"https:\\\/\\\/conexion23.com\\\/#\\\/schema\\\/logo\\\/image\\\/\",\"url\":\"https:\\\/\\\/conexion23.com\\\/wp-content\\\/uploads\\\/2021\\\/11\\\/Diseno-sin-titulo-2.png\",\"contentUrl\":\"https:\\\/\\\/conexion23.com\\\/wp-content\\\/uploads\\\/2021\\\/11\\\/Diseno-sin-titulo-2.png\",\"width\":541,\"height\":90,\"caption\":\"Conexion 23\"},\"image\":{\"@id\":\"https:\\\/\\\/conexion23.com\\\/#\\\/schema\\\/logo\\\/image\\\/\"},\"sameAs\":[\"https:\\\/\\\/www.facebook.com\\\/conexion23com\",\"https:\\\/\\\/www.instagram.com\\\/conexion23com\\\/\",\"https:\\\/\\\/www.youtube.com\\\/channel\\\/UCYc7vxxFZMYLIHNsHHxPZ3Q\"]},{\"@type\":\"Person\",\"@id\":\"https:\\\/\\\/conexion23.com\\\/#\\\/schema\\\/person\\\/03e36043331117e97a373299bbcd30a6\",\"name\":\"Raffy Ben\u00edtez\",\"image\":{\"@type\":\"ImageObject\",\"inLanguage\":\"es\",\"@id\":\"https:\\\/\\\/secure.gravatar.com\\\/avatar\\\/3190a6a6c5e1b0327500f7d6c56b6242472ee6cb974cf09b401ee6b3b0798f23?s=96&d=mm&r=g\",\"url\":\"https:\\\/\\\/secure.gravatar.com\\\/avatar\\\/3190a6a6c5e1b0327500f7d6c56b6242472ee6cb974cf09b401ee6b3b0798f23?s=96&d=mm&r=g\",\"contentUrl\":\"https:\\\/\\\/secure.gravatar.com\\\/avatar\\\/3190a6a6c5e1b0327500f7d6c56b6242472ee6cb974cf09b401ee6b3b0798f23?s=96&d=mm&r=g\",\"caption\":\"Raffy Ben\u00edtez\"},\"url\":\"https:\\\/\\\/conexion23.com\\\/?author=15\"}]}<\/script>\n<!-- \/ Yoast SEO plugin. -->","yoast_head_json":{"title":"C\u00e1mara de Comercio y Producci\u00f3n de SPM Juramenta Nueva Directiva. - Conexi\u00f3n 23","robots":{"index":"index","follow":"follow","max-snippet":"max-snippet:-1","max-image-preview":"max-image-preview:large","max-video-preview":"max-video-preview:-1"},"canonical":"http:\/\/conexion23.com\/?p=16018","og_locale":"es_ES","og_type":"article","og_title":"C\u00e1mara de Comercio y Producci\u00f3n de SPM Juramenta Nueva Directiva. - Conexi\u00f3n 23","og_description":"Fue juramentada en la noche de \u00e9ste Mi\u00e9rcoles la nueva directiva de la C\u00e1mara de Comercio y Producci\u00f3n de San Pedro de Macor\u00eds donde la Lcda. Carmen Fondeur sustituye al ingeniero Fellito Luna. En la nueva directiva tambi\u00e9n est\u00e1n Ricardo Rosario como vice presidente, Danilo Mi\u00f1oso suplente, Euclides Javier vocal, entre otros. En la juramentaci\u00f3n [&hellip;]","og_url":"http:\/\/conexion23.com\/?p=16018","og_site_name":"Conexi\u00f3n 23","article_publisher":"https:\/\/www.facebook.com\/conexion23com","article_published_time":"2023-02-24T17:42:30+00:00","article_modified_time":"2023-02-24T17:42:34+00:00","og_image":[{"url":"https:\/\/conexion23.com\/wp-content\/uploads\/2023\/02\/333002951_3456042754720059_2072115483012274708_n.jpg","type":"","width":"","height":""}],"author":"Raffy Ben\u00edtez","twitter_card":"summary_large_image","twitter_misc":{"Escrito por":"Raffy Ben\u00edtez","Tiempo de lectura":"1 minuto"},"schema":{"@context":"https:\/\/schema.org","@graph":[{"@type":"Article","@id":"http:\/\/conexion23.com\/?p=16018#article","isPartOf":{"@id":"http:\/\/conexion23.com\/?p=16018"},"author":{"name":"Raffy Ben\u00edtez","@id":"https:\/\/conexion23.com\/#\/schema\/person\/03e36043331117e97a373299bbcd30a6"},"headline":"C\u00e1mara de Comercio y Producci\u00f3n de SPM Juramenta Nueva Directiva.","datePublished":"2023-02-24T17:42:30+00:00","dateModified":"2023-02-24T17:42:34+00:00","mainEntityOfPage":{"@id":"http:\/\/conexion23.com\/?p=16018"},"wordCount":109,"commentCount":0,"publisher":{"@id":"https:\/\/conexion23.com\/#organization"},"image":{"@id":"http:\/\/conexion23.com\/?p=16018#primaryimage"},"thumbnailUrl":"https:\/\/conexion23.com\/wp-content\/uploads\/2023\/02\/333002951_3456042754720059_2072115483012274708_n.jpg","articleSection":["SPM"],"inLanguage":"es","potentialAction":[{"@type":"CommentAction","name":"Comment","target":["http:\/\/conexion23.com\/?p=16018#respond"]}]},{"@type":"WebPage","@id":"http:\/\/conexion23.com\/?p=16018","url":"http:\/\/conexion23.com\/?p=16018","name":"C\u00e1mara de Comercio y Producci\u00f3n de SPM Juramenta Nueva Directiva. - Conexi\u00f3n 23","isPartOf":{"@id":"https:\/\/conexion23.com\/#website"},"primaryImageOfPage":{"@id":"http:\/\/conexion23.com\/?p=16018#primaryimage"},"image":{"@id":"http:\/\/conexion23.com\/?p=16018#primaryimage"},"thumbnailUrl":"https:\/\/conexion23.com\/wp-content\/uploads\/2023\/02\/333002951_3456042754720059_2072115483012274708_n.jpg","datePublished":"2023-02-24T17:42:30+00:00","dateModified":"2023-02-24T17:42:34+00:00","breadcrumb":{"@id":"http:\/\/conexion23.com\/?p=16018#breadcrumb"},"inLanguage":"es","potentialAction":[{"@type":"ReadAction","target":["http:\/\/conexion23.com\/?p=16018"]}]},{"@type":"ImageObject","inLanguage":"es","@id":"http:\/\/conexion23.com\/?p=16018#primaryimage","url":"","contentUrl":""},{"@type":"BreadcrumbList","@id":"http:\/\/conexion23.com\/?p=16018#breadcrumb","itemListElement":[{"@type":"ListItem","position":1,"name":"Portada","item":"https:\/\/conexion23.com\/"},{"@type":"ListItem","position":2,"name":"C\u00e1mara de Comercio y Producci\u00f3n de SPM Juramenta Nueva Directiva."}]},{"@type":"WebSite","@id":"https:\/\/conexion23.com\/#website","url":"https:\/\/conexion23.com\/","name":"Conexi\u00f3n 23","description":"Peri\u00f3dico 100% Petromacorisano","publisher":{"@id":"https:\/\/conexion23.com\/#organization"},"potentialAction":[{"@type":"SearchAction","target":{"@type":"EntryPoint","urlTemplate":"https:\/\/conexion23.com\/?s={search_term_string}"},"query-input":{"@type":"PropertyValueSpecification","valueRequired":true,"valueName":"search_term_string"}}],"inLanguage":"es"},{"@type":"Organization","@id":"https:\/\/conexion23.com\/#organization","name":"Conexion 23","url":"https:\/\/conexion23.com\/","logo":{"@type":"ImageObject","inLanguage":"es","@id":"https:\/\/conexion23.com\/#\/schema\/logo\/image\/","url":"https:\/\/conexion23.com\/wp-content\/uploads\/2021\/11\/Diseno-sin-titulo-2.png","contentUrl":"https:\/\/conexion23.com\/wp-content\/uploads\/2021\/11\/Diseno-sin-titulo-2.png","width":541,"height":90,"caption":"Conexion 23"},"image":{"@id":"https:\/\/conexion23.com\/#\/schema\/logo\/image\/"},"sameAs":["https:\/\/www.facebook.com\/conexion23com","https:\/\/www.instagram.com\/conexion23com\/","https:\/\/www.youtube.com\/channel\/UCYc7vxxFZMYLIHNsHHxPZ3Q"]},{"@type":"Person","@id":"https:\/\/conexion23.com\/#\/schema\/person\/03e36043331117e97a373299bbcd30a6","name":"Raffy Ben\u00edtez","image":{"@type":"ImageObject","inLanguage":"es","@id":"https:\/\/secure.gravatar.com\/avatar\/3190a6a6c5e1b0327500f7d6c56b6242472ee6cb974cf09b401ee6b3b0798f23?s=96&d=mm&r=g","url":"https:\/\/secure.gravatar.com\/avatar\/3190a6a6c5e1b0327500f7d6c56b6242472ee6cb974cf09b401ee6b3b0798f23?s=96&d=mm&r=g","contentUrl":"https:\/\/secure.gravatar.com\/avatar\/3190a6a6c5e1b0327500f7d6c56b6242472ee6cb974cf09b401ee6b3b0798f23?s=96&d=mm&r=g","caption":"Raffy Ben\u00edtez"},"url":"https:\/\/conexion23.com\/?author=15"}]}},"_links":{"self":[{"href":"https:\/\/conexion23.com\/index.php?rest_route=\/wp\/v2\/posts\/16018","targetHints":{"allow":["GET"]}}],"collection":[{"href":"https:\/\/conexion23.com\/index.php?rest_route=\/wp\/v2\/posts"}],"about":[{"href":"https:\/\/conexion23.com\/index.php?rest_route=\/wp\/v2\/types\/post"}],"author":[{"embeddable":true,"href":"https:\/\/conexion23.com\/index.php?rest_route=\/wp\/v2\/users\/15"}],"replies":[{"embeddable":true,"href":"https:\/\/conexion23.com\/index.php?rest_route=%2Fwp%2Fv2%2Fcomments&post=16018"}],"version-history":[{"count":1,"href":"https:\/\/conexion23.com\/index.php?rest_route=\/wp\/v2\/posts\/16018\/revisions"}],"predecessor-version":[{"id":16021,"href":"https:\/\/conexion23.com\/index.php?rest_route=\/wp\/v2\/posts\/16018\/revisions\/16021"}],"wp:attachment":[{"href":"https:\/\/conexion23.com\/index.php?rest_route=%2Fwp%2Fv2%2Fmedia&parent=16018"}],"wp:term":[{"taxonomy":"category","embeddable":true,"href":"https:\/\/conexion23.com\/index.php?rest_route=%2Fwp%2Fv2%2Fcategories&post=16018"},{"taxonomy":"post_tag","embeddable":true,"href":"https:\/\/conexion23.com\/index.php?rest_route=%2Fwp%2Fv2%2Ftags&post=16018"}],"curies":[{"name":"wp","href":"https:\/\/api.w.org\/{rel}","templated":true}]}}