{"id":16031,"date":"2023-03-14T11:40:23","date_gmt":"2023-03-14T15:40:23","guid":{"rendered":"https:\/\/conexion23.com\/?p=16031"},"modified":"2023-03-14T11:43:44","modified_gmt":"2023-03-14T15:43:44","slug":"envia-a-najayo-acusado-de-matar-a-una-pareja-en-la-guayiga","status":"publish","type":"post","link":"https:\/\/conexion23.com\/?p=16031","title":{"rendered":"<strong>Env\u00eda a Najayo acusado de matar a una pareja en La Gu\u00e1yiga.<\/strong>"},"content":{"rendered":"\n<p class=\"wp-block-paragraph\">El juez del juzgado Atenci\u00f3n Permanente de Santo Domingo Oeste impuso un a\u00f1o de prisi\u00f3n preventiva en contra de contra el imputado <a href=\"https:\/\/listindiario.com\/la-republica\/2023\/03\/06\/765795\/capturan-a-dylan-ortiz-principal-sospechoso-de-la-muerte-de-esposos-de-la-guayiga\">Dylan Ortiz,<\/a> principal acusado del <a href=\"https:\/\/listindiario.com\/la-republica\/2023\/03\/09\/766220\/fiscalia-detalla-como-mataron-esposos-la-guayiga\">asesinato de una pareja de esposos<\/a> en el Distrito Municipal La Guayiga.&nbsp;<\/p>\n\n\n\n<p class=\"wp-block-paragraph\">El magistrado Joan Rodr\u00edguez, quien dispuso que el imputado cumpla la medida en el Centro de Correcci\u00f3n y Rehabilitaci\u00f3n Najayo-Hombres, declar\u00f3 adem\u00e1s el caso como complejo.<\/p>\n\n\n\n<p class=\"wp-block-paragraph\">El tribunal tom\u00f3 la decisi\u00f3n al acoger una solicitud de medida de coerci\u00f3n presentada por el Ministerio P\u00fablico, consistente en prisi\u00f3n preventiva, en contra del imputado, quien declar\u00f3 que vino al pa\u00eds \u00aba dar la cara\u00bb y enfrentar los hechos que se le se\u00f1ala.<\/p>\n\n\n\n<p class=\"wp-block-paragraph\">Las autoridades alegaron que Ortiz fue captado por las c\u00e1maras de seguridad de la sucursal de un supermercado en Boca Chica cuando compraba los materiales utilizados para <a href=\"https:\/\/listindiario.com\/la-republica\/2023\/02\/09\/762040\/fiscalia-dice-evidencias-apuntan-a-que-pareja-de-la-guayiga-fue-torturada-antes-de-ser-asesinada\">torturar y quitar la vida a la pareja<\/a> encontrada atada <a href=\"https:\/\/listindiario.com\/la-republica\/2023\/02\/07\/761756\/cuerpos-encontrados-en-los-alcarrizos-corresponden-a-pareja-de-la-guayiga-confirman-familiares\">en un pozo s\u00e9ptico.<\/a><\/p>\n\n\n\n<p class=\"wp-block-paragraph\">Ortiz ha sido se\u00f1alado de rapto y homicidio de la pareja de esposos Luis Miguel J\u00e1quez Rodr\u00edguez y Elizabeth Almarante Pacheco, quienes resid\u00edan en La Gu\u00e1yiga, municipio de Pedro Brand, y fueron encontrados muertos en una fosa en Los Alcarrizos a m\u00e1s de 10 d\u00edas de su desaparici\u00f3n.<\/p>\n\n\n\n<p class=\"wp-block-paragraph\">Por el caso tambi\u00e9n guarda prisi\u00f3n el imputado <a href=\"https:\/\/listindiario.com\/la-republica\/2023\/03\/02\/765190\/aplazan-conocimiento-de-medida-de-coercion-a-implicado-en-asesinato-de-pareja-de-esposos-de-la-guayiga\">Jos\u00e9 Alfredo Ventura Tupete,<\/a> acusado de complicidad por \u201cborrar evidencias\u201d en el asesinato de la pareja de La Gu\u00e1yiga.<\/p>\n","protected":false},"excerpt":{"rendered":"<p>El juez del juzgado Atenci\u00f3n Permanente de Santo Domingo Oeste impuso un a\u00f1o de prisi\u00f3n preventiva en contra de contra el imputado Dylan Ortiz, principal acusado del asesinato de una pareja de esposos en el Distrito Municipal La Guayiga.&nbsp; El magistrado Joan Rodr\u00edguez, quien dispuso que el imputado cumpla la medida en el Centro de [&hellip;]<\/p>\n","protected":false},"author":15,"featured_media":0,"comment_status":"open","ping_status":"open","sticky":false,"template":"","format":"standard","meta":{"footnotes":""},"categories":[1],"tags":[],"class_list":["post-16031","post","type-post","status-publish","format-standard","category-uncategorized"],"yoast_head":"<!-- This site is optimized with the Yoast SEO plugin v27.6 - https:\/\/yoast.com\/product\/yoast-seo-wordpress\/ -->\n<title>Env\u00eda a Najayo acusado de matar a una pareja en La Gu\u00e1yiga. - Conexi\u00f3n 23<\/title>\n<meta name=\"robots\" content=\"index, follow, max-snippet:-1, max-image-preview:large, max-video-preview:-1\" \/>\n<link rel=\"canonical\" href=\"https:\/\/conexion23.com\/?p=16031\" \/>\n<meta property=\"og:locale\" content=\"es_ES\" \/>\n<meta property=\"og:type\" content=\"article\" \/>\n<meta property=\"og:title\" content=\"Env\u00eda a Najayo acusado de matar a una pareja en La Gu\u00e1yiga. - Conexi\u00f3n 23\" \/>\n<meta property=\"og:description\" content=\"El juez del juzgado Atenci\u00f3n Permanente de Santo Domingo Oeste impuso un a\u00f1o de prisi\u00f3n preventiva en contra de contra el imputado Dylan Ortiz, principal acusado del asesinato de una pareja de esposos en el Distrito Municipal La Guayiga.&nbsp; El magistrado Joan Rodr\u00edguez, quien dispuso que el imputado cumpla la medida en el Centro de [&hellip;]\" \/>\n<meta property=\"og:url\" content=\"https:\/\/conexion23.com\/?p=16031\" \/>\n<meta property=\"og:site_name\" content=\"Conexi\u00f3n 23\" \/>\n<meta property=\"article:publisher\" content=\"https:\/\/www.facebook.com\/conexion23com\" \/>\n<meta property=\"article:published_time\" content=\"2023-03-14T15:40:23+00:00\" \/>\n<meta property=\"article:modified_time\" content=\"2023-03-14T15:43:44+00:00\" \/>\n<meta name=\"author\" content=\"Raffy Ben\u00edtez\" \/>\n<meta name=\"twitter:card\" content=\"summary_large_image\" \/>\n<meta name=\"twitter:label1\" content=\"Escrito por\" \/>\n\t<meta name=\"twitter:data1\" content=\"Raffy Ben\u00edtez\" \/>\n\t<meta name=\"twitter:label2\" content=\"Tiempo de lectura\" \/>\n\t<meta name=\"twitter:data2\" content=\"2 minutos\" \/>\n<script type=\"application\/ld+json\" class=\"yoast-schema-graph\">{\"@context\":\"https:\\\/\\\/schema.org\",\"@graph\":[{\"@type\":\"Article\",\"@id\":\"https:\\\/\\\/conexion23.com\\\/?p=16031#article\",\"isPartOf\":{\"@id\":\"https:\\\/\\\/conexion23.com\\\/?p=16031\"},\"author\":{\"name\":\"Raffy Ben\u00edtez\",\"@id\":\"https:\\\/\\\/conexion23.com\\\/#\\\/schema\\\/person\\\/03e36043331117e97a373299bbcd30a6\"},\"headline\":\"Env\u00eda a Najayo acusado de matar a una pareja en La Gu\u00e1yiga.\",\"datePublished\":\"2023-03-14T15:40:23+00:00\",\"dateModified\":\"2023-03-14T15:43:44+00:00\",\"mainEntityOfPage\":{\"@id\":\"https:\\\/\\\/conexion23.com\\\/?p=16031\"},\"wordCount\":265,\"commentCount\":0,\"publisher\":{\"@id\":\"https:\\\/\\\/conexion23.com\\\/#organization\"},\"articleSection\":[\"Uncategorized\"],\"inLanguage\":\"es\",\"potentialAction\":[{\"@type\":\"CommentAction\",\"name\":\"Comment\",\"target\":[\"https:\\\/\\\/conexion23.com\\\/?p=16031#respond\"]}]},{\"@type\":\"WebPage\",\"@id\":\"https:\\\/\\\/conexion23.com\\\/?p=16031\",\"url\":\"https:\\\/\\\/conexion23.com\\\/?p=16031\",\"name\":\"Env\u00eda a Najayo acusado de matar a una pareja en La Gu\u00e1yiga. - Conexi\u00f3n 23\",\"isPartOf\":{\"@id\":\"https:\\\/\\\/conexion23.com\\\/#website\"},\"datePublished\":\"2023-03-14T15:40:23+00:00\",\"dateModified\":\"2023-03-14T15:43:44+00:00\",\"breadcrumb\":{\"@id\":\"https:\\\/\\\/conexion23.com\\\/?p=16031#breadcrumb\"},\"inLanguage\":\"es\",\"potentialAction\":[{\"@type\":\"ReadAction\",\"target\":[\"https:\\\/\\\/conexion23.com\\\/?p=16031\"]}]},{\"@type\":\"BreadcrumbList\",\"@id\":\"https:\\\/\\\/conexion23.com\\\/?p=16031#breadcrumb\",\"itemListElement\":[{\"@type\":\"ListItem\",\"position\":1,\"name\":\"Portada\",\"item\":\"https:\\\/\\\/conexion23.com\\\/\"},{\"@type\":\"ListItem\",\"position\":2,\"name\":\"Env\u00eda a Najayo acusado de matar a una pareja en La Gu\u00e1yiga.\"}]},{\"@type\":\"WebSite\",\"@id\":\"https:\\\/\\\/conexion23.com\\\/#website\",\"url\":\"https:\\\/\\\/conexion23.com\\\/\",\"name\":\"Conexi\u00f3n 23\",\"description\":\"Peri\u00f3dico 100% Petromacorisano\",\"publisher\":{\"@id\":\"https:\\\/\\\/conexion23.com\\\/#organization\"},\"potentialAction\":[{\"@type\":\"SearchAction\",\"target\":{\"@type\":\"EntryPoint\",\"urlTemplate\":\"https:\\\/\\\/conexion23.com\\\/?s={search_term_string}\"},\"query-input\":{\"@type\":\"PropertyValueSpecification\",\"valueRequired\":true,\"valueName\":\"search_term_string\"}}],\"inLanguage\":\"es\"},{\"@type\":\"Organization\",\"@id\":\"https:\\\/\\\/conexion23.com\\\/#organization\",\"name\":\"Conexion 23\",\"url\":\"https:\\\/\\\/conexion23.com\\\/\",\"logo\":{\"@type\":\"ImageObject\",\"inLanguage\":\"es\",\"@id\":\"https:\\\/\\\/conexion23.com\\\/#\\\/schema\\\/logo\\\/image\\\/\",\"url\":\"https:\\\/\\\/conexion23.com\\\/wp-content\\\/uploads\\\/2021\\\/11\\\/Diseno-sin-titulo-2.png\",\"contentUrl\":\"https:\\\/\\\/conexion23.com\\\/wp-content\\\/uploads\\\/2021\\\/11\\\/Diseno-sin-titulo-2.png\",\"width\":541,\"height\":90,\"caption\":\"Conexion 23\"},\"image\":{\"@id\":\"https:\\\/\\\/conexion23.com\\\/#\\\/schema\\\/logo\\\/image\\\/\"},\"sameAs\":[\"https:\\\/\\\/www.facebook.com\\\/conexion23com\",\"https:\\\/\\\/www.instagram.com\\\/conexion23com\\\/\",\"https:\\\/\\\/www.youtube.com\\\/channel\\\/UCYc7vxxFZMYLIHNsHHxPZ3Q\"]},{\"@type\":\"Person\",\"@id\":\"https:\\\/\\\/conexion23.com\\\/#\\\/schema\\\/person\\\/03e36043331117e97a373299bbcd30a6\",\"name\":\"Raffy Ben\u00edtez\",\"image\":{\"@type\":\"ImageObject\",\"inLanguage\":\"es\",\"@id\":\"https:\\\/\\\/secure.gravatar.com\\\/avatar\\\/3190a6a6c5e1b0327500f7d6c56b6242472ee6cb974cf09b401ee6b3b0798f23?s=96&d=mm&r=g\",\"url\":\"https:\\\/\\\/secure.gravatar.com\\\/avatar\\\/3190a6a6c5e1b0327500f7d6c56b6242472ee6cb974cf09b401ee6b3b0798f23?s=96&d=mm&r=g\",\"contentUrl\":\"https:\\\/\\\/secure.gravatar.com\\\/avatar\\\/3190a6a6c5e1b0327500f7d6c56b6242472ee6cb974cf09b401ee6b3b0798f23?s=96&d=mm&r=g\",\"caption\":\"Raffy Ben\u00edtez\"},\"url\":\"https:\\\/\\\/conexion23.com\\\/?author=15\"}]}<\/script>\n<!-- \/ Yoast SEO plugin. -->","yoast_head_json":{"title":"Env\u00eda a Najayo acusado de matar a una pareja en La Gu\u00e1yiga. - Conexi\u00f3n 23","robots":{"index":"index","follow":"follow","max-snippet":"max-snippet:-1","max-image-preview":"max-image-preview:large","max-video-preview":"max-video-preview:-1"},"canonical":"https:\/\/conexion23.com\/?p=16031","og_locale":"es_ES","og_type":"article","og_title":"Env\u00eda a Najayo acusado de matar a una pareja en La Gu\u00e1yiga. - Conexi\u00f3n 23","og_description":"El juez del juzgado Atenci\u00f3n Permanente de Santo Domingo Oeste impuso un a\u00f1o de prisi\u00f3n preventiva en contra de contra el imputado Dylan Ortiz, principal acusado del asesinato de una pareja de esposos en el Distrito Municipal La Guayiga.&nbsp; El magistrado Joan Rodr\u00edguez, quien dispuso que el imputado cumpla la medida en el Centro de [&hellip;]","og_url":"https:\/\/conexion23.com\/?p=16031","og_site_name":"Conexi\u00f3n 23","article_publisher":"https:\/\/www.facebook.com\/conexion23com","article_published_time":"2023-03-14T15:40:23+00:00","article_modified_time":"2023-03-14T15:43:44+00:00","author":"Raffy Ben\u00edtez","twitter_card":"summary_large_image","twitter_misc":{"Escrito por":"Raffy Ben\u00edtez","Tiempo de lectura":"2 minutos"},"schema":{"@context":"https:\/\/schema.org","@graph":[{"@type":"Article","@id":"https:\/\/conexion23.com\/?p=16031#article","isPartOf":{"@id":"https:\/\/conexion23.com\/?p=16031"},"author":{"name":"Raffy Ben\u00edtez","@id":"https:\/\/conexion23.com\/#\/schema\/person\/03e36043331117e97a373299bbcd30a6"},"headline":"Env\u00eda a Najayo acusado de matar a una pareja en La Gu\u00e1yiga.","datePublished":"2023-03-14T15:40:23+00:00","dateModified":"2023-03-14T15:43:44+00:00","mainEntityOfPage":{"@id":"https:\/\/conexion23.com\/?p=16031"},"wordCount":265,"commentCount":0,"publisher":{"@id":"https:\/\/conexion23.com\/#organization"},"articleSection":["Uncategorized"],"inLanguage":"es","potentialAction":[{"@type":"CommentAction","name":"Comment","target":["https:\/\/conexion23.com\/?p=16031#respond"]}]},{"@type":"WebPage","@id":"https:\/\/conexion23.com\/?p=16031","url":"https:\/\/conexion23.com\/?p=16031","name":"Env\u00eda a Najayo acusado de matar a una pareja en La Gu\u00e1yiga. - Conexi\u00f3n 23","isPartOf":{"@id":"https:\/\/conexion23.com\/#website"},"datePublished":"2023-03-14T15:40:23+00:00","dateModified":"2023-03-14T15:43:44+00:00","breadcrumb":{"@id":"https:\/\/conexion23.com\/?p=16031#breadcrumb"},"inLanguage":"es","potentialAction":[{"@type":"ReadAction","target":["https:\/\/conexion23.com\/?p=16031"]}]},{"@type":"BreadcrumbList","@id":"https:\/\/conexion23.com\/?p=16031#breadcrumb","itemListElement":[{"@type":"ListItem","position":1,"name":"Portada","item":"https:\/\/conexion23.com\/"},{"@type":"ListItem","position":2,"name":"Env\u00eda a Najayo acusado de matar a una pareja en La Gu\u00e1yiga."}]},{"@type":"WebSite","@id":"https:\/\/conexion23.com\/#website","url":"https:\/\/conexion23.com\/","name":"Conexi\u00f3n 23","description":"Peri\u00f3dico 100% Petromacorisano","publisher":{"@id":"https:\/\/conexion23.com\/#organization"},"potentialAction":[{"@type":"SearchAction","target":{"@type":"EntryPoint","urlTemplate":"https:\/\/conexion23.com\/?s={search_term_string}"},"query-input":{"@type":"PropertyValueSpecification","valueRequired":true,"valueName":"search_term_string"}}],"inLanguage":"es"},{"@type":"Organization","@id":"https:\/\/conexion23.com\/#organization","name":"Conexion 23","url":"https:\/\/conexion23.com\/","logo":{"@type":"ImageObject","inLanguage":"es","@id":"https:\/\/conexion23.com\/#\/schema\/logo\/image\/","url":"https:\/\/conexion23.com\/wp-content\/uploads\/2021\/11\/Diseno-sin-titulo-2.png","contentUrl":"https:\/\/conexion23.com\/wp-content\/uploads\/2021\/11\/Diseno-sin-titulo-2.png","width":541,"height":90,"caption":"Conexion 23"},"image":{"@id":"https:\/\/conexion23.com\/#\/schema\/logo\/image\/"},"sameAs":["https:\/\/www.facebook.com\/conexion23com","https:\/\/www.instagram.com\/conexion23com\/","https:\/\/www.youtube.com\/channel\/UCYc7vxxFZMYLIHNsHHxPZ3Q"]},{"@type":"Person","@id":"https:\/\/conexion23.com\/#\/schema\/person\/03e36043331117e97a373299bbcd30a6","name":"Raffy Ben\u00edtez","image":{"@type":"ImageObject","inLanguage":"es","@id":"https:\/\/secure.gravatar.com\/avatar\/3190a6a6c5e1b0327500f7d6c56b6242472ee6cb974cf09b401ee6b3b0798f23?s=96&d=mm&r=g","url":"https:\/\/secure.gravatar.com\/avatar\/3190a6a6c5e1b0327500f7d6c56b6242472ee6cb974cf09b401ee6b3b0798f23?s=96&d=mm&r=g","contentUrl":"https:\/\/secure.gravatar.com\/avatar\/3190a6a6c5e1b0327500f7d6c56b6242472ee6cb974cf09b401ee6b3b0798f23?s=96&d=mm&r=g","caption":"Raffy Ben\u00edtez"},"url":"https:\/\/conexion23.com\/?author=15"}]}},"_links":{"self":[{"href":"https:\/\/conexion23.com\/index.php?rest_route=\/wp\/v2\/posts\/16031","targetHints":{"allow":["GET"]}}],"collection":[{"href":"https:\/\/conexion23.com\/index.php?rest_route=\/wp\/v2\/posts"}],"about":[{"href":"https:\/\/conexion23.com\/index.php?rest_route=\/wp\/v2\/types\/post"}],"author":[{"embeddable":true,"href":"https:\/\/conexion23.com\/index.php?rest_route=\/wp\/v2\/users\/15"}],"replies":[{"embeddable":true,"href":"https:\/\/conexion23.com\/index.php?rest_route=%2Fwp%2Fv2%2Fcomments&post=16031"}],"version-history":[{"count":1,"href":"https:\/\/conexion23.com\/index.php?rest_route=\/wp\/v2\/posts\/16031\/revisions"}],"predecessor-version":[{"id":16033,"href":"https:\/\/conexion23.com\/index.php?rest_route=\/wp\/v2\/posts\/16031\/revisions\/16033"}],"wp:attachment":[{"href":"https:\/\/conexion23.com\/index.php?rest_route=%2Fwp%2Fv2%2Fmedia&parent=16031"}],"wp:term":[{"taxonomy":"category","embeddable":true,"href":"https:\/\/conexion23.com\/index.php?rest_route=%2Fwp%2Fv2%2Fcategories&post=16031"},{"taxonomy":"post_tag","embeddable":true,"href":"https:\/\/conexion23.com\/index.php?rest_route=%2Fwp%2Fv2%2Ftags&post=16031"}],"curies":[{"name":"wp","href":"https:\/\/api.w.org\/{rel}","templated":true}]}}