{"id":16038,"date":"2023-03-14T11:51:56","date_gmt":"2023-03-14T15:51:56","guid":{"rendered":"https:\/\/conexion23.com\/?p=16038"},"modified":"2023-03-14T11:51:59","modified_gmt":"2023-03-14T15:51:59","slug":"los-gagas-no-podran-desarrollar-actividades-en-semana-santa-en-san-pedro-de-macoris","status":"publish","type":"post","link":"https:\/\/conexion23.com\/?p=16038","title":{"rendered":"<strong>Los \u00abGag\u00e1s\u00bb no podr\u00e1n desarrollar actividades&nbsp; en Semana Santa en San Pedro de Macoris&nbsp;<\/strong>"},"content":{"rendered":"\n<p class=\"wp-block-paragraph\">Las autoridades municipales determinaron prohibir la&nbsp; circulaci\u00f3n de los denominados Gag\u00e1s por calles de San Pedro de Macor\u00eds durante la Semana Santa. Qu\u00e9 inicia la primera semana de abril.<\/p>\n\n\n\n<p class=\"wp-block-paragraph\">La prohibici\u00f3n se establece&nbsp; despu\u00e9s que el pasado a\u00f1o los organizadores de los Gagas violaran ciertas reglas que fueron interpuestas por las autoridades para evitar enfrentamientos entre ellos y que utilicen armas blancas como machete.<\/p>\n\n\n\n<p class=\"wp-block-paragraph\">En la ma\u00f1ana de este lunes se realiz\u00f3 una reuni\u00f3n encabezada por la vicealcaldesa Yolanda Jacobo en una mesa de trabajo.<\/p>\n\n\n\n<p class=\"wp-block-paragraph\">Estuvieron presentes el encargado de tr\u00e1nsito Rey Ram\u00edrez, la presidenta de la Uni\u00f3n de Juntas de Vecinos Alma Reyes, la encargada provincial del Ministerio de la Mujer, Gissel Santana, el director regional de la Defensa Civil, Estarlin Leger, as\u00ed como miembros de la Armada Dominicana, miembros del 9-11, Medio Ambiente, Turismo y otras autoridades.<\/p>\n\n\n\n<p class=\"wp-block-paragraph\">La prohibici\u00f3n se llevar\u00e1 por&nbsp; ante el consejo de regidores para lograr emitir una resoluci\u00f3n oficial.<\/p>\n\n\n\n<p class=\"wp-block-paragraph\">Yolanda Jacobo, dijo que los organizadores de los gagas ser\u00e1n notificados para que no aleguen ignorancia.<\/p>\n","protected":false},"excerpt":{"rendered":"<p>Las autoridades municipales determinaron prohibir la&nbsp; circulaci\u00f3n de los denominados Gag\u00e1s por calles de San Pedro de Macor\u00eds durante la Semana Santa. Qu\u00e9 inicia la primera semana de abril. La prohibici\u00f3n se establece&nbsp; despu\u00e9s que el pasado a\u00f1o los organizadores de los Gagas violaran ciertas reglas que fueron interpuestas por las autoridades para evitar enfrentamientos [&hellip;]<\/p>\n","protected":false},"author":15,"featured_media":0,"comment_status":"open","ping_status":"open","sticky":false,"template":"","format":"standard","meta":{"footnotes":""},"categories":[35],"tags":[],"class_list":["post-16038","post","type-post","status-publish","format-standard","category-spm"],"yoast_head":"<!-- This site is optimized with the Yoast SEO plugin v27.6 - https:\/\/yoast.com\/product\/yoast-seo-wordpress\/ -->\n<title>Los &quot;Gag\u00e1s&quot; no podr\u00e1n desarrollar actividades&nbsp; en Semana Santa en San Pedro de Macoris&nbsp; - Conexi\u00f3n 23<\/title>\n<meta name=\"robots\" content=\"index, follow, max-snippet:-1, max-image-preview:large, max-video-preview:-1\" \/>\n<link rel=\"canonical\" href=\"https:\/\/conexion23.com\/?p=16038\" \/>\n<meta property=\"og:locale\" content=\"es_ES\" \/>\n<meta property=\"og:type\" content=\"article\" \/>\n<meta property=\"og:title\" content=\"Los &quot;Gag\u00e1s&quot; no podr\u00e1n desarrollar actividades&nbsp; en Semana Santa en San Pedro de Macoris&nbsp; - Conexi\u00f3n 23\" \/>\n<meta property=\"og:description\" content=\"Las autoridades municipales determinaron prohibir la&nbsp; circulaci\u00f3n de los denominados Gag\u00e1s por calles de San Pedro de Macor\u00eds durante la Semana Santa. Qu\u00e9 inicia la primera semana de abril. La prohibici\u00f3n se establece&nbsp; despu\u00e9s que el pasado a\u00f1o los organizadores de los Gagas violaran ciertas reglas que fueron interpuestas por las autoridades para evitar enfrentamientos [&hellip;]\" \/>\n<meta property=\"og:url\" content=\"https:\/\/conexion23.com\/?p=16038\" \/>\n<meta property=\"og:site_name\" content=\"Conexi\u00f3n 23\" \/>\n<meta property=\"article:publisher\" content=\"https:\/\/www.facebook.com\/conexion23com\" \/>\n<meta property=\"article:published_time\" content=\"2023-03-14T15:51:56+00:00\" \/>\n<meta property=\"article:modified_time\" content=\"2023-03-14T15:51:59+00:00\" \/>\n<meta name=\"author\" content=\"Raffy Ben\u00edtez\" \/>\n<meta name=\"twitter:card\" content=\"summary_large_image\" \/>\n<meta name=\"twitter:label1\" content=\"Escrito por\" \/>\n\t<meta name=\"twitter:data1\" content=\"Raffy Ben\u00edtez\" \/>\n\t<meta name=\"twitter:label2\" content=\"Tiempo de lectura\" \/>\n\t<meta name=\"twitter:data2\" content=\"1 minuto\" \/>\n<script type=\"application\/ld+json\" class=\"yoast-schema-graph\">{\"@context\":\"https:\\\/\\\/schema.org\",\"@graph\":[{\"@type\":\"Article\",\"@id\":\"https:\\\/\\\/conexion23.com\\\/?p=16038#article\",\"isPartOf\":{\"@id\":\"https:\\\/\\\/conexion23.com\\\/?p=16038\"},\"author\":{\"name\":\"Raffy Ben\u00edtez\",\"@id\":\"https:\\\/\\\/conexion23.com\\\/#\\\/schema\\\/person\\\/03e36043331117e97a373299bbcd30a6\"},\"headline\":\"Los \u00abGag\u00e1s\u00bb no podr\u00e1n desarrollar actividades&nbsp; en Semana Santa en San Pedro de Macoris&nbsp;\",\"datePublished\":\"2023-03-14T15:51:56+00:00\",\"dateModified\":\"2023-03-14T15:51:59+00:00\",\"mainEntityOfPage\":{\"@id\":\"https:\\\/\\\/conexion23.com\\\/?p=16038\"},\"wordCount\":206,\"commentCount\":0,\"publisher\":{\"@id\":\"https:\\\/\\\/conexion23.com\\\/#organization\"},\"articleSection\":[\"SPM\"],\"inLanguage\":\"es\",\"potentialAction\":[{\"@type\":\"CommentAction\",\"name\":\"Comment\",\"target\":[\"https:\\\/\\\/conexion23.com\\\/?p=16038#respond\"]}]},{\"@type\":\"WebPage\",\"@id\":\"https:\\\/\\\/conexion23.com\\\/?p=16038\",\"url\":\"https:\\\/\\\/conexion23.com\\\/?p=16038\",\"name\":\"Los \\\"Gag\u00e1s\\\" no podr\u00e1n desarrollar actividades&nbsp; en Semana Santa en San Pedro de Macoris&nbsp; - Conexi\u00f3n 23\",\"isPartOf\":{\"@id\":\"https:\\\/\\\/conexion23.com\\\/#website\"},\"datePublished\":\"2023-03-14T15:51:56+00:00\",\"dateModified\":\"2023-03-14T15:51:59+00:00\",\"breadcrumb\":{\"@id\":\"https:\\\/\\\/conexion23.com\\\/?p=16038#breadcrumb\"},\"inLanguage\":\"es\",\"potentialAction\":[{\"@type\":\"ReadAction\",\"target\":[\"https:\\\/\\\/conexion23.com\\\/?p=16038\"]}]},{\"@type\":\"BreadcrumbList\",\"@id\":\"https:\\\/\\\/conexion23.com\\\/?p=16038#breadcrumb\",\"itemListElement\":[{\"@type\":\"ListItem\",\"position\":1,\"name\":\"Portada\",\"item\":\"https:\\\/\\\/conexion23.com\\\/\"},{\"@type\":\"ListItem\",\"position\":2,\"name\":\"Los \u00abGag\u00e1s\u00bb no podr\u00e1n desarrollar actividades&nbsp; en Semana Santa en San Pedro de Macoris&nbsp;\"}]},{\"@type\":\"WebSite\",\"@id\":\"https:\\\/\\\/conexion23.com\\\/#website\",\"url\":\"https:\\\/\\\/conexion23.com\\\/\",\"name\":\"Conexi\u00f3n 23\",\"description\":\"Peri\u00f3dico 100% Petromacorisano\",\"publisher\":{\"@id\":\"https:\\\/\\\/conexion23.com\\\/#organization\"},\"potentialAction\":[{\"@type\":\"SearchAction\",\"target\":{\"@type\":\"EntryPoint\",\"urlTemplate\":\"https:\\\/\\\/conexion23.com\\\/?s={search_term_string}\"},\"query-input\":{\"@type\":\"PropertyValueSpecification\",\"valueRequired\":true,\"valueName\":\"search_term_string\"}}],\"inLanguage\":\"es\"},{\"@type\":\"Organization\",\"@id\":\"https:\\\/\\\/conexion23.com\\\/#organization\",\"name\":\"Conexion 23\",\"url\":\"https:\\\/\\\/conexion23.com\\\/\",\"logo\":{\"@type\":\"ImageObject\",\"inLanguage\":\"es\",\"@id\":\"https:\\\/\\\/conexion23.com\\\/#\\\/schema\\\/logo\\\/image\\\/\",\"url\":\"https:\\\/\\\/conexion23.com\\\/wp-content\\\/uploads\\\/2021\\\/11\\\/Diseno-sin-titulo-2.png\",\"contentUrl\":\"https:\\\/\\\/conexion23.com\\\/wp-content\\\/uploads\\\/2021\\\/11\\\/Diseno-sin-titulo-2.png\",\"width\":541,\"height\":90,\"caption\":\"Conexion 23\"},\"image\":{\"@id\":\"https:\\\/\\\/conexion23.com\\\/#\\\/schema\\\/logo\\\/image\\\/\"},\"sameAs\":[\"https:\\\/\\\/www.facebook.com\\\/conexion23com\",\"https:\\\/\\\/www.instagram.com\\\/conexion23com\\\/\",\"https:\\\/\\\/www.youtube.com\\\/channel\\\/UCYc7vxxFZMYLIHNsHHxPZ3Q\"]},{\"@type\":\"Person\",\"@id\":\"https:\\\/\\\/conexion23.com\\\/#\\\/schema\\\/person\\\/03e36043331117e97a373299bbcd30a6\",\"name\":\"Raffy Ben\u00edtez\",\"image\":{\"@type\":\"ImageObject\",\"inLanguage\":\"es\",\"@id\":\"https:\\\/\\\/secure.gravatar.com\\\/avatar\\\/3190a6a6c5e1b0327500f7d6c56b6242472ee6cb974cf09b401ee6b3b0798f23?s=96&d=mm&r=g\",\"url\":\"https:\\\/\\\/secure.gravatar.com\\\/avatar\\\/3190a6a6c5e1b0327500f7d6c56b6242472ee6cb974cf09b401ee6b3b0798f23?s=96&d=mm&r=g\",\"contentUrl\":\"https:\\\/\\\/secure.gravatar.com\\\/avatar\\\/3190a6a6c5e1b0327500f7d6c56b6242472ee6cb974cf09b401ee6b3b0798f23?s=96&d=mm&r=g\",\"caption\":\"Raffy Ben\u00edtez\"},\"url\":\"https:\\\/\\\/conexion23.com\\\/?author=15\"}]}<\/script>\n<!-- \/ Yoast SEO plugin. -->","yoast_head_json":{"title":"Los \"Gag\u00e1s\" no podr\u00e1n desarrollar actividades&nbsp; en Semana Santa en San Pedro de Macoris&nbsp; - Conexi\u00f3n 23","robots":{"index":"index","follow":"follow","max-snippet":"max-snippet:-1","max-image-preview":"max-image-preview:large","max-video-preview":"max-video-preview:-1"},"canonical":"https:\/\/conexion23.com\/?p=16038","og_locale":"es_ES","og_type":"article","og_title":"Los \"Gag\u00e1s\" no podr\u00e1n desarrollar actividades&nbsp; en Semana Santa en San Pedro de Macoris&nbsp; - Conexi\u00f3n 23","og_description":"Las autoridades municipales determinaron prohibir la&nbsp; circulaci\u00f3n de los denominados Gag\u00e1s por calles de San Pedro de Macor\u00eds durante la Semana Santa. Qu\u00e9 inicia la primera semana de abril. La prohibici\u00f3n se establece&nbsp; despu\u00e9s que el pasado a\u00f1o los organizadores de los Gagas violaran ciertas reglas que fueron interpuestas por las autoridades para evitar enfrentamientos [&hellip;]","og_url":"https:\/\/conexion23.com\/?p=16038","og_site_name":"Conexi\u00f3n 23","article_publisher":"https:\/\/www.facebook.com\/conexion23com","article_published_time":"2023-03-14T15:51:56+00:00","article_modified_time":"2023-03-14T15:51:59+00:00","author":"Raffy Ben\u00edtez","twitter_card":"summary_large_image","twitter_misc":{"Escrito por":"Raffy Ben\u00edtez","Tiempo de lectura":"1 minuto"},"schema":{"@context":"https:\/\/schema.org","@graph":[{"@type":"Article","@id":"https:\/\/conexion23.com\/?p=16038#article","isPartOf":{"@id":"https:\/\/conexion23.com\/?p=16038"},"author":{"name":"Raffy Ben\u00edtez","@id":"https:\/\/conexion23.com\/#\/schema\/person\/03e36043331117e97a373299bbcd30a6"},"headline":"Los \u00abGag\u00e1s\u00bb no podr\u00e1n desarrollar actividades&nbsp; en Semana Santa en San Pedro de Macoris&nbsp;","datePublished":"2023-03-14T15:51:56+00:00","dateModified":"2023-03-14T15:51:59+00:00","mainEntityOfPage":{"@id":"https:\/\/conexion23.com\/?p=16038"},"wordCount":206,"commentCount":0,"publisher":{"@id":"https:\/\/conexion23.com\/#organization"},"articleSection":["SPM"],"inLanguage":"es","potentialAction":[{"@type":"CommentAction","name":"Comment","target":["https:\/\/conexion23.com\/?p=16038#respond"]}]},{"@type":"WebPage","@id":"https:\/\/conexion23.com\/?p=16038","url":"https:\/\/conexion23.com\/?p=16038","name":"Los \"Gag\u00e1s\" no podr\u00e1n desarrollar actividades&nbsp; en Semana Santa en San Pedro de Macoris&nbsp; - Conexi\u00f3n 23","isPartOf":{"@id":"https:\/\/conexion23.com\/#website"},"datePublished":"2023-03-14T15:51:56+00:00","dateModified":"2023-03-14T15:51:59+00:00","breadcrumb":{"@id":"https:\/\/conexion23.com\/?p=16038#breadcrumb"},"inLanguage":"es","potentialAction":[{"@type":"ReadAction","target":["https:\/\/conexion23.com\/?p=16038"]}]},{"@type":"BreadcrumbList","@id":"https:\/\/conexion23.com\/?p=16038#breadcrumb","itemListElement":[{"@type":"ListItem","position":1,"name":"Portada","item":"https:\/\/conexion23.com\/"},{"@type":"ListItem","position":2,"name":"Los \u00abGag\u00e1s\u00bb no podr\u00e1n desarrollar actividades&nbsp; en Semana Santa en San Pedro de Macoris&nbsp;"}]},{"@type":"WebSite","@id":"https:\/\/conexion23.com\/#website","url":"https:\/\/conexion23.com\/","name":"Conexi\u00f3n 23","description":"Peri\u00f3dico 100% Petromacorisano","publisher":{"@id":"https:\/\/conexion23.com\/#organization"},"potentialAction":[{"@type":"SearchAction","target":{"@type":"EntryPoint","urlTemplate":"https:\/\/conexion23.com\/?s={search_term_string}"},"query-input":{"@type":"PropertyValueSpecification","valueRequired":true,"valueName":"search_term_string"}}],"inLanguage":"es"},{"@type":"Organization","@id":"https:\/\/conexion23.com\/#organization","name":"Conexion 23","url":"https:\/\/conexion23.com\/","logo":{"@type":"ImageObject","inLanguage":"es","@id":"https:\/\/conexion23.com\/#\/schema\/logo\/image\/","url":"https:\/\/conexion23.com\/wp-content\/uploads\/2021\/11\/Diseno-sin-titulo-2.png","contentUrl":"https:\/\/conexion23.com\/wp-content\/uploads\/2021\/11\/Diseno-sin-titulo-2.png","width":541,"height":90,"caption":"Conexion 23"},"image":{"@id":"https:\/\/conexion23.com\/#\/schema\/logo\/image\/"},"sameAs":["https:\/\/www.facebook.com\/conexion23com","https:\/\/www.instagram.com\/conexion23com\/","https:\/\/www.youtube.com\/channel\/UCYc7vxxFZMYLIHNsHHxPZ3Q"]},{"@type":"Person","@id":"https:\/\/conexion23.com\/#\/schema\/person\/03e36043331117e97a373299bbcd30a6","name":"Raffy Ben\u00edtez","image":{"@type":"ImageObject","inLanguage":"es","@id":"https:\/\/secure.gravatar.com\/avatar\/3190a6a6c5e1b0327500f7d6c56b6242472ee6cb974cf09b401ee6b3b0798f23?s=96&d=mm&r=g","url":"https:\/\/secure.gravatar.com\/avatar\/3190a6a6c5e1b0327500f7d6c56b6242472ee6cb974cf09b401ee6b3b0798f23?s=96&d=mm&r=g","contentUrl":"https:\/\/secure.gravatar.com\/avatar\/3190a6a6c5e1b0327500f7d6c56b6242472ee6cb974cf09b401ee6b3b0798f23?s=96&d=mm&r=g","caption":"Raffy Ben\u00edtez"},"url":"https:\/\/conexion23.com\/?author=15"}]}},"_links":{"self":[{"href":"https:\/\/conexion23.com\/index.php?rest_route=\/wp\/v2\/posts\/16038","targetHints":{"allow":["GET"]}}],"collection":[{"href":"https:\/\/conexion23.com\/index.php?rest_route=\/wp\/v2\/posts"}],"about":[{"href":"https:\/\/conexion23.com\/index.php?rest_route=\/wp\/v2\/types\/post"}],"author":[{"embeddable":true,"href":"https:\/\/conexion23.com\/index.php?rest_route=\/wp\/v2\/users\/15"}],"replies":[{"embeddable":true,"href":"https:\/\/conexion23.com\/index.php?rest_route=%2Fwp%2Fv2%2Fcomments&post=16038"}],"version-history":[{"count":1,"href":"https:\/\/conexion23.com\/index.php?rest_route=\/wp\/v2\/posts\/16038\/revisions"}],"predecessor-version":[{"id":16040,"href":"https:\/\/conexion23.com\/index.php?rest_route=\/wp\/v2\/posts\/16038\/revisions\/16040"}],"wp:attachment":[{"href":"https:\/\/conexion23.com\/index.php?rest_route=%2Fwp%2Fv2%2Fmedia&parent=16038"}],"wp:term":[{"taxonomy":"category","embeddable":true,"href":"https:\/\/conexion23.com\/index.php?rest_route=%2Fwp%2Fv2%2Fcategories&post=16038"},{"taxonomy":"post_tag","embeddable":true,"href":"https:\/\/conexion23.com\/index.php?rest_route=%2Fwp%2Fv2%2Ftags&post=16038"}],"curies":[{"name":"wp","href":"https:\/\/api.w.org\/{rel}","templated":true}]}}