{"id":16041,"date":"2023-03-14T11:56:19","date_gmt":"2023-03-14T15:56:19","guid":{"rendered":"https:\/\/conexion23.com\/?p=16041"},"modified":"2023-03-14T11:56:23","modified_gmt":"2023-03-14T15:56:23","slug":"denuncian-estan-provocando-incendios-forestales-en-la-zona-de-veron-punta-cana","status":"publish","type":"post","link":"https:\/\/conexion23.com\/?p=16041","title":{"rendered":"Denuncian est\u00e1n provocando incendios forestales en la zona de Ver\u00f3n Punta Cana"},"content":{"rendered":"\n<p class=\"wp-block-paragraph\">Pobladores de la zona Ver\u00f3n Punta Cana denunciaron la ma\u00f1ana de este martes que desde hace varios d\u00edas no pueden dormir tranquilos, debido a\u00a0<strong>\u201cincendios forestales\u201d<\/strong>\u00a0que se inician en horas de la madrugada.<\/p>\n\n\n\n<p class=\"wp-block-paragraph\">Contaron que estaban atentos en toda la zona hasta la madrugada con el Cuerpo de Bomberos en esa demarcaci\u00f3n, y, adem\u00e1s, con m\u00e1s de 500 personas en vigilancia y&nbsp;<strong>\u201cfurtivamente, desde las 3:00 de la ma\u00f1ana y de manera simult\u00e1nea, empez\u00f3 una quema de \u00e1rboles\u201d.<\/strong><\/p>\n\n\n\n<p class=\"wp-block-paragraph\"><strong>\u201cA esto hay que ponerle ojo\u201d,<\/strong>&nbsp;dijo uno de los del grupo, a la vez que indic\u00f3 que un amigo residente en la zona de B\u00e1varo \u201ctiene dos d\u00edas mandando im\u00e1genes de los fuegos que se est\u00e1n armando en horas de la madrugada y nadie sabe nada\u201d.<\/p>\n\n\n\n<p class=\"wp-block-paragraph\">Se quejaron de que han denunciado la problem\u00e1tica y no han tenido respuestas.<\/p>\n\n\n\n<p class=\"wp-block-paragraph\"><strong>\u201cEllos se han tenido que turnar para estar atentos y evitar una desgracia\u201d<\/strong>, dijo con indignaci\u00f3n.<\/p>\n\n\n\n<p class=\"wp-block-paragraph\">De acuerdo con los lugare\u00f1os, los bomberos est\u00e1n agotados y se est\u00e1n solicitando voluntarios para paliar la situaci\u00f3n.<\/p>\n\n\n\n<p class=\"wp-block-paragraph\">Se\u00f1alaron que las autoridades enviaron soldados del Ej\u00e9rcito Nacional en el d\u00eda de ayer (lunes), pero \u201cquienes lo est\u00e1n haciendo, est\u00e1n al acecho y&nbsp;<strong>aprovechan la madrugada para quemar en el lugar menos indicado\u201d<\/strong>.<\/p>\n\n\n\n<p class=\"wp-block-paragraph\">\u201cEl gobierno tendr\u00e1 que tomar medidas m\u00e1s dr\u00e1sticas. Quiz\u00e1s lo entiendan cuando el turismo sea realmente impactado\u201d, protest\u00f3 uno de ellos.<\/p>\n","protected":false},"excerpt":{"rendered":"<p>Pobladores de la zona Ver\u00f3n Punta Cana denunciaron la ma\u00f1ana de este martes que desde hace varios d\u00edas no pueden dormir tranquilos, debido a\u00a0\u201cincendios forestales\u201d\u00a0que se inician en horas de la madrugada. Contaron que estaban atentos en toda la zona hasta la madrugada con el Cuerpo de Bomberos en esa demarcaci\u00f3n, y, adem\u00e1s, con m\u00e1s [&hellip;]<\/p>\n","protected":false},"author":15,"featured_media":0,"comment_status":"open","ping_status":"open","sticky":false,"template":"","format":"standard","meta":{"footnotes":""},"categories":[2474],"tags":[],"class_list":["post-16041","post","type-post","status-publish","format-standard","category-la-altagracia"],"yoast_head":"<!-- This site is optimized with the Yoast SEO plugin v27.6 - https:\/\/yoast.com\/product\/yoast-seo-wordpress\/ -->\n<title>Denuncian est\u00e1n provocando incendios forestales en la zona de Ver\u00f3n Punta Cana - Conexi\u00f3n 23<\/title>\n<meta name=\"robots\" content=\"index, follow, max-snippet:-1, max-image-preview:large, max-video-preview:-1\" \/>\n<link rel=\"canonical\" href=\"https:\/\/conexion23.com\/?p=16041\" \/>\n<meta property=\"og:locale\" content=\"es_ES\" \/>\n<meta property=\"og:type\" content=\"article\" \/>\n<meta property=\"og:title\" content=\"Denuncian est\u00e1n provocando incendios forestales en la zona de Ver\u00f3n Punta Cana - Conexi\u00f3n 23\" \/>\n<meta property=\"og:description\" content=\"Pobladores de la zona Ver\u00f3n Punta Cana denunciaron la ma\u00f1ana de este martes que desde hace varios d\u00edas no pueden dormir tranquilos, debido a\u00a0\u201cincendios forestales\u201d\u00a0que se inician en horas de la madrugada. Contaron que estaban atentos en toda la zona hasta la madrugada con el Cuerpo de Bomberos en esa demarcaci\u00f3n, y, adem\u00e1s, con m\u00e1s [&hellip;]\" \/>\n<meta property=\"og:url\" content=\"https:\/\/conexion23.com\/?p=16041\" \/>\n<meta property=\"og:site_name\" content=\"Conexi\u00f3n 23\" \/>\n<meta property=\"article:publisher\" content=\"https:\/\/www.facebook.com\/conexion23com\" \/>\n<meta property=\"article:published_time\" content=\"2023-03-14T15:56:19+00:00\" \/>\n<meta property=\"article:modified_time\" content=\"2023-03-14T15:56:23+00:00\" \/>\n<meta name=\"author\" content=\"Raffy Ben\u00edtez\" \/>\n<meta name=\"twitter:card\" content=\"summary_large_image\" \/>\n<meta name=\"twitter:label1\" content=\"Escrito por\" \/>\n\t<meta name=\"twitter:data1\" content=\"Raffy Ben\u00edtez\" \/>\n\t<meta name=\"twitter:label2\" content=\"Tiempo de lectura\" \/>\n\t<meta name=\"twitter:data2\" content=\"2 minutos\" \/>\n<script type=\"application\/ld+json\" class=\"yoast-schema-graph\">{\"@context\":\"https:\\\/\\\/schema.org\",\"@graph\":[{\"@type\":\"Article\",\"@id\":\"https:\\\/\\\/conexion23.com\\\/?p=16041#article\",\"isPartOf\":{\"@id\":\"https:\\\/\\\/conexion23.com\\\/?p=16041\"},\"author\":{\"name\":\"Raffy Ben\u00edtez\",\"@id\":\"https:\\\/\\\/conexion23.com\\\/#\\\/schema\\\/person\\\/03e36043331117e97a373299bbcd30a6\"},\"headline\":\"Denuncian est\u00e1n provocando incendios forestales en la zona de Ver\u00f3n Punta Cana\",\"datePublished\":\"2023-03-14T15:56:19+00:00\",\"dateModified\":\"2023-03-14T15:56:23+00:00\",\"mainEntityOfPage\":{\"@id\":\"https:\\\/\\\/conexion23.com\\\/?p=16041\"},\"wordCount\":269,\"commentCount\":0,\"publisher\":{\"@id\":\"https:\\\/\\\/conexion23.com\\\/#organization\"},\"articleSection\":[\"La Altagracia\"],\"inLanguage\":\"es\",\"potentialAction\":[{\"@type\":\"CommentAction\",\"name\":\"Comment\",\"target\":[\"https:\\\/\\\/conexion23.com\\\/?p=16041#respond\"]}]},{\"@type\":\"WebPage\",\"@id\":\"https:\\\/\\\/conexion23.com\\\/?p=16041\",\"url\":\"https:\\\/\\\/conexion23.com\\\/?p=16041\",\"name\":\"Denuncian est\u00e1n provocando incendios forestales en la zona de Ver\u00f3n Punta Cana - Conexi\u00f3n 23\",\"isPartOf\":{\"@id\":\"https:\\\/\\\/conexion23.com\\\/#website\"},\"datePublished\":\"2023-03-14T15:56:19+00:00\",\"dateModified\":\"2023-03-14T15:56:23+00:00\",\"breadcrumb\":{\"@id\":\"https:\\\/\\\/conexion23.com\\\/?p=16041#breadcrumb\"},\"inLanguage\":\"es\",\"potentialAction\":[{\"@type\":\"ReadAction\",\"target\":[\"https:\\\/\\\/conexion23.com\\\/?p=16041\"]}]},{\"@type\":\"BreadcrumbList\",\"@id\":\"https:\\\/\\\/conexion23.com\\\/?p=16041#breadcrumb\",\"itemListElement\":[{\"@type\":\"ListItem\",\"position\":1,\"name\":\"Portada\",\"item\":\"https:\\\/\\\/conexion23.com\\\/\"},{\"@type\":\"ListItem\",\"position\":2,\"name\":\"Denuncian est\u00e1n provocando incendios forestales en la zona de Ver\u00f3n Punta Cana\"}]},{\"@type\":\"WebSite\",\"@id\":\"https:\\\/\\\/conexion23.com\\\/#website\",\"url\":\"https:\\\/\\\/conexion23.com\\\/\",\"name\":\"Conexi\u00f3n 23\",\"description\":\"Peri\u00f3dico 100% Petromacorisano\",\"publisher\":{\"@id\":\"https:\\\/\\\/conexion23.com\\\/#organization\"},\"potentialAction\":[{\"@type\":\"SearchAction\",\"target\":{\"@type\":\"EntryPoint\",\"urlTemplate\":\"https:\\\/\\\/conexion23.com\\\/?s={search_term_string}\"},\"query-input\":{\"@type\":\"PropertyValueSpecification\",\"valueRequired\":true,\"valueName\":\"search_term_string\"}}],\"inLanguage\":\"es\"},{\"@type\":\"Organization\",\"@id\":\"https:\\\/\\\/conexion23.com\\\/#organization\",\"name\":\"Conexion 23\",\"url\":\"https:\\\/\\\/conexion23.com\\\/\",\"logo\":{\"@type\":\"ImageObject\",\"inLanguage\":\"es\",\"@id\":\"https:\\\/\\\/conexion23.com\\\/#\\\/schema\\\/logo\\\/image\\\/\",\"url\":\"https:\\\/\\\/conexion23.com\\\/wp-content\\\/uploads\\\/2021\\\/11\\\/Diseno-sin-titulo-2.png\",\"contentUrl\":\"https:\\\/\\\/conexion23.com\\\/wp-content\\\/uploads\\\/2021\\\/11\\\/Diseno-sin-titulo-2.png\",\"width\":541,\"height\":90,\"caption\":\"Conexion 23\"},\"image\":{\"@id\":\"https:\\\/\\\/conexion23.com\\\/#\\\/schema\\\/logo\\\/image\\\/\"},\"sameAs\":[\"https:\\\/\\\/www.facebook.com\\\/conexion23com\",\"https:\\\/\\\/www.instagram.com\\\/conexion23com\\\/\",\"https:\\\/\\\/www.youtube.com\\\/channel\\\/UCYc7vxxFZMYLIHNsHHxPZ3Q\"]},{\"@type\":\"Person\",\"@id\":\"https:\\\/\\\/conexion23.com\\\/#\\\/schema\\\/person\\\/03e36043331117e97a373299bbcd30a6\",\"name\":\"Raffy Ben\u00edtez\",\"image\":{\"@type\":\"ImageObject\",\"inLanguage\":\"es\",\"@id\":\"https:\\\/\\\/secure.gravatar.com\\\/avatar\\\/3190a6a6c5e1b0327500f7d6c56b6242472ee6cb974cf09b401ee6b3b0798f23?s=96&d=mm&r=g\",\"url\":\"https:\\\/\\\/secure.gravatar.com\\\/avatar\\\/3190a6a6c5e1b0327500f7d6c56b6242472ee6cb974cf09b401ee6b3b0798f23?s=96&d=mm&r=g\",\"contentUrl\":\"https:\\\/\\\/secure.gravatar.com\\\/avatar\\\/3190a6a6c5e1b0327500f7d6c56b6242472ee6cb974cf09b401ee6b3b0798f23?s=96&d=mm&r=g\",\"caption\":\"Raffy Ben\u00edtez\"},\"url\":\"https:\\\/\\\/conexion23.com\\\/?author=15\"}]}<\/script>\n<!-- \/ Yoast SEO plugin. -->","yoast_head_json":{"title":"Denuncian est\u00e1n provocando incendios forestales en la zona de Ver\u00f3n Punta Cana - Conexi\u00f3n 23","robots":{"index":"index","follow":"follow","max-snippet":"max-snippet:-1","max-image-preview":"max-image-preview:large","max-video-preview":"max-video-preview:-1"},"canonical":"https:\/\/conexion23.com\/?p=16041","og_locale":"es_ES","og_type":"article","og_title":"Denuncian est\u00e1n provocando incendios forestales en la zona de Ver\u00f3n Punta Cana - Conexi\u00f3n 23","og_description":"Pobladores de la zona Ver\u00f3n Punta Cana denunciaron la ma\u00f1ana de este martes que desde hace varios d\u00edas no pueden dormir tranquilos, debido a\u00a0\u201cincendios forestales\u201d\u00a0que se inician en horas de la madrugada. Contaron que estaban atentos en toda la zona hasta la madrugada con el Cuerpo de Bomberos en esa demarcaci\u00f3n, y, adem\u00e1s, con m\u00e1s [&hellip;]","og_url":"https:\/\/conexion23.com\/?p=16041","og_site_name":"Conexi\u00f3n 23","article_publisher":"https:\/\/www.facebook.com\/conexion23com","article_published_time":"2023-03-14T15:56:19+00:00","article_modified_time":"2023-03-14T15:56:23+00:00","author":"Raffy Ben\u00edtez","twitter_card":"summary_large_image","twitter_misc":{"Escrito por":"Raffy Ben\u00edtez","Tiempo de lectura":"2 minutos"},"schema":{"@context":"https:\/\/schema.org","@graph":[{"@type":"Article","@id":"https:\/\/conexion23.com\/?p=16041#article","isPartOf":{"@id":"https:\/\/conexion23.com\/?p=16041"},"author":{"name":"Raffy Ben\u00edtez","@id":"https:\/\/conexion23.com\/#\/schema\/person\/03e36043331117e97a373299bbcd30a6"},"headline":"Denuncian est\u00e1n provocando incendios forestales en la zona de Ver\u00f3n Punta Cana","datePublished":"2023-03-14T15:56:19+00:00","dateModified":"2023-03-14T15:56:23+00:00","mainEntityOfPage":{"@id":"https:\/\/conexion23.com\/?p=16041"},"wordCount":269,"commentCount":0,"publisher":{"@id":"https:\/\/conexion23.com\/#organization"},"articleSection":["La Altagracia"],"inLanguage":"es","potentialAction":[{"@type":"CommentAction","name":"Comment","target":["https:\/\/conexion23.com\/?p=16041#respond"]}]},{"@type":"WebPage","@id":"https:\/\/conexion23.com\/?p=16041","url":"https:\/\/conexion23.com\/?p=16041","name":"Denuncian est\u00e1n provocando incendios forestales en la zona de Ver\u00f3n Punta Cana - Conexi\u00f3n 23","isPartOf":{"@id":"https:\/\/conexion23.com\/#website"},"datePublished":"2023-03-14T15:56:19+00:00","dateModified":"2023-03-14T15:56:23+00:00","breadcrumb":{"@id":"https:\/\/conexion23.com\/?p=16041#breadcrumb"},"inLanguage":"es","potentialAction":[{"@type":"ReadAction","target":["https:\/\/conexion23.com\/?p=16041"]}]},{"@type":"BreadcrumbList","@id":"https:\/\/conexion23.com\/?p=16041#breadcrumb","itemListElement":[{"@type":"ListItem","position":1,"name":"Portada","item":"https:\/\/conexion23.com\/"},{"@type":"ListItem","position":2,"name":"Denuncian est\u00e1n provocando incendios forestales en la zona de Ver\u00f3n Punta Cana"}]},{"@type":"WebSite","@id":"https:\/\/conexion23.com\/#website","url":"https:\/\/conexion23.com\/","name":"Conexi\u00f3n 23","description":"Peri\u00f3dico 100% Petromacorisano","publisher":{"@id":"https:\/\/conexion23.com\/#organization"},"potentialAction":[{"@type":"SearchAction","target":{"@type":"EntryPoint","urlTemplate":"https:\/\/conexion23.com\/?s={search_term_string}"},"query-input":{"@type":"PropertyValueSpecification","valueRequired":true,"valueName":"search_term_string"}}],"inLanguage":"es"},{"@type":"Organization","@id":"https:\/\/conexion23.com\/#organization","name":"Conexion 23","url":"https:\/\/conexion23.com\/","logo":{"@type":"ImageObject","inLanguage":"es","@id":"https:\/\/conexion23.com\/#\/schema\/logo\/image\/","url":"https:\/\/conexion23.com\/wp-content\/uploads\/2021\/11\/Diseno-sin-titulo-2.png","contentUrl":"https:\/\/conexion23.com\/wp-content\/uploads\/2021\/11\/Diseno-sin-titulo-2.png","width":541,"height":90,"caption":"Conexion 23"},"image":{"@id":"https:\/\/conexion23.com\/#\/schema\/logo\/image\/"},"sameAs":["https:\/\/www.facebook.com\/conexion23com","https:\/\/www.instagram.com\/conexion23com\/","https:\/\/www.youtube.com\/channel\/UCYc7vxxFZMYLIHNsHHxPZ3Q"]},{"@type":"Person","@id":"https:\/\/conexion23.com\/#\/schema\/person\/03e36043331117e97a373299bbcd30a6","name":"Raffy Ben\u00edtez","image":{"@type":"ImageObject","inLanguage":"es","@id":"https:\/\/secure.gravatar.com\/avatar\/3190a6a6c5e1b0327500f7d6c56b6242472ee6cb974cf09b401ee6b3b0798f23?s=96&d=mm&r=g","url":"https:\/\/secure.gravatar.com\/avatar\/3190a6a6c5e1b0327500f7d6c56b6242472ee6cb974cf09b401ee6b3b0798f23?s=96&d=mm&r=g","contentUrl":"https:\/\/secure.gravatar.com\/avatar\/3190a6a6c5e1b0327500f7d6c56b6242472ee6cb974cf09b401ee6b3b0798f23?s=96&d=mm&r=g","caption":"Raffy Ben\u00edtez"},"url":"https:\/\/conexion23.com\/?author=15"}]}},"_links":{"self":[{"href":"https:\/\/conexion23.com\/index.php?rest_route=\/wp\/v2\/posts\/16041","targetHints":{"allow":["GET"]}}],"collection":[{"href":"https:\/\/conexion23.com\/index.php?rest_route=\/wp\/v2\/posts"}],"about":[{"href":"https:\/\/conexion23.com\/index.php?rest_route=\/wp\/v2\/types\/post"}],"author":[{"embeddable":true,"href":"https:\/\/conexion23.com\/index.php?rest_route=\/wp\/v2\/users\/15"}],"replies":[{"embeddable":true,"href":"https:\/\/conexion23.com\/index.php?rest_route=%2Fwp%2Fv2%2Fcomments&post=16041"}],"version-history":[{"count":1,"href":"https:\/\/conexion23.com\/index.php?rest_route=\/wp\/v2\/posts\/16041\/revisions"}],"predecessor-version":[{"id":16043,"href":"https:\/\/conexion23.com\/index.php?rest_route=\/wp\/v2\/posts\/16041\/revisions\/16043"}],"wp:attachment":[{"href":"https:\/\/conexion23.com\/index.php?rest_route=%2Fwp%2Fv2%2Fmedia&parent=16041"}],"wp:term":[{"taxonomy":"category","embeddable":true,"href":"https:\/\/conexion23.com\/index.php?rest_route=%2Fwp%2Fv2%2Fcategories&post=16041"},{"taxonomy":"post_tag","embeddable":true,"href":"https:\/\/conexion23.com\/index.php?rest_route=%2Fwp%2Fv2%2Ftags&post=16041"}],"curies":[{"name":"wp","href":"https:\/\/api.w.org\/{rel}","templated":true}]}}