{"id":16062,"date":"2023-03-14T13:09:17","date_gmt":"2023-03-14T17:09:17","guid":{"rendered":"https:\/\/conexion23.com\/?p=16062"},"modified":"2023-03-14T13:09:20","modified_gmt":"2023-03-14T17:09:20","slug":"regional-05-de-educacion-alegre-por-reconocimiento-alcanzado-por-sus-docentes-en-primer-concurso-de-ensayo-historico","status":"publish","type":"post","link":"https:\/\/conexion23.com\/?p=16062","title":{"rendered":"Regional 05 de Educaci\u00f3n alegre por reconocimiento alcanzado por sus docentes en Primer Concurso de Ensayo Hist\u00f3rico"},"content":{"rendered":"\n<p class=\"wp-block-paragraph\">San Pedro de Macoris. -La Direcci\u00f3n Regional 05 inform\u00f3 este martes&nbsp; sentirse regocijada por el reconocimiento alcanzado por sus docentes en un concurso por el Viceministerio de Asuntos T\u00e9cnicos y Pedag\u00f3gicos, la Direcci\u00f3n General de Curr\u00edculo y el \u00c1rea de Ciencias Sociales.<\/p>\n\n\n\n<p class=\"wp-block-paragraph\">Uno de los galardonados es Ram\u00f3n D\u00edaz Mej\u00eda, ganador del segundo lugar a nivel nacional en la categor\u00eda C, quien labora en el Centro de Excelencia Deportiva profesor Alberto Byas, perteneciente al Distrito Educativo 05-01 San Pedro de Macor\u00eds Este.<\/p>\n\n\n\n<p class=\"wp-block-paragraph\">En la Categor\u00eda A, en el tercer lugar a nivel nacional correspondi\u00f3 al maestro Jordano Alexander Vargas, quien labora para el Liceo Benito Gonz\u00e1lez Jim\u00e9nez, del Distrito Educativo 05-11 de Villa Hermosa, en La Romana.<\/p>\n\n\n\n<p class=\"wp-block-paragraph\">Tambi\u00e9n la maestra Mar\u00eda Altagracia de Mota, quien obtuvo menci\u00f3n de honor en la categor\u00eda A a nivel nacional, quien labora para el Liceo en Artes Rosa Duarte, del Distrito Educativo 05-04 de Hato Mayor.<\/p>\n\n\n\n<p class=\"wp-block-paragraph\">El director regional de Educaci\u00f3n Isidro Santana Ram\u00edrez, adem\u00e1s de felicitar a los docentes ganadores, resalt\u00f3 el trabajo de calidad en el campo de la investigaci\u00f3n, realizado en sus respectivas localidades.<\/p>\n\n\n\n<p class=\"wp-block-paragraph\">\u00abHacemos extensivo nuestro reconocimiento para nuestra coordinadora regional del \u00c1rea de Ciencias Sociales, licenciada Delfina Mercedes, por el excelente trabajo que viene desarrollando en pos de la calidad educativa de la Regional 05 de Educaci\u00f3n\u00bb, dice una nota de esa dependencia.<\/p>\n","protected":false},"excerpt":{"rendered":"<p>San Pedro de Macoris. -La Direcci\u00f3n Regional 05 inform\u00f3 este martes&nbsp; sentirse regocijada por el reconocimiento alcanzado por sus docentes en un concurso por el Viceministerio de Asuntos T\u00e9cnicos y Pedag\u00f3gicos, la Direcci\u00f3n General de Curr\u00edculo y el \u00c1rea de Ciencias Sociales. Uno de los galardonados es Ram\u00f3n D\u00edaz Mej\u00eda, ganador del segundo lugar a [&hellip;]<\/p>\n","protected":false},"author":15,"featured_media":0,"comment_status":"open","ping_status":"open","sticky":false,"template":"","format":"standard","meta":{"footnotes":""},"categories":[35],"tags":[],"class_list":["post-16062","post","type-post","status-publish","format-standard","category-spm"],"yoast_head":"<!-- This site is optimized with the Yoast SEO plugin v27.6 - https:\/\/yoast.com\/product\/yoast-seo-wordpress\/ -->\n<title>Regional 05 de Educaci\u00f3n alegre por reconocimiento alcanzado por sus docentes en Primer Concurso de Ensayo Hist\u00f3rico - Conexi\u00f3n 23<\/title>\n<meta name=\"robots\" content=\"index, follow, max-snippet:-1, max-image-preview:large, max-video-preview:-1\" \/>\n<link rel=\"canonical\" href=\"https:\/\/conexion23.com\/?p=16062\" \/>\n<meta property=\"og:locale\" content=\"es_ES\" \/>\n<meta property=\"og:type\" content=\"article\" \/>\n<meta property=\"og:title\" content=\"Regional 05 de Educaci\u00f3n alegre por reconocimiento alcanzado por sus docentes en Primer Concurso de Ensayo Hist\u00f3rico - Conexi\u00f3n 23\" \/>\n<meta property=\"og:description\" content=\"San Pedro de Macoris. -La Direcci\u00f3n Regional 05 inform\u00f3 este martes&nbsp; sentirse regocijada por el reconocimiento alcanzado por sus docentes en un concurso por el Viceministerio de Asuntos T\u00e9cnicos y Pedag\u00f3gicos, la Direcci\u00f3n General de Curr\u00edculo y el \u00c1rea de Ciencias Sociales. Uno de los galardonados es Ram\u00f3n D\u00edaz Mej\u00eda, ganador del segundo lugar a [&hellip;]\" \/>\n<meta property=\"og:url\" content=\"https:\/\/conexion23.com\/?p=16062\" \/>\n<meta property=\"og:site_name\" content=\"Conexi\u00f3n 23\" \/>\n<meta property=\"article:publisher\" content=\"https:\/\/www.facebook.com\/conexion23com\" \/>\n<meta property=\"article:published_time\" content=\"2023-03-14T17:09:17+00:00\" \/>\n<meta property=\"article:modified_time\" content=\"2023-03-14T17:09:20+00:00\" \/>\n<meta name=\"author\" content=\"Raffy Ben\u00edtez\" \/>\n<meta name=\"twitter:card\" content=\"summary_large_image\" \/>\n<meta name=\"twitter:label1\" content=\"Escrito por\" \/>\n\t<meta name=\"twitter:data1\" content=\"Raffy Ben\u00edtez\" \/>\n\t<meta name=\"twitter:label2\" content=\"Tiempo de lectura\" \/>\n\t<meta name=\"twitter:data2\" content=\"2 minutos\" \/>\n<script type=\"application\/ld+json\" class=\"yoast-schema-graph\">{\"@context\":\"https:\\\/\\\/schema.org\",\"@graph\":[{\"@type\":\"Article\",\"@id\":\"https:\\\/\\\/conexion23.com\\\/?p=16062#article\",\"isPartOf\":{\"@id\":\"https:\\\/\\\/conexion23.com\\\/?p=16062\"},\"author\":{\"name\":\"Raffy Ben\u00edtez\",\"@id\":\"https:\\\/\\\/conexion23.com\\\/#\\\/schema\\\/person\\\/03e36043331117e97a373299bbcd30a6\"},\"headline\":\"Regional 05 de Educaci\u00f3n alegre por reconocimiento alcanzado por sus docentes en Primer Concurso de Ensayo Hist\u00f3rico\",\"datePublished\":\"2023-03-14T17:09:17+00:00\",\"dateModified\":\"2023-03-14T17:09:20+00:00\",\"mainEntityOfPage\":{\"@id\":\"https:\\\/\\\/conexion23.com\\\/?p=16062\"},\"wordCount\":263,\"commentCount\":0,\"publisher\":{\"@id\":\"https:\\\/\\\/conexion23.com\\\/#organization\"},\"articleSection\":[\"SPM\"],\"inLanguage\":\"es\",\"potentialAction\":[{\"@type\":\"CommentAction\",\"name\":\"Comment\",\"target\":[\"https:\\\/\\\/conexion23.com\\\/?p=16062#respond\"]}]},{\"@type\":\"WebPage\",\"@id\":\"https:\\\/\\\/conexion23.com\\\/?p=16062\",\"url\":\"https:\\\/\\\/conexion23.com\\\/?p=16062\",\"name\":\"Regional 05 de Educaci\u00f3n alegre por reconocimiento alcanzado por sus docentes en Primer Concurso de Ensayo Hist\u00f3rico - Conexi\u00f3n 23\",\"isPartOf\":{\"@id\":\"https:\\\/\\\/conexion23.com\\\/#website\"},\"datePublished\":\"2023-03-14T17:09:17+00:00\",\"dateModified\":\"2023-03-14T17:09:20+00:00\",\"breadcrumb\":{\"@id\":\"https:\\\/\\\/conexion23.com\\\/?p=16062#breadcrumb\"},\"inLanguage\":\"es\",\"potentialAction\":[{\"@type\":\"ReadAction\",\"target\":[\"https:\\\/\\\/conexion23.com\\\/?p=16062\"]}]},{\"@type\":\"BreadcrumbList\",\"@id\":\"https:\\\/\\\/conexion23.com\\\/?p=16062#breadcrumb\",\"itemListElement\":[{\"@type\":\"ListItem\",\"position\":1,\"name\":\"Portada\",\"item\":\"https:\\\/\\\/conexion23.com\\\/\"},{\"@type\":\"ListItem\",\"position\":2,\"name\":\"Regional 05 de Educaci\u00f3n alegre por reconocimiento alcanzado por sus docentes en Primer Concurso de Ensayo Hist\u00f3rico\"}]},{\"@type\":\"WebSite\",\"@id\":\"https:\\\/\\\/conexion23.com\\\/#website\",\"url\":\"https:\\\/\\\/conexion23.com\\\/\",\"name\":\"Conexi\u00f3n 23\",\"description\":\"Peri\u00f3dico 100% Petromacorisano\",\"publisher\":{\"@id\":\"https:\\\/\\\/conexion23.com\\\/#organization\"},\"potentialAction\":[{\"@type\":\"SearchAction\",\"target\":{\"@type\":\"EntryPoint\",\"urlTemplate\":\"https:\\\/\\\/conexion23.com\\\/?s={search_term_string}\"},\"query-input\":{\"@type\":\"PropertyValueSpecification\",\"valueRequired\":true,\"valueName\":\"search_term_string\"}}],\"inLanguage\":\"es\"},{\"@type\":\"Organization\",\"@id\":\"https:\\\/\\\/conexion23.com\\\/#organization\",\"name\":\"Conexion 23\",\"url\":\"https:\\\/\\\/conexion23.com\\\/\",\"logo\":{\"@type\":\"ImageObject\",\"inLanguage\":\"es\",\"@id\":\"https:\\\/\\\/conexion23.com\\\/#\\\/schema\\\/logo\\\/image\\\/\",\"url\":\"https:\\\/\\\/conexion23.com\\\/wp-content\\\/uploads\\\/2021\\\/11\\\/Diseno-sin-titulo-2.png\",\"contentUrl\":\"https:\\\/\\\/conexion23.com\\\/wp-content\\\/uploads\\\/2021\\\/11\\\/Diseno-sin-titulo-2.png\",\"width\":541,\"height\":90,\"caption\":\"Conexion 23\"},\"image\":{\"@id\":\"https:\\\/\\\/conexion23.com\\\/#\\\/schema\\\/logo\\\/image\\\/\"},\"sameAs\":[\"https:\\\/\\\/www.facebook.com\\\/conexion23com\",\"https:\\\/\\\/www.instagram.com\\\/conexion23com\\\/\",\"https:\\\/\\\/www.youtube.com\\\/channel\\\/UCYc7vxxFZMYLIHNsHHxPZ3Q\"]},{\"@type\":\"Person\",\"@id\":\"https:\\\/\\\/conexion23.com\\\/#\\\/schema\\\/person\\\/03e36043331117e97a373299bbcd30a6\",\"name\":\"Raffy Ben\u00edtez\",\"image\":{\"@type\":\"ImageObject\",\"inLanguage\":\"es\",\"@id\":\"https:\\\/\\\/secure.gravatar.com\\\/avatar\\\/3190a6a6c5e1b0327500f7d6c56b6242472ee6cb974cf09b401ee6b3b0798f23?s=96&d=mm&r=g\",\"url\":\"https:\\\/\\\/secure.gravatar.com\\\/avatar\\\/3190a6a6c5e1b0327500f7d6c56b6242472ee6cb974cf09b401ee6b3b0798f23?s=96&d=mm&r=g\",\"contentUrl\":\"https:\\\/\\\/secure.gravatar.com\\\/avatar\\\/3190a6a6c5e1b0327500f7d6c56b6242472ee6cb974cf09b401ee6b3b0798f23?s=96&d=mm&r=g\",\"caption\":\"Raffy Ben\u00edtez\"},\"url\":\"https:\\\/\\\/conexion23.com\\\/?author=15\"}]}<\/script>\n<!-- \/ Yoast SEO plugin. -->","yoast_head_json":{"title":"Regional 05 de Educaci\u00f3n alegre por reconocimiento alcanzado por sus docentes en Primer Concurso de Ensayo Hist\u00f3rico - Conexi\u00f3n 23","robots":{"index":"index","follow":"follow","max-snippet":"max-snippet:-1","max-image-preview":"max-image-preview:large","max-video-preview":"max-video-preview:-1"},"canonical":"https:\/\/conexion23.com\/?p=16062","og_locale":"es_ES","og_type":"article","og_title":"Regional 05 de Educaci\u00f3n alegre por reconocimiento alcanzado por sus docentes en Primer Concurso de Ensayo Hist\u00f3rico - Conexi\u00f3n 23","og_description":"San Pedro de Macoris. -La Direcci\u00f3n Regional 05 inform\u00f3 este martes&nbsp; sentirse regocijada por el reconocimiento alcanzado por sus docentes en un concurso por el Viceministerio de Asuntos T\u00e9cnicos y Pedag\u00f3gicos, la Direcci\u00f3n General de Curr\u00edculo y el \u00c1rea de Ciencias Sociales. Uno de los galardonados es Ram\u00f3n D\u00edaz Mej\u00eda, ganador del segundo lugar a [&hellip;]","og_url":"https:\/\/conexion23.com\/?p=16062","og_site_name":"Conexi\u00f3n 23","article_publisher":"https:\/\/www.facebook.com\/conexion23com","article_published_time":"2023-03-14T17:09:17+00:00","article_modified_time":"2023-03-14T17:09:20+00:00","author":"Raffy Ben\u00edtez","twitter_card":"summary_large_image","twitter_misc":{"Escrito por":"Raffy Ben\u00edtez","Tiempo de lectura":"2 minutos"},"schema":{"@context":"https:\/\/schema.org","@graph":[{"@type":"Article","@id":"https:\/\/conexion23.com\/?p=16062#article","isPartOf":{"@id":"https:\/\/conexion23.com\/?p=16062"},"author":{"name":"Raffy Ben\u00edtez","@id":"https:\/\/conexion23.com\/#\/schema\/person\/03e36043331117e97a373299bbcd30a6"},"headline":"Regional 05 de Educaci\u00f3n alegre por reconocimiento alcanzado por sus docentes en Primer Concurso de Ensayo Hist\u00f3rico","datePublished":"2023-03-14T17:09:17+00:00","dateModified":"2023-03-14T17:09:20+00:00","mainEntityOfPage":{"@id":"https:\/\/conexion23.com\/?p=16062"},"wordCount":263,"commentCount":0,"publisher":{"@id":"https:\/\/conexion23.com\/#organization"},"articleSection":["SPM"],"inLanguage":"es","potentialAction":[{"@type":"CommentAction","name":"Comment","target":["https:\/\/conexion23.com\/?p=16062#respond"]}]},{"@type":"WebPage","@id":"https:\/\/conexion23.com\/?p=16062","url":"https:\/\/conexion23.com\/?p=16062","name":"Regional 05 de Educaci\u00f3n alegre por reconocimiento alcanzado por sus docentes en Primer Concurso de Ensayo Hist\u00f3rico - Conexi\u00f3n 23","isPartOf":{"@id":"https:\/\/conexion23.com\/#website"},"datePublished":"2023-03-14T17:09:17+00:00","dateModified":"2023-03-14T17:09:20+00:00","breadcrumb":{"@id":"https:\/\/conexion23.com\/?p=16062#breadcrumb"},"inLanguage":"es","potentialAction":[{"@type":"ReadAction","target":["https:\/\/conexion23.com\/?p=16062"]}]},{"@type":"BreadcrumbList","@id":"https:\/\/conexion23.com\/?p=16062#breadcrumb","itemListElement":[{"@type":"ListItem","position":1,"name":"Portada","item":"https:\/\/conexion23.com\/"},{"@type":"ListItem","position":2,"name":"Regional 05 de Educaci\u00f3n alegre por reconocimiento alcanzado por sus docentes en Primer Concurso de Ensayo Hist\u00f3rico"}]},{"@type":"WebSite","@id":"https:\/\/conexion23.com\/#website","url":"https:\/\/conexion23.com\/","name":"Conexi\u00f3n 23","description":"Peri\u00f3dico 100% Petromacorisano","publisher":{"@id":"https:\/\/conexion23.com\/#organization"},"potentialAction":[{"@type":"SearchAction","target":{"@type":"EntryPoint","urlTemplate":"https:\/\/conexion23.com\/?s={search_term_string}"},"query-input":{"@type":"PropertyValueSpecification","valueRequired":true,"valueName":"search_term_string"}}],"inLanguage":"es"},{"@type":"Organization","@id":"https:\/\/conexion23.com\/#organization","name":"Conexion 23","url":"https:\/\/conexion23.com\/","logo":{"@type":"ImageObject","inLanguage":"es","@id":"https:\/\/conexion23.com\/#\/schema\/logo\/image\/","url":"https:\/\/conexion23.com\/wp-content\/uploads\/2021\/11\/Diseno-sin-titulo-2.png","contentUrl":"https:\/\/conexion23.com\/wp-content\/uploads\/2021\/11\/Diseno-sin-titulo-2.png","width":541,"height":90,"caption":"Conexion 23"},"image":{"@id":"https:\/\/conexion23.com\/#\/schema\/logo\/image\/"},"sameAs":["https:\/\/www.facebook.com\/conexion23com","https:\/\/www.instagram.com\/conexion23com\/","https:\/\/www.youtube.com\/channel\/UCYc7vxxFZMYLIHNsHHxPZ3Q"]},{"@type":"Person","@id":"https:\/\/conexion23.com\/#\/schema\/person\/03e36043331117e97a373299bbcd30a6","name":"Raffy Ben\u00edtez","image":{"@type":"ImageObject","inLanguage":"es","@id":"https:\/\/secure.gravatar.com\/avatar\/3190a6a6c5e1b0327500f7d6c56b6242472ee6cb974cf09b401ee6b3b0798f23?s=96&d=mm&r=g","url":"https:\/\/secure.gravatar.com\/avatar\/3190a6a6c5e1b0327500f7d6c56b6242472ee6cb974cf09b401ee6b3b0798f23?s=96&d=mm&r=g","contentUrl":"https:\/\/secure.gravatar.com\/avatar\/3190a6a6c5e1b0327500f7d6c56b6242472ee6cb974cf09b401ee6b3b0798f23?s=96&d=mm&r=g","caption":"Raffy Ben\u00edtez"},"url":"https:\/\/conexion23.com\/?author=15"}]}},"_links":{"self":[{"href":"https:\/\/conexion23.com\/index.php?rest_route=\/wp\/v2\/posts\/16062","targetHints":{"allow":["GET"]}}],"collection":[{"href":"https:\/\/conexion23.com\/index.php?rest_route=\/wp\/v2\/posts"}],"about":[{"href":"https:\/\/conexion23.com\/index.php?rest_route=\/wp\/v2\/types\/post"}],"author":[{"embeddable":true,"href":"https:\/\/conexion23.com\/index.php?rest_route=\/wp\/v2\/users\/15"}],"replies":[{"embeddable":true,"href":"https:\/\/conexion23.com\/index.php?rest_route=%2Fwp%2Fv2%2Fcomments&post=16062"}],"version-history":[{"count":1,"href":"https:\/\/conexion23.com\/index.php?rest_route=\/wp\/v2\/posts\/16062\/revisions"}],"predecessor-version":[{"id":16064,"href":"https:\/\/conexion23.com\/index.php?rest_route=\/wp\/v2\/posts\/16062\/revisions\/16064"}],"wp:attachment":[{"href":"https:\/\/conexion23.com\/index.php?rest_route=%2Fwp%2Fv2%2Fmedia&parent=16062"}],"wp:term":[{"taxonomy":"category","embeddable":true,"href":"https:\/\/conexion23.com\/index.php?rest_route=%2Fwp%2Fv2%2Fcategories&post=16062"},{"taxonomy":"post_tag","embeddable":true,"href":"https:\/\/conexion23.com\/index.php?rest_route=%2Fwp%2Fv2%2Ftags&post=16062"}],"curies":[{"name":"wp","href":"https:\/\/api.w.org\/{rel}","templated":true}]}}