{"id":16066,"date":"2023-03-15T21:40:04","date_gmt":"2023-03-16T01:40:04","guid":{"rendered":"https:\/\/conexion23.com\/?p=16066"},"modified":"2023-03-15T21:40:07","modified_gmt":"2023-03-16T01:40:07","slug":"reclaman-cabildo-de-la-otra-banda-pague-gastos-funebres-del-director-fallecido","status":"publish","type":"post","link":"https:\/\/conexion23.com\/?p=16066","title":{"rendered":"<strong>Reclaman cabildo de La Otra Banda pague gastos f\u00fanebres del director fallecido.<\/strong>"},"content":{"rendered":"\n<p>Diversos sectores de la comunidad de La Otra Banda exigen a la directora municipal de all\u00ed, la se\u00f1ora Rosal\u00eda Mart\u00ednez, que pague los gastos funerales del ex director de esa localidad Julio Richiez (Guarionex), quien muri\u00f3 el 01 de febrero de este a\u00f1o.<\/p>\n\n\n\n<p>Lily Richiez, hija del fenecido edil calific\u00f3 como una verg\u00fcenza, que la directora municipal se niegue a pagar los gastos f\u00fanebres, que por ley le corresponden, porque su padre dedic\u00f3 su vida a la comunidad.<\/p>\n\n\n\n<p>\u201cHoy tenemos la tristeza de saber que la palabra y la moral de muchos en ese ayuntamiento es falsa\u201d Poste\u00f3 en sus redes sociales Lily Richiez.<\/p>\n\n\n\n<p>Al respecto, el ex director municipal de La Otra Banda Juan Ram\u00f3n Herrera, solicit\u00f3 a la directora municipal y a los vocales que hagan las \u201ctransformaciones necesarias para que honrar ese pago\u201d.<\/p>\n\n\n\n<p>\u201cEl se\u00f1or Julio Richiez entreg\u00f3 su vida a nuestra comunidad y como s\u00edndico merece ser despedido en paz, porque de nada nos sirve llorar, decir lo bueno que era, lo mucho que lo am\u00e1bamos, rendir honores y dejar de un lado a la familia\u201d considero Herrera.<\/p>\n\n\n\n<p>Asimismo, el vocal Alexander Rodr\u00edguez (El Hijo del Pueblo) pidi\u00f3 que por respeto a su familia y a lo que fue Julio Richiez Pe\u00f1a (Guarionex), quien muri\u00f3 en sus funciones, el ayuntamiento de La Otra Banda cubra los gastos de su sepelio.<\/p>\n\n\n\n<p>\u201cVemos intenciones de no pagar por temas pol\u00edticos y es una falta de respeto a su familia, a la comunidad en general y al se\u00f1or Cabo \u00c1vila, que brinde dichos servicios\u201d Expres\u00f3.<\/p>\n\n\n\n<p>La se\u00f1ora Rosalia Martinez, quien ocupa la posici\u00f3n de directora municipal de la Otra Banda fue electa como vicedirectora en las elecciones pasadas, asumiendo el cargo tras el deceso de Julio Richiez (Guarionex).<\/p>\n","protected":false},"excerpt":{"rendered":"<p>Diversos sectores de la comunidad de La Otra Banda exigen a la directora municipal de all\u00ed, la se\u00f1ora Rosal\u00eda Mart\u00ednez, que pague los gastos funerales del ex director de esa localidad Julio Richiez (Guarionex), quien muri\u00f3 el 01 de febrero de este a\u00f1o. Lily Richiez, hija del fenecido edil calific\u00f3 como una verg\u00fcenza, que la [&hellip;]<\/p>\n","protected":false},"author":15,"featured_media":0,"comment_status":"open","ping_status":"open","sticky":false,"template":"","format":"standard","meta":{"footnotes":""},"categories":[2474],"tags":[],"class_list":{"0":"post-16066","1":"post","2":"type-post","3":"status-publish","4":"format-standard","6":"category-la-altagracia"},"yoast_head":"<!-- This site is optimized with the Yoast SEO plugin v27.1.1 - https:\/\/yoast.com\/product\/yoast-seo-wordpress\/ -->\n<title>Reclaman cabildo de La Otra Banda pague gastos f\u00fanebres del director fallecido. - Conexi\u00f3n 23<\/title>\n<meta name=\"robots\" content=\"index, follow, max-snippet:-1, max-image-preview:large, max-video-preview:-1\" \/>\n<link rel=\"canonical\" href=\"https:\/\/conexion23.com\/?p=16066\" \/>\n<meta property=\"og:locale\" content=\"es_ES\" \/>\n<meta property=\"og:type\" content=\"article\" \/>\n<meta property=\"og:title\" content=\"Reclaman cabildo de La Otra Banda pague gastos f\u00fanebres del director fallecido. - Conexi\u00f3n 23\" \/>\n<meta property=\"og:description\" content=\"Diversos sectores de la comunidad de La Otra Banda exigen a la directora municipal de all\u00ed, la se\u00f1ora Rosal\u00eda Mart\u00ednez, que pague los gastos funerales del ex director de esa localidad Julio Richiez (Guarionex), quien muri\u00f3 el 01 de febrero de este a\u00f1o. Lily Richiez, hija del fenecido edil calific\u00f3 como una verg\u00fcenza, que la [&hellip;]\" \/>\n<meta property=\"og:url\" content=\"https:\/\/conexion23.com\/?p=16066\" \/>\n<meta property=\"og:site_name\" content=\"Conexi\u00f3n 23\" \/>\n<meta property=\"article:publisher\" content=\"https:\/\/www.facebook.com\/conexion23com\" \/>\n<meta property=\"article:published_time\" content=\"2023-03-16T01:40:04+00:00\" \/>\n<meta property=\"article:modified_time\" content=\"2023-03-16T01:40:07+00:00\" \/>\n<meta name=\"author\" content=\"Raffy Ben\u00edtez\" \/>\n<meta name=\"twitter:card\" content=\"summary_large_image\" \/>\n<meta name=\"twitter:label1\" content=\"Escrito por\" \/>\n\t<meta name=\"twitter:data1\" content=\"Raffy Ben\u00edtez\" \/>\n\t<meta name=\"twitter:label2\" content=\"Tiempo de lectura\" \/>\n\t<meta name=\"twitter:data2\" content=\"2 minutos\" \/>\n<script type=\"application\/ld+json\" class=\"yoast-schema-graph\">{\"@context\":\"https:\/\/schema.org\",\"@graph\":[{\"@type\":\"Article\",\"@id\":\"https:\/\/conexion23.com\/?p=16066#article\",\"isPartOf\":{\"@id\":\"https:\/\/conexion23.com\/?p=16066\"},\"author\":{\"name\":\"Raffy Ben\u00edtez\",\"@id\":\"https:\/\/conexion23.com\/#\/schema\/person\/03e36043331117e97a373299bbcd30a6\"},\"headline\":\"Reclaman cabildo de La Otra Banda pague gastos f\u00fanebres del director fallecido.\",\"datePublished\":\"2023-03-16T01:40:04+00:00\",\"dateModified\":\"2023-03-16T01:40:07+00:00\",\"mainEntityOfPage\":{\"@id\":\"https:\/\/conexion23.com\/?p=16066\"},\"wordCount\":317,\"commentCount\":0,\"publisher\":{\"@id\":\"https:\/\/conexion23.com\/#organization\"},\"articleSection\":[\"La Altagracia\"],\"inLanguage\":\"es\",\"potentialAction\":[{\"@type\":\"CommentAction\",\"name\":\"Comment\",\"target\":[\"https:\/\/conexion23.com\/?p=16066#respond\"]}]},{\"@type\":\"WebPage\",\"@id\":\"https:\/\/conexion23.com\/?p=16066\",\"url\":\"https:\/\/conexion23.com\/?p=16066\",\"name\":\"Reclaman cabildo de La Otra Banda pague gastos f\u00fanebres del director fallecido. - Conexi\u00f3n 23\",\"isPartOf\":{\"@id\":\"https:\/\/conexion23.com\/#website\"},\"datePublished\":\"2023-03-16T01:40:04+00:00\",\"dateModified\":\"2023-03-16T01:40:07+00:00\",\"breadcrumb\":{\"@id\":\"https:\/\/conexion23.com\/?p=16066#breadcrumb\"},\"inLanguage\":\"es\",\"potentialAction\":[{\"@type\":\"ReadAction\",\"target\":[\"https:\/\/conexion23.com\/?p=16066\"]}]},{\"@type\":\"BreadcrumbList\",\"@id\":\"https:\/\/conexion23.com\/?p=16066#breadcrumb\",\"itemListElement\":[{\"@type\":\"ListItem\",\"position\":1,\"name\":\"Portada\",\"item\":\"https:\/\/conexion23.com\/\"},{\"@type\":\"ListItem\",\"position\":2,\"name\":\"Reclaman cabildo de La Otra Banda pague gastos f\u00fanebres del director fallecido.\"}]},{\"@type\":\"WebSite\",\"@id\":\"https:\/\/conexion23.com\/#website\",\"url\":\"https:\/\/conexion23.com\/\",\"name\":\"Conexi\u00f3n 23\",\"description\":\"Peri\u00f3dico 100% Petromacorisano\",\"publisher\":{\"@id\":\"https:\/\/conexion23.com\/#organization\"},\"potentialAction\":[{\"@type\":\"SearchAction\",\"target\":{\"@type\":\"EntryPoint\",\"urlTemplate\":\"https:\/\/conexion23.com\/?s={search_term_string}\"},\"query-input\":{\"@type\":\"PropertyValueSpecification\",\"valueRequired\":true,\"valueName\":\"search_term_string\"}}],\"inLanguage\":\"es\"},{\"@type\":\"Organization\",\"@id\":\"https:\/\/conexion23.com\/#organization\",\"name\":\"Conexion 23\",\"url\":\"https:\/\/conexion23.com\/\",\"logo\":{\"@type\":\"ImageObject\",\"inLanguage\":\"es\",\"@id\":\"https:\/\/conexion23.com\/#\/schema\/logo\/image\/\",\"url\":\"https:\/\/conexion23.com\/wp-content\/uploads\/2021\/11\/Diseno-sin-titulo-2.png\",\"contentUrl\":\"https:\/\/conexion23.com\/wp-content\/uploads\/2021\/11\/Diseno-sin-titulo-2.png\",\"width\":541,\"height\":90,\"caption\":\"Conexion 23\"},\"image\":{\"@id\":\"https:\/\/conexion23.com\/#\/schema\/logo\/image\/\"},\"sameAs\":[\"https:\/\/www.facebook.com\/conexion23com\",\"https:\/\/www.instagram.com\/conexion23com\/\",\"https:\/\/www.youtube.com\/channel\/UCYc7vxxFZMYLIHNsHHxPZ3Q\"]},{\"@type\":\"Person\",\"@id\":\"https:\/\/conexion23.com\/#\/schema\/person\/03e36043331117e97a373299bbcd30a6\",\"name\":\"Raffy Ben\u00edtez\",\"image\":{\"@type\":\"ImageObject\",\"inLanguage\":\"es\",\"@id\":\"https:\/\/conexion23.com\/#\/schema\/person\/image\/\",\"url\":\"https:\/\/secure.gravatar.com\/avatar\/3190a6a6c5e1b0327500f7d6c56b6242472ee6cb974cf09b401ee6b3b0798f23?s=96&d=mm&r=g\",\"contentUrl\":\"https:\/\/secure.gravatar.com\/avatar\/3190a6a6c5e1b0327500f7d6c56b6242472ee6cb974cf09b401ee6b3b0798f23?s=96&d=mm&r=g\",\"caption\":\"Raffy Ben\u00edtez\"},\"url\":\"https:\/\/conexion23.com\/?author=15\"}]}<\/script>\n<!-- \/ Yoast SEO plugin. -->","yoast_head_json":{"title":"Reclaman cabildo de La Otra Banda pague gastos f\u00fanebres del director fallecido. - Conexi\u00f3n 23","robots":{"index":"index","follow":"follow","max-snippet":"max-snippet:-1","max-image-preview":"max-image-preview:large","max-video-preview":"max-video-preview:-1"},"canonical":"https:\/\/conexion23.com\/?p=16066","og_locale":"es_ES","og_type":"article","og_title":"Reclaman cabildo de La Otra Banda pague gastos f\u00fanebres del director fallecido. - Conexi\u00f3n 23","og_description":"Diversos sectores de la comunidad de La Otra Banda exigen a la directora municipal de all\u00ed, la se\u00f1ora Rosal\u00eda Mart\u00ednez, que pague los gastos funerales del ex director de esa localidad Julio Richiez (Guarionex), quien muri\u00f3 el 01 de febrero de este a\u00f1o. Lily Richiez, hija del fenecido edil calific\u00f3 como una verg\u00fcenza, que la [&hellip;]","og_url":"https:\/\/conexion23.com\/?p=16066","og_site_name":"Conexi\u00f3n 23","article_publisher":"https:\/\/www.facebook.com\/conexion23com","article_published_time":"2023-03-16T01:40:04+00:00","article_modified_time":"2023-03-16T01:40:07+00:00","author":"Raffy Ben\u00edtez","twitter_card":"summary_large_image","twitter_misc":{"Escrito por":"Raffy Ben\u00edtez","Tiempo de lectura":"2 minutos"},"schema":{"@context":"https:\/\/schema.org","@graph":[{"@type":"Article","@id":"https:\/\/conexion23.com\/?p=16066#article","isPartOf":{"@id":"https:\/\/conexion23.com\/?p=16066"},"author":{"name":"Raffy Ben\u00edtez","@id":"https:\/\/conexion23.com\/#\/schema\/person\/03e36043331117e97a373299bbcd30a6"},"headline":"Reclaman cabildo de La Otra Banda pague gastos f\u00fanebres del director fallecido.","datePublished":"2023-03-16T01:40:04+00:00","dateModified":"2023-03-16T01:40:07+00:00","mainEntityOfPage":{"@id":"https:\/\/conexion23.com\/?p=16066"},"wordCount":317,"commentCount":0,"publisher":{"@id":"https:\/\/conexion23.com\/#organization"},"articleSection":["La Altagracia"],"inLanguage":"es","potentialAction":[{"@type":"CommentAction","name":"Comment","target":["https:\/\/conexion23.com\/?p=16066#respond"]}]},{"@type":"WebPage","@id":"https:\/\/conexion23.com\/?p=16066","url":"https:\/\/conexion23.com\/?p=16066","name":"Reclaman cabildo de La Otra Banda pague gastos f\u00fanebres del director fallecido. - Conexi\u00f3n 23","isPartOf":{"@id":"https:\/\/conexion23.com\/#website"},"datePublished":"2023-03-16T01:40:04+00:00","dateModified":"2023-03-16T01:40:07+00:00","breadcrumb":{"@id":"https:\/\/conexion23.com\/?p=16066#breadcrumb"},"inLanguage":"es","potentialAction":[{"@type":"ReadAction","target":["https:\/\/conexion23.com\/?p=16066"]}]},{"@type":"BreadcrumbList","@id":"https:\/\/conexion23.com\/?p=16066#breadcrumb","itemListElement":[{"@type":"ListItem","position":1,"name":"Portada","item":"https:\/\/conexion23.com\/"},{"@type":"ListItem","position":2,"name":"Reclaman cabildo de La Otra Banda pague gastos f\u00fanebres del director fallecido."}]},{"@type":"WebSite","@id":"https:\/\/conexion23.com\/#website","url":"https:\/\/conexion23.com\/","name":"Conexi\u00f3n 23","description":"Peri\u00f3dico 100% Petromacorisano","publisher":{"@id":"https:\/\/conexion23.com\/#organization"},"potentialAction":[{"@type":"SearchAction","target":{"@type":"EntryPoint","urlTemplate":"https:\/\/conexion23.com\/?s={search_term_string}"},"query-input":{"@type":"PropertyValueSpecification","valueRequired":true,"valueName":"search_term_string"}}],"inLanguage":"es"},{"@type":"Organization","@id":"https:\/\/conexion23.com\/#organization","name":"Conexion 23","url":"https:\/\/conexion23.com\/","logo":{"@type":"ImageObject","inLanguage":"es","@id":"https:\/\/conexion23.com\/#\/schema\/logo\/image\/","url":"https:\/\/conexion23.com\/wp-content\/uploads\/2021\/11\/Diseno-sin-titulo-2.png","contentUrl":"https:\/\/conexion23.com\/wp-content\/uploads\/2021\/11\/Diseno-sin-titulo-2.png","width":541,"height":90,"caption":"Conexion 23"},"image":{"@id":"https:\/\/conexion23.com\/#\/schema\/logo\/image\/"},"sameAs":["https:\/\/www.facebook.com\/conexion23com","https:\/\/www.instagram.com\/conexion23com\/","https:\/\/www.youtube.com\/channel\/UCYc7vxxFZMYLIHNsHHxPZ3Q"]},{"@type":"Person","@id":"https:\/\/conexion23.com\/#\/schema\/person\/03e36043331117e97a373299bbcd30a6","name":"Raffy Ben\u00edtez","image":{"@type":"ImageObject","inLanguage":"es","@id":"https:\/\/conexion23.com\/#\/schema\/person\/image\/","url":"https:\/\/secure.gravatar.com\/avatar\/3190a6a6c5e1b0327500f7d6c56b6242472ee6cb974cf09b401ee6b3b0798f23?s=96&d=mm&r=g","contentUrl":"https:\/\/secure.gravatar.com\/avatar\/3190a6a6c5e1b0327500f7d6c56b6242472ee6cb974cf09b401ee6b3b0798f23?s=96&d=mm&r=g","caption":"Raffy Ben\u00edtez"},"url":"https:\/\/conexion23.com\/?author=15"}]}},"_links":{"self":[{"href":"https:\/\/conexion23.com\/index.php?rest_route=\/wp\/v2\/posts\/16066","targetHints":{"allow":["GET"]}}],"collection":[{"href":"https:\/\/conexion23.com\/index.php?rest_route=\/wp\/v2\/posts"}],"about":[{"href":"https:\/\/conexion23.com\/index.php?rest_route=\/wp\/v2\/types\/post"}],"author":[{"embeddable":true,"href":"https:\/\/conexion23.com\/index.php?rest_route=\/wp\/v2\/users\/15"}],"replies":[{"embeddable":true,"href":"https:\/\/conexion23.com\/index.php?rest_route=%2Fwp%2Fv2%2Fcomments&post=16066"}],"version-history":[{"count":1,"href":"https:\/\/conexion23.com\/index.php?rest_route=\/wp\/v2\/posts\/16066\/revisions"}],"predecessor-version":[{"id":16068,"href":"https:\/\/conexion23.com\/index.php?rest_route=\/wp\/v2\/posts\/16066\/revisions\/16068"}],"wp:attachment":[{"href":"https:\/\/conexion23.com\/index.php?rest_route=%2Fwp%2Fv2%2Fmedia&parent=16066"}],"wp:term":[{"taxonomy":"category","embeddable":true,"href":"https:\/\/conexion23.com\/index.php?rest_route=%2Fwp%2Fv2%2Fcategories&post=16066"},{"taxonomy":"post_tag","embeddable":true,"href":"https:\/\/conexion23.com\/index.php?rest_route=%2Fwp%2Fv2%2Ftags&post=16066"}],"curies":[{"name":"wp","href":"https:\/\/api.w.org\/{rel}","templated":true}]}}