{"id":16084,"date":"2023-03-15T22:05:05","date_gmt":"2023-03-16T02:05:05","guid":{"rendered":"https:\/\/conexion23.com\/?p=16084"},"modified":"2023-03-15T22:05:10","modified_gmt":"2023-03-16T02:05:10","slug":"encuentran-hombre-muerto-con-un-disparo-en-la-cabeza-dentro-de-un-vehiculo-en-punta-cana","status":"publish","type":"post","link":"https:\/\/conexion23.com\/?p=16084","title":{"rendered":"<strong>Encuentran hombre muerto con un disparo en la cabeza, dentro de un veh\u00edculo en Punta Cana.<\/strong>"},"content":{"rendered":"\n<p>PUNTA CANA.- Este domingo un hombre fue encontrado muerto con un disparo en la cabeza, en el interior de un veh\u00edculo, en el Boulevard Tur\u00edstico del Este, en el distrito municipal Ver\u00f3n, provincia La Altagracia.<\/p>\n\n\n\n<p>La v\u00edctima fue identificado como Jeferson Rodr\u00edguez D\u00edaz, de 31 a\u00f1os, residente en la calle principal del sector Monte Santa Mar\u00eda, de Hig\u00fcey, cuya herida fue provocada en circunstancias no esclarecidas, pero se presume se trat\u00f3 de un homicidio.<\/p>\n\n\n\n<p>Rodriguez D\u00edaz falleci\u00f3 a consecuencia de herida por arma de fuego con entrada en el hueso parieto occipital derecho y salida en la regi\u00f3n supraciliar derecha, lo que le provoc\u00f3 un shock hemorr\u00e1gico, seg\u00fan certific\u00f3 el m\u00e9dico legista Polanco Guzman.<\/p>\n\n\n\n<p>El m\u00e9dico actuante en el levantamiento del cad\u00e1ver tambi\u00e9n se\u00f1al\u00f3 que hab\u00edan transcurrido unas cinco horas del hecho.<\/p>\n\n\n\n<p>Jerson fue encontrado en la parte trasera de un reconocido establecimiento comercial, ubicado en la marginal Av. Boulevard Tur\u00edstico del Este.<\/p>\n\n\n\n<p>Al llegar al lugar las autoridades se percataron de que el carro de color gris, estaba cerrado, encendido y que en el asiento del conductor hab\u00eda un hombre con el rostro ensangrentado, por lo que rompieron uno de los cristales traseros del veh\u00edculo.<\/p>\n\n\n\n<p>El hombre no portaba ning\u00fan tipo de documentos, pero la esposa del mismo llam\u00f3 a uno de los tel\u00e9fonos que ocup\u00f3 las autoridades y le explicaron la situaci\u00f3n.<\/p>\n\n\n\n<p>Al requisar el veh\u00edculo en que se encontraba el fallecido la polic\u00eda ocup\u00f3 un reloj color negro, un casquillo en el piso del asiento del conductor, una gorra de color azul, una funda negra y una botella de cristal, ambas con un vegetal presumiblemente marihuana.<\/p>\n\n\n\n<p>Asimismo, las autoridades ocuparon una porci\u00f3n de un material rocoso presumiblemente crack; una funda pl\u00e1stica con 20 pastillas de diferentes colores, empacadas individual en funda tipo ziploc, presumiblemente \u00e9xtasis; cuatro celulares de diferentes marcas; y un juego de cinco llaves con un beeper.<\/p>\n\n\n\n<p>El cuerpo fue levantado y enviado al Instituto Nacional de Ciencias Forenses (INACIF) de San Pedro de Macor\u00eds.<\/p>\n","protected":false},"excerpt":{"rendered":"<p>PUNTA CANA.- Este domingo un hombre fue encontrado muerto con un disparo en la cabeza, en el interior de un veh\u00edculo, en el Boulevard Tur\u00edstico del Este, en el distrito municipal Ver\u00f3n, provincia La Altagracia. La v\u00edctima fue identificado como Jeferson Rodr\u00edguez D\u00edaz, de 31 a\u00f1os, residente en la calle principal del sector Monte Santa [&hellip;]<\/p>\n","protected":false},"author":15,"featured_media":0,"comment_status":"open","ping_status":"open","sticky":false,"template":"","format":"standard","meta":{"footnotes":""},"categories":[2474],"tags":[],"class_list":{"0":"post-16084","1":"post","2":"type-post","3":"status-publish","4":"format-standard","6":"category-la-altagracia"},"yoast_head":"<!-- This site is optimized with the Yoast SEO plugin v27.1.1 - https:\/\/yoast.com\/product\/yoast-seo-wordpress\/ -->\n<title>Encuentran hombre muerto con un disparo en la cabeza, dentro de un veh\u00edculo en Punta Cana. - Conexi\u00f3n 23<\/title>\n<meta name=\"robots\" content=\"index, follow, max-snippet:-1, max-image-preview:large, max-video-preview:-1\" \/>\n<link rel=\"canonical\" href=\"https:\/\/conexion23.com\/?p=16084\" \/>\n<meta property=\"og:locale\" content=\"es_ES\" \/>\n<meta property=\"og:type\" content=\"article\" \/>\n<meta property=\"og:title\" content=\"Encuentran hombre muerto con un disparo en la cabeza, dentro de un veh\u00edculo en Punta Cana. - Conexi\u00f3n 23\" \/>\n<meta property=\"og:description\" content=\"PUNTA CANA.- Este domingo un hombre fue encontrado muerto con un disparo en la cabeza, en el interior de un veh\u00edculo, en el Boulevard Tur\u00edstico del Este, en el distrito municipal Ver\u00f3n, provincia La Altagracia. La v\u00edctima fue identificado como Jeferson Rodr\u00edguez D\u00edaz, de 31 a\u00f1os, residente en la calle principal del sector Monte Santa [&hellip;]\" \/>\n<meta property=\"og:url\" content=\"https:\/\/conexion23.com\/?p=16084\" \/>\n<meta property=\"og:site_name\" content=\"Conexi\u00f3n 23\" \/>\n<meta property=\"article:publisher\" content=\"https:\/\/www.facebook.com\/conexion23com\" \/>\n<meta property=\"article:published_time\" content=\"2023-03-16T02:05:05+00:00\" \/>\n<meta property=\"article:modified_time\" content=\"2023-03-16T02:05:10+00:00\" \/>\n<meta name=\"author\" content=\"Raffy Ben\u00edtez\" \/>\n<meta name=\"twitter:card\" content=\"summary_large_image\" \/>\n<meta name=\"twitter:label1\" content=\"Escrito por\" \/>\n\t<meta name=\"twitter:data1\" content=\"Raffy Ben\u00edtez\" \/>\n\t<meta name=\"twitter:label2\" content=\"Tiempo de lectura\" \/>\n\t<meta name=\"twitter:data2\" content=\"2 minutos\" \/>\n<script type=\"application\/ld+json\" class=\"yoast-schema-graph\">{\"@context\":\"https:\/\/schema.org\",\"@graph\":[{\"@type\":\"Article\",\"@id\":\"https:\/\/conexion23.com\/?p=16084#article\",\"isPartOf\":{\"@id\":\"https:\/\/conexion23.com\/?p=16084\"},\"author\":{\"name\":\"Raffy Ben\u00edtez\",\"@id\":\"https:\/\/conexion23.com\/#\/schema\/person\/03e36043331117e97a373299bbcd30a6\"},\"headline\":\"Encuentran hombre muerto con un disparo en la cabeza, dentro de un veh\u00edculo en Punta Cana.\",\"datePublished\":\"2023-03-16T02:05:05+00:00\",\"dateModified\":\"2023-03-16T02:05:10+00:00\",\"mainEntityOfPage\":{\"@id\":\"https:\/\/conexion23.com\/?p=16084\"},\"wordCount\":376,\"commentCount\":0,\"publisher\":{\"@id\":\"https:\/\/conexion23.com\/#organization\"},\"articleSection\":[\"La Altagracia\"],\"inLanguage\":\"es\",\"potentialAction\":[{\"@type\":\"CommentAction\",\"name\":\"Comment\",\"target\":[\"https:\/\/conexion23.com\/?p=16084#respond\"]}]},{\"@type\":\"WebPage\",\"@id\":\"https:\/\/conexion23.com\/?p=16084\",\"url\":\"https:\/\/conexion23.com\/?p=16084\",\"name\":\"Encuentran hombre muerto con un disparo en la cabeza, dentro de un veh\u00edculo en Punta Cana. - Conexi\u00f3n 23\",\"isPartOf\":{\"@id\":\"https:\/\/conexion23.com\/#website\"},\"datePublished\":\"2023-03-16T02:05:05+00:00\",\"dateModified\":\"2023-03-16T02:05:10+00:00\",\"breadcrumb\":{\"@id\":\"https:\/\/conexion23.com\/?p=16084#breadcrumb\"},\"inLanguage\":\"es\",\"potentialAction\":[{\"@type\":\"ReadAction\",\"target\":[\"https:\/\/conexion23.com\/?p=16084\"]}]},{\"@type\":\"BreadcrumbList\",\"@id\":\"https:\/\/conexion23.com\/?p=16084#breadcrumb\",\"itemListElement\":[{\"@type\":\"ListItem\",\"position\":1,\"name\":\"Portada\",\"item\":\"https:\/\/conexion23.com\/\"},{\"@type\":\"ListItem\",\"position\":2,\"name\":\"Encuentran hombre muerto con un disparo en la cabeza, dentro de un veh\u00edculo en Punta Cana.\"}]},{\"@type\":\"WebSite\",\"@id\":\"https:\/\/conexion23.com\/#website\",\"url\":\"https:\/\/conexion23.com\/\",\"name\":\"Conexi\u00f3n 23\",\"description\":\"Peri\u00f3dico 100% Petromacorisano\",\"publisher\":{\"@id\":\"https:\/\/conexion23.com\/#organization\"},\"potentialAction\":[{\"@type\":\"SearchAction\",\"target\":{\"@type\":\"EntryPoint\",\"urlTemplate\":\"https:\/\/conexion23.com\/?s={search_term_string}\"},\"query-input\":{\"@type\":\"PropertyValueSpecification\",\"valueRequired\":true,\"valueName\":\"search_term_string\"}}],\"inLanguage\":\"es\"},{\"@type\":\"Organization\",\"@id\":\"https:\/\/conexion23.com\/#organization\",\"name\":\"Conexion 23\",\"url\":\"https:\/\/conexion23.com\/\",\"logo\":{\"@type\":\"ImageObject\",\"inLanguage\":\"es\",\"@id\":\"https:\/\/conexion23.com\/#\/schema\/logo\/image\/\",\"url\":\"https:\/\/conexion23.com\/wp-content\/uploads\/2021\/11\/Diseno-sin-titulo-2.png\",\"contentUrl\":\"https:\/\/conexion23.com\/wp-content\/uploads\/2021\/11\/Diseno-sin-titulo-2.png\",\"width\":541,\"height\":90,\"caption\":\"Conexion 23\"},\"image\":{\"@id\":\"https:\/\/conexion23.com\/#\/schema\/logo\/image\/\"},\"sameAs\":[\"https:\/\/www.facebook.com\/conexion23com\",\"https:\/\/www.instagram.com\/conexion23com\/\",\"https:\/\/www.youtube.com\/channel\/UCYc7vxxFZMYLIHNsHHxPZ3Q\"]},{\"@type\":\"Person\",\"@id\":\"https:\/\/conexion23.com\/#\/schema\/person\/03e36043331117e97a373299bbcd30a6\",\"name\":\"Raffy Ben\u00edtez\",\"image\":{\"@type\":\"ImageObject\",\"inLanguage\":\"es\",\"@id\":\"https:\/\/conexion23.com\/#\/schema\/person\/image\/\",\"url\":\"https:\/\/secure.gravatar.com\/avatar\/3190a6a6c5e1b0327500f7d6c56b6242472ee6cb974cf09b401ee6b3b0798f23?s=96&d=mm&r=g\",\"contentUrl\":\"https:\/\/secure.gravatar.com\/avatar\/3190a6a6c5e1b0327500f7d6c56b6242472ee6cb974cf09b401ee6b3b0798f23?s=96&d=mm&r=g\",\"caption\":\"Raffy Ben\u00edtez\"},\"url\":\"https:\/\/conexion23.com\/?author=15\"}]}<\/script>\n<!-- \/ Yoast SEO plugin. -->","yoast_head_json":{"title":"Encuentran hombre muerto con un disparo en la cabeza, dentro de un veh\u00edculo en Punta Cana. - Conexi\u00f3n 23","robots":{"index":"index","follow":"follow","max-snippet":"max-snippet:-1","max-image-preview":"max-image-preview:large","max-video-preview":"max-video-preview:-1"},"canonical":"https:\/\/conexion23.com\/?p=16084","og_locale":"es_ES","og_type":"article","og_title":"Encuentran hombre muerto con un disparo en la cabeza, dentro de un veh\u00edculo en Punta Cana. - Conexi\u00f3n 23","og_description":"PUNTA CANA.- Este domingo un hombre fue encontrado muerto con un disparo en la cabeza, en el interior de un veh\u00edculo, en el Boulevard Tur\u00edstico del Este, en el distrito municipal Ver\u00f3n, provincia La Altagracia. La v\u00edctima fue identificado como Jeferson Rodr\u00edguez D\u00edaz, de 31 a\u00f1os, residente en la calle principal del sector Monte Santa [&hellip;]","og_url":"https:\/\/conexion23.com\/?p=16084","og_site_name":"Conexi\u00f3n 23","article_publisher":"https:\/\/www.facebook.com\/conexion23com","article_published_time":"2023-03-16T02:05:05+00:00","article_modified_time":"2023-03-16T02:05:10+00:00","author":"Raffy Ben\u00edtez","twitter_card":"summary_large_image","twitter_misc":{"Escrito por":"Raffy Ben\u00edtez","Tiempo de lectura":"2 minutos"},"schema":{"@context":"https:\/\/schema.org","@graph":[{"@type":"Article","@id":"https:\/\/conexion23.com\/?p=16084#article","isPartOf":{"@id":"https:\/\/conexion23.com\/?p=16084"},"author":{"name":"Raffy Ben\u00edtez","@id":"https:\/\/conexion23.com\/#\/schema\/person\/03e36043331117e97a373299bbcd30a6"},"headline":"Encuentran hombre muerto con un disparo en la cabeza, dentro de un veh\u00edculo en Punta Cana.","datePublished":"2023-03-16T02:05:05+00:00","dateModified":"2023-03-16T02:05:10+00:00","mainEntityOfPage":{"@id":"https:\/\/conexion23.com\/?p=16084"},"wordCount":376,"commentCount":0,"publisher":{"@id":"https:\/\/conexion23.com\/#organization"},"articleSection":["La Altagracia"],"inLanguage":"es","potentialAction":[{"@type":"CommentAction","name":"Comment","target":["https:\/\/conexion23.com\/?p=16084#respond"]}]},{"@type":"WebPage","@id":"https:\/\/conexion23.com\/?p=16084","url":"https:\/\/conexion23.com\/?p=16084","name":"Encuentran hombre muerto con un disparo en la cabeza, dentro de un veh\u00edculo en Punta Cana. - Conexi\u00f3n 23","isPartOf":{"@id":"https:\/\/conexion23.com\/#website"},"datePublished":"2023-03-16T02:05:05+00:00","dateModified":"2023-03-16T02:05:10+00:00","breadcrumb":{"@id":"https:\/\/conexion23.com\/?p=16084#breadcrumb"},"inLanguage":"es","potentialAction":[{"@type":"ReadAction","target":["https:\/\/conexion23.com\/?p=16084"]}]},{"@type":"BreadcrumbList","@id":"https:\/\/conexion23.com\/?p=16084#breadcrumb","itemListElement":[{"@type":"ListItem","position":1,"name":"Portada","item":"https:\/\/conexion23.com\/"},{"@type":"ListItem","position":2,"name":"Encuentran hombre muerto con un disparo en la cabeza, dentro de un veh\u00edculo en Punta Cana."}]},{"@type":"WebSite","@id":"https:\/\/conexion23.com\/#website","url":"https:\/\/conexion23.com\/","name":"Conexi\u00f3n 23","description":"Peri\u00f3dico 100% Petromacorisano","publisher":{"@id":"https:\/\/conexion23.com\/#organization"},"potentialAction":[{"@type":"SearchAction","target":{"@type":"EntryPoint","urlTemplate":"https:\/\/conexion23.com\/?s={search_term_string}"},"query-input":{"@type":"PropertyValueSpecification","valueRequired":true,"valueName":"search_term_string"}}],"inLanguage":"es"},{"@type":"Organization","@id":"https:\/\/conexion23.com\/#organization","name":"Conexion 23","url":"https:\/\/conexion23.com\/","logo":{"@type":"ImageObject","inLanguage":"es","@id":"https:\/\/conexion23.com\/#\/schema\/logo\/image\/","url":"https:\/\/conexion23.com\/wp-content\/uploads\/2021\/11\/Diseno-sin-titulo-2.png","contentUrl":"https:\/\/conexion23.com\/wp-content\/uploads\/2021\/11\/Diseno-sin-titulo-2.png","width":541,"height":90,"caption":"Conexion 23"},"image":{"@id":"https:\/\/conexion23.com\/#\/schema\/logo\/image\/"},"sameAs":["https:\/\/www.facebook.com\/conexion23com","https:\/\/www.instagram.com\/conexion23com\/","https:\/\/www.youtube.com\/channel\/UCYc7vxxFZMYLIHNsHHxPZ3Q"]},{"@type":"Person","@id":"https:\/\/conexion23.com\/#\/schema\/person\/03e36043331117e97a373299bbcd30a6","name":"Raffy Ben\u00edtez","image":{"@type":"ImageObject","inLanguage":"es","@id":"https:\/\/conexion23.com\/#\/schema\/person\/image\/","url":"https:\/\/secure.gravatar.com\/avatar\/3190a6a6c5e1b0327500f7d6c56b6242472ee6cb974cf09b401ee6b3b0798f23?s=96&d=mm&r=g","contentUrl":"https:\/\/secure.gravatar.com\/avatar\/3190a6a6c5e1b0327500f7d6c56b6242472ee6cb974cf09b401ee6b3b0798f23?s=96&d=mm&r=g","caption":"Raffy Ben\u00edtez"},"url":"https:\/\/conexion23.com\/?author=15"}]}},"_links":{"self":[{"href":"https:\/\/conexion23.com\/index.php?rest_route=\/wp\/v2\/posts\/16084","targetHints":{"allow":["GET"]}}],"collection":[{"href":"https:\/\/conexion23.com\/index.php?rest_route=\/wp\/v2\/posts"}],"about":[{"href":"https:\/\/conexion23.com\/index.php?rest_route=\/wp\/v2\/types\/post"}],"author":[{"embeddable":true,"href":"https:\/\/conexion23.com\/index.php?rest_route=\/wp\/v2\/users\/15"}],"replies":[{"embeddable":true,"href":"https:\/\/conexion23.com\/index.php?rest_route=%2Fwp%2Fv2%2Fcomments&post=16084"}],"version-history":[{"count":1,"href":"https:\/\/conexion23.com\/index.php?rest_route=\/wp\/v2\/posts\/16084\/revisions"}],"predecessor-version":[{"id":16086,"href":"https:\/\/conexion23.com\/index.php?rest_route=\/wp\/v2\/posts\/16084\/revisions\/16086"}],"wp:attachment":[{"href":"https:\/\/conexion23.com\/index.php?rest_route=%2Fwp%2Fv2%2Fmedia&parent=16084"}],"wp:term":[{"taxonomy":"category","embeddable":true,"href":"https:\/\/conexion23.com\/index.php?rest_route=%2Fwp%2Fv2%2Fcategories&post=16084"},{"taxonomy":"post_tag","embeddable":true,"href":"https:\/\/conexion23.com\/index.php?rest_route=%2Fwp%2Fv2%2Ftags&post=16084"}],"curies":[{"name":"wp","href":"https:\/\/api.w.org\/{rel}","templated":true}]}}