{"id":16090,"date":"2023-03-15T22:11:10","date_gmt":"2023-03-16T02:11:10","guid":{"rendered":"https:\/\/conexion23.com\/?p=16090"},"modified":"2023-03-15T22:11:12","modified_gmt":"2023-03-16T02:11:12","slug":"grupo-playa-presentara-wyndham-alltra-resort-en-samana","status":"publish","type":"post","link":"https:\/\/conexion23.com\/?p=16090","title":{"rendered":"<strong>Grupo Playa presentar\u00e1 Wyndham Alltra Resort en Saman\u00e1.<\/strong>"},"content":{"rendered":"\n<p><a href=\"https:\/\/www.travelpulse.com\/articles\/hotels-and-resorts\/a-portrait-of-playa-hotels-resorts.html\">Playa Hotels &amp; Resorts<\/a> firm\u00f3 un acuerdo para administrar un nuevo resort Wyndham Alltra de 404 habitaciones ubicado en la secci\u00f3n noreste de la pen\u00ednsula de Saman\u00e1 en la Rep\u00fablica Dominicana.<\/p>\n\n\n\n<p>La propiedad renombrada, que se llamar\u00e1 Wyndham Alltra Samana, est\u00e1 programada para abrir sus puertas en el tercer trimestre de este a\u00f1o.<\/p>\n\n\n\n<p>\u201cNos complace continuar con el crecimiento de la marca Wyndham Alltra y estamos emocionados de lanzar una nueva propiedad en una regi\u00f3n de r\u00e1pido crecimiento de la Rep\u00fablica Dominicana\u201d, dijo Fernando Mulet, director de inversiones <a href=\"https:\/\/www.travelpulse.com\/news\/hotels-and-resorts\/five-things-to-know-about-playa-hotels-resorts.html\">de Playa Hotels &amp; Resorts.<\/a><\/p>\n\n\n\n<p>\u201cMuchos desarrolladores est\u00e1n comenzando a escuchar acerca de Saman\u00e1 y estamos emocionados de apoyar la conciencia de este atractivo destino con la apertura de este nuevo resort\u201d.<\/p>\n\n\n\n<p>El resort servir\u00e1 como el cuarto Wyndham Alltra administrado por Playa Hotels &amp; Resorts.<\/p>\n\n\n\n<p>\u201cDise\u00f1ado para atender al segmento de escala media alta, el cambio de marca garantizar\u00e1 que los hu\u00e9spedes disfruten de comidas y bebidas, servicios, comodidades y actividades de primer nivel con un sabor local expresivo a un valor excepcional\u201d, dijo Playa Hotels &amp; Resorts.<br><\/p>\n","protected":false},"excerpt":{"rendered":"<p>Playa Hotels &amp; Resorts firm\u00f3 un acuerdo para administrar un nuevo resort Wyndham Alltra de 404 habitaciones ubicado en la secci\u00f3n noreste de la pen\u00ednsula de Saman\u00e1 en la Rep\u00fablica Dominicana. La propiedad renombrada, que se llamar\u00e1 Wyndham Alltra Samana, est\u00e1 programada para abrir sus puertas en el tercer trimestre de este a\u00f1o. \u201cNos complace [&hellip;]<\/p>\n","protected":false},"author":15,"featured_media":0,"comment_status":"open","ping_status":"open","sticky":false,"template":"","format":"standard","meta":{"footnotes":""},"categories":[1],"tags":[],"class_list":{"0":"post-16090","1":"post","2":"type-post","3":"status-publish","4":"format-standard","6":"category-uncategorized"},"yoast_head":"<!-- This site is optimized with the Yoast SEO plugin v27.1.1 - https:\/\/yoast.com\/product\/yoast-seo-wordpress\/ -->\n<title>Grupo Playa presentar\u00e1 Wyndham Alltra Resort en Saman\u00e1. - Conexi\u00f3n 23<\/title>\n<meta name=\"robots\" content=\"index, follow, max-snippet:-1, max-image-preview:large, max-video-preview:-1\" \/>\n<link rel=\"canonical\" href=\"https:\/\/conexion23.com\/?p=16090\" \/>\n<meta property=\"og:locale\" content=\"es_ES\" \/>\n<meta property=\"og:type\" content=\"article\" \/>\n<meta property=\"og:title\" content=\"Grupo Playa presentar\u00e1 Wyndham Alltra Resort en Saman\u00e1. - Conexi\u00f3n 23\" \/>\n<meta property=\"og:description\" content=\"Playa Hotels &amp; Resorts firm\u00f3 un acuerdo para administrar un nuevo resort Wyndham Alltra de 404 habitaciones ubicado en la secci\u00f3n noreste de la pen\u00ednsula de Saman\u00e1 en la Rep\u00fablica Dominicana. La propiedad renombrada, que se llamar\u00e1 Wyndham Alltra Samana, est\u00e1 programada para abrir sus puertas en el tercer trimestre de este a\u00f1o. \u201cNos complace [&hellip;]\" \/>\n<meta property=\"og:url\" content=\"https:\/\/conexion23.com\/?p=16090\" \/>\n<meta property=\"og:site_name\" content=\"Conexi\u00f3n 23\" \/>\n<meta property=\"article:publisher\" content=\"https:\/\/www.facebook.com\/conexion23com\" \/>\n<meta property=\"article:published_time\" content=\"2023-03-16T02:11:10+00:00\" \/>\n<meta property=\"article:modified_time\" content=\"2023-03-16T02:11:12+00:00\" \/>\n<meta name=\"author\" content=\"Raffy Ben\u00edtez\" \/>\n<meta name=\"twitter:card\" content=\"summary_large_image\" \/>\n<meta name=\"twitter:label1\" content=\"Escrito por\" \/>\n\t<meta name=\"twitter:data1\" content=\"Raffy Ben\u00edtez\" \/>\n\t<meta name=\"twitter:label2\" content=\"Tiempo de lectura\" \/>\n\t<meta name=\"twitter:data2\" content=\"1 minuto\" \/>\n<script type=\"application\/ld+json\" class=\"yoast-schema-graph\">{\"@context\":\"https:\/\/schema.org\",\"@graph\":[{\"@type\":\"Article\",\"@id\":\"https:\/\/conexion23.com\/?p=16090#article\",\"isPartOf\":{\"@id\":\"https:\/\/conexion23.com\/?p=16090\"},\"author\":{\"name\":\"Raffy Ben\u00edtez\",\"@id\":\"https:\/\/conexion23.com\/#\/schema\/person\/03e36043331117e97a373299bbcd30a6\"},\"headline\":\"Grupo Playa presentar\u00e1 Wyndham Alltra Resort en Saman\u00e1.\",\"datePublished\":\"2023-03-16T02:11:10+00:00\",\"dateModified\":\"2023-03-16T02:11:12+00:00\",\"mainEntityOfPage\":{\"@id\":\"https:\/\/conexion23.com\/?p=16090\"},\"wordCount\":194,\"commentCount\":0,\"publisher\":{\"@id\":\"https:\/\/conexion23.com\/#organization\"},\"articleSection\":[\"Uncategorized\"],\"inLanguage\":\"es\",\"potentialAction\":[{\"@type\":\"CommentAction\",\"name\":\"Comment\",\"target\":[\"https:\/\/conexion23.com\/?p=16090#respond\"]}]},{\"@type\":\"WebPage\",\"@id\":\"https:\/\/conexion23.com\/?p=16090\",\"url\":\"https:\/\/conexion23.com\/?p=16090\",\"name\":\"Grupo Playa presentar\u00e1 Wyndham Alltra Resort en Saman\u00e1. - Conexi\u00f3n 23\",\"isPartOf\":{\"@id\":\"https:\/\/conexion23.com\/#website\"},\"datePublished\":\"2023-03-16T02:11:10+00:00\",\"dateModified\":\"2023-03-16T02:11:12+00:00\",\"breadcrumb\":{\"@id\":\"https:\/\/conexion23.com\/?p=16090#breadcrumb\"},\"inLanguage\":\"es\",\"potentialAction\":[{\"@type\":\"ReadAction\",\"target\":[\"https:\/\/conexion23.com\/?p=16090\"]}]},{\"@type\":\"BreadcrumbList\",\"@id\":\"https:\/\/conexion23.com\/?p=16090#breadcrumb\",\"itemListElement\":[{\"@type\":\"ListItem\",\"position\":1,\"name\":\"Portada\",\"item\":\"https:\/\/conexion23.com\/\"},{\"@type\":\"ListItem\",\"position\":2,\"name\":\"Grupo Playa presentar\u00e1 Wyndham Alltra Resort en Saman\u00e1.\"}]},{\"@type\":\"WebSite\",\"@id\":\"https:\/\/conexion23.com\/#website\",\"url\":\"https:\/\/conexion23.com\/\",\"name\":\"Conexi\u00f3n 23\",\"description\":\"Peri\u00f3dico 100% Petromacorisano\",\"publisher\":{\"@id\":\"https:\/\/conexion23.com\/#organization\"},\"potentialAction\":[{\"@type\":\"SearchAction\",\"target\":{\"@type\":\"EntryPoint\",\"urlTemplate\":\"https:\/\/conexion23.com\/?s={search_term_string}\"},\"query-input\":{\"@type\":\"PropertyValueSpecification\",\"valueRequired\":true,\"valueName\":\"search_term_string\"}}],\"inLanguage\":\"es\"},{\"@type\":\"Organization\",\"@id\":\"https:\/\/conexion23.com\/#organization\",\"name\":\"Conexion 23\",\"url\":\"https:\/\/conexion23.com\/\",\"logo\":{\"@type\":\"ImageObject\",\"inLanguage\":\"es\",\"@id\":\"https:\/\/conexion23.com\/#\/schema\/logo\/image\/\",\"url\":\"https:\/\/conexion23.com\/wp-content\/uploads\/2021\/11\/Diseno-sin-titulo-2.png\",\"contentUrl\":\"https:\/\/conexion23.com\/wp-content\/uploads\/2021\/11\/Diseno-sin-titulo-2.png\",\"width\":541,\"height\":90,\"caption\":\"Conexion 23\"},\"image\":{\"@id\":\"https:\/\/conexion23.com\/#\/schema\/logo\/image\/\"},\"sameAs\":[\"https:\/\/www.facebook.com\/conexion23com\",\"https:\/\/www.instagram.com\/conexion23com\/\",\"https:\/\/www.youtube.com\/channel\/UCYc7vxxFZMYLIHNsHHxPZ3Q\"]},{\"@type\":\"Person\",\"@id\":\"https:\/\/conexion23.com\/#\/schema\/person\/03e36043331117e97a373299bbcd30a6\",\"name\":\"Raffy Ben\u00edtez\",\"image\":{\"@type\":\"ImageObject\",\"inLanguage\":\"es\",\"@id\":\"https:\/\/conexion23.com\/#\/schema\/person\/image\/\",\"url\":\"https:\/\/secure.gravatar.com\/avatar\/3190a6a6c5e1b0327500f7d6c56b6242472ee6cb974cf09b401ee6b3b0798f23?s=96&d=mm&r=g\",\"contentUrl\":\"https:\/\/secure.gravatar.com\/avatar\/3190a6a6c5e1b0327500f7d6c56b6242472ee6cb974cf09b401ee6b3b0798f23?s=96&d=mm&r=g\",\"caption\":\"Raffy Ben\u00edtez\"},\"url\":\"https:\/\/conexion23.com\/?author=15\"}]}<\/script>\n<!-- \/ Yoast SEO plugin. -->","yoast_head_json":{"title":"Grupo Playa presentar\u00e1 Wyndham Alltra Resort en Saman\u00e1. - Conexi\u00f3n 23","robots":{"index":"index","follow":"follow","max-snippet":"max-snippet:-1","max-image-preview":"max-image-preview:large","max-video-preview":"max-video-preview:-1"},"canonical":"https:\/\/conexion23.com\/?p=16090","og_locale":"es_ES","og_type":"article","og_title":"Grupo Playa presentar\u00e1 Wyndham Alltra Resort en Saman\u00e1. - Conexi\u00f3n 23","og_description":"Playa Hotels &amp; Resorts firm\u00f3 un acuerdo para administrar un nuevo resort Wyndham Alltra de 404 habitaciones ubicado en la secci\u00f3n noreste de la pen\u00ednsula de Saman\u00e1 en la Rep\u00fablica Dominicana. La propiedad renombrada, que se llamar\u00e1 Wyndham Alltra Samana, est\u00e1 programada para abrir sus puertas en el tercer trimestre de este a\u00f1o. \u201cNos complace [&hellip;]","og_url":"https:\/\/conexion23.com\/?p=16090","og_site_name":"Conexi\u00f3n 23","article_publisher":"https:\/\/www.facebook.com\/conexion23com","article_published_time":"2023-03-16T02:11:10+00:00","article_modified_time":"2023-03-16T02:11:12+00:00","author":"Raffy Ben\u00edtez","twitter_card":"summary_large_image","twitter_misc":{"Escrito por":"Raffy Ben\u00edtez","Tiempo de lectura":"1 minuto"},"schema":{"@context":"https:\/\/schema.org","@graph":[{"@type":"Article","@id":"https:\/\/conexion23.com\/?p=16090#article","isPartOf":{"@id":"https:\/\/conexion23.com\/?p=16090"},"author":{"name":"Raffy Ben\u00edtez","@id":"https:\/\/conexion23.com\/#\/schema\/person\/03e36043331117e97a373299bbcd30a6"},"headline":"Grupo Playa presentar\u00e1 Wyndham Alltra Resort en Saman\u00e1.","datePublished":"2023-03-16T02:11:10+00:00","dateModified":"2023-03-16T02:11:12+00:00","mainEntityOfPage":{"@id":"https:\/\/conexion23.com\/?p=16090"},"wordCount":194,"commentCount":0,"publisher":{"@id":"https:\/\/conexion23.com\/#organization"},"articleSection":["Uncategorized"],"inLanguage":"es","potentialAction":[{"@type":"CommentAction","name":"Comment","target":["https:\/\/conexion23.com\/?p=16090#respond"]}]},{"@type":"WebPage","@id":"https:\/\/conexion23.com\/?p=16090","url":"https:\/\/conexion23.com\/?p=16090","name":"Grupo Playa presentar\u00e1 Wyndham Alltra Resort en Saman\u00e1. - Conexi\u00f3n 23","isPartOf":{"@id":"https:\/\/conexion23.com\/#website"},"datePublished":"2023-03-16T02:11:10+00:00","dateModified":"2023-03-16T02:11:12+00:00","breadcrumb":{"@id":"https:\/\/conexion23.com\/?p=16090#breadcrumb"},"inLanguage":"es","potentialAction":[{"@type":"ReadAction","target":["https:\/\/conexion23.com\/?p=16090"]}]},{"@type":"BreadcrumbList","@id":"https:\/\/conexion23.com\/?p=16090#breadcrumb","itemListElement":[{"@type":"ListItem","position":1,"name":"Portada","item":"https:\/\/conexion23.com\/"},{"@type":"ListItem","position":2,"name":"Grupo Playa presentar\u00e1 Wyndham Alltra Resort en Saman\u00e1."}]},{"@type":"WebSite","@id":"https:\/\/conexion23.com\/#website","url":"https:\/\/conexion23.com\/","name":"Conexi\u00f3n 23","description":"Peri\u00f3dico 100% Petromacorisano","publisher":{"@id":"https:\/\/conexion23.com\/#organization"},"potentialAction":[{"@type":"SearchAction","target":{"@type":"EntryPoint","urlTemplate":"https:\/\/conexion23.com\/?s={search_term_string}"},"query-input":{"@type":"PropertyValueSpecification","valueRequired":true,"valueName":"search_term_string"}}],"inLanguage":"es"},{"@type":"Organization","@id":"https:\/\/conexion23.com\/#organization","name":"Conexion 23","url":"https:\/\/conexion23.com\/","logo":{"@type":"ImageObject","inLanguage":"es","@id":"https:\/\/conexion23.com\/#\/schema\/logo\/image\/","url":"https:\/\/conexion23.com\/wp-content\/uploads\/2021\/11\/Diseno-sin-titulo-2.png","contentUrl":"https:\/\/conexion23.com\/wp-content\/uploads\/2021\/11\/Diseno-sin-titulo-2.png","width":541,"height":90,"caption":"Conexion 23"},"image":{"@id":"https:\/\/conexion23.com\/#\/schema\/logo\/image\/"},"sameAs":["https:\/\/www.facebook.com\/conexion23com","https:\/\/www.instagram.com\/conexion23com\/","https:\/\/www.youtube.com\/channel\/UCYc7vxxFZMYLIHNsHHxPZ3Q"]},{"@type":"Person","@id":"https:\/\/conexion23.com\/#\/schema\/person\/03e36043331117e97a373299bbcd30a6","name":"Raffy Ben\u00edtez","image":{"@type":"ImageObject","inLanguage":"es","@id":"https:\/\/conexion23.com\/#\/schema\/person\/image\/","url":"https:\/\/secure.gravatar.com\/avatar\/3190a6a6c5e1b0327500f7d6c56b6242472ee6cb974cf09b401ee6b3b0798f23?s=96&d=mm&r=g","contentUrl":"https:\/\/secure.gravatar.com\/avatar\/3190a6a6c5e1b0327500f7d6c56b6242472ee6cb974cf09b401ee6b3b0798f23?s=96&d=mm&r=g","caption":"Raffy Ben\u00edtez"},"url":"https:\/\/conexion23.com\/?author=15"}]}},"_links":{"self":[{"href":"https:\/\/conexion23.com\/index.php?rest_route=\/wp\/v2\/posts\/16090","targetHints":{"allow":["GET"]}}],"collection":[{"href":"https:\/\/conexion23.com\/index.php?rest_route=\/wp\/v2\/posts"}],"about":[{"href":"https:\/\/conexion23.com\/index.php?rest_route=\/wp\/v2\/types\/post"}],"author":[{"embeddable":true,"href":"https:\/\/conexion23.com\/index.php?rest_route=\/wp\/v2\/users\/15"}],"replies":[{"embeddable":true,"href":"https:\/\/conexion23.com\/index.php?rest_route=%2Fwp%2Fv2%2Fcomments&post=16090"}],"version-history":[{"count":1,"href":"https:\/\/conexion23.com\/index.php?rest_route=\/wp\/v2\/posts\/16090\/revisions"}],"predecessor-version":[{"id":16092,"href":"https:\/\/conexion23.com\/index.php?rest_route=\/wp\/v2\/posts\/16090\/revisions\/16092"}],"wp:attachment":[{"href":"https:\/\/conexion23.com\/index.php?rest_route=%2Fwp%2Fv2%2Fmedia&parent=16090"}],"wp:term":[{"taxonomy":"category","embeddable":true,"href":"https:\/\/conexion23.com\/index.php?rest_route=%2Fwp%2Fv2%2Fcategories&post=16090"},{"taxonomy":"post_tag","embeddable":true,"href":"https:\/\/conexion23.com\/index.php?rest_route=%2Fwp%2Fv2%2Ftags&post=16090"}],"curies":[{"name":"wp","href":"https:\/\/api.w.org\/{rel}","templated":true}]}}