{"id":16093,"date":"2023-03-15T22:16:38","date_gmt":"2023-03-16T02:16:38","guid":{"rendered":"https:\/\/conexion23.com\/?p=16093"},"modified":"2023-03-15T22:16:41","modified_gmt":"2023-03-16T02:16:41","slug":"la-princesa-leonor-hara-tres-anos-de-formacion-militar-a-partir-de-septiembre","status":"publish","type":"post","link":"https:\/\/conexion23.com\/?p=16093","title":{"rendered":"<strong>La princesa Leonor har\u00e1 tres a\u00f1os de formaci\u00f3n militar a partir de septiembre.<\/strong>"},"content":{"rendered":"\n<p>La <a href=\"https:\/\/www.rtve.es\/temas\/princesa-leonor\/16550\/\">princesa Leonor<\/a> comenzar\u00e1 a partir de septiembre su formaci\u00f3n militar como heredera al trono, que se desarrollar\u00e1 durante tres a\u00f1os con su paso por las academias de los tres Ej\u00e9rcitos (Tierra, Armada y Aire y Espacio) antes de ir a la Universidad. As\u00ed lo ha anunciado este martes la Ministra de Defensa, Margarita Robles, que ha comparecido en la rueda de prensa posterior al Consejo de Ministros para informar del Real Decreto aprobado para regular la formaci\u00f3n y carrera militar de la Princesa de Asturias, que el pr\u00f3ximo 31 de octubre cumplir\u00e1 18 a\u00f1os.&nbsp;<\/p>\n\n\n\n<p>La princesa Leonor comenzar\u00e1 \u00abinmediatamente\u00bb esta formaci\u00f3n castrense tras terminar el Bachillerato en Gales, y a finales de<strong> <\/strong>agosto o principios de septiembre se incorporar\u00e1 a la Academia General de Zaragoza, donde llevar\u00e1 a cabo el primer curso hasta la jura de bandera, para seguir luego con el segundo curso en Tierra, ha explicado la ministra. En esta academia estudiaron su abuelo, el rey em\u00e9rito, y su padre, Felipe VI.<\/p>\n\n\n\n<p>Posteriormente, pasar\u00e1 a la Escuela Naval Militar de Mar\u00edn (Pontevedra) en el curso 2024\/25, en el que se embarcar\u00e1 en el buque escuela Juan Sebasti\u00e1n Elcano para dar la vuelta al mundo, y concluir\u00e1 su formaci\u00f3n en la Academia General del Aire de San Javier (Murcia) al a\u00f1o siguiente (2025\/26).<\/p>\n\n\n\n<p>Completado su paso por las tres academias, en los que har\u00e1 los cuatro cursos de la carrera, se incorporar\u00e1 como n\u00famero uno de la promoci\u00f3n que termine sus estudios en la hornada de 2026\/27 con el empleo de teniente, en Tierra y Aire, y de alf\u00e9rez de nav\u00edo, en la Armada.<\/p>\n","protected":false},"excerpt":{"rendered":"<p>La princesa Leonor comenzar\u00e1 a partir de septiembre su formaci\u00f3n militar como heredera al trono, que se desarrollar\u00e1 durante tres a\u00f1os con su paso por las academias de los tres Ej\u00e9rcitos (Tierra, Armada y Aire y Espacio) antes de ir a la Universidad. As\u00ed lo ha anunciado este martes la Ministra de Defensa, Margarita Robles, [&hellip;]<\/p>\n","protected":false},"author":15,"featured_media":0,"comment_status":"open","ping_status":"open","sticky":false,"template":"","format":"standard","meta":{"footnotes":""},"categories":[1],"tags":[],"class_list":{"0":"post-16093","1":"post","2":"type-post","3":"status-publish","4":"format-standard","6":"category-uncategorized"},"yoast_head":"<!-- This site is optimized with the Yoast SEO plugin v27.1.1 - https:\/\/yoast.com\/product\/yoast-seo-wordpress\/ -->\n<title>La princesa Leonor har\u00e1 tres a\u00f1os de formaci\u00f3n militar a partir de septiembre. - Conexi\u00f3n 23<\/title>\n<meta name=\"robots\" content=\"index, follow, max-snippet:-1, max-image-preview:large, max-video-preview:-1\" \/>\n<link rel=\"canonical\" href=\"https:\/\/conexion23.com\/?p=16093\" \/>\n<meta property=\"og:locale\" content=\"es_ES\" \/>\n<meta property=\"og:type\" content=\"article\" \/>\n<meta property=\"og:title\" content=\"La princesa Leonor har\u00e1 tres a\u00f1os de formaci\u00f3n militar a partir de septiembre. - Conexi\u00f3n 23\" \/>\n<meta property=\"og:description\" content=\"La princesa Leonor comenzar\u00e1 a partir de septiembre su formaci\u00f3n militar como heredera al trono, que se desarrollar\u00e1 durante tres a\u00f1os con su paso por las academias de los tres Ej\u00e9rcitos (Tierra, Armada y Aire y Espacio) antes de ir a la Universidad. As\u00ed lo ha anunciado este martes la Ministra de Defensa, Margarita Robles, [&hellip;]\" \/>\n<meta property=\"og:url\" content=\"https:\/\/conexion23.com\/?p=16093\" \/>\n<meta property=\"og:site_name\" content=\"Conexi\u00f3n 23\" \/>\n<meta property=\"article:publisher\" content=\"https:\/\/www.facebook.com\/conexion23com\" \/>\n<meta property=\"article:published_time\" content=\"2023-03-16T02:16:38+00:00\" \/>\n<meta property=\"article:modified_time\" content=\"2023-03-16T02:16:41+00:00\" \/>\n<meta name=\"author\" content=\"Raffy Ben\u00edtez\" \/>\n<meta name=\"twitter:card\" content=\"summary_large_image\" \/>\n<meta name=\"twitter:label1\" content=\"Escrito por\" \/>\n\t<meta name=\"twitter:data1\" content=\"Raffy Ben\u00edtez\" \/>\n\t<meta name=\"twitter:label2\" content=\"Tiempo de lectura\" \/>\n\t<meta name=\"twitter:data2\" content=\"2 minutos\" \/>\n<script type=\"application\/ld+json\" class=\"yoast-schema-graph\">{\"@context\":\"https:\/\/schema.org\",\"@graph\":[{\"@type\":\"Article\",\"@id\":\"https:\/\/conexion23.com\/?p=16093#article\",\"isPartOf\":{\"@id\":\"https:\/\/conexion23.com\/?p=16093\"},\"author\":{\"name\":\"Raffy Ben\u00edtez\",\"@id\":\"https:\/\/conexion23.com\/#\/schema\/person\/03e36043331117e97a373299bbcd30a6\"},\"headline\":\"La princesa Leonor har\u00e1 tres a\u00f1os de formaci\u00f3n militar a partir de septiembre.\",\"datePublished\":\"2023-03-16T02:16:38+00:00\",\"dateModified\":\"2023-03-16T02:16:41+00:00\",\"mainEntityOfPage\":{\"@id\":\"https:\/\/conexion23.com\/?p=16093\"},\"wordCount\":293,\"commentCount\":0,\"publisher\":{\"@id\":\"https:\/\/conexion23.com\/#organization\"},\"articleSection\":[\"Uncategorized\"],\"inLanguage\":\"es\",\"potentialAction\":[{\"@type\":\"CommentAction\",\"name\":\"Comment\",\"target\":[\"https:\/\/conexion23.com\/?p=16093#respond\"]}]},{\"@type\":\"WebPage\",\"@id\":\"https:\/\/conexion23.com\/?p=16093\",\"url\":\"https:\/\/conexion23.com\/?p=16093\",\"name\":\"La princesa Leonor har\u00e1 tres a\u00f1os de formaci\u00f3n militar a partir de septiembre. - Conexi\u00f3n 23\",\"isPartOf\":{\"@id\":\"https:\/\/conexion23.com\/#website\"},\"datePublished\":\"2023-03-16T02:16:38+00:00\",\"dateModified\":\"2023-03-16T02:16:41+00:00\",\"breadcrumb\":{\"@id\":\"https:\/\/conexion23.com\/?p=16093#breadcrumb\"},\"inLanguage\":\"es\",\"potentialAction\":[{\"@type\":\"ReadAction\",\"target\":[\"https:\/\/conexion23.com\/?p=16093\"]}]},{\"@type\":\"BreadcrumbList\",\"@id\":\"https:\/\/conexion23.com\/?p=16093#breadcrumb\",\"itemListElement\":[{\"@type\":\"ListItem\",\"position\":1,\"name\":\"Portada\",\"item\":\"https:\/\/conexion23.com\/\"},{\"@type\":\"ListItem\",\"position\":2,\"name\":\"La princesa Leonor har\u00e1 tres a\u00f1os de formaci\u00f3n militar a partir de septiembre.\"}]},{\"@type\":\"WebSite\",\"@id\":\"https:\/\/conexion23.com\/#website\",\"url\":\"https:\/\/conexion23.com\/\",\"name\":\"Conexi\u00f3n 23\",\"description\":\"Peri\u00f3dico 100% Petromacorisano\",\"publisher\":{\"@id\":\"https:\/\/conexion23.com\/#organization\"},\"potentialAction\":[{\"@type\":\"SearchAction\",\"target\":{\"@type\":\"EntryPoint\",\"urlTemplate\":\"https:\/\/conexion23.com\/?s={search_term_string}\"},\"query-input\":{\"@type\":\"PropertyValueSpecification\",\"valueRequired\":true,\"valueName\":\"search_term_string\"}}],\"inLanguage\":\"es\"},{\"@type\":\"Organization\",\"@id\":\"https:\/\/conexion23.com\/#organization\",\"name\":\"Conexion 23\",\"url\":\"https:\/\/conexion23.com\/\",\"logo\":{\"@type\":\"ImageObject\",\"inLanguage\":\"es\",\"@id\":\"https:\/\/conexion23.com\/#\/schema\/logo\/image\/\",\"url\":\"https:\/\/conexion23.com\/wp-content\/uploads\/2021\/11\/Diseno-sin-titulo-2.png\",\"contentUrl\":\"https:\/\/conexion23.com\/wp-content\/uploads\/2021\/11\/Diseno-sin-titulo-2.png\",\"width\":541,\"height\":90,\"caption\":\"Conexion 23\"},\"image\":{\"@id\":\"https:\/\/conexion23.com\/#\/schema\/logo\/image\/\"},\"sameAs\":[\"https:\/\/www.facebook.com\/conexion23com\",\"https:\/\/www.instagram.com\/conexion23com\/\",\"https:\/\/www.youtube.com\/channel\/UCYc7vxxFZMYLIHNsHHxPZ3Q\"]},{\"@type\":\"Person\",\"@id\":\"https:\/\/conexion23.com\/#\/schema\/person\/03e36043331117e97a373299bbcd30a6\",\"name\":\"Raffy Ben\u00edtez\",\"image\":{\"@type\":\"ImageObject\",\"inLanguage\":\"es\",\"@id\":\"https:\/\/conexion23.com\/#\/schema\/person\/image\/\",\"url\":\"https:\/\/secure.gravatar.com\/avatar\/3190a6a6c5e1b0327500f7d6c56b6242472ee6cb974cf09b401ee6b3b0798f23?s=96&d=mm&r=g\",\"contentUrl\":\"https:\/\/secure.gravatar.com\/avatar\/3190a6a6c5e1b0327500f7d6c56b6242472ee6cb974cf09b401ee6b3b0798f23?s=96&d=mm&r=g\",\"caption\":\"Raffy Ben\u00edtez\"},\"url\":\"https:\/\/conexion23.com\/?author=15\"}]}<\/script>\n<!-- \/ Yoast SEO plugin. -->","yoast_head_json":{"title":"La princesa Leonor har\u00e1 tres a\u00f1os de formaci\u00f3n militar a partir de septiembre. - Conexi\u00f3n 23","robots":{"index":"index","follow":"follow","max-snippet":"max-snippet:-1","max-image-preview":"max-image-preview:large","max-video-preview":"max-video-preview:-1"},"canonical":"https:\/\/conexion23.com\/?p=16093","og_locale":"es_ES","og_type":"article","og_title":"La princesa Leonor har\u00e1 tres a\u00f1os de formaci\u00f3n militar a partir de septiembre. - Conexi\u00f3n 23","og_description":"La princesa Leonor comenzar\u00e1 a partir de septiembre su formaci\u00f3n militar como heredera al trono, que se desarrollar\u00e1 durante tres a\u00f1os con su paso por las academias de los tres Ej\u00e9rcitos (Tierra, Armada y Aire y Espacio) antes de ir a la Universidad. As\u00ed lo ha anunciado este martes la Ministra de Defensa, Margarita Robles, [&hellip;]","og_url":"https:\/\/conexion23.com\/?p=16093","og_site_name":"Conexi\u00f3n 23","article_publisher":"https:\/\/www.facebook.com\/conexion23com","article_published_time":"2023-03-16T02:16:38+00:00","article_modified_time":"2023-03-16T02:16:41+00:00","author":"Raffy Ben\u00edtez","twitter_card":"summary_large_image","twitter_misc":{"Escrito por":"Raffy Ben\u00edtez","Tiempo de lectura":"2 minutos"},"schema":{"@context":"https:\/\/schema.org","@graph":[{"@type":"Article","@id":"https:\/\/conexion23.com\/?p=16093#article","isPartOf":{"@id":"https:\/\/conexion23.com\/?p=16093"},"author":{"name":"Raffy Ben\u00edtez","@id":"https:\/\/conexion23.com\/#\/schema\/person\/03e36043331117e97a373299bbcd30a6"},"headline":"La princesa Leonor har\u00e1 tres a\u00f1os de formaci\u00f3n militar a partir de septiembre.","datePublished":"2023-03-16T02:16:38+00:00","dateModified":"2023-03-16T02:16:41+00:00","mainEntityOfPage":{"@id":"https:\/\/conexion23.com\/?p=16093"},"wordCount":293,"commentCount":0,"publisher":{"@id":"https:\/\/conexion23.com\/#organization"},"articleSection":["Uncategorized"],"inLanguage":"es","potentialAction":[{"@type":"CommentAction","name":"Comment","target":["https:\/\/conexion23.com\/?p=16093#respond"]}]},{"@type":"WebPage","@id":"https:\/\/conexion23.com\/?p=16093","url":"https:\/\/conexion23.com\/?p=16093","name":"La princesa Leonor har\u00e1 tres a\u00f1os de formaci\u00f3n militar a partir de septiembre. - Conexi\u00f3n 23","isPartOf":{"@id":"https:\/\/conexion23.com\/#website"},"datePublished":"2023-03-16T02:16:38+00:00","dateModified":"2023-03-16T02:16:41+00:00","breadcrumb":{"@id":"https:\/\/conexion23.com\/?p=16093#breadcrumb"},"inLanguage":"es","potentialAction":[{"@type":"ReadAction","target":["https:\/\/conexion23.com\/?p=16093"]}]},{"@type":"BreadcrumbList","@id":"https:\/\/conexion23.com\/?p=16093#breadcrumb","itemListElement":[{"@type":"ListItem","position":1,"name":"Portada","item":"https:\/\/conexion23.com\/"},{"@type":"ListItem","position":2,"name":"La princesa Leonor har\u00e1 tres a\u00f1os de formaci\u00f3n militar a partir de septiembre."}]},{"@type":"WebSite","@id":"https:\/\/conexion23.com\/#website","url":"https:\/\/conexion23.com\/","name":"Conexi\u00f3n 23","description":"Peri\u00f3dico 100% Petromacorisano","publisher":{"@id":"https:\/\/conexion23.com\/#organization"},"potentialAction":[{"@type":"SearchAction","target":{"@type":"EntryPoint","urlTemplate":"https:\/\/conexion23.com\/?s={search_term_string}"},"query-input":{"@type":"PropertyValueSpecification","valueRequired":true,"valueName":"search_term_string"}}],"inLanguage":"es"},{"@type":"Organization","@id":"https:\/\/conexion23.com\/#organization","name":"Conexion 23","url":"https:\/\/conexion23.com\/","logo":{"@type":"ImageObject","inLanguage":"es","@id":"https:\/\/conexion23.com\/#\/schema\/logo\/image\/","url":"https:\/\/conexion23.com\/wp-content\/uploads\/2021\/11\/Diseno-sin-titulo-2.png","contentUrl":"https:\/\/conexion23.com\/wp-content\/uploads\/2021\/11\/Diseno-sin-titulo-2.png","width":541,"height":90,"caption":"Conexion 23"},"image":{"@id":"https:\/\/conexion23.com\/#\/schema\/logo\/image\/"},"sameAs":["https:\/\/www.facebook.com\/conexion23com","https:\/\/www.instagram.com\/conexion23com\/","https:\/\/www.youtube.com\/channel\/UCYc7vxxFZMYLIHNsHHxPZ3Q"]},{"@type":"Person","@id":"https:\/\/conexion23.com\/#\/schema\/person\/03e36043331117e97a373299bbcd30a6","name":"Raffy Ben\u00edtez","image":{"@type":"ImageObject","inLanguage":"es","@id":"https:\/\/conexion23.com\/#\/schema\/person\/image\/","url":"https:\/\/secure.gravatar.com\/avatar\/3190a6a6c5e1b0327500f7d6c56b6242472ee6cb974cf09b401ee6b3b0798f23?s=96&d=mm&r=g","contentUrl":"https:\/\/secure.gravatar.com\/avatar\/3190a6a6c5e1b0327500f7d6c56b6242472ee6cb974cf09b401ee6b3b0798f23?s=96&d=mm&r=g","caption":"Raffy Ben\u00edtez"},"url":"https:\/\/conexion23.com\/?author=15"}]}},"_links":{"self":[{"href":"https:\/\/conexion23.com\/index.php?rest_route=\/wp\/v2\/posts\/16093","targetHints":{"allow":["GET"]}}],"collection":[{"href":"https:\/\/conexion23.com\/index.php?rest_route=\/wp\/v2\/posts"}],"about":[{"href":"https:\/\/conexion23.com\/index.php?rest_route=\/wp\/v2\/types\/post"}],"author":[{"embeddable":true,"href":"https:\/\/conexion23.com\/index.php?rest_route=\/wp\/v2\/users\/15"}],"replies":[{"embeddable":true,"href":"https:\/\/conexion23.com\/index.php?rest_route=%2Fwp%2Fv2%2Fcomments&post=16093"}],"version-history":[{"count":1,"href":"https:\/\/conexion23.com\/index.php?rest_route=\/wp\/v2\/posts\/16093\/revisions"}],"predecessor-version":[{"id":16095,"href":"https:\/\/conexion23.com\/index.php?rest_route=\/wp\/v2\/posts\/16093\/revisions\/16095"}],"wp:attachment":[{"href":"https:\/\/conexion23.com\/index.php?rest_route=%2Fwp%2Fv2%2Fmedia&parent=16093"}],"wp:term":[{"taxonomy":"category","embeddable":true,"href":"https:\/\/conexion23.com\/index.php?rest_route=%2Fwp%2Fv2%2Fcategories&post=16093"},{"taxonomy":"post_tag","embeddable":true,"href":"https:\/\/conexion23.com\/index.php?rest_route=%2Fwp%2Fv2%2Ftags&post=16093"}],"curies":[{"name":"wp","href":"https:\/\/api.w.org\/{rel}","templated":true}]}}