{"id":16096,"date":"2023-03-15T22:21:30","date_gmt":"2023-03-16T02:21:30","guid":{"rendered":"https:\/\/conexion23.com\/?p=16096"},"modified":"2023-03-15T22:21:34","modified_gmt":"2023-03-16T02:21:34","slug":"migracion-detiene-354-nacionales-haitianos-en-el-hoyo-de-friusa","status":"publish","type":"post","link":"https:\/\/conexion23.com\/?p=16096","title":{"rendered":"<strong>Migraci\u00f3n detiene 354 nacionales haitianos en El Hoyo de Friusa.<\/strong>"},"content":{"rendered":"\n<p>Tras el reforzamiento de los operativos de interdicci\u00f3n migratoria que se llevan a cabo de manera simult\u00e1nea, agentes de la Direcci\u00f3n General de Migraci\u00f3n, apresaron a 354 nacionales haitianos indocumentados, quienes fueron repatriados de inmediato a su naci\u00f3n.<\/p>\n\n\n\n<p>Los operativos se llevaron a cabo en B\u00e1varo, Mata Mosquito, Cortecito, Villa Pleywood y Friusa, as\u00ed como en el cruce de Ver\u00f3n, La Cristinita, La Piscina, Los Colores y Los Manantiales.<\/p>\n\n\n\n<p>Entre los detenidos figuran 345 hombres y 9 mujeres, adem\u00e1s se ocuparon dos motocicletas sin ning\u00fan tipo de documentos, quienes al ser requisados&nbsp; no portaban documentaciones de identidad para transitar en el pa\u00eds, los cuales fueron trasladados al Centro de Acogida y Detenci\u00f3n de Haina, para los fines correspondientes.<\/p>\n\n\n\n<p>La Direcci\u00f3n General de Migraci\u00f3n, indic\u00f3 adem\u00e1s, que las acciones continuar\u00e1n implementandose en todo el territorio nacional de manera persistente y simult\u00e1nea.<\/p>\n","protected":false},"excerpt":{"rendered":"<p>Tras el reforzamiento de los operativos de interdicci\u00f3n migratoria que se llevan a cabo de manera simult\u00e1nea, agentes de la Direcci\u00f3n General de Migraci\u00f3n, apresaron a 354 nacionales haitianos indocumentados, quienes fueron repatriados de inmediato a su naci\u00f3n. Los operativos se llevaron a cabo en B\u00e1varo, Mata Mosquito, Cortecito, Villa Pleywood y Friusa, as\u00ed como [&hellip;]<\/p>\n","protected":false},"author":15,"featured_media":0,"comment_status":"open","ping_status":"open","sticky":false,"template":"","format":"standard","meta":{"footnotes":""},"categories":[2474],"tags":[],"class_list":{"0":"post-16096","1":"post","2":"type-post","3":"status-publish","4":"format-standard","6":"category-la-altagracia"},"yoast_head":"<!-- This site is optimized with the Yoast SEO plugin v27.1.1 - https:\/\/yoast.com\/product\/yoast-seo-wordpress\/ -->\n<title>Migraci\u00f3n detiene 354 nacionales haitianos en El Hoyo de Friusa. - Conexi\u00f3n 23<\/title>\n<meta name=\"robots\" content=\"index, follow, max-snippet:-1, max-image-preview:large, max-video-preview:-1\" \/>\n<link rel=\"canonical\" href=\"https:\/\/conexion23.com\/?p=16096\" \/>\n<meta property=\"og:locale\" content=\"es_ES\" \/>\n<meta property=\"og:type\" content=\"article\" \/>\n<meta property=\"og:title\" content=\"Migraci\u00f3n detiene 354 nacionales haitianos en El Hoyo de Friusa. - Conexi\u00f3n 23\" \/>\n<meta property=\"og:description\" content=\"Tras el reforzamiento de los operativos de interdicci\u00f3n migratoria que se llevan a cabo de manera simult\u00e1nea, agentes de la Direcci\u00f3n General de Migraci\u00f3n, apresaron a 354 nacionales haitianos indocumentados, quienes fueron repatriados de inmediato a su naci\u00f3n. Los operativos se llevaron a cabo en B\u00e1varo, Mata Mosquito, Cortecito, Villa Pleywood y Friusa, as\u00ed como [&hellip;]\" \/>\n<meta property=\"og:url\" content=\"https:\/\/conexion23.com\/?p=16096\" \/>\n<meta property=\"og:site_name\" content=\"Conexi\u00f3n 23\" \/>\n<meta property=\"article:publisher\" content=\"https:\/\/www.facebook.com\/conexion23com\" \/>\n<meta property=\"article:published_time\" content=\"2023-03-16T02:21:30+00:00\" \/>\n<meta property=\"article:modified_time\" content=\"2023-03-16T02:21:34+00:00\" \/>\n<meta name=\"author\" content=\"Raffy Ben\u00edtez\" \/>\n<meta name=\"twitter:card\" content=\"summary_large_image\" \/>\n<meta name=\"twitter:label1\" content=\"Escrito por\" \/>\n\t<meta name=\"twitter:data1\" content=\"Raffy Ben\u00edtez\" \/>\n\t<meta name=\"twitter:label2\" content=\"Tiempo de lectura\" \/>\n\t<meta name=\"twitter:data2\" content=\"1 minuto\" \/>\n<script type=\"application\/ld+json\" class=\"yoast-schema-graph\">{\"@context\":\"https:\/\/schema.org\",\"@graph\":[{\"@type\":\"Article\",\"@id\":\"https:\/\/conexion23.com\/?p=16096#article\",\"isPartOf\":{\"@id\":\"https:\/\/conexion23.com\/?p=16096\"},\"author\":{\"name\":\"Raffy Ben\u00edtez\",\"@id\":\"https:\/\/conexion23.com\/#\/schema\/person\/03e36043331117e97a373299bbcd30a6\"},\"headline\":\"Migraci\u00f3n detiene 354 nacionales haitianos en El Hoyo de Friusa.\",\"datePublished\":\"2023-03-16T02:21:30+00:00\",\"dateModified\":\"2023-03-16T02:21:34+00:00\",\"mainEntityOfPage\":{\"@id\":\"https:\/\/conexion23.com\/?p=16096\"},\"wordCount\":164,\"commentCount\":0,\"publisher\":{\"@id\":\"https:\/\/conexion23.com\/#organization\"},\"articleSection\":[\"La Altagracia\"],\"inLanguage\":\"es\",\"potentialAction\":[{\"@type\":\"CommentAction\",\"name\":\"Comment\",\"target\":[\"https:\/\/conexion23.com\/?p=16096#respond\"]}]},{\"@type\":\"WebPage\",\"@id\":\"https:\/\/conexion23.com\/?p=16096\",\"url\":\"https:\/\/conexion23.com\/?p=16096\",\"name\":\"Migraci\u00f3n detiene 354 nacionales haitianos en El Hoyo de Friusa. - Conexi\u00f3n 23\",\"isPartOf\":{\"@id\":\"https:\/\/conexion23.com\/#website\"},\"datePublished\":\"2023-03-16T02:21:30+00:00\",\"dateModified\":\"2023-03-16T02:21:34+00:00\",\"breadcrumb\":{\"@id\":\"https:\/\/conexion23.com\/?p=16096#breadcrumb\"},\"inLanguage\":\"es\",\"potentialAction\":[{\"@type\":\"ReadAction\",\"target\":[\"https:\/\/conexion23.com\/?p=16096\"]}]},{\"@type\":\"BreadcrumbList\",\"@id\":\"https:\/\/conexion23.com\/?p=16096#breadcrumb\",\"itemListElement\":[{\"@type\":\"ListItem\",\"position\":1,\"name\":\"Portada\",\"item\":\"https:\/\/conexion23.com\/\"},{\"@type\":\"ListItem\",\"position\":2,\"name\":\"Migraci\u00f3n detiene 354 nacionales haitianos en El Hoyo de Friusa.\"}]},{\"@type\":\"WebSite\",\"@id\":\"https:\/\/conexion23.com\/#website\",\"url\":\"https:\/\/conexion23.com\/\",\"name\":\"Conexi\u00f3n 23\",\"description\":\"Peri\u00f3dico 100% Petromacorisano\",\"publisher\":{\"@id\":\"https:\/\/conexion23.com\/#organization\"},\"potentialAction\":[{\"@type\":\"SearchAction\",\"target\":{\"@type\":\"EntryPoint\",\"urlTemplate\":\"https:\/\/conexion23.com\/?s={search_term_string}\"},\"query-input\":{\"@type\":\"PropertyValueSpecification\",\"valueRequired\":true,\"valueName\":\"search_term_string\"}}],\"inLanguage\":\"es\"},{\"@type\":\"Organization\",\"@id\":\"https:\/\/conexion23.com\/#organization\",\"name\":\"Conexion 23\",\"url\":\"https:\/\/conexion23.com\/\",\"logo\":{\"@type\":\"ImageObject\",\"inLanguage\":\"es\",\"@id\":\"https:\/\/conexion23.com\/#\/schema\/logo\/image\/\",\"url\":\"https:\/\/conexion23.com\/wp-content\/uploads\/2021\/11\/Diseno-sin-titulo-2.png\",\"contentUrl\":\"https:\/\/conexion23.com\/wp-content\/uploads\/2021\/11\/Diseno-sin-titulo-2.png\",\"width\":541,\"height\":90,\"caption\":\"Conexion 23\"},\"image\":{\"@id\":\"https:\/\/conexion23.com\/#\/schema\/logo\/image\/\"},\"sameAs\":[\"https:\/\/www.facebook.com\/conexion23com\",\"https:\/\/www.instagram.com\/conexion23com\/\",\"https:\/\/www.youtube.com\/channel\/UCYc7vxxFZMYLIHNsHHxPZ3Q\"]},{\"@type\":\"Person\",\"@id\":\"https:\/\/conexion23.com\/#\/schema\/person\/03e36043331117e97a373299bbcd30a6\",\"name\":\"Raffy Ben\u00edtez\",\"image\":{\"@type\":\"ImageObject\",\"inLanguage\":\"es\",\"@id\":\"https:\/\/conexion23.com\/#\/schema\/person\/image\/\",\"url\":\"https:\/\/secure.gravatar.com\/avatar\/3190a6a6c5e1b0327500f7d6c56b6242472ee6cb974cf09b401ee6b3b0798f23?s=96&d=mm&r=g\",\"contentUrl\":\"https:\/\/secure.gravatar.com\/avatar\/3190a6a6c5e1b0327500f7d6c56b6242472ee6cb974cf09b401ee6b3b0798f23?s=96&d=mm&r=g\",\"caption\":\"Raffy Ben\u00edtez\"},\"url\":\"https:\/\/conexion23.com\/?author=15\"}]}<\/script>\n<!-- \/ Yoast SEO plugin. -->","yoast_head_json":{"title":"Migraci\u00f3n detiene 354 nacionales haitianos en El Hoyo de Friusa. - Conexi\u00f3n 23","robots":{"index":"index","follow":"follow","max-snippet":"max-snippet:-1","max-image-preview":"max-image-preview:large","max-video-preview":"max-video-preview:-1"},"canonical":"https:\/\/conexion23.com\/?p=16096","og_locale":"es_ES","og_type":"article","og_title":"Migraci\u00f3n detiene 354 nacionales haitianos en El Hoyo de Friusa. - Conexi\u00f3n 23","og_description":"Tras el reforzamiento de los operativos de interdicci\u00f3n migratoria que se llevan a cabo de manera simult\u00e1nea, agentes de la Direcci\u00f3n General de Migraci\u00f3n, apresaron a 354 nacionales haitianos indocumentados, quienes fueron repatriados de inmediato a su naci\u00f3n. Los operativos se llevaron a cabo en B\u00e1varo, Mata Mosquito, Cortecito, Villa Pleywood y Friusa, as\u00ed como [&hellip;]","og_url":"https:\/\/conexion23.com\/?p=16096","og_site_name":"Conexi\u00f3n 23","article_publisher":"https:\/\/www.facebook.com\/conexion23com","article_published_time":"2023-03-16T02:21:30+00:00","article_modified_time":"2023-03-16T02:21:34+00:00","author":"Raffy Ben\u00edtez","twitter_card":"summary_large_image","twitter_misc":{"Escrito por":"Raffy Ben\u00edtez","Tiempo de lectura":"1 minuto"},"schema":{"@context":"https:\/\/schema.org","@graph":[{"@type":"Article","@id":"https:\/\/conexion23.com\/?p=16096#article","isPartOf":{"@id":"https:\/\/conexion23.com\/?p=16096"},"author":{"name":"Raffy Ben\u00edtez","@id":"https:\/\/conexion23.com\/#\/schema\/person\/03e36043331117e97a373299bbcd30a6"},"headline":"Migraci\u00f3n detiene 354 nacionales haitianos en El Hoyo de Friusa.","datePublished":"2023-03-16T02:21:30+00:00","dateModified":"2023-03-16T02:21:34+00:00","mainEntityOfPage":{"@id":"https:\/\/conexion23.com\/?p=16096"},"wordCount":164,"commentCount":0,"publisher":{"@id":"https:\/\/conexion23.com\/#organization"},"articleSection":["La Altagracia"],"inLanguage":"es","potentialAction":[{"@type":"CommentAction","name":"Comment","target":["https:\/\/conexion23.com\/?p=16096#respond"]}]},{"@type":"WebPage","@id":"https:\/\/conexion23.com\/?p=16096","url":"https:\/\/conexion23.com\/?p=16096","name":"Migraci\u00f3n detiene 354 nacionales haitianos en El Hoyo de Friusa. - Conexi\u00f3n 23","isPartOf":{"@id":"https:\/\/conexion23.com\/#website"},"datePublished":"2023-03-16T02:21:30+00:00","dateModified":"2023-03-16T02:21:34+00:00","breadcrumb":{"@id":"https:\/\/conexion23.com\/?p=16096#breadcrumb"},"inLanguage":"es","potentialAction":[{"@type":"ReadAction","target":["https:\/\/conexion23.com\/?p=16096"]}]},{"@type":"BreadcrumbList","@id":"https:\/\/conexion23.com\/?p=16096#breadcrumb","itemListElement":[{"@type":"ListItem","position":1,"name":"Portada","item":"https:\/\/conexion23.com\/"},{"@type":"ListItem","position":2,"name":"Migraci\u00f3n detiene 354 nacionales haitianos en El Hoyo de Friusa."}]},{"@type":"WebSite","@id":"https:\/\/conexion23.com\/#website","url":"https:\/\/conexion23.com\/","name":"Conexi\u00f3n 23","description":"Peri\u00f3dico 100% Petromacorisano","publisher":{"@id":"https:\/\/conexion23.com\/#organization"},"potentialAction":[{"@type":"SearchAction","target":{"@type":"EntryPoint","urlTemplate":"https:\/\/conexion23.com\/?s={search_term_string}"},"query-input":{"@type":"PropertyValueSpecification","valueRequired":true,"valueName":"search_term_string"}}],"inLanguage":"es"},{"@type":"Organization","@id":"https:\/\/conexion23.com\/#organization","name":"Conexion 23","url":"https:\/\/conexion23.com\/","logo":{"@type":"ImageObject","inLanguage":"es","@id":"https:\/\/conexion23.com\/#\/schema\/logo\/image\/","url":"https:\/\/conexion23.com\/wp-content\/uploads\/2021\/11\/Diseno-sin-titulo-2.png","contentUrl":"https:\/\/conexion23.com\/wp-content\/uploads\/2021\/11\/Diseno-sin-titulo-2.png","width":541,"height":90,"caption":"Conexion 23"},"image":{"@id":"https:\/\/conexion23.com\/#\/schema\/logo\/image\/"},"sameAs":["https:\/\/www.facebook.com\/conexion23com","https:\/\/www.instagram.com\/conexion23com\/","https:\/\/www.youtube.com\/channel\/UCYc7vxxFZMYLIHNsHHxPZ3Q"]},{"@type":"Person","@id":"https:\/\/conexion23.com\/#\/schema\/person\/03e36043331117e97a373299bbcd30a6","name":"Raffy Ben\u00edtez","image":{"@type":"ImageObject","inLanguage":"es","@id":"https:\/\/conexion23.com\/#\/schema\/person\/image\/","url":"https:\/\/secure.gravatar.com\/avatar\/3190a6a6c5e1b0327500f7d6c56b6242472ee6cb974cf09b401ee6b3b0798f23?s=96&d=mm&r=g","contentUrl":"https:\/\/secure.gravatar.com\/avatar\/3190a6a6c5e1b0327500f7d6c56b6242472ee6cb974cf09b401ee6b3b0798f23?s=96&d=mm&r=g","caption":"Raffy Ben\u00edtez"},"url":"https:\/\/conexion23.com\/?author=15"}]}},"_links":{"self":[{"href":"https:\/\/conexion23.com\/index.php?rest_route=\/wp\/v2\/posts\/16096","targetHints":{"allow":["GET"]}}],"collection":[{"href":"https:\/\/conexion23.com\/index.php?rest_route=\/wp\/v2\/posts"}],"about":[{"href":"https:\/\/conexion23.com\/index.php?rest_route=\/wp\/v2\/types\/post"}],"author":[{"embeddable":true,"href":"https:\/\/conexion23.com\/index.php?rest_route=\/wp\/v2\/users\/15"}],"replies":[{"embeddable":true,"href":"https:\/\/conexion23.com\/index.php?rest_route=%2Fwp%2Fv2%2Fcomments&post=16096"}],"version-history":[{"count":1,"href":"https:\/\/conexion23.com\/index.php?rest_route=\/wp\/v2\/posts\/16096\/revisions"}],"predecessor-version":[{"id":16098,"href":"https:\/\/conexion23.com\/index.php?rest_route=\/wp\/v2\/posts\/16096\/revisions\/16098"}],"wp:attachment":[{"href":"https:\/\/conexion23.com\/index.php?rest_route=%2Fwp%2Fv2%2Fmedia&parent=16096"}],"wp:term":[{"taxonomy":"category","embeddable":true,"href":"https:\/\/conexion23.com\/index.php?rest_route=%2Fwp%2Fv2%2Fcategories&post=16096"},{"taxonomy":"post_tag","embeddable":true,"href":"https:\/\/conexion23.com\/index.php?rest_route=%2Fwp%2Fv2%2Ftags&post=16096"}],"curies":[{"name":"wp","href":"https:\/\/api.w.org\/{rel}","templated":true}]}}