{"id":16099,"date":"2023-03-15T22:25:32","date_gmt":"2023-03-16T02:25:32","guid":{"rendered":"https:\/\/conexion23.com\/?p=16099"},"modified":"2023-03-15T22:25:36","modified_gmt":"2023-03-16T02:25:36","slug":"bukele-confirma-traslado-2-000-presos-a-carcel-para-pandilleros","status":"publish","type":"post","link":"https:\/\/conexion23.com\/?p=16099","title":{"rendered":"Bukele confirma traslado 2.000 presos a c\u00e1rcel para pandilleros."},"content":{"rendered":"\n<p class=\"wp-block-paragraph\">El presidente de El Salvador, Nayib Bukele, ha confirmado este mi\u00e9rcoles el traslado de otros 2.000 presos al Centro de Confinamiento del Terrorismo (CECOT), una macroc\u00e1rcel para pandilleros con capacidad para hasta 40.000 reclusos.<\/p>\n\n\n\n<p class=\"wp-block-paragraph\">Seg\u00fan ha confirmado el mandatario salvadore\u00f1o, con esta operaci\u00f3n ascienden ya a 4.000 los internos en un centro penitenciario ampliamente cuestionado por la comunidad internacional y que \u00e9l mismo define con iron\u00eda como \u00abla c\u00e1rcel m\u00e1s criticada del mundo\u00bb.<\/p>\n\n\n\n<p class=\"wp-block-paragraph\">Bukele ha anunciado este traslado a trav\u00e9s de una publicaci\u00f3n en su perfil oficial de la red social Twitter, donde ha adjuntado tambi\u00e9n un v\u00eddeo de m\u00e1s de un minuto de duraci\u00f3n en el que se observan diferentes etapas del proceso.<\/p>\n\n\n\n<p class=\"wp-block-paragraph\">En las im\u00e1genes se puede apreciar a las autoridades agrupar a los presos en la prisi\u00f3n donde estaban recluidos y c\u00f3mo son trasladados \u2013vestidos tan solo con un calz\u00f3n blanco y esposados por la espalda\u2013 corriendo a un autob\u00fas rumbo al CECOT.<\/p>\n\n\n\n<p class=\"wp-block-paragraph\">Ya hace varios d\u00edas las autoridades salvadore\u00f1as dieron publicidad al primer traslado de presos y difundieron tambi\u00e9n v\u00eddeos como el que ha compartido Bukele, lo que despert\u00f3 duras cr\u00edticas por parte de potencias extranjeras y organismos de defensa de los Derechos Humanos.<\/p>\n\n\n\n<p class=\"wp-block-paragraph\">El Gobierno salvadore\u00f1o ha recibido cr\u00edticas incluso por la construcci\u00f3n de las mencionadas instalaciones, que para organizaciones como Human Rights Watch (HRW) incumplen las normativas internacionales de Naciones Unidas sobre el tratamiento de reclusos.<\/p>\n\n\n\n<p class=\"wp-block-paragraph\">Tambi\u00e9n ha generado dudas de observadores internacionales el r\u00e9gimen de excepci\u00f3n decretado en El Salvador en marzo de 2022 para combatir la ola de homicidios, por dar alas supuestamente a excesos de las autoridades. Desde entonces la Polic\u00eda ha detenido a cerca de 65.000 presuntos pandilleros.<\/p>\n","protected":false},"excerpt":{"rendered":"<p>El presidente de El Salvador, Nayib Bukele, ha confirmado este mi\u00e9rcoles el traslado de otros 2.000 presos al Centro de Confinamiento del Terrorismo (CECOT), una macroc\u00e1rcel para pandilleros con capacidad para hasta 40.000 reclusos. Seg\u00fan ha confirmado el mandatario salvadore\u00f1o, con esta operaci\u00f3n ascienden ya a 4.000 los internos en un centro penitenciario ampliamente cuestionado [&hellip;]<\/p>\n","protected":false},"author":15,"featured_media":0,"comment_status":"open","ping_status":"open","sticky":false,"template":"","format":"standard","meta":{"footnotes":""},"categories":[1],"tags":[],"class_list":["post-16099","post","type-post","status-publish","format-standard","category-uncategorized"],"yoast_head":"<!-- This site is optimized with the Yoast SEO plugin v27.6 - https:\/\/yoast.com\/product\/yoast-seo-wordpress\/ -->\n<title>Bukele confirma traslado 2.000 presos a c\u00e1rcel para pandilleros. - Conexi\u00f3n 23<\/title>\n<meta name=\"robots\" content=\"index, follow, max-snippet:-1, max-image-preview:large, max-video-preview:-1\" \/>\n<link rel=\"canonical\" href=\"https:\/\/conexion23.com\/?p=16099\" \/>\n<meta property=\"og:locale\" content=\"es_ES\" \/>\n<meta property=\"og:type\" content=\"article\" \/>\n<meta property=\"og:title\" content=\"Bukele confirma traslado 2.000 presos a c\u00e1rcel para pandilleros. - Conexi\u00f3n 23\" \/>\n<meta property=\"og:description\" content=\"El presidente de El Salvador, Nayib Bukele, ha confirmado este mi\u00e9rcoles el traslado de otros 2.000 presos al Centro de Confinamiento del Terrorismo (CECOT), una macroc\u00e1rcel para pandilleros con capacidad para hasta 40.000 reclusos. Seg\u00fan ha confirmado el mandatario salvadore\u00f1o, con esta operaci\u00f3n ascienden ya a 4.000 los internos en un centro penitenciario ampliamente cuestionado [&hellip;]\" \/>\n<meta property=\"og:url\" content=\"https:\/\/conexion23.com\/?p=16099\" \/>\n<meta property=\"og:site_name\" content=\"Conexi\u00f3n 23\" \/>\n<meta property=\"article:publisher\" content=\"https:\/\/www.facebook.com\/conexion23com\" \/>\n<meta property=\"article:published_time\" content=\"2023-03-16T02:25:32+00:00\" \/>\n<meta property=\"article:modified_time\" content=\"2023-03-16T02:25:36+00:00\" \/>\n<meta name=\"author\" content=\"Raffy Ben\u00edtez\" \/>\n<meta name=\"twitter:card\" content=\"summary_large_image\" \/>\n<meta name=\"twitter:label1\" content=\"Escrito por\" \/>\n\t<meta name=\"twitter:data1\" content=\"Raffy Ben\u00edtez\" \/>\n\t<meta name=\"twitter:label2\" content=\"Tiempo de lectura\" \/>\n\t<meta name=\"twitter:data2\" content=\"2 minutos\" \/>\n<script type=\"application\/ld+json\" class=\"yoast-schema-graph\">{\"@context\":\"https:\\\/\\\/schema.org\",\"@graph\":[{\"@type\":\"Article\",\"@id\":\"https:\\\/\\\/conexion23.com\\\/?p=16099#article\",\"isPartOf\":{\"@id\":\"https:\\\/\\\/conexion23.com\\\/?p=16099\"},\"author\":{\"name\":\"Raffy Ben\u00edtez\",\"@id\":\"https:\\\/\\\/conexion23.com\\\/#\\\/schema\\\/person\\\/03e36043331117e97a373299bbcd30a6\"},\"headline\":\"Bukele confirma traslado 2.000 presos a c\u00e1rcel para pandilleros.\",\"datePublished\":\"2023-03-16T02:25:32+00:00\",\"dateModified\":\"2023-03-16T02:25:36+00:00\",\"mainEntityOfPage\":{\"@id\":\"https:\\\/\\\/conexion23.com\\\/?p=16099\"},\"wordCount\":313,\"commentCount\":0,\"publisher\":{\"@id\":\"https:\\\/\\\/conexion23.com\\\/#organization\"},\"articleSection\":[\"Uncategorized\"],\"inLanguage\":\"es\",\"potentialAction\":[{\"@type\":\"CommentAction\",\"name\":\"Comment\",\"target\":[\"https:\\\/\\\/conexion23.com\\\/?p=16099#respond\"]}]},{\"@type\":\"WebPage\",\"@id\":\"https:\\\/\\\/conexion23.com\\\/?p=16099\",\"url\":\"https:\\\/\\\/conexion23.com\\\/?p=16099\",\"name\":\"Bukele confirma traslado 2.000 presos a c\u00e1rcel para pandilleros. - Conexi\u00f3n 23\",\"isPartOf\":{\"@id\":\"https:\\\/\\\/conexion23.com\\\/#website\"},\"datePublished\":\"2023-03-16T02:25:32+00:00\",\"dateModified\":\"2023-03-16T02:25:36+00:00\",\"breadcrumb\":{\"@id\":\"https:\\\/\\\/conexion23.com\\\/?p=16099#breadcrumb\"},\"inLanguage\":\"es\",\"potentialAction\":[{\"@type\":\"ReadAction\",\"target\":[\"https:\\\/\\\/conexion23.com\\\/?p=16099\"]}]},{\"@type\":\"BreadcrumbList\",\"@id\":\"https:\\\/\\\/conexion23.com\\\/?p=16099#breadcrumb\",\"itemListElement\":[{\"@type\":\"ListItem\",\"position\":1,\"name\":\"Portada\",\"item\":\"https:\\\/\\\/conexion23.com\\\/\"},{\"@type\":\"ListItem\",\"position\":2,\"name\":\"Bukele confirma traslado 2.000 presos a c\u00e1rcel para pandilleros.\"}]},{\"@type\":\"WebSite\",\"@id\":\"https:\\\/\\\/conexion23.com\\\/#website\",\"url\":\"https:\\\/\\\/conexion23.com\\\/\",\"name\":\"Conexi\u00f3n 23\",\"description\":\"Peri\u00f3dico 100% Petromacorisano\",\"publisher\":{\"@id\":\"https:\\\/\\\/conexion23.com\\\/#organization\"},\"potentialAction\":[{\"@type\":\"SearchAction\",\"target\":{\"@type\":\"EntryPoint\",\"urlTemplate\":\"https:\\\/\\\/conexion23.com\\\/?s={search_term_string}\"},\"query-input\":{\"@type\":\"PropertyValueSpecification\",\"valueRequired\":true,\"valueName\":\"search_term_string\"}}],\"inLanguage\":\"es\"},{\"@type\":\"Organization\",\"@id\":\"https:\\\/\\\/conexion23.com\\\/#organization\",\"name\":\"Conexion 23\",\"url\":\"https:\\\/\\\/conexion23.com\\\/\",\"logo\":{\"@type\":\"ImageObject\",\"inLanguage\":\"es\",\"@id\":\"https:\\\/\\\/conexion23.com\\\/#\\\/schema\\\/logo\\\/image\\\/\",\"url\":\"https:\\\/\\\/conexion23.com\\\/wp-content\\\/uploads\\\/2021\\\/11\\\/Diseno-sin-titulo-2.png\",\"contentUrl\":\"https:\\\/\\\/conexion23.com\\\/wp-content\\\/uploads\\\/2021\\\/11\\\/Diseno-sin-titulo-2.png\",\"width\":541,\"height\":90,\"caption\":\"Conexion 23\"},\"image\":{\"@id\":\"https:\\\/\\\/conexion23.com\\\/#\\\/schema\\\/logo\\\/image\\\/\"},\"sameAs\":[\"https:\\\/\\\/www.facebook.com\\\/conexion23com\",\"https:\\\/\\\/www.instagram.com\\\/conexion23com\\\/\",\"https:\\\/\\\/www.youtube.com\\\/channel\\\/UCYc7vxxFZMYLIHNsHHxPZ3Q\"]},{\"@type\":\"Person\",\"@id\":\"https:\\\/\\\/conexion23.com\\\/#\\\/schema\\\/person\\\/03e36043331117e97a373299bbcd30a6\",\"name\":\"Raffy Ben\u00edtez\",\"image\":{\"@type\":\"ImageObject\",\"inLanguage\":\"es\",\"@id\":\"https:\\\/\\\/secure.gravatar.com\\\/avatar\\\/3190a6a6c5e1b0327500f7d6c56b6242472ee6cb974cf09b401ee6b3b0798f23?s=96&d=mm&r=g\",\"url\":\"https:\\\/\\\/secure.gravatar.com\\\/avatar\\\/3190a6a6c5e1b0327500f7d6c56b6242472ee6cb974cf09b401ee6b3b0798f23?s=96&d=mm&r=g\",\"contentUrl\":\"https:\\\/\\\/secure.gravatar.com\\\/avatar\\\/3190a6a6c5e1b0327500f7d6c56b6242472ee6cb974cf09b401ee6b3b0798f23?s=96&d=mm&r=g\",\"caption\":\"Raffy Ben\u00edtez\"},\"url\":\"https:\\\/\\\/conexion23.com\\\/?author=15\"}]}<\/script>\n<!-- \/ Yoast SEO plugin. -->","yoast_head_json":{"title":"Bukele confirma traslado 2.000 presos a c\u00e1rcel para pandilleros. - Conexi\u00f3n 23","robots":{"index":"index","follow":"follow","max-snippet":"max-snippet:-1","max-image-preview":"max-image-preview:large","max-video-preview":"max-video-preview:-1"},"canonical":"https:\/\/conexion23.com\/?p=16099","og_locale":"es_ES","og_type":"article","og_title":"Bukele confirma traslado 2.000 presos a c\u00e1rcel para pandilleros. - Conexi\u00f3n 23","og_description":"El presidente de El Salvador, Nayib Bukele, ha confirmado este mi\u00e9rcoles el traslado de otros 2.000 presos al Centro de Confinamiento del Terrorismo (CECOT), una macroc\u00e1rcel para pandilleros con capacidad para hasta 40.000 reclusos. Seg\u00fan ha confirmado el mandatario salvadore\u00f1o, con esta operaci\u00f3n ascienden ya a 4.000 los internos en un centro penitenciario ampliamente cuestionado [&hellip;]","og_url":"https:\/\/conexion23.com\/?p=16099","og_site_name":"Conexi\u00f3n 23","article_publisher":"https:\/\/www.facebook.com\/conexion23com","article_published_time":"2023-03-16T02:25:32+00:00","article_modified_time":"2023-03-16T02:25:36+00:00","author":"Raffy Ben\u00edtez","twitter_card":"summary_large_image","twitter_misc":{"Escrito por":"Raffy Ben\u00edtez","Tiempo de lectura":"2 minutos"},"schema":{"@context":"https:\/\/schema.org","@graph":[{"@type":"Article","@id":"https:\/\/conexion23.com\/?p=16099#article","isPartOf":{"@id":"https:\/\/conexion23.com\/?p=16099"},"author":{"name":"Raffy Ben\u00edtez","@id":"https:\/\/conexion23.com\/#\/schema\/person\/03e36043331117e97a373299bbcd30a6"},"headline":"Bukele confirma traslado 2.000 presos a c\u00e1rcel para pandilleros.","datePublished":"2023-03-16T02:25:32+00:00","dateModified":"2023-03-16T02:25:36+00:00","mainEntityOfPage":{"@id":"https:\/\/conexion23.com\/?p=16099"},"wordCount":313,"commentCount":0,"publisher":{"@id":"https:\/\/conexion23.com\/#organization"},"articleSection":["Uncategorized"],"inLanguage":"es","potentialAction":[{"@type":"CommentAction","name":"Comment","target":["https:\/\/conexion23.com\/?p=16099#respond"]}]},{"@type":"WebPage","@id":"https:\/\/conexion23.com\/?p=16099","url":"https:\/\/conexion23.com\/?p=16099","name":"Bukele confirma traslado 2.000 presos a c\u00e1rcel para pandilleros. - Conexi\u00f3n 23","isPartOf":{"@id":"https:\/\/conexion23.com\/#website"},"datePublished":"2023-03-16T02:25:32+00:00","dateModified":"2023-03-16T02:25:36+00:00","breadcrumb":{"@id":"https:\/\/conexion23.com\/?p=16099#breadcrumb"},"inLanguage":"es","potentialAction":[{"@type":"ReadAction","target":["https:\/\/conexion23.com\/?p=16099"]}]},{"@type":"BreadcrumbList","@id":"https:\/\/conexion23.com\/?p=16099#breadcrumb","itemListElement":[{"@type":"ListItem","position":1,"name":"Portada","item":"https:\/\/conexion23.com\/"},{"@type":"ListItem","position":2,"name":"Bukele confirma traslado 2.000 presos a c\u00e1rcel para pandilleros."}]},{"@type":"WebSite","@id":"https:\/\/conexion23.com\/#website","url":"https:\/\/conexion23.com\/","name":"Conexi\u00f3n 23","description":"Peri\u00f3dico 100% Petromacorisano","publisher":{"@id":"https:\/\/conexion23.com\/#organization"},"potentialAction":[{"@type":"SearchAction","target":{"@type":"EntryPoint","urlTemplate":"https:\/\/conexion23.com\/?s={search_term_string}"},"query-input":{"@type":"PropertyValueSpecification","valueRequired":true,"valueName":"search_term_string"}}],"inLanguage":"es"},{"@type":"Organization","@id":"https:\/\/conexion23.com\/#organization","name":"Conexion 23","url":"https:\/\/conexion23.com\/","logo":{"@type":"ImageObject","inLanguage":"es","@id":"https:\/\/conexion23.com\/#\/schema\/logo\/image\/","url":"https:\/\/conexion23.com\/wp-content\/uploads\/2021\/11\/Diseno-sin-titulo-2.png","contentUrl":"https:\/\/conexion23.com\/wp-content\/uploads\/2021\/11\/Diseno-sin-titulo-2.png","width":541,"height":90,"caption":"Conexion 23"},"image":{"@id":"https:\/\/conexion23.com\/#\/schema\/logo\/image\/"},"sameAs":["https:\/\/www.facebook.com\/conexion23com","https:\/\/www.instagram.com\/conexion23com\/","https:\/\/www.youtube.com\/channel\/UCYc7vxxFZMYLIHNsHHxPZ3Q"]},{"@type":"Person","@id":"https:\/\/conexion23.com\/#\/schema\/person\/03e36043331117e97a373299bbcd30a6","name":"Raffy Ben\u00edtez","image":{"@type":"ImageObject","inLanguage":"es","@id":"https:\/\/secure.gravatar.com\/avatar\/3190a6a6c5e1b0327500f7d6c56b6242472ee6cb974cf09b401ee6b3b0798f23?s=96&d=mm&r=g","url":"https:\/\/secure.gravatar.com\/avatar\/3190a6a6c5e1b0327500f7d6c56b6242472ee6cb974cf09b401ee6b3b0798f23?s=96&d=mm&r=g","contentUrl":"https:\/\/secure.gravatar.com\/avatar\/3190a6a6c5e1b0327500f7d6c56b6242472ee6cb974cf09b401ee6b3b0798f23?s=96&d=mm&r=g","caption":"Raffy Ben\u00edtez"},"url":"https:\/\/conexion23.com\/?author=15"}]}},"_links":{"self":[{"href":"https:\/\/conexion23.com\/index.php?rest_route=\/wp\/v2\/posts\/16099","targetHints":{"allow":["GET"]}}],"collection":[{"href":"https:\/\/conexion23.com\/index.php?rest_route=\/wp\/v2\/posts"}],"about":[{"href":"https:\/\/conexion23.com\/index.php?rest_route=\/wp\/v2\/types\/post"}],"author":[{"embeddable":true,"href":"https:\/\/conexion23.com\/index.php?rest_route=\/wp\/v2\/users\/15"}],"replies":[{"embeddable":true,"href":"https:\/\/conexion23.com\/index.php?rest_route=%2Fwp%2Fv2%2Fcomments&post=16099"}],"version-history":[{"count":1,"href":"https:\/\/conexion23.com\/index.php?rest_route=\/wp\/v2\/posts\/16099\/revisions"}],"predecessor-version":[{"id":16101,"href":"https:\/\/conexion23.com\/index.php?rest_route=\/wp\/v2\/posts\/16099\/revisions\/16101"}],"wp:attachment":[{"href":"https:\/\/conexion23.com\/index.php?rest_route=%2Fwp%2Fv2%2Fmedia&parent=16099"}],"wp:term":[{"taxonomy":"category","embeddable":true,"href":"https:\/\/conexion23.com\/index.php?rest_route=%2Fwp%2Fv2%2Fcategories&post=16099"},{"taxonomy":"post_tag","embeddable":true,"href":"https:\/\/conexion23.com\/index.php?rest_route=%2Fwp%2Fv2%2Ftags&post=16099"}],"curies":[{"name":"wp","href":"https:\/\/api.w.org\/{rel}","templated":true}]}}