{"id":16105,"date":"2023-03-15T22:29:21","date_gmt":"2023-03-16T02:29:21","guid":{"rendered":"https:\/\/conexion23.com\/?p=16105"},"modified":"2023-03-15T22:29:25","modified_gmt":"2023-03-16T02:29:25","slug":"colombia-el-antiguo-lider-de-farc-hace-advertencia-a-petro","status":"publish","type":"post","link":"https:\/\/conexion23.com\/?p=16105","title":{"rendered":"COLOMBIA; El antiguo l\u00edder de FARC hace advertencia a Petro."},"content":{"rendered":"\n<p class=\"wp-block-paragraph\">El antiguo l\u00edder de la guerrilla de las Fuerzas Armadas Revolucionarias de Colombia (FARC), Rodrigo Londo\u00f1o, ha advertido al presidente colombiano, Gustavo Petro, de que la implementaci\u00f3n del acuerdo de paz con su antigua guerrilla corre \u00abgrave peligro\u00bb.<\/p>\n\n\n\n<p class=\"wp-block-paragraph\">En un mensaje difundido por la red social Twitter, Londo\u00f1o ha avisado de que las organizaciones con las que el Ejecutivo pretende negociar la paz han hecho a la antigua FARC del \u00abblanco de sus acciones\u00bb, todo ello mientras que el Gobierno no atiende sus llamamientos.<\/p>\n\n\n\n<p class=\"wp-block-paragraph\">\u00abSe\u00f1or presidente Gustavo Petro, la implementaci\u00f3n del acuerdo de paz corre grave peligro. Las organizaciones con las que se pretende negociar la \u2018Paz Total\u2019 nos han hecho blanco de sus acciones y su Gobierno no atiende nuestros llamados\u00bb, se lee en el comunicado del exdirigente de las FARC.<\/p>\n\n\n\n<p class=\"wp-block-paragraph\">Concretamente, seg\u00fan detalla Londo\u00f1o, 200 familias firmantes de paz han sido desplazadas de la localidad de Mesetas, en el departamento de Meta, por el grupo Estado Mayor Central, con quien el Ejecutivo mantiene abierto un di\u00e1logo de paz.<\/p>\n\n\n\n<p class=\"wp-block-paragraph\"><strong>DICE SITUACI\u00d3N ES GRAVE<\/strong><\/p>\n\n\n\n<p class=\"wp-block-paragraph\">La situaci\u00f3n \u00abes grave\u00bb en varios espacios de reincorporaci\u00f3n de los firmantes del acuerdo de paz de 2016, como en Carrizal y en Remedios (Antioqu\u00eda), donde se est\u00e1 produciendo, seg\u00fan Londo\u00f1o, un \u00abdesplazamiento silencioso\u00bb, mientras que en Arauca se lleva a cabo un confinamiento.<\/p>\n\n\n\n<p class=\"wp-block-paragraph\">\u00abLa acci\u00f3n de este grupo y de otros con los que usted pretende llegar a un acuerdo para la \u2018Paz Total\u2019 han apropiado el deseo de hacer trizas el acuerdo de paz (\u2026) Apoyamos el di\u00e1logo sobre la base del respeto a nuestras vidas y al acuerdo de paz\u00bb, ha aseverado Londo\u00f1o.<\/p>\n\n\n\n<p class=\"wp-block-paragraph\">Por ello, el exdirigente de las FARC ha propuesto acompa\u00f1amiento en el territorio de car\u00e1cter humanitario. \u00abLos Espacios Territoriales de Capacitaci\u00f3n y Reincorporaci\u00f3n son territorios de paz con comunidades de paz\u00bb, ha se\u00f1alado.<\/p>\n\n\n\n<p class=\"wp-block-paragraph\">En tanto, Londo\u00f1o ha reiterado su petici\u00f3n a Petro para poder exponerle su punto de vista sobra la implementaci\u00f3n del Acuerdo de Paz, as\u00ed como sus inquietudes y propuestas. Mientras, se ha ofrecido a \u00e9l y a los firmantes del acuerdo paz de 2016 para lograr \u00abuna paz estable, duradera y con justicia social para Colombia\u00bb.<\/p>\n","protected":false},"excerpt":{"rendered":"<p>El antiguo l\u00edder de la guerrilla de las Fuerzas Armadas Revolucionarias de Colombia (FARC), Rodrigo Londo\u00f1o, ha advertido al presidente colombiano, Gustavo Petro, de que la implementaci\u00f3n del acuerdo de paz con su antigua guerrilla corre \u00abgrave peligro\u00bb. En un mensaje difundido por la red social Twitter, Londo\u00f1o ha avisado de que las organizaciones con [&hellip;]<\/p>\n","protected":false},"author":15,"featured_media":0,"comment_status":"open","ping_status":"open","sticky":false,"template":"","format":"standard","meta":{"footnotes":""},"categories":[1],"tags":[],"class_list":["post-16105","post","type-post","status-publish","format-standard","category-uncategorized"],"yoast_head":"<!-- This site is optimized with the Yoast SEO plugin v27.6 - https:\/\/yoast.com\/product\/yoast-seo-wordpress\/ -->\n<title>COLOMBIA; El antiguo l\u00edder de FARC hace advertencia a Petro. - Conexi\u00f3n 23<\/title>\n<meta name=\"robots\" content=\"index, follow, max-snippet:-1, max-image-preview:large, max-video-preview:-1\" \/>\n<link rel=\"canonical\" href=\"https:\/\/conexion23.com\/?p=16105\" \/>\n<meta property=\"og:locale\" content=\"es_ES\" \/>\n<meta property=\"og:type\" content=\"article\" \/>\n<meta property=\"og:title\" content=\"COLOMBIA; El antiguo l\u00edder de FARC hace advertencia a Petro. - Conexi\u00f3n 23\" \/>\n<meta property=\"og:description\" content=\"El antiguo l\u00edder de la guerrilla de las Fuerzas Armadas Revolucionarias de Colombia (FARC), Rodrigo Londo\u00f1o, ha advertido al presidente colombiano, Gustavo Petro, de que la implementaci\u00f3n del acuerdo de paz con su antigua guerrilla corre \u00abgrave peligro\u00bb. En un mensaje difundido por la red social Twitter, Londo\u00f1o ha avisado de que las organizaciones con [&hellip;]\" \/>\n<meta property=\"og:url\" content=\"https:\/\/conexion23.com\/?p=16105\" \/>\n<meta property=\"og:site_name\" content=\"Conexi\u00f3n 23\" \/>\n<meta property=\"article:publisher\" content=\"https:\/\/www.facebook.com\/conexion23com\" \/>\n<meta property=\"article:published_time\" content=\"2023-03-16T02:29:21+00:00\" \/>\n<meta property=\"article:modified_time\" content=\"2023-03-16T02:29:25+00:00\" \/>\n<meta name=\"author\" content=\"Raffy Ben\u00edtez\" \/>\n<meta name=\"twitter:card\" content=\"summary_large_image\" \/>\n<meta name=\"twitter:label1\" content=\"Escrito por\" \/>\n\t<meta name=\"twitter:data1\" content=\"Raffy Ben\u00edtez\" \/>\n\t<meta name=\"twitter:label2\" content=\"Tiempo de lectura\" \/>\n\t<meta name=\"twitter:data2\" content=\"2 minutos\" \/>\n<script type=\"application\/ld+json\" class=\"yoast-schema-graph\">{\"@context\":\"https:\\\/\\\/schema.org\",\"@graph\":[{\"@type\":\"Article\",\"@id\":\"https:\\\/\\\/conexion23.com\\\/?p=16105#article\",\"isPartOf\":{\"@id\":\"https:\\\/\\\/conexion23.com\\\/?p=16105\"},\"author\":{\"name\":\"Raffy Ben\u00edtez\",\"@id\":\"https:\\\/\\\/conexion23.com\\\/#\\\/schema\\\/person\\\/5d6d767819503a4603e9fd070ecf3ac6\"},\"headline\":\"COLOMBIA; El antiguo l\u00edder de FARC hace advertencia a Petro.\",\"datePublished\":\"2023-03-16T02:29:21+00:00\",\"dateModified\":\"2023-03-16T02:29:25+00:00\",\"mainEntityOfPage\":{\"@id\":\"https:\\\/\\\/conexion23.com\\\/?p=16105\"},\"wordCount\":392,\"commentCount\":0,\"publisher\":{\"@id\":\"https:\\\/\\\/conexion23.com\\\/#organization\"},\"articleSection\":[\"Uncategorized\"],\"inLanguage\":\"es\",\"potentialAction\":[{\"@type\":\"CommentAction\",\"name\":\"Comment\",\"target\":[\"https:\\\/\\\/conexion23.com\\\/?p=16105#respond\"]}]},{\"@type\":\"WebPage\",\"@id\":\"https:\\\/\\\/conexion23.com\\\/?p=16105\",\"url\":\"https:\\\/\\\/conexion23.com\\\/?p=16105\",\"name\":\"COLOMBIA; El antiguo l\u00edder de FARC hace advertencia a Petro. - Conexi\u00f3n 23\",\"isPartOf\":{\"@id\":\"https:\\\/\\\/conexion23.com\\\/#website\"},\"datePublished\":\"2023-03-16T02:29:21+00:00\",\"dateModified\":\"2023-03-16T02:29:25+00:00\",\"breadcrumb\":{\"@id\":\"https:\\\/\\\/conexion23.com\\\/?p=16105#breadcrumb\"},\"inLanguage\":\"es\",\"potentialAction\":[{\"@type\":\"ReadAction\",\"target\":[\"https:\\\/\\\/conexion23.com\\\/?p=16105\"]}]},{\"@type\":\"BreadcrumbList\",\"@id\":\"https:\\\/\\\/conexion23.com\\\/?p=16105#breadcrumb\",\"itemListElement\":[{\"@type\":\"ListItem\",\"position\":1,\"name\":\"Portada\",\"item\":\"https:\\\/\\\/conexion23.com\\\/\"},{\"@type\":\"ListItem\",\"position\":2,\"name\":\"COLOMBIA; El antiguo l\u00edder de FARC hace advertencia a Petro.\"}]},{\"@type\":\"WebSite\",\"@id\":\"https:\\\/\\\/conexion23.com\\\/#website\",\"url\":\"https:\\\/\\\/conexion23.com\\\/\",\"name\":\"Conexi\u00f3n 23\",\"description\":\"Peri\u00f3dico 100% Petromacorisano\",\"publisher\":{\"@id\":\"https:\\\/\\\/conexion23.com\\\/#organization\"},\"potentialAction\":[{\"@type\":\"SearchAction\",\"target\":{\"@type\":\"EntryPoint\",\"urlTemplate\":\"https:\\\/\\\/conexion23.com\\\/?s={search_term_string}\"},\"query-input\":{\"@type\":\"PropertyValueSpecification\",\"valueRequired\":true,\"valueName\":\"search_term_string\"}}],\"inLanguage\":\"es\"},{\"@type\":\"Organization\",\"@id\":\"https:\\\/\\\/conexion23.com\\\/#organization\",\"name\":\"Conexion 23\",\"url\":\"https:\\\/\\\/conexion23.com\\\/\",\"logo\":{\"@type\":\"ImageObject\",\"inLanguage\":\"es\",\"@id\":\"https:\\\/\\\/conexion23.com\\\/#\\\/schema\\\/logo\\\/image\\\/\",\"url\":\"https:\\\/\\\/conexion23.com\\\/wp-content\\\/uploads\\\/2021\\\/11\\\/Diseno-sin-titulo-2.png\",\"contentUrl\":\"https:\\\/\\\/conexion23.com\\\/wp-content\\\/uploads\\\/2021\\\/11\\\/Diseno-sin-titulo-2.png\",\"width\":541,\"height\":90,\"caption\":\"Conexion 23\"},\"image\":{\"@id\":\"https:\\\/\\\/conexion23.com\\\/#\\\/schema\\\/logo\\\/image\\\/\"},\"sameAs\":[\"https:\\\/\\\/www.facebook.com\\\/conexion23com\",\"https:\\\/\\\/www.instagram.com\\\/conexion23com\\\/\",\"https:\\\/\\\/www.youtube.com\\\/channel\\\/UCYc7vxxFZMYLIHNsHHxPZ3Q\"]},{\"@type\":\"Person\",\"@id\":\"https:\\\/\\\/conexion23.com\\\/#\\\/schema\\\/person\\\/5d6d767819503a4603e9fd070ecf3ac6\",\"name\":\"Raffy Ben\u00edtez\",\"image\":{\"@type\":\"ImageObject\",\"inLanguage\":\"es\",\"@id\":\"https:\\\/\\\/secure.gravatar.com\\\/avatar\\\/3190a6a6c5e1b0327500f7d6c56b6242472ee6cb974cf09b401ee6b3b0798f23?s=96&d=mm&r=g\",\"url\":\"https:\\\/\\\/secure.gravatar.com\\\/avatar\\\/3190a6a6c5e1b0327500f7d6c56b6242472ee6cb974cf09b401ee6b3b0798f23?s=96&d=mm&r=g\",\"contentUrl\":\"https:\\\/\\\/secure.gravatar.com\\\/avatar\\\/3190a6a6c5e1b0327500f7d6c56b6242472ee6cb974cf09b401ee6b3b0798f23?s=96&d=mm&r=g\",\"caption\":\"Raffy Ben\u00edtez\"},\"url\":\"https:\\\/\\\/conexion23.com\\\/?author=15\"}]}<\/script>\n<!-- \/ Yoast SEO plugin. -->","yoast_head_json":{"title":"COLOMBIA; El antiguo l\u00edder de FARC hace advertencia a Petro. - Conexi\u00f3n 23","robots":{"index":"index","follow":"follow","max-snippet":"max-snippet:-1","max-image-preview":"max-image-preview:large","max-video-preview":"max-video-preview:-1"},"canonical":"https:\/\/conexion23.com\/?p=16105","og_locale":"es_ES","og_type":"article","og_title":"COLOMBIA; El antiguo l\u00edder de FARC hace advertencia a Petro. - Conexi\u00f3n 23","og_description":"El antiguo l\u00edder de la guerrilla de las Fuerzas Armadas Revolucionarias de Colombia (FARC), Rodrigo Londo\u00f1o, ha advertido al presidente colombiano, Gustavo Petro, de que la implementaci\u00f3n del acuerdo de paz con su antigua guerrilla corre \u00abgrave peligro\u00bb. En un mensaje difundido por la red social Twitter, Londo\u00f1o ha avisado de que las organizaciones con [&hellip;]","og_url":"https:\/\/conexion23.com\/?p=16105","og_site_name":"Conexi\u00f3n 23","article_publisher":"https:\/\/www.facebook.com\/conexion23com","article_published_time":"2023-03-16T02:29:21+00:00","article_modified_time":"2023-03-16T02:29:25+00:00","author":"Raffy Ben\u00edtez","twitter_card":"summary_large_image","twitter_misc":{"Escrito por":"Raffy Ben\u00edtez","Tiempo de lectura":"2 minutos"},"schema":{"@context":"https:\/\/schema.org","@graph":[{"@type":"Article","@id":"https:\/\/conexion23.com\/?p=16105#article","isPartOf":{"@id":"https:\/\/conexion23.com\/?p=16105"},"author":{"name":"Raffy Ben\u00edtez","@id":"https:\/\/conexion23.com\/#\/schema\/person\/5d6d767819503a4603e9fd070ecf3ac6"},"headline":"COLOMBIA; El antiguo l\u00edder de FARC hace advertencia a Petro.","datePublished":"2023-03-16T02:29:21+00:00","dateModified":"2023-03-16T02:29:25+00:00","mainEntityOfPage":{"@id":"https:\/\/conexion23.com\/?p=16105"},"wordCount":392,"commentCount":0,"publisher":{"@id":"https:\/\/conexion23.com\/#organization"},"articleSection":["Uncategorized"],"inLanguage":"es","potentialAction":[{"@type":"CommentAction","name":"Comment","target":["https:\/\/conexion23.com\/?p=16105#respond"]}]},{"@type":"WebPage","@id":"https:\/\/conexion23.com\/?p=16105","url":"https:\/\/conexion23.com\/?p=16105","name":"COLOMBIA; El antiguo l\u00edder de FARC hace advertencia a Petro. - Conexi\u00f3n 23","isPartOf":{"@id":"https:\/\/conexion23.com\/#website"},"datePublished":"2023-03-16T02:29:21+00:00","dateModified":"2023-03-16T02:29:25+00:00","breadcrumb":{"@id":"https:\/\/conexion23.com\/?p=16105#breadcrumb"},"inLanguage":"es","potentialAction":[{"@type":"ReadAction","target":["https:\/\/conexion23.com\/?p=16105"]}]},{"@type":"BreadcrumbList","@id":"https:\/\/conexion23.com\/?p=16105#breadcrumb","itemListElement":[{"@type":"ListItem","position":1,"name":"Portada","item":"https:\/\/conexion23.com\/"},{"@type":"ListItem","position":2,"name":"COLOMBIA; El antiguo l\u00edder de FARC hace advertencia a Petro."}]},{"@type":"WebSite","@id":"https:\/\/conexion23.com\/#website","url":"https:\/\/conexion23.com\/","name":"Conexi\u00f3n 23","description":"Peri\u00f3dico 100% Petromacorisano","publisher":{"@id":"https:\/\/conexion23.com\/#organization"},"potentialAction":[{"@type":"SearchAction","target":{"@type":"EntryPoint","urlTemplate":"https:\/\/conexion23.com\/?s={search_term_string}"},"query-input":{"@type":"PropertyValueSpecification","valueRequired":true,"valueName":"search_term_string"}}],"inLanguage":"es"},{"@type":"Organization","@id":"https:\/\/conexion23.com\/#organization","name":"Conexion 23","url":"https:\/\/conexion23.com\/","logo":{"@type":"ImageObject","inLanguage":"es","@id":"https:\/\/conexion23.com\/#\/schema\/logo\/image\/","url":"https:\/\/conexion23.com\/wp-content\/uploads\/2021\/11\/Diseno-sin-titulo-2.png","contentUrl":"https:\/\/conexion23.com\/wp-content\/uploads\/2021\/11\/Diseno-sin-titulo-2.png","width":541,"height":90,"caption":"Conexion 23"},"image":{"@id":"https:\/\/conexion23.com\/#\/schema\/logo\/image\/"},"sameAs":["https:\/\/www.facebook.com\/conexion23com","https:\/\/www.instagram.com\/conexion23com\/","https:\/\/www.youtube.com\/channel\/UCYc7vxxFZMYLIHNsHHxPZ3Q"]},{"@type":"Person","@id":"https:\/\/conexion23.com\/#\/schema\/person\/5d6d767819503a4603e9fd070ecf3ac6","name":"Raffy Ben\u00edtez","image":{"@type":"ImageObject","inLanguage":"es","@id":"https:\/\/secure.gravatar.com\/avatar\/3190a6a6c5e1b0327500f7d6c56b6242472ee6cb974cf09b401ee6b3b0798f23?s=96&d=mm&r=g","url":"https:\/\/secure.gravatar.com\/avatar\/3190a6a6c5e1b0327500f7d6c56b6242472ee6cb974cf09b401ee6b3b0798f23?s=96&d=mm&r=g","contentUrl":"https:\/\/secure.gravatar.com\/avatar\/3190a6a6c5e1b0327500f7d6c56b6242472ee6cb974cf09b401ee6b3b0798f23?s=96&d=mm&r=g","caption":"Raffy Ben\u00edtez"},"url":"https:\/\/conexion23.com\/?author=15"}]}},"_links":{"self":[{"href":"https:\/\/conexion23.com\/index.php?rest_route=\/wp\/v2\/posts\/16105","targetHints":{"allow":["GET"]}}],"collection":[{"href":"https:\/\/conexion23.com\/index.php?rest_route=\/wp\/v2\/posts"}],"about":[{"href":"https:\/\/conexion23.com\/index.php?rest_route=\/wp\/v2\/types\/post"}],"author":[{"embeddable":true,"href":"https:\/\/conexion23.com\/index.php?rest_route=\/wp\/v2\/users\/15"}],"replies":[{"embeddable":true,"href":"https:\/\/conexion23.com\/index.php?rest_route=%2Fwp%2Fv2%2Fcomments&post=16105"}],"version-history":[{"count":1,"href":"https:\/\/conexion23.com\/index.php?rest_route=\/wp\/v2\/posts\/16105\/revisions"}],"predecessor-version":[{"id":16107,"href":"https:\/\/conexion23.com\/index.php?rest_route=\/wp\/v2\/posts\/16105\/revisions\/16107"}],"wp:attachment":[{"href":"https:\/\/conexion23.com\/index.php?rest_route=%2Fwp%2Fv2%2Fmedia&parent=16105"}],"wp:term":[{"taxonomy":"category","embeddable":true,"href":"https:\/\/conexion23.com\/index.php?rest_route=%2Fwp%2Fv2%2Fcategories&post=16105"},{"taxonomy":"post_tag","embeddable":true,"href":"https:\/\/conexion23.com\/index.php?rest_route=%2Fwp%2Fv2%2Ftags&post=16105"}],"curies":[{"name":"wp","href":"https:\/\/api.w.org\/{rel}","templated":true}]}}