{"id":16111,"date":"2023-03-16T16:05:34","date_gmt":"2023-03-16T20:05:34","guid":{"rendered":"https:\/\/conexion23.com\/?p=16111"},"modified":"2023-03-16T16:05:37","modified_gmt":"2023-03-16T20:05:37","slug":"apresan-siete-acusados-de-provocar-incendios-forestales-en-punta-cana","status":"publish","type":"post","link":"https:\/\/conexion23.com\/?p=16111","title":{"rendered":"<strong>Apresan siete acusados de provocar incendios forestales en Punta Cana.<\/strong>"},"content":{"rendered":"\n<p>El Servicio Nacional de Protecci\u00f3n Ambiental (SENPA) y la Procuradur\u00eda General de Medio Ambiente detuvieron a siete personas acusadas de provocar diversos incendios en Punta Cana, inform\u00f3 este mi\u00e9rcoles el Ministerio de Medio Ambiente.<\/p>\n\n\n\n<p>Los autores de los incendios se encuentran bajo el control de la Polic\u00eda Nacional y el Ministerio P\u00fablico para fines de sometimiento a la justicia y ma\u00f1ana jueves se les conocer\u00e1n medidas coerci\u00f3n, seg\u00fan un comunicado de prensa.<\/p>\n\n\n\n<figure class=\"wp-block-image size-large\"><img decoding=\"async\" src=\"https:\/\/conexion23.com\/wp-content\/uploads\/2023\/03\/5f072a7c-8ba7-4b4d-a468-e4b013b9f2c1-576x1024.jpg\" alt=\"\" class=\"wp-image-16113\"\/><\/figure>\n\n\n\n<p>Adem\u00e1s, en los casos en los que est\u00e1n involucradas empresas inmobiliarias se est\u00e1 instrumentando los documentos para procesarlas con sanciones administrativas y sometimientos a la justicia.<\/p>\n\n\n\n<p>Una comisi\u00f3n de t\u00e9cnicos conformada por la Direcci\u00f3n de Fiscalizaci\u00f3n y Gesti\u00f3n de Riesgos realiz\u00f3 una exhaustiva inspecci\u00f3n en la zona tur\u00edstica en Ver\u00f3n, Punta Cana, foco de un total de 81 fuegos intencionados, confirmando sus causas.<\/p>\n\n\n\n<p>La investigaci\u00f3n desvel\u00f3 que fueron causados por la limpieza de solares, m\u00e9todos inadecuados de control de plagas y por la presencia de vertederos improvisados, siendo las zonas m\u00e1s afectadas las de B\u00e1varo, Friusa, Boulevard, el Coral, Ver\u00f3n, Cocotal y avenida Circunvalaci\u00f3n.<\/p>\n\n\n\n<p>Tambi\u00e9n se determin\u00f3 que estos siniestros han sido provocados por desarrolladores inmobiliarios que, con el objetivo de limpiar sus terrenos, los incendian sin aplicar ninguna medida para prevenir que las llamas se extiendan o afecten a la poblaci\u00f3n.<\/p>\n\n\n\n<p>Contin\u00faan trabajando sobre el terreno tres t\u00e9cnicos de manejo del fuego, 16 bomberos forestales, siete guardaparques, 27 soldados de la UHR y cuatro unidades de bomberos estructurales con el apoyo del grupo Cap Cana y Punta Cana, efectivos que han logrado sofocar varios focos de fuego, y los que quedan se pretenden eliminar ma\u00f1ana.<\/p>\n\n\n\n<p>Cerca de los focos de los incendios se observan letreros de proyectos inmobiliarios y ventas de terrenos, que est\u00e1n bajo investigaci\u00f3n para confirmar el estado de permisolog\u00eda y descartar v\u00ednculos con estos siniestros<\/p>\n\n\n\n<h2 class=\"wp-block-heading\">La investigaci\u00f3n desvel\u00f3 que fueron causados por la limpieza de solares, m\u00e9todos inadecuados de control de plagas y por la presencia de vertederos improvisados.<\/h2>\n","protected":false},"excerpt":{"rendered":"<p>El Servicio Nacional de Protecci\u00f3n Ambiental (SENPA) y la Procuradur\u00eda General de Medio Ambiente detuvieron a siete personas acusadas de provocar diversos incendios en Punta Cana, inform\u00f3 este mi\u00e9rcoles el Ministerio de Medio Ambiente. Los autores de los incendios se encuentran bajo el control de la Polic\u00eda Nacional y el Ministerio P\u00fablico para fines de [&hellip;]<\/p>\n","protected":false},"author":15,"featured_media":0,"comment_status":"open","ping_status":"open","sticky":false,"template":"","format":"standard","meta":{"footnotes":""},"categories":[1],"tags":[],"class_list":{"0":"post-16111","1":"post","2":"type-post","3":"status-publish","4":"format-standard","6":"category-uncategorized"},"yoast_head":"<!-- This site is optimized with the Yoast SEO plugin v27.1.1 - https:\/\/yoast.com\/product\/yoast-seo-wordpress\/ -->\n<title>Apresan siete acusados de provocar incendios forestales en Punta Cana. - Conexi\u00f3n 23<\/title>\n<meta name=\"robots\" content=\"index, follow, max-snippet:-1, max-image-preview:large, max-video-preview:-1\" \/>\n<link rel=\"canonical\" href=\"https:\/\/conexion23.com\/?p=16111\" \/>\n<meta property=\"og:locale\" content=\"es_ES\" \/>\n<meta property=\"og:type\" content=\"article\" \/>\n<meta property=\"og:title\" content=\"Apresan siete acusados de provocar incendios forestales en Punta Cana. - Conexi\u00f3n 23\" \/>\n<meta property=\"og:description\" content=\"El Servicio Nacional de Protecci\u00f3n Ambiental (SENPA) y la Procuradur\u00eda General de Medio Ambiente detuvieron a siete personas acusadas de provocar diversos incendios en Punta Cana, inform\u00f3 este mi\u00e9rcoles el Ministerio de Medio Ambiente. Los autores de los incendios se encuentran bajo el control de la Polic\u00eda Nacional y el Ministerio P\u00fablico para fines de [&hellip;]\" \/>\n<meta property=\"og:url\" content=\"https:\/\/conexion23.com\/?p=16111\" \/>\n<meta property=\"og:site_name\" content=\"Conexi\u00f3n 23\" \/>\n<meta property=\"article:publisher\" content=\"https:\/\/www.facebook.com\/conexion23com\" \/>\n<meta property=\"article:published_time\" content=\"2023-03-16T20:05:34+00:00\" \/>\n<meta property=\"article:modified_time\" content=\"2023-03-16T20:05:37+00:00\" \/>\n<meta property=\"og:image\" content=\"https:\/\/conexion23.com\/wp-content\/uploads\/2023\/03\/5f072a7c-8ba7-4b4d-a468-e4b013b9f2c1-576x1024.jpg\" \/>\n<meta name=\"author\" content=\"Raffy Ben\u00edtez\" \/>\n<meta name=\"twitter:card\" content=\"summary_large_image\" \/>\n<meta name=\"twitter:label1\" content=\"Escrito por\" \/>\n\t<meta name=\"twitter:data1\" content=\"Raffy Ben\u00edtez\" \/>\n\t<meta name=\"twitter:label2\" content=\"Tiempo de lectura\" \/>\n\t<meta name=\"twitter:data2\" content=\"2 minutos\" \/>\n<script type=\"application\/ld+json\" class=\"yoast-schema-graph\">{\"@context\":\"https:\/\/schema.org\",\"@graph\":[{\"@type\":\"Article\",\"@id\":\"https:\/\/conexion23.com\/?p=16111#article\",\"isPartOf\":{\"@id\":\"https:\/\/conexion23.com\/?p=16111\"},\"author\":{\"name\":\"Raffy Ben\u00edtez\",\"@id\":\"https:\/\/conexion23.com\/#\/schema\/person\/03e36043331117e97a373299bbcd30a6\"},\"headline\":\"Apresan siete acusados de provocar incendios forestales en Punta Cana.\",\"datePublished\":\"2023-03-16T20:05:34+00:00\",\"dateModified\":\"2023-03-16T20:05:37+00:00\",\"mainEntityOfPage\":{\"@id\":\"https:\/\/conexion23.com\/?p=16111\"},\"wordCount\":368,\"commentCount\":0,\"publisher\":{\"@id\":\"https:\/\/conexion23.com\/#organization\"},\"image\":{\"@id\":\"https:\/\/conexion23.com\/?p=16111#primaryimage\"},\"thumbnailUrl\":\"https:\/\/conexion23.com\/wp-content\/uploads\/2023\/03\/5f072a7c-8ba7-4b4d-a468-e4b013b9f2c1-576x1024.jpg\",\"articleSection\":[\"Uncategorized\"],\"inLanguage\":\"es\",\"potentialAction\":[{\"@type\":\"CommentAction\",\"name\":\"Comment\",\"target\":[\"https:\/\/conexion23.com\/?p=16111#respond\"]}]},{\"@type\":\"WebPage\",\"@id\":\"https:\/\/conexion23.com\/?p=16111\",\"url\":\"https:\/\/conexion23.com\/?p=16111\",\"name\":\"Apresan siete acusados de provocar incendios forestales en Punta Cana. - Conexi\u00f3n 23\",\"isPartOf\":{\"@id\":\"https:\/\/conexion23.com\/#website\"},\"primaryImageOfPage\":{\"@id\":\"https:\/\/conexion23.com\/?p=16111#primaryimage\"},\"image\":{\"@id\":\"https:\/\/conexion23.com\/?p=16111#primaryimage\"},\"thumbnailUrl\":\"https:\/\/conexion23.com\/wp-content\/uploads\/2023\/03\/5f072a7c-8ba7-4b4d-a468-e4b013b9f2c1-576x1024.jpg\",\"datePublished\":\"2023-03-16T20:05:34+00:00\",\"dateModified\":\"2023-03-16T20:05:37+00:00\",\"breadcrumb\":{\"@id\":\"https:\/\/conexion23.com\/?p=16111#breadcrumb\"},\"inLanguage\":\"es\",\"potentialAction\":[{\"@type\":\"ReadAction\",\"target\":[\"https:\/\/conexion23.com\/?p=16111\"]}]},{\"@type\":\"ImageObject\",\"inLanguage\":\"es\",\"@id\":\"https:\/\/conexion23.com\/?p=16111#primaryimage\",\"url\":\"\",\"contentUrl\":\"\"},{\"@type\":\"BreadcrumbList\",\"@id\":\"https:\/\/conexion23.com\/?p=16111#breadcrumb\",\"itemListElement\":[{\"@type\":\"ListItem\",\"position\":1,\"name\":\"Portada\",\"item\":\"https:\/\/conexion23.com\/\"},{\"@type\":\"ListItem\",\"position\":2,\"name\":\"Apresan siete acusados de provocar incendios forestales en Punta Cana.\"}]},{\"@type\":\"WebSite\",\"@id\":\"https:\/\/conexion23.com\/#website\",\"url\":\"https:\/\/conexion23.com\/\",\"name\":\"Conexi\u00f3n 23\",\"description\":\"Peri\u00f3dico 100% Petromacorisano\",\"publisher\":{\"@id\":\"https:\/\/conexion23.com\/#organization\"},\"potentialAction\":[{\"@type\":\"SearchAction\",\"target\":{\"@type\":\"EntryPoint\",\"urlTemplate\":\"https:\/\/conexion23.com\/?s={search_term_string}\"},\"query-input\":{\"@type\":\"PropertyValueSpecification\",\"valueRequired\":true,\"valueName\":\"search_term_string\"}}],\"inLanguage\":\"es\"},{\"@type\":\"Organization\",\"@id\":\"https:\/\/conexion23.com\/#organization\",\"name\":\"Conexion 23\",\"url\":\"https:\/\/conexion23.com\/\",\"logo\":{\"@type\":\"ImageObject\",\"inLanguage\":\"es\",\"@id\":\"https:\/\/conexion23.com\/#\/schema\/logo\/image\/\",\"url\":\"https:\/\/conexion23.com\/wp-content\/uploads\/2021\/11\/Diseno-sin-titulo-2.png\",\"contentUrl\":\"https:\/\/conexion23.com\/wp-content\/uploads\/2021\/11\/Diseno-sin-titulo-2.png\",\"width\":541,\"height\":90,\"caption\":\"Conexion 23\"},\"image\":{\"@id\":\"https:\/\/conexion23.com\/#\/schema\/logo\/image\/\"},\"sameAs\":[\"https:\/\/www.facebook.com\/conexion23com\",\"https:\/\/www.instagram.com\/conexion23com\/\",\"https:\/\/www.youtube.com\/channel\/UCYc7vxxFZMYLIHNsHHxPZ3Q\"]},{\"@type\":\"Person\",\"@id\":\"https:\/\/conexion23.com\/#\/schema\/person\/03e36043331117e97a373299bbcd30a6\",\"name\":\"Raffy Ben\u00edtez\",\"image\":{\"@type\":\"ImageObject\",\"inLanguage\":\"es\",\"@id\":\"https:\/\/conexion23.com\/#\/schema\/person\/image\/\",\"url\":\"https:\/\/secure.gravatar.com\/avatar\/3190a6a6c5e1b0327500f7d6c56b6242472ee6cb974cf09b401ee6b3b0798f23?s=96&d=mm&r=g\",\"contentUrl\":\"https:\/\/secure.gravatar.com\/avatar\/3190a6a6c5e1b0327500f7d6c56b6242472ee6cb974cf09b401ee6b3b0798f23?s=96&d=mm&r=g\",\"caption\":\"Raffy Ben\u00edtez\"},\"url\":\"https:\/\/conexion23.com\/?author=15\"}]}<\/script>\n<!-- \/ Yoast SEO plugin. -->","yoast_head_json":{"title":"Apresan siete acusados de provocar incendios forestales en Punta Cana. - Conexi\u00f3n 23","robots":{"index":"index","follow":"follow","max-snippet":"max-snippet:-1","max-image-preview":"max-image-preview:large","max-video-preview":"max-video-preview:-1"},"canonical":"https:\/\/conexion23.com\/?p=16111","og_locale":"es_ES","og_type":"article","og_title":"Apresan siete acusados de provocar incendios forestales en Punta Cana. - Conexi\u00f3n 23","og_description":"El Servicio Nacional de Protecci\u00f3n Ambiental (SENPA) y la Procuradur\u00eda General de Medio Ambiente detuvieron a siete personas acusadas de provocar diversos incendios en Punta Cana, inform\u00f3 este mi\u00e9rcoles el Ministerio de Medio Ambiente. Los autores de los incendios se encuentran bajo el control de la Polic\u00eda Nacional y el Ministerio P\u00fablico para fines de [&hellip;]","og_url":"https:\/\/conexion23.com\/?p=16111","og_site_name":"Conexi\u00f3n 23","article_publisher":"https:\/\/www.facebook.com\/conexion23com","article_published_time":"2023-03-16T20:05:34+00:00","article_modified_time":"2023-03-16T20:05:37+00:00","og_image":[{"url":"https:\/\/conexion23.com\/wp-content\/uploads\/2023\/03\/5f072a7c-8ba7-4b4d-a468-e4b013b9f2c1-576x1024.jpg","type":"","width":"","height":""}],"author":"Raffy Ben\u00edtez","twitter_card":"summary_large_image","twitter_misc":{"Escrito por":"Raffy Ben\u00edtez","Tiempo de lectura":"2 minutos"},"schema":{"@context":"https:\/\/schema.org","@graph":[{"@type":"Article","@id":"https:\/\/conexion23.com\/?p=16111#article","isPartOf":{"@id":"https:\/\/conexion23.com\/?p=16111"},"author":{"name":"Raffy Ben\u00edtez","@id":"https:\/\/conexion23.com\/#\/schema\/person\/03e36043331117e97a373299bbcd30a6"},"headline":"Apresan siete acusados de provocar incendios forestales en Punta Cana.","datePublished":"2023-03-16T20:05:34+00:00","dateModified":"2023-03-16T20:05:37+00:00","mainEntityOfPage":{"@id":"https:\/\/conexion23.com\/?p=16111"},"wordCount":368,"commentCount":0,"publisher":{"@id":"https:\/\/conexion23.com\/#organization"},"image":{"@id":"https:\/\/conexion23.com\/?p=16111#primaryimage"},"thumbnailUrl":"https:\/\/conexion23.com\/wp-content\/uploads\/2023\/03\/5f072a7c-8ba7-4b4d-a468-e4b013b9f2c1-576x1024.jpg","articleSection":["Uncategorized"],"inLanguage":"es","potentialAction":[{"@type":"CommentAction","name":"Comment","target":["https:\/\/conexion23.com\/?p=16111#respond"]}]},{"@type":"WebPage","@id":"https:\/\/conexion23.com\/?p=16111","url":"https:\/\/conexion23.com\/?p=16111","name":"Apresan siete acusados de provocar incendios forestales en Punta Cana. - Conexi\u00f3n 23","isPartOf":{"@id":"https:\/\/conexion23.com\/#website"},"primaryImageOfPage":{"@id":"https:\/\/conexion23.com\/?p=16111#primaryimage"},"image":{"@id":"https:\/\/conexion23.com\/?p=16111#primaryimage"},"thumbnailUrl":"https:\/\/conexion23.com\/wp-content\/uploads\/2023\/03\/5f072a7c-8ba7-4b4d-a468-e4b013b9f2c1-576x1024.jpg","datePublished":"2023-03-16T20:05:34+00:00","dateModified":"2023-03-16T20:05:37+00:00","breadcrumb":{"@id":"https:\/\/conexion23.com\/?p=16111#breadcrumb"},"inLanguage":"es","potentialAction":[{"@type":"ReadAction","target":["https:\/\/conexion23.com\/?p=16111"]}]},{"@type":"ImageObject","inLanguage":"es","@id":"https:\/\/conexion23.com\/?p=16111#primaryimage","url":"","contentUrl":""},{"@type":"BreadcrumbList","@id":"https:\/\/conexion23.com\/?p=16111#breadcrumb","itemListElement":[{"@type":"ListItem","position":1,"name":"Portada","item":"https:\/\/conexion23.com\/"},{"@type":"ListItem","position":2,"name":"Apresan siete acusados de provocar incendios forestales en Punta Cana."}]},{"@type":"WebSite","@id":"https:\/\/conexion23.com\/#website","url":"https:\/\/conexion23.com\/","name":"Conexi\u00f3n 23","description":"Peri\u00f3dico 100% Petromacorisano","publisher":{"@id":"https:\/\/conexion23.com\/#organization"},"potentialAction":[{"@type":"SearchAction","target":{"@type":"EntryPoint","urlTemplate":"https:\/\/conexion23.com\/?s={search_term_string}"},"query-input":{"@type":"PropertyValueSpecification","valueRequired":true,"valueName":"search_term_string"}}],"inLanguage":"es"},{"@type":"Organization","@id":"https:\/\/conexion23.com\/#organization","name":"Conexion 23","url":"https:\/\/conexion23.com\/","logo":{"@type":"ImageObject","inLanguage":"es","@id":"https:\/\/conexion23.com\/#\/schema\/logo\/image\/","url":"https:\/\/conexion23.com\/wp-content\/uploads\/2021\/11\/Diseno-sin-titulo-2.png","contentUrl":"https:\/\/conexion23.com\/wp-content\/uploads\/2021\/11\/Diseno-sin-titulo-2.png","width":541,"height":90,"caption":"Conexion 23"},"image":{"@id":"https:\/\/conexion23.com\/#\/schema\/logo\/image\/"},"sameAs":["https:\/\/www.facebook.com\/conexion23com","https:\/\/www.instagram.com\/conexion23com\/","https:\/\/www.youtube.com\/channel\/UCYc7vxxFZMYLIHNsHHxPZ3Q"]},{"@type":"Person","@id":"https:\/\/conexion23.com\/#\/schema\/person\/03e36043331117e97a373299bbcd30a6","name":"Raffy Ben\u00edtez","image":{"@type":"ImageObject","inLanguage":"es","@id":"https:\/\/conexion23.com\/#\/schema\/person\/image\/","url":"https:\/\/secure.gravatar.com\/avatar\/3190a6a6c5e1b0327500f7d6c56b6242472ee6cb974cf09b401ee6b3b0798f23?s=96&d=mm&r=g","contentUrl":"https:\/\/secure.gravatar.com\/avatar\/3190a6a6c5e1b0327500f7d6c56b6242472ee6cb974cf09b401ee6b3b0798f23?s=96&d=mm&r=g","caption":"Raffy Ben\u00edtez"},"url":"https:\/\/conexion23.com\/?author=15"}]}},"_links":{"self":[{"href":"https:\/\/conexion23.com\/index.php?rest_route=\/wp\/v2\/posts\/16111","targetHints":{"allow":["GET"]}}],"collection":[{"href":"https:\/\/conexion23.com\/index.php?rest_route=\/wp\/v2\/posts"}],"about":[{"href":"https:\/\/conexion23.com\/index.php?rest_route=\/wp\/v2\/types\/post"}],"author":[{"embeddable":true,"href":"https:\/\/conexion23.com\/index.php?rest_route=\/wp\/v2\/users\/15"}],"replies":[{"embeddable":true,"href":"https:\/\/conexion23.com\/index.php?rest_route=%2Fwp%2Fv2%2Fcomments&post=16111"}],"version-history":[{"count":1,"href":"https:\/\/conexion23.com\/index.php?rest_route=\/wp\/v2\/posts\/16111\/revisions"}],"predecessor-version":[{"id":16114,"href":"https:\/\/conexion23.com\/index.php?rest_route=\/wp\/v2\/posts\/16111\/revisions\/16114"}],"wp:attachment":[{"href":"https:\/\/conexion23.com\/index.php?rest_route=%2Fwp%2Fv2%2Fmedia&parent=16111"}],"wp:term":[{"taxonomy":"category","embeddable":true,"href":"https:\/\/conexion23.com\/index.php?rest_route=%2Fwp%2Fv2%2Fcategories&post=16111"},{"taxonomy":"post_tag","embeddable":true,"href":"https:\/\/conexion23.com\/index.php?rest_route=%2Fwp%2Fv2%2Ftags&post=16111"}],"curies":[{"name":"wp","href":"https:\/\/api.w.org\/{rel}","templated":true}]}}