{"id":16115,"date":"2023-03-16T16:08:44","date_gmt":"2023-03-16T20:08:44","guid":{"rendered":"https:\/\/conexion23.com\/?p=16115"},"modified":"2023-03-16T16:08:47","modified_gmt":"2023-03-16T20:08:47","slug":"las-edificaciones-fantasma-que-el-mar-devora-en-la-costa-de-puerto-rico","status":"publish","type":"post","link":"https:\/\/conexion23.com\/?p=16115","title":{"rendered":"<strong>Las edificaciones fantasma que el mar devora en la costa de Puerto Rico.<\/strong>"},"content":{"rendered":"\n<p>Es dif\u00edcil creer que esa playa estaba bordeada por una carretera, y que all\u00ed hab\u00eda otras residencias y un vasto terreno con negocios, palmeras y pinos.<\/p>\n\n\n\n<p>En el lugar se celebraban reuniones familiares, d\u00edas feriados y la gente pod\u00eda cruzar el litoral para llegar al otro extremo del vecindario.<\/p>\n\n\n\n<p>Ahora la orilla no es m\u00e1s que una peque\u00f1a franja de arena. El patio del hogar de esta expolic\u00eda de 57 a\u00f1os, quien ha vivido all\u00ed por cuatro d\u00e9cadas, es un c\u00famulo de ruinas de cemento, basura y vegetaci\u00f3n con ra\u00edces expuestas que son golpeadas constantemente por el mar.<\/p>\n\n\n\n<figure class=\"wp-block-gallery has-nested-images columns-default is-cropped wp-block-gallery-1 is-layout-flex wp-block-gallery-is-layout-flex\">\n<figure class=\"wp-block-image size-large\"><img decoding=\"async\" data-id=\"16117\" src=\"https:\/\/conexion23.com\/wp-content\/uploads\/2023\/03\/1fc2acdf-f6ab-497b-abce-dab67391da87.jpg\" alt=\"\" class=\"wp-image-16117\"\/><\/figure>\n<\/figure>\n\n\n\n<p>Estamos de visita un d\u00eda soleado de enero y Janet, mientras camina por el trozo de carretera rota, nos cuenta que los vecinos se han ido y que las bonitas memorias del barrio son empa\u00f1adas por un profundo miedo.<\/p>\n\n\n\n<p>El mar, al que ella le atribuye vida propia, se est\u00e1 tragando la costa poco a poco. A su paso, deja todo desolado.<\/p>\n\n\n\n<p>Las edificaciones ceden y comienzan a caer. Se convierten en estructuras fantasma que nadie habita y que amenazan la vida marina y el turismo, hasta que al final desaparecen, mientras que la poblaci\u00f3n queda desplazada.<\/p>\n\n\n\n<p>El fen\u00f3meno que arrasa la zona de Villa Cristiana se conoce como erosi\u00f3n costera, un proceso natural en el que la playa, que es un ecosistema din\u00e1mico, pierde arena y el mar se adentra.<\/p>\n\n\n\n<p>En muchas \u00e1reas de los 44 municipios con acceso al mar en Puerto Rico, afirman los cient\u00edficos, la erosi\u00f3n dej\u00f3 de ser normal y ahora representa un problema. Las playas se est\u00e1n perdiendo de forma acelerada y no se recuperan.<\/p>\n","protected":false},"excerpt":{"rendered":"<p>Es dif\u00edcil creer que esa playa estaba bordeada por una carretera, y que all\u00ed hab\u00eda otras residencias y un vasto terreno con negocios, palmeras y pinos. En el lugar se celebraban reuniones familiares, d\u00edas feriados y la gente pod\u00eda cruzar el litoral para llegar al otro extremo del vecindario. Ahora la orilla no es m\u00e1s [&hellip;]<\/p>\n","protected":false},"author":15,"featured_media":0,"comment_status":"open","ping_status":"open","sticky":false,"template":"","format":"standard","meta":{"footnotes":""},"categories":[1],"tags":[],"class_list":{"0":"post-16115","1":"post","2":"type-post","3":"status-publish","4":"format-standard","6":"category-uncategorized"},"yoast_head":"<!-- This site is optimized with the Yoast SEO plugin v27.1.1 - https:\/\/yoast.com\/product\/yoast-seo-wordpress\/ -->\n<title>Las edificaciones fantasma que el mar devora en la costa de Puerto Rico. - Conexi\u00f3n 23<\/title>\n<meta name=\"robots\" content=\"index, follow, max-snippet:-1, max-image-preview:large, max-video-preview:-1\" \/>\n<link rel=\"canonical\" href=\"https:\/\/conexion23.com\/?p=16115\" \/>\n<meta property=\"og:locale\" content=\"es_ES\" \/>\n<meta property=\"og:type\" content=\"article\" \/>\n<meta property=\"og:title\" content=\"Las edificaciones fantasma que el mar devora en la costa de Puerto Rico. - Conexi\u00f3n 23\" \/>\n<meta property=\"og:description\" content=\"Es dif\u00edcil creer que esa playa estaba bordeada por una carretera, y que all\u00ed hab\u00eda otras residencias y un vasto terreno con negocios, palmeras y pinos. En el lugar se celebraban reuniones familiares, d\u00edas feriados y la gente pod\u00eda cruzar el litoral para llegar al otro extremo del vecindario. Ahora la orilla no es m\u00e1s [&hellip;]\" \/>\n<meta property=\"og:url\" content=\"https:\/\/conexion23.com\/?p=16115\" \/>\n<meta property=\"og:site_name\" content=\"Conexi\u00f3n 23\" \/>\n<meta property=\"article:publisher\" content=\"https:\/\/www.facebook.com\/conexion23com\" \/>\n<meta property=\"article:published_time\" content=\"2023-03-16T20:08:44+00:00\" \/>\n<meta property=\"article:modified_time\" content=\"2023-03-16T20:08:47+00:00\" \/>\n<meta property=\"og:image\" content=\"https:\/\/conexion23.com\/wp-content\/uploads\/2023\/03\/1fc2acdf-f6ab-497b-abce-dab67391da87.jpg\" \/>\n<meta name=\"author\" content=\"Raffy Ben\u00edtez\" \/>\n<meta name=\"twitter:card\" content=\"summary_large_image\" \/>\n<meta name=\"twitter:label1\" content=\"Escrito por\" \/>\n\t<meta name=\"twitter:data1\" content=\"Raffy Ben\u00edtez\" \/>\n\t<meta name=\"twitter:label2\" content=\"Tiempo de lectura\" \/>\n\t<meta name=\"twitter:data2\" content=\"2 minutos\" \/>\n<script type=\"application\/ld+json\" class=\"yoast-schema-graph\">{\"@context\":\"https:\/\/schema.org\",\"@graph\":[{\"@type\":\"Article\",\"@id\":\"https:\/\/conexion23.com\/?p=16115#article\",\"isPartOf\":{\"@id\":\"https:\/\/conexion23.com\/?p=16115\"},\"author\":{\"name\":\"Raffy Ben\u00edtez\",\"@id\":\"https:\/\/conexion23.com\/#\/schema\/person\/03e36043331117e97a373299bbcd30a6\"},\"headline\":\"Las edificaciones fantasma que el mar devora en la costa de Puerto Rico.\",\"datePublished\":\"2023-03-16T20:08:44+00:00\",\"dateModified\":\"2023-03-16T20:08:47+00:00\",\"mainEntityOfPage\":{\"@id\":\"https:\/\/conexion23.com\/?p=16115\"},\"wordCount\":301,\"commentCount\":0,\"publisher\":{\"@id\":\"https:\/\/conexion23.com\/#organization\"},\"image\":{\"@id\":\"https:\/\/conexion23.com\/?p=16115#primaryimage\"},\"thumbnailUrl\":\"https:\/\/conexion23.com\/wp-content\/uploads\/2023\/03\/1fc2acdf-f6ab-497b-abce-dab67391da87.jpg\",\"articleSection\":[\"Uncategorized\"],\"inLanguage\":\"es\",\"potentialAction\":[{\"@type\":\"CommentAction\",\"name\":\"Comment\",\"target\":[\"https:\/\/conexion23.com\/?p=16115#respond\"]}]},{\"@type\":\"WebPage\",\"@id\":\"https:\/\/conexion23.com\/?p=16115\",\"url\":\"https:\/\/conexion23.com\/?p=16115\",\"name\":\"Las edificaciones fantasma que el mar devora en la costa de Puerto Rico. - Conexi\u00f3n 23\",\"isPartOf\":{\"@id\":\"https:\/\/conexion23.com\/#website\"},\"primaryImageOfPage\":{\"@id\":\"https:\/\/conexion23.com\/?p=16115#primaryimage\"},\"image\":{\"@id\":\"https:\/\/conexion23.com\/?p=16115#primaryimage\"},\"thumbnailUrl\":\"https:\/\/conexion23.com\/wp-content\/uploads\/2023\/03\/1fc2acdf-f6ab-497b-abce-dab67391da87.jpg\",\"datePublished\":\"2023-03-16T20:08:44+00:00\",\"dateModified\":\"2023-03-16T20:08:47+00:00\",\"breadcrumb\":{\"@id\":\"https:\/\/conexion23.com\/?p=16115#breadcrumb\"},\"inLanguage\":\"es\",\"potentialAction\":[{\"@type\":\"ReadAction\",\"target\":[\"https:\/\/conexion23.com\/?p=16115\"]}]},{\"@type\":\"ImageObject\",\"inLanguage\":\"es\",\"@id\":\"https:\/\/conexion23.com\/?p=16115#primaryimage\",\"url\":\"\",\"contentUrl\":\"\"},{\"@type\":\"BreadcrumbList\",\"@id\":\"https:\/\/conexion23.com\/?p=16115#breadcrumb\",\"itemListElement\":[{\"@type\":\"ListItem\",\"position\":1,\"name\":\"Portada\",\"item\":\"https:\/\/conexion23.com\/\"},{\"@type\":\"ListItem\",\"position\":2,\"name\":\"Las edificaciones fantasma que el mar devora en la costa de Puerto Rico.\"}]},{\"@type\":\"WebSite\",\"@id\":\"https:\/\/conexion23.com\/#website\",\"url\":\"https:\/\/conexion23.com\/\",\"name\":\"Conexi\u00f3n 23\",\"description\":\"Peri\u00f3dico 100% Petromacorisano\",\"publisher\":{\"@id\":\"https:\/\/conexion23.com\/#organization\"},\"potentialAction\":[{\"@type\":\"SearchAction\",\"target\":{\"@type\":\"EntryPoint\",\"urlTemplate\":\"https:\/\/conexion23.com\/?s={search_term_string}\"},\"query-input\":{\"@type\":\"PropertyValueSpecification\",\"valueRequired\":true,\"valueName\":\"search_term_string\"}}],\"inLanguage\":\"es\"},{\"@type\":\"Organization\",\"@id\":\"https:\/\/conexion23.com\/#organization\",\"name\":\"Conexion 23\",\"url\":\"https:\/\/conexion23.com\/\",\"logo\":{\"@type\":\"ImageObject\",\"inLanguage\":\"es\",\"@id\":\"https:\/\/conexion23.com\/#\/schema\/logo\/image\/\",\"url\":\"https:\/\/conexion23.com\/wp-content\/uploads\/2021\/11\/Diseno-sin-titulo-2.png\",\"contentUrl\":\"https:\/\/conexion23.com\/wp-content\/uploads\/2021\/11\/Diseno-sin-titulo-2.png\",\"width\":541,\"height\":90,\"caption\":\"Conexion 23\"},\"image\":{\"@id\":\"https:\/\/conexion23.com\/#\/schema\/logo\/image\/\"},\"sameAs\":[\"https:\/\/www.facebook.com\/conexion23com\",\"https:\/\/www.instagram.com\/conexion23com\/\",\"https:\/\/www.youtube.com\/channel\/UCYc7vxxFZMYLIHNsHHxPZ3Q\"]},{\"@type\":\"Person\",\"@id\":\"https:\/\/conexion23.com\/#\/schema\/person\/03e36043331117e97a373299bbcd30a6\",\"name\":\"Raffy Ben\u00edtez\",\"image\":{\"@type\":\"ImageObject\",\"inLanguage\":\"es\",\"@id\":\"https:\/\/conexion23.com\/#\/schema\/person\/image\/\",\"url\":\"https:\/\/secure.gravatar.com\/avatar\/3190a6a6c5e1b0327500f7d6c56b6242472ee6cb974cf09b401ee6b3b0798f23?s=96&d=mm&r=g\",\"contentUrl\":\"https:\/\/secure.gravatar.com\/avatar\/3190a6a6c5e1b0327500f7d6c56b6242472ee6cb974cf09b401ee6b3b0798f23?s=96&d=mm&r=g\",\"caption\":\"Raffy Ben\u00edtez\"},\"url\":\"https:\/\/conexion23.com\/?author=15\"}]}<\/script>\n<!-- \/ Yoast SEO plugin. -->","yoast_head_json":{"title":"Las edificaciones fantasma que el mar devora en la costa de Puerto Rico. - Conexi\u00f3n 23","robots":{"index":"index","follow":"follow","max-snippet":"max-snippet:-1","max-image-preview":"max-image-preview:large","max-video-preview":"max-video-preview:-1"},"canonical":"https:\/\/conexion23.com\/?p=16115","og_locale":"es_ES","og_type":"article","og_title":"Las edificaciones fantasma que el mar devora en la costa de Puerto Rico. - Conexi\u00f3n 23","og_description":"Es dif\u00edcil creer que esa playa estaba bordeada por una carretera, y que all\u00ed hab\u00eda otras residencias y un vasto terreno con negocios, palmeras y pinos. En el lugar se celebraban reuniones familiares, d\u00edas feriados y la gente pod\u00eda cruzar el litoral para llegar al otro extremo del vecindario. Ahora la orilla no es m\u00e1s [&hellip;]","og_url":"https:\/\/conexion23.com\/?p=16115","og_site_name":"Conexi\u00f3n 23","article_publisher":"https:\/\/www.facebook.com\/conexion23com","article_published_time":"2023-03-16T20:08:44+00:00","article_modified_time":"2023-03-16T20:08:47+00:00","og_image":[{"url":"https:\/\/conexion23.com\/wp-content\/uploads\/2023\/03\/1fc2acdf-f6ab-497b-abce-dab67391da87.jpg","type":"","width":"","height":""}],"author":"Raffy Ben\u00edtez","twitter_card":"summary_large_image","twitter_misc":{"Escrito por":"Raffy Ben\u00edtez","Tiempo de lectura":"2 minutos"},"schema":{"@context":"https:\/\/schema.org","@graph":[{"@type":"Article","@id":"https:\/\/conexion23.com\/?p=16115#article","isPartOf":{"@id":"https:\/\/conexion23.com\/?p=16115"},"author":{"name":"Raffy Ben\u00edtez","@id":"https:\/\/conexion23.com\/#\/schema\/person\/03e36043331117e97a373299bbcd30a6"},"headline":"Las edificaciones fantasma que el mar devora en la costa de Puerto Rico.","datePublished":"2023-03-16T20:08:44+00:00","dateModified":"2023-03-16T20:08:47+00:00","mainEntityOfPage":{"@id":"https:\/\/conexion23.com\/?p=16115"},"wordCount":301,"commentCount":0,"publisher":{"@id":"https:\/\/conexion23.com\/#organization"},"image":{"@id":"https:\/\/conexion23.com\/?p=16115#primaryimage"},"thumbnailUrl":"https:\/\/conexion23.com\/wp-content\/uploads\/2023\/03\/1fc2acdf-f6ab-497b-abce-dab67391da87.jpg","articleSection":["Uncategorized"],"inLanguage":"es","potentialAction":[{"@type":"CommentAction","name":"Comment","target":["https:\/\/conexion23.com\/?p=16115#respond"]}]},{"@type":"WebPage","@id":"https:\/\/conexion23.com\/?p=16115","url":"https:\/\/conexion23.com\/?p=16115","name":"Las edificaciones fantasma que el mar devora en la costa de Puerto Rico. - Conexi\u00f3n 23","isPartOf":{"@id":"https:\/\/conexion23.com\/#website"},"primaryImageOfPage":{"@id":"https:\/\/conexion23.com\/?p=16115#primaryimage"},"image":{"@id":"https:\/\/conexion23.com\/?p=16115#primaryimage"},"thumbnailUrl":"https:\/\/conexion23.com\/wp-content\/uploads\/2023\/03\/1fc2acdf-f6ab-497b-abce-dab67391da87.jpg","datePublished":"2023-03-16T20:08:44+00:00","dateModified":"2023-03-16T20:08:47+00:00","breadcrumb":{"@id":"https:\/\/conexion23.com\/?p=16115#breadcrumb"},"inLanguage":"es","potentialAction":[{"@type":"ReadAction","target":["https:\/\/conexion23.com\/?p=16115"]}]},{"@type":"ImageObject","inLanguage":"es","@id":"https:\/\/conexion23.com\/?p=16115#primaryimage","url":"","contentUrl":""},{"@type":"BreadcrumbList","@id":"https:\/\/conexion23.com\/?p=16115#breadcrumb","itemListElement":[{"@type":"ListItem","position":1,"name":"Portada","item":"https:\/\/conexion23.com\/"},{"@type":"ListItem","position":2,"name":"Las edificaciones fantasma que el mar devora en la costa de Puerto Rico."}]},{"@type":"WebSite","@id":"https:\/\/conexion23.com\/#website","url":"https:\/\/conexion23.com\/","name":"Conexi\u00f3n 23","description":"Peri\u00f3dico 100% Petromacorisano","publisher":{"@id":"https:\/\/conexion23.com\/#organization"},"potentialAction":[{"@type":"SearchAction","target":{"@type":"EntryPoint","urlTemplate":"https:\/\/conexion23.com\/?s={search_term_string}"},"query-input":{"@type":"PropertyValueSpecification","valueRequired":true,"valueName":"search_term_string"}}],"inLanguage":"es"},{"@type":"Organization","@id":"https:\/\/conexion23.com\/#organization","name":"Conexion 23","url":"https:\/\/conexion23.com\/","logo":{"@type":"ImageObject","inLanguage":"es","@id":"https:\/\/conexion23.com\/#\/schema\/logo\/image\/","url":"https:\/\/conexion23.com\/wp-content\/uploads\/2021\/11\/Diseno-sin-titulo-2.png","contentUrl":"https:\/\/conexion23.com\/wp-content\/uploads\/2021\/11\/Diseno-sin-titulo-2.png","width":541,"height":90,"caption":"Conexion 23"},"image":{"@id":"https:\/\/conexion23.com\/#\/schema\/logo\/image\/"},"sameAs":["https:\/\/www.facebook.com\/conexion23com","https:\/\/www.instagram.com\/conexion23com\/","https:\/\/www.youtube.com\/channel\/UCYc7vxxFZMYLIHNsHHxPZ3Q"]},{"@type":"Person","@id":"https:\/\/conexion23.com\/#\/schema\/person\/03e36043331117e97a373299bbcd30a6","name":"Raffy Ben\u00edtez","image":{"@type":"ImageObject","inLanguage":"es","@id":"https:\/\/conexion23.com\/#\/schema\/person\/image\/","url":"https:\/\/secure.gravatar.com\/avatar\/3190a6a6c5e1b0327500f7d6c56b6242472ee6cb974cf09b401ee6b3b0798f23?s=96&d=mm&r=g","contentUrl":"https:\/\/secure.gravatar.com\/avatar\/3190a6a6c5e1b0327500f7d6c56b6242472ee6cb974cf09b401ee6b3b0798f23?s=96&d=mm&r=g","caption":"Raffy Ben\u00edtez"},"url":"https:\/\/conexion23.com\/?author=15"}]}},"_links":{"self":[{"href":"https:\/\/conexion23.com\/index.php?rest_route=\/wp\/v2\/posts\/16115","targetHints":{"allow":["GET"]}}],"collection":[{"href":"https:\/\/conexion23.com\/index.php?rest_route=\/wp\/v2\/posts"}],"about":[{"href":"https:\/\/conexion23.com\/index.php?rest_route=\/wp\/v2\/types\/post"}],"author":[{"embeddable":true,"href":"https:\/\/conexion23.com\/index.php?rest_route=\/wp\/v2\/users\/15"}],"replies":[{"embeddable":true,"href":"https:\/\/conexion23.com\/index.php?rest_route=%2Fwp%2Fv2%2Fcomments&post=16115"}],"version-history":[{"count":1,"href":"https:\/\/conexion23.com\/index.php?rest_route=\/wp\/v2\/posts\/16115\/revisions"}],"predecessor-version":[{"id":16118,"href":"https:\/\/conexion23.com\/index.php?rest_route=\/wp\/v2\/posts\/16115\/revisions\/16118"}],"wp:attachment":[{"href":"https:\/\/conexion23.com\/index.php?rest_route=%2Fwp%2Fv2%2Fmedia&parent=16115"}],"wp:term":[{"taxonomy":"category","embeddable":true,"href":"https:\/\/conexion23.com\/index.php?rest_route=%2Fwp%2Fv2%2Fcategories&post=16115"},{"taxonomy":"post_tag","embeddable":true,"href":"https:\/\/conexion23.com\/index.php?rest_route=%2Fwp%2Fv2%2Ftags&post=16115"}],"curies":[{"name":"wp","href":"https:\/\/api.w.org\/{rel}","templated":true}]}}