{"id":16120,"date":"2023-03-16T16:11:31","date_gmt":"2023-03-16T20:11:31","guid":{"rendered":"https:\/\/conexion23.com\/?p=16120"},"modified":"2023-03-16T16:11:34","modified_gmt":"2023-03-16T20:11:34","slug":"otro-herido-de-bala-por-conflictos-de-drogas-en-la-41-de-consuelo","status":"publish","type":"post","link":"https:\/\/conexion23.com\/?p=16120","title":{"rendered":"<strong>Otro herido de bala por conflictos de drogas en la 41 de Consuelo.<\/strong>"},"content":{"rendered":"\n<p>Contin\u00faan los problemas por un\u00a8tumbe\u00a8 de drogas en esta comunidad, y de nuevo otro hombre result\u00f3 herido de bala, la noche del pasado martes, en el Barrio La 41.<\/p>\n\n\n\n<p>Fue identificado como C\u00e9sar Johan Bat\u00eds Lebr\u00f3n, alias Johan X,&nbsp; la persona que fue impactado con tres balazos en diferentes partes del cuerpo, a manos de unos tales Kinkin y El Cibae\u00f1o, quienes est\u00e1n siendo buscados por la polic\u00eda, por haber baleado tambi\u00e9n a Emilio Ram\u00edrez, alias Emilito , en hecho igualmente ocurrido en La 41, por conflictos relacionados con la venta de estupefacientes.<\/p>\n\n\n\n<p>Hace un mes que Bat\u00eds Lebr\u00f3n hab\u00eda salido de la c\u00e1rcel, sometido por la ley 50_88 de tr\u00e1fico il\u00edcito de sustancias controladas, recibi\u00f3 atenciones m\u00e9dicas primarias en el Hospital Dr.&nbsp; \u00c1ngel Ponce Pinedo, y luego trasladado al Hospital Regional Docente Dr.&nbsp; Antonio Musa, donde permanece interno y custodiado.<\/p>\n\n\n\n<p>Se recordar\u00e1 que el pasado lunes la polic\u00eda de Consuelo tumb\u00f3&nbsp; una casucha donde operaba el punto de drogas en la referida barriada, luego de haber sido baleado el llamado Emilito, tratando de evitar m\u00e1s disturbios en el lugar, sin embargo los acusados de este hecho, estando pr\u00f3fugos, volvieron al mismo lugar a perpetrar la balacera en la que sali\u00f3 herido alias Johan X.<br><\/p>\n","protected":false},"excerpt":{"rendered":"<p>Contin\u00faan los problemas por un\u00a8tumbe\u00a8 de drogas en esta comunidad, y de nuevo otro hombre result\u00f3 herido de bala, la noche del pasado martes, en el Barrio La 41. Fue identificado como C\u00e9sar Johan Bat\u00eds Lebr\u00f3n, alias Johan X,&nbsp; la persona que fue impactado con tres balazos en diferentes partes del cuerpo, a manos de [&hellip;]<\/p>\n","protected":false},"author":15,"featured_media":0,"comment_status":"open","ping_status":"open","sticky":false,"template":"","format":"standard","meta":{"footnotes":""},"categories":[13],"tags":[],"class_list":{"0":"post-16120","1":"post","2":"type-post","3":"status-publish","4":"format-standard","6":"category-consuelo"},"yoast_head":"<!-- This site is optimized with the Yoast SEO plugin v27.1.1 - https:\/\/yoast.com\/product\/yoast-seo-wordpress\/ -->\n<title>Otro herido de bala por conflictos de drogas en la 41 de Consuelo. - Conexi\u00f3n 23<\/title>\n<meta name=\"robots\" content=\"index, follow, max-snippet:-1, max-image-preview:large, max-video-preview:-1\" \/>\n<link rel=\"canonical\" href=\"https:\/\/conexion23.com\/?p=16120\" \/>\n<meta property=\"og:locale\" content=\"es_ES\" \/>\n<meta property=\"og:type\" content=\"article\" \/>\n<meta property=\"og:title\" content=\"Otro herido de bala por conflictos de drogas en la 41 de Consuelo. - Conexi\u00f3n 23\" \/>\n<meta property=\"og:description\" content=\"Contin\u00faan los problemas por un\u00a8tumbe\u00a8 de drogas en esta comunidad, y de nuevo otro hombre result\u00f3 herido de bala, la noche del pasado martes, en el Barrio La 41. Fue identificado como C\u00e9sar Johan Bat\u00eds Lebr\u00f3n, alias Johan X,&nbsp; la persona que fue impactado con tres balazos en diferentes partes del cuerpo, a manos de [&hellip;]\" \/>\n<meta property=\"og:url\" content=\"https:\/\/conexion23.com\/?p=16120\" \/>\n<meta property=\"og:site_name\" content=\"Conexi\u00f3n 23\" \/>\n<meta property=\"article:publisher\" content=\"https:\/\/www.facebook.com\/conexion23com\" \/>\n<meta property=\"article:published_time\" content=\"2023-03-16T20:11:31+00:00\" \/>\n<meta property=\"article:modified_time\" content=\"2023-03-16T20:11:34+00:00\" \/>\n<meta name=\"author\" content=\"Raffy Ben\u00edtez\" \/>\n<meta name=\"twitter:card\" content=\"summary_large_image\" \/>\n<meta name=\"twitter:label1\" content=\"Escrito por\" \/>\n\t<meta name=\"twitter:data1\" content=\"Raffy Ben\u00edtez\" \/>\n\t<meta name=\"twitter:label2\" content=\"Tiempo de lectura\" \/>\n\t<meta name=\"twitter:data2\" content=\"1 minuto\" \/>\n<script type=\"application\/ld+json\" class=\"yoast-schema-graph\">{\"@context\":\"https:\/\/schema.org\",\"@graph\":[{\"@type\":\"Article\",\"@id\":\"https:\/\/conexion23.com\/?p=16120#article\",\"isPartOf\":{\"@id\":\"https:\/\/conexion23.com\/?p=16120\"},\"author\":{\"name\":\"Raffy Ben\u00edtez\",\"@id\":\"https:\/\/conexion23.com\/#\/schema\/person\/03e36043331117e97a373299bbcd30a6\"},\"headline\":\"Otro herido de bala por conflictos de drogas en la 41 de Consuelo.\",\"datePublished\":\"2023-03-16T20:11:31+00:00\",\"dateModified\":\"2023-03-16T20:11:34+00:00\",\"mainEntityOfPage\":{\"@id\":\"https:\/\/conexion23.com\/?p=16120\"},\"wordCount\":237,\"commentCount\":0,\"publisher\":{\"@id\":\"https:\/\/conexion23.com\/#organization\"},\"articleSection\":[\"Consuelo\"],\"inLanguage\":\"es\",\"potentialAction\":[{\"@type\":\"CommentAction\",\"name\":\"Comment\",\"target\":[\"https:\/\/conexion23.com\/?p=16120#respond\"]}]},{\"@type\":\"WebPage\",\"@id\":\"https:\/\/conexion23.com\/?p=16120\",\"url\":\"https:\/\/conexion23.com\/?p=16120\",\"name\":\"Otro herido de bala por conflictos de drogas en la 41 de Consuelo. - Conexi\u00f3n 23\",\"isPartOf\":{\"@id\":\"https:\/\/conexion23.com\/#website\"},\"datePublished\":\"2023-03-16T20:11:31+00:00\",\"dateModified\":\"2023-03-16T20:11:34+00:00\",\"breadcrumb\":{\"@id\":\"https:\/\/conexion23.com\/?p=16120#breadcrumb\"},\"inLanguage\":\"es\",\"potentialAction\":[{\"@type\":\"ReadAction\",\"target\":[\"https:\/\/conexion23.com\/?p=16120\"]}]},{\"@type\":\"BreadcrumbList\",\"@id\":\"https:\/\/conexion23.com\/?p=16120#breadcrumb\",\"itemListElement\":[{\"@type\":\"ListItem\",\"position\":1,\"name\":\"Portada\",\"item\":\"https:\/\/conexion23.com\/\"},{\"@type\":\"ListItem\",\"position\":2,\"name\":\"Otro herido de bala por conflictos de drogas en la 41 de Consuelo.\"}]},{\"@type\":\"WebSite\",\"@id\":\"https:\/\/conexion23.com\/#website\",\"url\":\"https:\/\/conexion23.com\/\",\"name\":\"Conexi\u00f3n 23\",\"description\":\"Peri\u00f3dico 100% Petromacorisano\",\"publisher\":{\"@id\":\"https:\/\/conexion23.com\/#organization\"},\"potentialAction\":[{\"@type\":\"SearchAction\",\"target\":{\"@type\":\"EntryPoint\",\"urlTemplate\":\"https:\/\/conexion23.com\/?s={search_term_string}\"},\"query-input\":{\"@type\":\"PropertyValueSpecification\",\"valueRequired\":true,\"valueName\":\"search_term_string\"}}],\"inLanguage\":\"es\"},{\"@type\":\"Organization\",\"@id\":\"https:\/\/conexion23.com\/#organization\",\"name\":\"Conexion 23\",\"url\":\"https:\/\/conexion23.com\/\",\"logo\":{\"@type\":\"ImageObject\",\"inLanguage\":\"es\",\"@id\":\"https:\/\/conexion23.com\/#\/schema\/logo\/image\/\",\"url\":\"https:\/\/conexion23.com\/wp-content\/uploads\/2021\/11\/Diseno-sin-titulo-2.png\",\"contentUrl\":\"https:\/\/conexion23.com\/wp-content\/uploads\/2021\/11\/Diseno-sin-titulo-2.png\",\"width\":541,\"height\":90,\"caption\":\"Conexion 23\"},\"image\":{\"@id\":\"https:\/\/conexion23.com\/#\/schema\/logo\/image\/\"},\"sameAs\":[\"https:\/\/www.facebook.com\/conexion23com\",\"https:\/\/www.instagram.com\/conexion23com\/\",\"https:\/\/www.youtube.com\/channel\/UCYc7vxxFZMYLIHNsHHxPZ3Q\"]},{\"@type\":\"Person\",\"@id\":\"https:\/\/conexion23.com\/#\/schema\/person\/03e36043331117e97a373299bbcd30a6\",\"name\":\"Raffy Ben\u00edtez\",\"image\":{\"@type\":\"ImageObject\",\"inLanguage\":\"es\",\"@id\":\"https:\/\/conexion23.com\/#\/schema\/person\/image\/\",\"url\":\"https:\/\/secure.gravatar.com\/avatar\/3190a6a6c5e1b0327500f7d6c56b6242472ee6cb974cf09b401ee6b3b0798f23?s=96&d=mm&r=g\",\"contentUrl\":\"https:\/\/secure.gravatar.com\/avatar\/3190a6a6c5e1b0327500f7d6c56b6242472ee6cb974cf09b401ee6b3b0798f23?s=96&d=mm&r=g\",\"caption\":\"Raffy Ben\u00edtez\"},\"url\":\"https:\/\/conexion23.com\/?author=15\"}]}<\/script>\n<!-- \/ Yoast SEO plugin. -->","yoast_head_json":{"title":"Otro herido de bala por conflictos de drogas en la 41 de Consuelo. - Conexi\u00f3n 23","robots":{"index":"index","follow":"follow","max-snippet":"max-snippet:-1","max-image-preview":"max-image-preview:large","max-video-preview":"max-video-preview:-1"},"canonical":"https:\/\/conexion23.com\/?p=16120","og_locale":"es_ES","og_type":"article","og_title":"Otro herido de bala por conflictos de drogas en la 41 de Consuelo. - Conexi\u00f3n 23","og_description":"Contin\u00faan los problemas por un\u00a8tumbe\u00a8 de drogas en esta comunidad, y de nuevo otro hombre result\u00f3 herido de bala, la noche del pasado martes, en el Barrio La 41. Fue identificado como C\u00e9sar Johan Bat\u00eds Lebr\u00f3n, alias Johan X,&nbsp; la persona que fue impactado con tres balazos en diferentes partes del cuerpo, a manos de [&hellip;]","og_url":"https:\/\/conexion23.com\/?p=16120","og_site_name":"Conexi\u00f3n 23","article_publisher":"https:\/\/www.facebook.com\/conexion23com","article_published_time":"2023-03-16T20:11:31+00:00","article_modified_time":"2023-03-16T20:11:34+00:00","author":"Raffy Ben\u00edtez","twitter_card":"summary_large_image","twitter_misc":{"Escrito por":"Raffy Ben\u00edtez","Tiempo de lectura":"1 minuto"},"schema":{"@context":"https:\/\/schema.org","@graph":[{"@type":"Article","@id":"https:\/\/conexion23.com\/?p=16120#article","isPartOf":{"@id":"https:\/\/conexion23.com\/?p=16120"},"author":{"name":"Raffy Ben\u00edtez","@id":"https:\/\/conexion23.com\/#\/schema\/person\/03e36043331117e97a373299bbcd30a6"},"headline":"Otro herido de bala por conflictos de drogas en la 41 de Consuelo.","datePublished":"2023-03-16T20:11:31+00:00","dateModified":"2023-03-16T20:11:34+00:00","mainEntityOfPage":{"@id":"https:\/\/conexion23.com\/?p=16120"},"wordCount":237,"commentCount":0,"publisher":{"@id":"https:\/\/conexion23.com\/#organization"},"articleSection":["Consuelo"],"inLanguage":"es","potentialAction":[{"@type":"CommentAction","name":"Comment","target":["https:\/\/conexion23.com\/?p=16120#respond"]}]},{"@type":"WebPage","@id":"https:\/\/conexion23.com\/?p=16120","url":"https:\/\/conexion23.com\/?p=16120","name":"Otro herido de bala por conflictos de drogas en la 41 de Consuelo. - Conexi\u00f3n 23","isPartOf":{"@id":"https:\/\/conexion23.com\/#website"},"datePublished":"2023-03-16T20:11:31+00:00","dateModified":"2023-03-16T20:11:34+00:00","breadcrumb":{"@id":"https:\/\/conexion23.com\/?p=16120#breadcrumb"},"inLanguage":"es","potentialAction":[{"@type":"ReadAction","target":["https:\/\/conexion23.com\/?p=16120"]}]},{"@type":"BreadcrumbList","@id":"https:\/\/conexion23.com\/?p=16120#breadcrumb","itemListElement":[{"@type":"ListItem","position":1,"name":"Portada","item":"https:\/\/conexion23.com\/"},{"@type":"ListItem","position":2,"name":"Otro herido de bala por conflictos de drogas en la 41 de Consuelo."}]},{"@type":"WebSite","@id":"https:\/\/conexion23.com\/#website","url":"https:\/\/conexion23.com\/","name":"Conexi\u00f3n 23","description":"Peri\u00f3dico 100% Petromacorisano","publisher":{"@id":"https:\/\/conexion23.com\/#organization"},"potentialAction":[{"@type":"SearchAction","target":{"@type":"EntryPoint","urlTemplate":"https:\/\/conexion23.com\/?s={search_term_string}"},"query-input":{"@type":"PropertyValueSpecification","valueRequired":true,"valueName":"search_term_string"}}],"inLanguage":"es"},{"@type":"Organization","@id":"https:\/\/conexion23.com\/#organization","name":"Conexion 23","url":"https:\/\/conexion23.com\/","logo":{"@type":"ImageObject","inLanguage":"es","@id":"https:\/\/conexion23.com\/#\/schema\/logo\/image\/","url":"https:\/\/conexion23.com\/wp-content\/uploads\/2021\/11\/Diseno-sin-titulo-2.png","contentUrl":"https:\/\/conexion23.com\/wp-content\/uploads\/2021\/11\/Diseno-sin-titulo-2.png","width":541,"height":90,"caption":"Conexion 23"},"image":{"@id":"https:\/\/conexion23.com\/#\/schema\/logo\/image\/"},"sameAs":["https:\/\/www.facebook.com\/conexion23com","https:\/\/www.instagram.com\/conexion23com\/","https:\/\/www.youtube.com\/channel\/UCYc7vxxFZMYLIHNsHHxPZ3Q"]},{"@type":"Person","@id":"https:\/\/conexion23.com\/#\/schema\/person\/03e36043331117e97a373299bbcd30a6","name":"Raffy Ben\u00edtez","image":{"@type":"ImageObject","inLanguage":"es","@id":"https:\/\/conexion23.com\/#\/schema\/person\/image\/","url":"https:\/\/secure.gravatar.com\/avatar\/3190a6a6c5e1b0327500f7d6c56b6242472ee6cb974cf09b401ee6b3b0798f23?s=96&d=mm&r=g","contentUrl":"https:\/\/secure.gravatar.com\/avatar\/3190a6a6c5e1b0327500f7d6c56b6242472ee6cb974cf09b401ee6b3b0798f23?s=96&d=mm&r=g","caption":"Raffy Ben\u00edtez"},"url":"https:\/\/conexion23.com\/?author=15"}]}},"_links":{"self":[{"href":"https:\/\/conexion23.com\/index.php?rest_route=\/wp\/v2\/posts\/16120","targetHints":{"allow":["GET"]}}],"collection":[{"href":"https:\/\/conexion23.com\/index.php?rest_route=\/wp\/v2\/posts"}],"about":[{"href":"https:\/\/conexion23.com\/index.php?rest_route=\/wp\/v2\/types\/post"}],"author":[{"embeddable":true,"href":"https:\/\/conexion23.com\/index.php?rest_route=\/wp\/v2\/users\/15"}],"replies":[{"embeddable":true,"href":"https:\/\/conexion23.com\/index.php?rest_route=%2Fwp%2Fv2%2Fcomments&post=16120"}],"version-history":[{"count":1,"href":"https:\/\/conexion23.com\/index.php?rest_route=\/wp\/v2\/posts\/16120\/revisions"}],"predecessor-version":[{"id":16122,"href":"https:\/\/conexion23.com\/index.php?rest_route=\/wp\/v2\/posts\/16120\/revisions\/16122"}],"wp:attachment":[{"href":"https:\/\/conexion23.com\/index.php?rest_route=%2Fwp%2Fv2%2Fmedia&parent=16120"}],"wp:term":[{"taxonomy":"category","embeddable":true,"href":"https:\/\/conexion23.com\/index.php?rest_route=%2Fwp%2Fv2%2Fcategories&post=16120"},{"taxonomy":"post_tag","embeddable":true,"href":"https:\/\/conexion23.com\/index.php?rest_route=%2Fwp%2Fv2%2Ftags&post=16120"}],"curies":[{"name":"wp","href":"https:\/\/api.w.org\/{rel}","templated":true}]}}