{"id":16263,"date":"2023-03-28T07:52:29","date_gmt":"2023-03-28T11:52:29","guid":{"rendered":"https:\/\/conexion23.com\/?p=16263"},"modified":"2023-03-28T07:52:34","modified_gmt":"2023-03-28T11:52:34","slug":"cuales-dominicanos-seran-titulares-en-jornada-inaugural-de-grandes-ligas","status":"publish","type":"post","link":"https:\/\/conexion23.com\/?p=16263","title":{"rendered":"\u00bfCu\u00e1les dominicanos ser\u00e1n titulares en jornada inaugural de Grandes Ligas?"},"content":{"rendered":"\n<p class=\"wp-block-paragraph\">Este jueves inicia la temporada regular del b\u00e9isbol de liga grande y por supuesto que los dominicanos tendr\u00e1n presencia activa una vez m\u00e1s.<\/p>\n\n\n\n<p class=\"wp-block-paragraph\">Un total de 32 peloteros criollos se proyectan a ser titulares en la jornada inaugural, incluyendo tres lanzadores y otros 29 en la ofensiva<\/p>\n\n\n\n<p class=\"wp-block-paragraph\">El talento dominicano que se proyecta a ser titular para el primer d\u00eda se reparte en 16 representantes por cada liga.<\/p>\n\n\n\n<p class=\"wp-block-paragraph\">El nombre m\u00e1s sonoro es el de Sandy Alc\u00e1ntara, ganador del premio Cy Young de la Liga Nacional, quien tendr\u00e1 a cargo la responsabilidad de subir a la lomita por los Marlins de Miami, quienes se medir\u00e1n a los Metros de Nueva York y a Max Scherzer en el partido inaugural.<\/p>\n\n\n\n<p class=\"wp-block-paragraph\">Los Marlins tambi\u00e9n proyectan a los dominicanos Jean Segura y Jes\u00fas S\u00e1nchez para el primer d\u00eda.<\/p>\n\n\n\n<p class=\"wp-block-paragraph\">Juan Soto y Manny Machado, ser\u00e1n la dupla representativa de los Padres de San Diego y quienes tambi\u00e9n figuran en la mayor\u00eda de los rankings de los 10 mejores peloteros en la actualidad.<\/p>\n\n\n\n<p class=\"wp-block-paragraph\">Machado, fue el mayor creador de carreras en la campa\u00f1a del 2022. Remolc\u00f3 102 y anot\u00f3 en la causa de los Padres de San Diego. Fue segundo en la votaci\u00f3n por el premio al M\u00e1s Valioso en la Liga Nacional. Mientras que Soto, busca reivindicarse en una campa\u00f1a donde podr\u00eda lograr una extensi\u00f3n de contrato hist\u00f3rica.<\/p>\n\n\n\n<p class=\"wp-block-paragraph\">Los otros lanzadores que abrir\u00e1n el primer d\u00eda son Framber Valdez por Houston y Luis Castillo por Seattle.<\/p>\n\n\n\n<p class=\"wp-block-paragraph\">Los Astros tienen al MVP de la Serie Mundial Jeremy Pe\u00f1a y los Marineros al novato del a\u00f1o Julio Rodr\u00edguez y al reci\u00e9n llegado Teoscar Hern\u00e1ndez.<\/p>\n\n\n\n<p class=\"wp-block-paragraph\">Los otros equipos que planean tener a tres jugadores para la jornada inaugural son los Guardianes de Cleveland, con su estelar Jos\u00e9 Ram\u00edrez, Amed Rosario y \u00d3scar Gonzalez.&nbsp;As\u00ed mismo los Rays de Tampa contar\u00e1n con las figuras de Wander Franco, Jos\u00e9 Sir\u00ed y Manuel Margot.<\/p>\n\n\n\n<p class=\"wp-block-paragraph\">Mientras que los Piratas perfilan en su lineup titular a Oneil Cruz, Rodolfo Castro y Carlos Santana.<\/p>\n\n\n\n<p class=\"wp-block-paragraph\">Rafael Devers y Vladimir Guerrero Jr., con la tarea de una vez m\u00e1s guiar ofensivamente a los Medias Rojas y Azulejos en la divisi\u00f3n este de la Liga Americana.<\/p>\n\n\n\n<p class=\"wp-block-paragraph\">Willy Adames, buscar\u00e1 revalidar su estatus de estrella una vez m\u00e1s con los Cerveceros de Milwaukee en el campocorto.<\/p>\n\n\n\n<p class=\"wp-block-paragraph\">El infielder Jorge Mateo se perfila a ser el \u00fanico representante de los Orioles de Baltimore, al igual que Ram\u00f3n Laureano por los Atl\u00e9ticos de Oakland, quien ser\u00e1 el jardinero derecho.<\/p>\n\n\n\n<p class=\"wp-block-paragraph\">Los Medias Blancas de Chicago tienen al bateador de poder Eloy Jim\u00e9nez, quien podr\u00eda ser cuarto al palo en su alineaci\u00f3n.<\/p>\n\n\n\n<p class=\"wp-block-paragraph\">Franmil Reyes volver\u00e1 a las Mayores ahora con los Reales de Kansas City.&nbsp;Marcell Ozuna, retorna como titular con los Bravos de Atlanta.<\/p>\n\n\n\n<p class=\"wp-block-paragraph\">El veterano Starling Marte tambi\u00e9n figura en la proyecci\u00f3n de los Metros para la jornada inaugural.<\/p>\n\n\n\n<p class=\"wp-block-paragraph\">Jeimer Candelario, el mejor bateador de Rep\u00fablica Dominicana en el Cl\u00e1sico Mundial ser\u00e1 el antesalista de los Nacionales de Washington y V\u00edctor Robles su patrullero central.<\/p>\n\n\n\n<p class=\"wp-block-paragraph\">Ketel Marte, ser\u00e1 el intermedista de los Diamondbacks de Arizona. Particip\u00f3 con el equipo dominicano en el evento mundialista s\u00f3lo en esa posici\u00f3n.<\/p>\n\n\n\n<p class=\"wp-block-paragraph\">Elehuris Montero, quien lleva 5 cuadrangulares en la pretemporada ser\u00e1 el tercera base de los Rockies de Colorado.<\/p>\n\n\n\n<p class=\"wp-block-paragraph\">Los equipos que no proyectan dominicanos como lanzadores abridores ni en su lineup titular para la primera fecha de la temporada el pr\u00f3ximo jueves son : Angelinos, Yankees, Rancheros, Mellizos, Tigres, Dodgers, Gigantes, Rojos, Cachorros, Cardenales y los Filis.<\/p>\n\n\n\n<p class=\"wp-block-paragraph\"><strong>SEPA M\u00c1S<\/strong><\/p>\n\n\n\n<p class=\"wp-block-paragraph\">Javier y Roansy<br>Cristian Javier y Roansy Contreras, se perfilan a ser los segundos abridores de Houston y Pittsburgh, respectivamente.<\/p>\n\n\n\n<p class=\"wp-block-paragraph\">Peralta y Severino<br>Freddy Peralta y Luis Severino (lesionado) volver\u00e1n a la duela con los Cerveceros y Yankees.<\/p>\n\n\n\n<p class=\"wp-block-paragraph\">Dominican Marlins<br>Acompa\u00f1ando a Sandy, tambi\u00e9n estar\u00e1 el veterano Johnny Cueto y Edward Cabrera, quien se gan\u00f3 un puesto en los entrenamientos.<\/p>\n\n\n\n<p class=\"wp-block-paragraph\">Fuente. Listin Diario<\/p>\n","protected":false},"excerpt":{"rendered":"<p>Este jueves inicia la temporada regular del b\u00e9isbol de liga grande y por supuesto que los dominicanos tendr\u00e1n presencia activa una vez m\u00e1s. Un total de 32 peloteros criollos se proyectan a ser titulares en la jornada inaugural, incluyendo tres lanzadores y otros 29 en la ofensiva El talento dominicano que se proyecta a ser [&hellip;]<\/p>\n","protected":false},"author":7,"featured_media":0,"comment_status":"open","ping_status":"open","sticky":false,"template":"","format":"standard","meta":{"footnotes":""},"categories":[6],"tags":[37,316,796],"class_list":["post-16263","post","type-post","status-publish","format-standard","category-deportes","tag-deportes","tag-dominicanos","tag-grandesligas"],"yoast_head":"<!-- This site is optimized with the Yoast SEO plugin v27.6 - https:\/\/yoast.com\/product\/yoast-seo-wordpress\/ -->\n<title>\u00bfCu\u00e1les dominicanos ser\u00e1n titulares en jornada inaugural de Grandes Ligas? - Conexi\u00f3n 23<\/title>\n<meta name=\"description\" content=\"Este jueves inicia la temporada regular del b\u00e9isbol de liga grande y por supuesto que los dominicanos tendr\u00e1n presencia activa una vez m\u00e1s.\" \/>\n<meta name=\"robots\" content=\"index, follow, max-snippet:-1, max-image-preview:large, max-video-preview:-1\" \/>\n<link rel=\"canonical\" href=\"https:\/\/conexion23.com\/?p=16263\" \/>\n<meta property=\"og:locale\" content=\"es_ES\" \/>\n<meta property=\"og:type\" content=\"article\" \/>\n<meta property=\"og:title\" content=\"\u00bfCu\u00e1les dominicanos ser\u00e1n titulares en jornada inaugural de Grandes Ligas? - Conexi\u00f3n 23\" \/>\n<meta property=\"og:description\" content=\"Este jueves inicia la temporada regular del b\u00e9isbol de liga grande y por supuesto que los dominicanos tendr\u00e1n presencia activa una vez m\u00e1s.\" \/>\n<meta property=\"og:url\" content=\"https:\/\/conexion23.com\/?p=16263\" \/>\n<meta property=\"og:site_name\" content=\"Conexi\u00f3n 23\" \/>\n<meta property=\"article:publisher\" content=\"https:\/\/www.facebook.com\/conexion23com\" \/>\n<meta property=\"article:published_time\" content=\"2023-03-28T11:52:29+00:00\" \/>\n<meta property=\"article:modified_time\" content=\"2023-03-28T11:52:34+00:00\" \/>\n<meta name=\"author\" content=\"Benjam\u00edn Rosario\" \/>\n<meta name=\"twitter:card\" content=\"summary_large_image\" \/>\n<meta name=\"twitter:label1\" content=\"Escrito por\" \/>\n\t<meta name=\"twitter:data1\" content=\"Benjam\u00edn Rosario\" \/>\n\t<meta name=\"twitter:label2\" content=\"Tiempo de lectura\" \/>\n\t<meta name=\"twitter:data2\" content=\"3 minutos\" \/>\n<script type=\"application\/ld+json\" class=\"yoast-schema-graph\">{\"@context\":\"https:\\\/\\\/schema.org\",\"@graph\":[{\"@type\":\"Article\",\"@id\":\"https:\\\/\\\/conexion23.com\\\/?p=16263#article\",\"isPartOf\":{\"@id\":\"https:\\\/\\\/conexion23.com\\\/?p=16263\"},\"author\":{\"name\":\"Benjam\u00edn Rosario\",\"@id\":\"https:\\\/\\\/conexion23.com\\\/#\\\/schema\\\/person\\\/c0b7ce1f0e7a915d08fa289072b8353a\"},\"headline\":\"\u00bfCu\u00e1les dominicanos ser\u00e1n titulares en jornada inaugural de Grandes Ligas?\",\"datePublished\":\"2023-03-28T11:52:29+00:00\",\"dateModified\":\"2023-03-28T11:52:34+00:00\",\"mainEntityOfPage\":{\"@id\":\"https:\\\/\\\/conexion23.com\\\/?p=16263\"},\"wordCount\":694,\"commentCount\":0,\"publisher\":{\"@id\":\"https:\\\/\\\/conexion23.com\\\/#organization\"},\"keywords\":[\"deportes\",\"dominicanos\",\"Grandesligas\"],\"articleSection\":[\"Deportes\"],\"inLanguage\":\"es\",\"potentialAction\":[{\"@type\":\"CommentAction\",\"name\":\"Comment\",\"target\":[\"https:\\\/\\\/conexion23.com\\\/?p=16263#respond\"]}]},{\"@type\":\"WebPage\",\"@id\":\"https:\\\/\\\/conexion23.com\\\/?p=16263\",\"url\":\"https:\\\/\\\/conexion23.com\\\/?p=16263\",\"name\":\"\u00bfCu\u00e1les dominicanos ser\u00e1n titulares en jornada inaugural de Grandes Ligas? - Conexi\u00f3n 23\",\"isPartOf\":{\"@id\":\"https:\\\/\\\/conexion23.com\\\/#website\"},\"datePublished\":\"2023-03-28T11:52:29+00:00\",\"dateModified\":\"2023-03-28T11:52:34+00:00\",\"description\":\"Este jueves inicia la temporada regular del b\u00e9isbol de liga grande y por supuesto que los dominicanos tendr\u00e1n presencia activa una vez m\u00e1s.\",\"breadcrumb\":{\"@id\":\"https:\\\/\\\/conexion23.com\\\/?p=16263#breadcrumb\"},\"inLanguage\":\"es\",\"potentialAction\":[{\"@type\":\"ReadAction\",\"target\":[\"https:\\\/\\\/conexion23.com\\\/?p=16263\"]}]},{\"@type\":\"BreadcrumbList\",\"@id\":\"https:\\\/\\\/conexion23.com\\\/?p=16263#breadcrumb\",\"itemListElement\":[{\"@type\":\"ListItem\",\"position\":1,\"name\":\"Portada\",\"item\":\"https:\\\/\\\/conexion23.com\\\/\"},{\"@type\":\"ListItem\",\"position\":2,\"name\":\"\u00bfCu\u00e1les dominicanos ser\u00e1n titulares en jornada inaugural de Grandes Ligas?\"}]},{\"@type\":\"WebSite\",\"@id\":\"https:\\\/\\\/conexion23.com\\\/#website\",\"url\":\"https:\\\/\\\/conexion23.com\\\/\",\"name\":\"Conexi\u00f3n 23\",\"description\":\"Peri\u00f3dico 100% Petromacorisano\",\"publisher\":{\"@id\":\"https:\\\/\\\/conexion23.com\\\/#organization\"},\"potentialAction\":[{\"@type\":\"SearchAction\",\"target\":{\"@type\":\"EntryPoint\",\"urlTemplate\":\"https:\\\/\\\/conexion23.com\\\/?s={search_term_string}\"},\"query-input\":{\"@type\":\"PropertyValueSpecification\",\"valueRequired\":true,\"valueName\":\"search_term_string\"}}],\"inLanguage\":\"es\"},{\"@type\":\"Organization\",\"@id\":\"https:\\\/\\\/conexion23.com\\\/#organization\",\"name\":\"Conexion 23\",\"url\":\"https:\\\/\\\/conexion23.com\\\/\",\"logo\":{\"@type\":\"ImageObject\",\"inLanguage\":\"es\",\"@id\":\"https:\\\/\\\/conexion23.com\\\/#\\\/schema\\\/logo\\\/image\\\/\",\"url\":\"https:\\\/\\\/conexion23.com\\\/wp-content\\\/uploads\\\/2021\\\/11\\\/Diseno-sin-titulo-2.png\",\"contentUrl\":\"https:\\\/\\\/conexion23.com\\\/wp-content\\\/uploads\\\/2021\\\/11\\\/Diseno-sin-titulo-2.png\",\"width\":541,\"height\":90,\"caption\":\"Conexion 23\"},\"image\":{\"@id\":\"https:\\\/\\\/conexion23.com\\\/#\\\/schema\\\/logo\\\/image\\\/\"},\"sameAs\":[\"https:\\\/\\\/www.facebook.com\\\/conexion23com\",\"https:\\\/\\\/www.instagram.com\\\/conexion23com\\\/\",\"https:\\\/\\\/www.youtube.com\\\/channel\\\/UCYc7vxxFZMYLIHNsHHxPZ3Q\"]},{\"@type\":\"Person\",\"@id\":\"https:\\\/\\\/conexion23.com\\\/#\\\/schema\\\/person\\\/c0b7ce1f0e7a915d08fa289072b8353a\",\"name\":\"Benjam\u00edn Rosario\",\"image\":{\"@type\":\"ImageObject\",\"inLanguage\":\"es\",\"@id\":\"https:\\\/\\\/secure.gravatar.com\\\/avatar\\\/62e1b2539b49cdeb50ee302e2a5f2bd31dc7fdba412bbac67e2a2a6e0c89bb2a?s=96&d=mm&r=g\",\"url\":\"https:\\\/\\\/secure.gravatar.com\\\/avatar\\\/62e1b2539b49cdeb50ee302e2a5f2bd31dc7fdba412bbac67e2a2a6e0c89bb2a?s=96&d=mm&r=g\",\"contentUrl\":\"https:\\\/\\\/secure.gravatar.com\\\/avatar\\\/62e1b2539b49cdeb50ee302e2a5f2bd31dc7fdba412bbac67e2a2a6e0c89bb2a?s=96&d=mm&r=g\",\"caption\":\"Benjam\u00edn Rosario\"},\"url\":\"https:\\\/\\\/conexion23.com\\\/?author=7\"}]}<\/script>\n<!-- \/ Yoast SEO plugin. -->","yoast_head_json":{"title":"\u00bfCu\u00e1les dominicanos ser\u00e1n titulares en jornada inaugural de Grandes Ligas? - Conexi\u00f3n 23","description":"Este jueves inicia la temporada regular del b\u00e9isbol de liga grande y por supuesto que los dominicanos tendr\u00e1n presencia activa una vez m\u00e1s.","robots":{"index":"index","follow":"follow","max-snippet":"max-snippet:-1","max-image-preview":"max-image-preview:large","max-video-preview":"max-video-preview:-1"},"canonical":"https:\/\/conexion23.com\/?p=16263","og_locale":"es_ES","og_type":"article","og_title":"\u00bfCu\u00e1les dominicanos ser\u00e1n titulares en jornada inaugural de Grandes Ligas? - Conexi\u00f3n 23","og_description":"Este jueves inicia la temporada regular del b\u00e9isbol de liga grande y por supuesto que los dominicanos tendr\u00e1n presencia activa una vez m\u00e1s.","og_url":"https:\/\/conexion23.com\/?p=16263","og_site_name":"Conexi\u00f3n 23","article_publisher":"https:\/\/www.facebook.com\/conexion23com","article_published_time":"2023-03-28T11:52:29+00:00","article_modified_time":"2023-03-28T11:52:34+00:00","author":"Benjam\u00edn Rosario","twitter_card":"summary_large_image","twitter_misc":{"Escrito por":"Benjam\u00edn Rosario","Tiempo de lectura":"3 minutos"},"schema":{"@context":"https:\/\/schema.org","@graph":[{"@type":"Article","@id":"https:\/\/conexion23.com\/?p=16263#article","isPartOf":{"@id":"https:\/\/conexion23.com\/?p=16263"},"author":{"name":"Benjam\u00edn Rosario","@id":"https:\/\/conexion23.com\/#\/schema\/person\/c0b7ce1f0e7a915d08fa289072b8353a"},"headline":"\u00bfCu\u00e1les dominicanos ser\u00e1n titulares en jornada inaugural de Grandes Ligas?","datePublished":"2023-03-28T11:52:29+00:00","dateModified":"2023-03-28T11:52:34+00:00","mainEntityOfPage":{"@id":"https:\/\/conexion23.com\/?p=16263"},"wordCount":694,"commentCount":0,"publisher":{"@id":"https:\/\/conexion23.com\/#organization"},"keywords":["deportes","dominicanos","Grandesligas"],"articleSection":["Deportes"],"inLanguage":"es","potentialAction":[{"@type":"CommentAction","name":"Comment","target":["https:\/\/conexion23.com\/?p=16263#respond"]}]},{"@type":"WebPage","@id":"https:\/\/conexion23.com\/?p=16263","url":"https:\/\/conexion23.com\/?p=16263","name":"\u00bfCu\u00e1les dominicanos ser\u00e1n titulares en jornada inaugural de Grandes Ligas? - Conexi\u00f3n 23","isPartOf":{"@id":"https:\/\/conexion23.com\/#website"},"datePublished":"2023-03-28T11:52:29+00:00","dateModified":"2023-03-28T11:52:34+00:00","description":"Este jueves inicia la temporada regular del b\u00e9isbol de liga grande y por supuesto que los dominicanos tendr\u00e1n presencia activa una vez m\u00e1s.","breadcrumb":{"@id":"https:\/\/conexion23.com\/?p=16263#breadcrumb"},"inLanguage":"es","potentialAction":[{"@type":"ReadAction","target":["https:\/\/conexion23.com\/?p=16263"]}]},{"@type":"BreadcrumbList","@id":"https:\/\/conexion23.com\/?p=16263#breadcrumb","itemListElement":[{"@type":"ListItem","position":1,"name":"Portada","item":"https:\/\/conexion23.com\/"},{"@type":"ListItem","position":2,"name":"\u00bfCu\u00e1les dominicanos ser\u00e1n titulares en jornada inaugural de Grandes Ligas?"}]},{"@type":"WebSite","@id":"https:\/\/conexion23.com\/#website","url":"https:\/\/conexion23.com\/","name":"Conexi\u00f3n 23","description":"Peri\u00f3dico 100% Petromacorisano","publisher":{"@id":"https:\/\/conexion23.com\/#organization"},"potentialAction":[{"@type":"SearchAction","target":{"@type":"EntryPoint","urlTemplate":"https:\/\/conexion23.com\/?s={search_term_string}"},"query-input":{"@type":"PropertyValueSpecification","valueRequired":true,"valueName":"search_term_string"}}],"inLanguage":"es"},{"@type":"Organization","@id":"https:\/\/conexion23.com\/#organization","name":"Conexion 23","url":"https:\/\/conexion23.com\/","logo":{"@type":"ImageObject","inLanguage":"es","@id":"https:\/\/conexion23.com\/#\/schema\/logo\/image\/","url":"https:\/\/conexion23.com\/wp-content\/uploads\/2021\/11\/Diseno-sin-titulo-2.png","contentUrl":"https:\/\/conexion23.com\/wp-content\/uploads\/2021\/11\/Diseno-sin-titulo-2.png","width":541,"height":90,"caption":"Conexion 23"},"image":{"@id":"https:\/\/conexion23.com\/#\/schema\/logo\/image\/"},"sameAs":["https:\/\/www.facebook.com\/conexion23com","https:\/\/www.instagram.com\/conexion23com\/","https:\/\/www.youtube.com\/channel\/UCYc7vxxFZMYLIHNsHHxPZ3Q"]},{"@type":"Person","@id":"https:\/\/conexion23.com\/#\/schema\/person\/c0b7ce1f0e7a915d08fa289072b8353a","name":"Benjam\u00edn Rosario","image":{"@type":"ImageObject","inLanguage":"es","@id":"https:\/\/secure.gravatar.com\/avatar\/62e1b2539b49cdeb50ee302e2a5f2bd31dc7fdba412bbac67e2a2a6e0c89bb2a?s=96&d=mm&r=g","url":"https:\/\/secure.gravatar.com\/avatar\/62e1b2539b49cdeb50ee302e2a5f2bd31dc7fdba412bbac67e2a2a6e0c89bb2a?s=96&d=mm&r=g","contentUrl":"https:\/\/secure.gravatar.com\/avatar\/62e1b2539b49cdeb50ee302e2a5f2bd31dc7fdba412bbac67e2a2a6e0c89bb2a?s=96&d=mm&r=g","caption":"Benjam\u00edn Rosario"},"url":"https:\/\/conexion23.com\/?author=7"}]}},"_links":{"self":[{"href":"https:\/\/conexion23.com\/index.php?rest_route=\/wp\/v2\/posts\/16263","targetHints":{"allow":["GET"]}}],"collection":[{"href":"https:\/\/conexion23.com\/index.php?rest_route=\/wp\/v2\/posts"}],"about":[{"href":"https:\/\/conexion23.com\/index.php?rest_route=\/wp\/v2\/types\/post"}],"author":[{"embeddable":true,"href":"https:\/\/conexion23.com\/index.php?rest_route=\/wp\/v2\/users\/7"}],"replies":[{"embeddable":true,"href":"https:\/\/conexion23.com\/index.php?rest_route=%2Fwp%2Fv2%2Fcomments&post=16263"}],"version-history":[{"count":1,"href":"https:\/\/conexion23.com\/index.php?rest_route=\/wp\/v2\/posts\/16263\/revisions"}],"predecessor-version":[{"id":16265,"href":"https:\/\/conexion23.com\/index.php?rest_route=\/wp\/v2\/posts\/16263\/revisions\/16265"}],"wp:attachment":[{"href":"https:\/\/conexion23.com\/index.php?rest_route=%2Fwp%2Fv2%2Fmedia&parent=16263"}],"wp:term":[{"taxonomy":"category","embeddable":true,"href":"https:\/\/conexion23.com\/index.php?rest_route=%2Fwp%2Fv2%2Fcategories&post=16263"},{"taxonomy":"post_tag","embeddable":true,"href":"https:\/\/conexion23.com\/index.php?rest_route=%2Fwp%2Fv2%2Ftags&post=16263"}],"curies":[{"name":"wp","href":"https:\/\/api.w.org\/{rel}","templated":true}]}}