{"id":16422,"date":"2023-04-09T21:45:44","date_gmt":"2023-04-10T01:45:44","guid":{"rendered":"https:\/\/conexion23.com\/?p=16422"},"modified":"2023-04-09T21:45:53","modified_gmt":"2023-04-10T01:45:53","slug":"encuentran-hombre-ahorcado-en-higuey","status":"publish","type":"post","link":"https:\/\/conexion23.com\/?p=16422","title":{"rendered":"ENCUENTRAN HOMBRE AHORCADO EN HIGUEY."},"content":{"rendered":"\n<p>Un hombre puso fin a su vida ahorc\u00e1ndose en el paraje Guaconejo de la secci\u00f3n La Enea de Hig\u00fcey.<\/p>\n\n\n\n<p>Se trata de H\u00e9ctor Julio Guerrero Rodr\u00edguez, de 65 a\u00f1os, oriundo de Los Cerritos de este municipio, fue encontrado colgado con una soga atada al cuello en el interior de su vivienda ubicada en la calle Mella de la referida localidad.<\/p>\n\n\n\n<p>H\u00e9ctor Julio falleci\u00f3 por asfixia mec\u00e1nica seg\u00fan certific\u00f3 la m\u00e9dico legista Coral Pache, seg\u00fan declaraciones de Julio guerrero Rodr\u00edguez, hermano del fallecido, su pariente hab\u00eda comprado la soga en una ferreter\u00eda este viernes santo, y al preguntarle para qu\u00e9 era, le contest\u00f3 que era para tenerla en la casa para cualquier emergencia.<\/p>\n\n\n\n<p>Guerrero Rodr\u00edguez ten\u00eda problemas de la pr\u00f3stata y adem\u00e1s sufr\u00eda de depresi\u00f3n, seg\u00fan dijo su hermano.<\/p>\n","protected":false},"excerpt":{"rendered":"<p>Un hombre puso fin a su vida ahorc\u00e1ndose en el paraje Guaconejo de la secci\u00f3n La Enea de Hig\u00fcey. Se trata de H\u00e9ctor Julio Guerrero Rodr\u00edguez, de 65 a\u00f1os, oriundo de Los Cerritos de este municipio, fue encontrado colgado con una soga atada al cuello en el interior de su vivienda ubicada en la calle [&hellip;]<\/p>\n","protected":false},"author":15,"featured_media":0,"comment_status":"open","ping_status":"open","sticky":false,"template":"","format":"standard","meta":{"footnotes":""},"categories":[2474],"tags":[],"class_list":{"0":"post-16422","1":"post","2":"type-post","3":"status-publish","4":"format-standard","6":"category-la-altagracia"},"yoast_head":"<!-- This site is optimized with the Yoast SEO plugin v27.1.1 - https:\/\/yoast.com\/product\/yoast-seo-wordpress\/ -->\n<title>ENCUENTRAN HOMBRE AHORCADO EN HIGUEY. - Conexi\u00f3n 23<\/title>\n<meta name=\"robots\" content=\"index, follow, max-snippet:-1, max-image-preview:large, max-video-preview:-1\" \/>\n<link rel=\"canonical\" href=\"http:\/\/conexion23.com\/?p=16422\" \/>\n<meta property=\"og:locale\" content=\"es_ES\" \/>\n<meta property=\"og:type\" content=\"article\" \/>\n<meta property=\"og:title\" content=\"ENCUENTRAN HOMBRE AHORCADO EN HIGUEY. - Conexi\u00f3n 23\" \/>\n<meta property=\"og:description\" content=\"Un hombre puso fin a su vida ahorc\u00e1ndose en el paraje Guaconejo de la secci\u00f3n La Enea de Hig\u00fcey. Se trata de H\u00e9ctor Julio Guerrero Rodr\u00edguez, de 65 a\u00f1os, oriundo de Los Cerritos de este municipio, fue encontrado colgado con una soga atada al cuello en el interior de su vivienda ubicada en la calle [&hellip;]\" \/>\n<meta property=\"og:url\" content=\"http:\/\/conexion23.com\/?p=16422\" \/>\n<meta property=\"og:site_name\" content=\"Conexi\u00f3n 23\" \/>\n<meta property=\"article:publisher\" content=\"https:\/\/www.facebook.com\/conexion23com\" \/>\n<meta property=\"article:published_time\" content=\"2023-04-10T01:45:44+00:00\" \/>\n<meta property=\"article:modified_time\" content=\"2023-04-10T01:45:53+00:00\" \/>\n<meta name=\"author\" content=\"Raffy Ben\u00edtez\" \/>\n<meta name=\"twitter:card\" content=\"summary_large_image\" \/>\n<meta name=\"twitter:label1\" content=\"Escrito por\" \/>\n\t<meta name=\"twitter:data1\" content=\"Raffy Ben\u00edtez\" \/>\n\t<meta name=\"twitter:label2\" content=\"Tiempo de lectura\" \/>\n\t<meta name=\"twitter:data2\" content=\"1 minuto\" \/>\n<script type=\"application\/ld+json\" class=\"yoast-schema-graph\">{\"@context\":\"https:\/\/schema.org\",\"@graph\":[{\"@type\":\"Article\",\"@id\":\"http:\/\/conexion23.com\/?p=16422#article\",\"isPartOf\":{\"@id\":\"http:\/\/conexion23.com\/?p=16422\"},\"author\":{\"name\":\"Raffy Ben\u00edtez\",\"@id\":\"https:\/\/conexion23.com\/#\/schema\/person\/03e36043331117e97a373299bbcd30a6\"},\"headline\":\"ENCUENTRAN HOMBRE AHORCADO EN HIGUEY.\",\"datePublished\":\"2023-04-10T01:45:44+00:00\",\"dateModified\":\"2023-04-10T01:45:53+00:00\",\"mainEntityOfPage\":{\"@id\":\"http:\/\/conexion23.com\/?p=16422\"},\"wordCount\":153,\"commentCount\":0,\"publisher\":{\"@id\":\"https:\/\/conexion23.com\/#organization\"},\"articleSection\":[\"La Altagracia\"],\"inLanguage\":\"es\",\"potentialAction\":[{\"@type\":\"CommentAction\",\"name\":\"Comment\",\"target\":[\"http:\/\/conexion23.com\/?p=16422#respond\"]}]},{\"@type\":\"WebPage\",\"@id\":\"http:\/\/conexion23.com\/?p=16422\",\"url\":\"http:\/\/conexion23.com\/?p=16422\",\"name\":\"ENCUENTRAN HOMBRE AHORCADO EN HIGUEY. - Conexi\u00f3n 23\",\"isPartOf\":{\"@id\":\"https:\/\/conexion23.com\/#website\"},\"datePublished\":\"2023-04-10T01:45:44+00:00\",\"dateModified\":\"2023-04-10T01:45:53+00:00\",\"breadcrumb\":{\"@id\":\"http:\/\/conexion23.com\/?p=16422#breadcrumb\"},\"inLanguage\":\"es\",\"potentialAction\":[{\"@type\":\"ReadAction\",\"target\":[\"http:\/\/conexion23.com\/?p=16422\"]}]},{\"@type\":\"BreadcrumbList\",\"@id\":\"http:\/\/conexion23.com\/?p=16422#breadcrumb\",\"itemListElement\":[{\"@type\":\"ListItem\",\"position\":1,\"name\":\"Portada\",\"item\":\"https:\/\/conexion23.com\/\"},{\"@type\":\"ListItem\",\"position\":2,\"name\":\"ENCUENTRAN HOMBRE AHORCADO EN HIGUEY.\"}]},{\"@type\":\"WebSite\",\"@id\":\"https:\/\/conexion23.com\/#website\",\"url\":\"https:\/\/conexion23.com\/\",\"name\":\"Conexi\u00f3n 23\",\"description\":\"Peri\u00f3dico 100% Petromacorisano\",\"publisher\":{\"@id\":\"https:\/\/conexion23.com\/#organization\"},\"potentialAction\":[{\"@type\":\"SearchAction\",\"target\":{\"@type\":\"EntryPoint\",\"urlTemplate\":\"https:\/\/conexion23.com\/?s={search_term_string}\"},\"query-input\":{\"@type\":\"PropertyValueSpecification\",\"valueRequired\":true,\"valueName\":\"search_term_string\"}}],\"inLanguage\":\"es\"},{\"@type\":\"Organization\",\"@id\":\"https:\/\/conexion23.com\/#organization\",\"name\":\"Conexion 23\",\"url\":\"https:\/\/conexion23.com\/\",\"logo\":{\"@type\":\"ImageObject\",\"inLanguage\":\"es\",\"@id\":\"https:\/\/conexion23.com\/#\/schema\/logo\/image\/\",\"url\":\"https:\/\/conexion23.com\/wp-content\/uploads\/2021\/11\/Diseno-sin-titulo-2.png\",\"contentUrl\":\"https:\/\/conexion23.com\/wp-content\/uploads\/2021\/11\/Diseno-sin-titulo-2.png\",\"width\":541,\"height\":90,\"caption\":\"Conexion 23\"},\"image\":{\"@id\":\"https:\/\/conexion23.com\/#\/schema\/logo\/image\/\"},\"sameAs\":[\"https:\/\/www.facebook.com\/conexion23com\",\"https:\/\/www.instagram.com\/conexion23com\/\",\"https:\/\/www.youtube.com\/channel\/UCYc7vxxFZMYLIHNsHHxPZ3Q\"]},{\"@type\":\"Person\",\"@id\":\"https:\/\/conexion23.com\/#\/schema\/person\/03e36043331117e97a373299bbcd30a6\",\"name\":\"Raffy Ben\u00edtez\",\"image\":{\"@type\":\"ImageObject\",\"inLanguage\":\"es\",\"@id\":\"https:\/\/conexion23.com\/#\/schema\/person\/image\/\",\"url\":\"https:\/\/secure.gravatar.com\/avatar\/3190a6a6c5e1b0327500f7d6c56b6242472ee6cb974cf09b401ee6b3b0798f23?s=96&d=mm&r=g\",\"contentUrl\":\"https:\/\/secure.gravatar.com\/avatar\/3190a6a6c5e1b0327500f7d6c56b6242472ee6cb974cf09b401ee6b3b0798f23?s=96&d=mm&r=g\",\"caption\":\"Raffy Ben\u00edtez\"},\"url\":\"https:\/\/conexion23.com\/?author=15\"}]}<\/script>\n<!-- \/ Yoast SEO plugin. -->","yoast_head_json":{"title":"ENCUENTRAN HOMBRE AHORCADO EN HIGUEY. - Conexi\u00f3n 23","robots":{"index":"index","follow":"follow","max-snippet":"max-snippet:-1","max-image-preview":"max-image-preview:large","max-video-preview":"max-video-preview:-1"},"canonical":"http:\/\/conexion23.com\/?p=16422","og_locale":"es_ES","og_type":"article","og_title":"ENCUENTRAN HOMBRE AHORCADO EN HIGUEY. - Conexi\u00f3n 23","og_description":"Un hombre puso fin a su vida ahorc\u00e1ndose en el paraje Guaconejo de la secci\u00f3n La Enea de Hig\u00fcey. Se trata de H\u00e9ctor Julio Guerrero Rodr\u00edguez, de 65 a\u00f1os, oriundo de Los Cerritos de este municipio, fue encontrado colgado con una soga atada al cuello en el interior de su vivienda ubicada en la calle [&hellip;]","og_url":"http:\/\/conexion23.com\/?p=16422","og_site_name":"Conexi\u00f3n 23","article_publisher":"https:\/\/www.facebook.com\/conexion23com","article_published_time":"2023-04-10T01:45:44+00:00","article_modified_time":"2023-04-10T01:45:53+00:00","author":"Raffy Ben\u00edtez","twitter_card":"summary_large_image","twitter_misc":{"Escrito por":"Raffy Ben\u00edtez","Tiempo de lectura":"1 minuto"},"schema":{"@context":"https:\/\/schema.org","@graph":[{"@type":"Article","@id":"http:\/\/conexion23.com\/?p=16422#article","isPartOf":{"@id":"http:\/\/conexion23.com\/?p=16422"},"author":{"name":"Raffy Ben\u00edtez","@id":"https:\/\/conexion23.com\/#\/schema\/person\/03e36043331117e97a373299bbcd30a6"},"headline":"ENCUENTRAN HOMBRE AHORCADO EN HIGUEY.","datePublished":"2023-04-10T01:45:44+00:00","dateModified":"2023-04-10T01:45:53+00:00","mainEntityOfPage":{"@id":"http:\/\/conexion23.com\/?p=16422"},"wordCount":153,"commentCount":0,"publisher":{"@id":"https:\/\/conexion23.com\/#organization"},"articleSection":["La Altagracia"],"inLanguage":"es","potentialAction":[{"@type":"CommentAction","name":"Comment","target":["http:\/\/conexion23.com\/?p=16422#respond"]}]},{"@type":"WebPage","@id":"http:\/\/conexion23.com\/?p=16422","url":"http:\/\/conexion23.com\/?p=16422","name":"ENCUENTRAN HOMBRE AHORCADO EN HIGUEY. - Conexi\u00f3n 23","isPartOf":{"@id":"https:\/\/conexion23.com\/#website"},"datePublished":"2023-04-10T01:45:44+00:00","dateModified":"2023-04-10T01:45:53+00:00","breadcrumb":{"@id":"http:\/\/conexion23.com\/?p=16422#breadcrumb"},"inLanguage":"es","potentialAction":[{"@type":"ReadAction","target":["http:\/\/conexion23.com\/?p=16422"]}]},{"@type":"BreadcrumbList","@id":"http:\/\/conexion23.com\/?p=16422#breadcrumb","itemListElement":[{"@type":"ListItem","position":1,"name":"Portada","item":"https:\/\/conexion23.com\/"},{"@type":"ListItem","position":2,"name":"ENCUENTRAN HOMBRE AHORCADO EN HIGUEY."}]},{"@type":"WebSite","@id":"https:\/\/conexion23.com\/#website","url":"https:\/\/conexion23.com\/","name":"Conexi\u00f3n 23","description":"Peri\u00f3dico 100% Petromacorisano","publisher":{"@id":"https:\/\/conexion23.com\/#organization"},"potentialAction":[{"@type":"SearchAction","target":{"@type":"EntryPoint","urlTemplate":"https:\/\/conexion23.com\/?s={search_term_string}"},"query-input":{"@type":"PropertyValueSpecification","valueRequired":true,"valueName":"search_term_string"}}],"inLanguage":"es"},{"@type":"Organization","@id":"https:\/\/conexion23.com\/#organization","name":"Conexion 23","url":"https:\/\/conexion23.com\/","logo":{"@type":"ImageObject","inLanguage":"es","@id":"https:\/\/conexion23.com\/#\/schema\/logo\/image\/","url":"https:\/\/conexion23.com\/wp-content\/uploads\/2021\/11\/Diseno-sin-titulo-2.png","contentUrl":"https:\/\/conexion23.com\/wp-content\/uploads\/2021\/11\/Diseno-sin-titulo-2.png","width":541,"height":90,"caption":"Conexion 23"},"image":{"@id":"https:\/\/conexion23.com\/#\/schema\/logo\/image\/"},"sameAs":["https:\/\/www.facebook.com\/conexion23com","https:\/\/www.instagram.com\/conexion23com\/","https:\/\/www.youtube.com\/channel\/UCYc7vxxFZMYLIHNsHHxPZ3Q"]},{"@type":"Person","@id":"https:\/\/conexion23.com\/#\/schema\/person\/03e36043331117e97a373299bbcd30a6","name":"Raffy Ben\u00edtez","image":{"@type":"ImageObject","inLanguage":"es","@id":"https:\/\/conexion23.com\/#\/schema\/person\/image\/","url":"https:\/\/secure.gravatar.com\/avatar\/3190a6a6c5e1b0327500f7d6c56b6242472ee6cb974cf09b401ee6b3b0798f23?s=96&d=mm&r=g","contentUrl":"https:\/\/secure.gravatar.com\/avatar\/3190a6a6c5e1b0327500f7d6c56b6242472ee6cb974cf09b401ee6b3b0798f23?s=96&d=mm&r=g","caption":"Raffy Ben\u00edtez"},"url":"https:\/\/conexion23.com\/?author=15"}]}},"_links":{"self":[{"href":"https:\/\/conexion23.com\/index.php?rest_route=\/wp\/v2\/posts\/16422","targetHints":{"allow":["GET"]}}],"collection":[{"href":"https:\/\/conexion23.com\/index.php?rest_route=\/wp\/v2\/posts"}],"about":[{"href":"https:\/\/conexion23.com\/index.php?rest_route=\/wp\/v2\/types\/post"}],"author":[{"embeddable":true,"href":"https:\/\/conexion23.com\/index.php?rest_route=\/wp\/v2\/users\/15"}],"replies":[{"embeddable":true,"href":"https:\/\/conexion23.com\/index.php?rest_route=%2Fwp%2Fv2%2Fcomments&post=16422"}],"version-history":[{"count":1,"href":"https:\/\/conexion23.com\/index.php?rest_route=\/wp\/v2\/posts\/16422\/revisions"}],"predecessor-version":[{"id":16424,"href":"https:\/\/conexion23.com\/index.php?rest_route=\/wp\/v2\/posts\/16422\/revisions\/16424"}],"wp:attachment":[{"href":"https:\/\/conexion23.com\/index.php?rest_route=%2Fwp%2Fv2%2Fmedia&parent=16422"}],"wp:term":[{"taxonomy":"category","embeddable":true,"href":"https:\/\/conexion23.com\/index.php?rest_route=%2Fwp%2Fv2%2Fcategories&post=16422"},{"taxonomy":"post_tag","embeddable":true,"href":"https:\/\/conexion23.com\/index.php?rest_route=%2Fwp%2Fv2%2Ftags&post=16422"}],"curies":[{"name":"wp","href":"https:\/\/api.w.org\/{rel}","templated":true}]}}