{"id":16440,"date":"2023-04-09T22:17:21","date_gmt":"2023-04-10T02:17:21","guid":{"rendered":"https:\/\/conexion23.com\/?p=16440"},"modified":"2023-04-09T22:17:23","modified_gmt":"2023-04-10T02:17:23","slug":"accidente-de-transito-proximo-a-puente-mauricio-baez-en-san-pedro-de-macoris","status":"publish","type":"post","link":"https:\/\/conexion23.com\/?p=16440","title":{"rendered":"Accidente de tr\u00e1nsito pr\u00f3ximo a Puente Mauricio B\u00e1ez en San Pedro de Macoris."},"content":{"rendered":"\n<p>Un accidente m\u00faltiple se registr\u00f3 pr\u00f3ximo al Puente Mauricio B\u00e1ez de esta ciudad.<\/p>\n\n\n\n<p>Los ocupantes de los veh\u00edculos fueron identificados como Robert Alexander Minaya de 33 a\u00f1os, qui\u00e9n viajaba en una camioneta Frontier color blanca, Feliz Manuel Rosario de 30, el cual conduc\u00eda el veh\u00edculo marca Hyundai blanco, y una tercera persona de nombre Elvis Ricardo de Jes\u00fas de 33, copiloto del \u00faltimo.<\/p>\n\n\n\n<p>Mientras que Juan Del Rosario, de 41, se transportaba en un cami\u00f3n patana de color blanco.<\/p>\n\n\n\n<p>Miembros de la Defensa Civil acudieron a brindar asistencia a los conductores, los cu\u00e1les resultaron todos ilesos.<\/p>\n","protected":false},"excerpt":{"rendered":"<p>Un accidente m\u00faltiple se registr\u00f3 pr\u00f3ximo al Puente Mauricio B\u00e1ez de esta ciudad. Los ocupantes de los veh\u00edculos fueron identificados como Robert Alexander Minaya de 33 a\u00f1os, qui\u00e9n viajaba en una camioneta Frontier color blanca, Feliz Manuel Rosario de 30, el cual conduc\u00eda el veh\u00edculo marca Hyundai blanco, y una tercera persona de nombre Elvis [&hellip;]<\/p>\n","protected":false},"author":15,"featured_media":0,"comment_status":"open","ping_status":"open","sticky":false,"template":"","format":"standard","meta":{"footnotes":""},"categories":[35],"tags":[],"class_list":{"0":"post-16440","1":"post","2":"type-post","3":"status-publish","4":"format-standard","6":"category-spm"},"yoast_head":"<!-- This site is optimized with the Yoast SEO plugin v27.1.1 - https:\/\/yoast.com\/product\/yoast-seo-wordpress\/ -->\n<title>Accidente de tr\u00e1nsito pr\u00f3ximo a Puente Mauricio B\u00e1ez en San Pedro de Macoris. - Conexi\u00f3n 23<\/title>\n<meta name=\"robots\" content=\"index, follow, max-snippet:-1, max-image-preview:large, max-video-preview:-1\" \/>\n<link rel=\"canonical\" href=\"https:\/\/conexion23.com\/?p=16440\" \/>\n<meta property=\"og:locale\" content=\"es_ES\" \/>\n<meta property=\"og:type\" content=\"article\" \/>\n<meta property=\"og:title\" content=\"Accidente de tr\u00e1nsito pr\u00f3ximo a Puente Mauricio B\u00e1ez en San Pedro de Macoris. - Conexi\u00f3n 23\" \/>\n<meta property=\"og:description\" content=\"Un accidente m\u00faltiple se registr\u00f3 pr\u00f3ximo al Puente Mauricio B\u00e1ez de esta ciudad. Los ocupantes de los veh\u00edculos fueron identificados como Robert Alexander Minaya de 33 a\u00f1os, qui\u00e9n viajaba en una camioneta Frontier color blanca, Feliz Manuel Rosario de 30, el cual conduc\u00eda el veh\u00edculo marca Hyundai blanco, y una tercera persona de nombre Elvis [&hellip;]\" \/>\n<meta property=\"og:url\" content=\"https:\/\/conexion23.com\/?p=16440\" \/>\n<meta property=\"og:site_name\" content=\"Conexi\u00f3n 23\" \/>\n<meta property=\"article:publisher\" content=\"https:\/\/www.facebook.com\/conexion23com\" \/>\n<meta property=\"article:published_time\" content=\"2023-04-10T02:17:21+00:00\" \/>\n<meta property=\"article:modified_time\" content=\"2023-04-10T02:17:23+00:00\" \/>\n<meta name=\"author\" content=\"Raffy Ben\u00edtez\" \/>\n<meta name=\"twitter:card\" content=\"summary_large_image\" \/>\n<meta name=\"twitter:label1\" content=\"Escrito por\" \/>\n\t<meta name=\"twitter:data1\" content=\"Raffy Ben\u00edtez\" \/>\n\t<meta name=\"twitter:label2\" content=\"Tiempo de lectura\" \/>\n\t<meta name=\"twitter:data2\" content=\"1 minuto\" \/>\n<script type=\"application\/ld+json\" class=\"yoast-schema-graph\">{\"@context\":\"https:\/\/schema.org\",\"@graph\":[{\"@type\":\"Article\",\"@id\":\"https:\/\/conexion23.com\/?p=16440#article\",\"isPartOf\":{\"@id\":\"https:\/\/conexion23.com\/?p=16440\"},\"author\":{\"name\":\"Raffy Ben\u00edtez\",\"@id\":\"https:\/\/conexion23.com\/#\/schema\/person\/03e36043331117e97a373299bbcd30a6\"},\"headline\":\"Accidente de tr\u00e1nsito pr\u00f3ximo a Puente Mauricio B\u00e1ez en San Pedro de Macoris.\",\"datePublished\":\"2023-04-10T02:17:21+00:00\",\"dateModified\":\"2023-04-10T02:17:23+00:00\",\"mainEntityOfPage\":{\"@id\":\"https:\/\/conexion23.com\/?p=16440\"},\"wordCount\":119,\"commentCount\":0,\"publisher\":{\"@id\":\"https:\/\/conexion23.com\/#organization\"},\"articleSection\":[\"SPM\"],\"inLanguage\":\"es\",\"potentialAction\":[{\"@type\":\"CommentAction\",\"name\":\"Comment\",\"target\":[\"https:\/\/conexion23.com\/?p=16440#respond\"]}]},{\"@type\":\"WebPage\",\"@id\":\"https:\/\/conexion23.com\/?p=16440\",\"url\":\"https:\/\/conexion23.com\/?p=16440\",\"name\":\"Accidente de tr\u00e1nsito pr\u00f3ximo a Puente Mauricio B\u00e1ez en San Pedro de Macoris. - Conexi\u00f3n 23\",\"isPartOf\":{\"@id\":\"https:\/\/conexion23.com\/#website\"},\"datePublished\":\"2023-04-10T02:17:21+00:00\",\"dateModified\":\"2023-04-10T02:17:23+00:00\",\"breadcrumb\":{\"@id\":\"https:\/\/conexion23.com\/?p=16440#breadcrumb\"},\"inLanguage\":\"es\",\"potentialAction\":[{\"@type\":\"ReadAction\",\"target\":[\"https:\/\/conexion23.com\/?p=16440\"]}]},{\"@type\":\"BreadcrumbList\",\"@id\":\"https:\/\/conexion23.com\/?p=16440#breadcrumb\",\"itemListElement\":[{\"@type\":\"ListItem\",\"position\":1,\"name\":\"Portada\",\"item\":\"https:\/\/conexion23.com\/\"},{\"@type\":\"ListItem\",\"position\":2,\"name\":\"Accidente de tr\u00e1nsito pr\u00f3ximo a Puente Mauricio B\u00e1ez en San Pedro de Macoris.\"}]},{\"@type\":\"WebSite\",\"@id\":\"https:\/\/conexion23.com\/#website\",\"url\":\"https:\/\/conexion23.com\/\",\"name\":\"Conexi\u00f3n 23\",\"description\":\"Peri\u00f3dico 100% Petromacorisano\",\"publisher\":{\"@id\":\"https:\/\/conexion23.com\/#organization\"},\"potentialAction\":[{\"@type\":\"SearchAction\",\"target\":{\"@type\":\"EntryPoint\",\"urlTemplate\":\"https:\/\/conexion23.com\/?s={search_term_string}\"},\"query-input\":{\"@type\":\"PropertyValueSpecification\",\"valueRequired\":true,\"valueName\":\"search_term_string\"}}],\"inLanguage\":\"es\"},{\"@type\":\"Organization\",\"@id\":\"https:\/\/conexion23.com\/#organization\",\"name\":\"Conexion 23\",\"url\":\"https:\/\/conexion23.com\/\",\"logo\":{\"@type\":\"ImageObject\",\"inLanguage\":\"es\",\"@id\":\"https:\/\/conexion23.com\/#\/schema\/logo\/image\/\",\"url\":\"https:\/\/conexion23.com\/wp-content\/uploads\/2021\/11\/Diseno-sin-titulo-2.png\",\"contentUrl\":\"https:\/\/conexion23.com\/wp-content\/uploads\/2021\/11\/Diseno-sin-titulo-2.png\",\"width\":541,\"height\":90,\"caption\":\"Conexion 23\"},\"image\":{\"@id\":\"https:\/\/conexion23.com\/#\/schema\/logo\/image\/\"},\"sameAs\":[\"https:\/\/www.facebook.com\/conexion23com\",\"https:\/\/www.instagram.com\/conexion23com\/\",\"https:\/\/www.youtube.com\/channel\/UCYc7vxxFZMYLIHNsHHxPZ3Q\"]},{\"@type\":\"Person\",\"@id\":\"https:\/\/conexion23.com\/#\/schema\/person\/03e36043331117e97a373299bbcd30a6\",\"name\":\"Raffy Ben\u00edtez\",\"image\":{\"@type\":\"ImageObject\",\"inLanguage\":\"es\",\"@id\":\"https:\/\/conexion23.com\/#\/schema\/person\/image\/\",\"url\":\"https:\/\/secure.gravatar.com\/avatar\/3190a6a6c5e1b0327500f7d6c56b6242472ee6cb974cf09b401ee6b3b0798f23?s=96&d=mm&r=g\",\"contentUrl\":\"https:\/\/secure.gravatar.com\/avatar\/3190a6a6c5e1b0327500f7d6c56b6242472ee6cb974cf09b401ee6b3b0798f23?s=96&d=mm&r=g\",\"caption\":\"Raffy Ben\u00edtez\"},\"url\":\"https:\/\/conexion23.com\/?author=15\"}]}<\/script>\n<!-- \/ Yoast SEO plugin. -->","yoast_head_json":{"title":"Accidente de tr\u00e1nsito pr\u00f3ximo a Puente Mauricio B\u00e1ez en San Pedro de Macoris. - Conexi\u00f3n 23","robots":{"index":"index","follow":"follow","max-snippet":"max-snippet:-1","max-image-preview":"max-image-preview:large","max-video-preview":"max-video-preview:-1"},"canonical":"https:\/\/conexion23.com\/?p=16440","og_locale":"es_ES","og_type":"article","og_title":"Accidente de tr\u00e1nsito pr\u00f3ximo a Puente Mauricio B\u00e1ez en San Pedro de Macoris. - Conexi\u00f3n 23","og_description":"Un accidente m\u00faltiple se registr\u00f3 pr\u00f3ximo al Puente Mauricio B\u00e1ez de esta ciudad. Los ocupantes de los veh\u00edculos fueron identificados como Robert Alexander Minaya de 33 a\u00f1os, qui\u00e9n viajaba en una camioneta Frontier color blanca, Feliz Manuel Rosario de 30, el cual conduc\u00eda el veh\u00edculo marca Hyundai blanco, y una tercera persona de nombre Elvis [&hellip;]","og_url":"https:\/\/conexion23.com\/?p=16440","og_site_name":"Conexi\u00f3n 23","article_publisher":"https:\/\/www.facebook.com\/conexion23com","article_published_time":"2023-04-10T02:17:21+00:00","article_modified_time":"2023-04-10T02:17:23+00:00","author":"Raffy Ben\u00edtez","twitter_card":"summary_large_image","twitter_misc":{"Escrito por":"Raffy Ben\u00edtez","Tiempo de lectura":"1 minuto"},"schema":{"@context":"https:\/\/schema.org","@graph":[{"@type":"Article","@id":"https:\/\/conexion23.com\/?p=16440#article","isPartOf":{"@id":"https:\/\/conexion23.com\/?p=16440"},"author":{"name":"Raffy Ben\u00edtez","@id":"https:\/\/conexion23.com\/#\/schema\/person\/03e36043331117e97a373299bbcd30a6"},"headline":"Accidente de tr\u00e1nsito pr\u00f3ximo a Puente Mauricio B\u00e1ez en San Pedro de Macoris.","datePublished":"2023-04-10T02:17:21+00:00","dateModified":"2023-04-10T02:17:23+00:00","mainEntityOfPage":{"@id":"https:\/\/conexion23.com\/?p=16440"},"wordCount":119,"commentCount":0,"publisher":{"@id":"https:\/\/conexion23.com\/#organization"},"articleSection":["SPM"],"inLanguage":"es","potentialAction":[{"@type":"CommentAction","name":"Comment","target":["https:\/\/conexion23.com\/?p=16440#respond"]}]},{"@type":"WebPage","@id":"https:\/\/conexion23.com\/?p=16440","url":"https:\/\/conexion23.com\/?p=16440","name":"Accidente de tr\u00e1nsito pr\u00f3ximo a Puente Mauricio B\u00e1ez en San Pedro de Macoris. - Conexi\u00f3n 23","isPartOf":{"@id":"https:\/\/conexion23.com\/#website"},"datePublished":"2023-04-10T02:17:21+00:00","dateModified":"2023-04-10T02:17:23+00:00","breadcrumb":{"@id":"https:\/\/conexion23.com\/?p=16440#breadcrumb"},"inLanguage":"es","potentialAction":[{"@type":"ReadAction","target":["https:\/\/conexion23.com\/?p=16440"]}]},{"@type":"BreadcrumbList","@id":"https:\/\/conexion23.com\/?p=16440#breadcrumb","itemListElement":[{"@type":"ListItem","position":1,"name":"Portada","item":"https:\/\/conexion23.com\/"},{"@type":"ListItem","position":2,"name":"Accidente de tr\u00e1nsito pr\u00f3ximo a Puente Mauricio B\u00e1ez en San Pedro de Macoris."}]},{"@type":"WebSite","@id":"https:\/\/conexion23.com\/#website","url":"https:\/\/conexion23.com\/","name":"Conexi\u00f3n 23","description":"Peri\u00f3dico 100% Petromacorisano","publisher":{"@id":"https:\/\/conexion23.com\/#organization"},"potentialAction":[{"@type":"SearchAction","target":{"@type":"EntryPoint","urlTemplate":"https:\/\/conexion23.com\/?s={search_term_string}"},"query-input":{"@type":"PropertyValueSpecification","valueRequired":true,"valueName":"search_term_string"}}],"inLanguage":"es"},{"@type":"Organization","@id":"https:\/\/conexion23.com\/#organization","name":"Conexion 23","url":"https:\/\/conexion23.com\/","logo":{"@type":"ImageObject","inLanguage":"es","@id":"https:\/\/conexion23.com\/#\/schema\/logo\/image\/","url":"https:\/\/conexion23.com\/wp-content\/uploads\/2021\/11\/Diseno-sin-titulo-2.png","contentUrl":"https:\/\/conexion23.com\/wp-content\/uploads\/2021\/11\/Diseno-sin-titulo-2.png","width":541,"height":90,"caption":"Conexion 23"},"image":{"@id":"https:\/\/conexion23.com\/#\/schema\/logo\/image\/"},"sameAs":["https:\/\/www.facebook.com\/conexion23com","https:\/\/www.instagram.com\/conexion23com\/","https:\/\/www.youtube.com\/channel\/UCYc7vxxFZMYLIHNsHHxPZ3Q"]},{"@type":"Person","@id":"https:\/\/conexion23.com\/#\/schema\/person\/03e36043331117e97a373299bbcd30a6","name":"Raffy Ben\u00edtez","image":{"@type":"ImageObject","inLanguage":"es","@id":"https:\/\/conexion23.com\/#\/schema\/person\/image\/","url":"https:\/\/secure.gravatar.com\/avatar\/3190a6a6c5e1b0327500f7d6c56b6242472ee6cb974cf09b401ee6b3b0798f23?s=96&d=mm&r=g","contentUrl":"https:\/\/secure.gravatar.com\/avatar\/3190a6a6c5e1b0327500f7d6c56b6242472ee6cb974cf09b401ee6b3b0798f23?s=96&d=mm&r=g","caption":"Raffy Ben\u00edtez"},"url":"https:\/\/conexion23.com\/?author=15"}]}},"_links":{"self":[{"href":"https:\/\/conexion23.com\/index.php?rest_route=\/wp\/v2\/posts\/16440","targetHints":{"allow":["GET"]}}],"collection":[{"href":"https:\/\/conexion23.com\/index.php?rest_route=\/wp\/v2\/posts"}],"about":[{"href":"https:\/\/conexion23.com\/index.php?rest_route=\/wp\/v2\/types\/post"}],"author":[{"embeddable":true,"href":"https:\/\/conexion23.com\/index.php?rest_route=\/wp\/v2\/users\/15"}],"replies":[{"embeddable":true,"href":"https:\/\/conexion23.com\/index.php?rest_route=%2Fwp%2Fv2%2Fcomments&post=16440"}],"version-history":[{"count":1,"href":"https:\/\/conexion23.com\/index.php?rest_route=\/wp\/v2\/posts\/16440\/revisions"}],"predecessor-version":[{"id":16442,"href":"https:\/\/conexion23.com\/index.php?rest_route=\/wp\/v2\/posts\/16440\/revisions\/16442"}],"wp:attachment":[{"href":"https:\/\/conexion23.com\/index.php?rest_route=%2Fwp%2Fv2%2Fmedia&parent=16440"}],"wp:term":[{"taxonomy":"category","embeddable":true,"href":"https:\/\/conexion23.com\/index.php?rest_route=%2Fwp%2Fv2%2Fcategories&post=16440"},{"taxonomy":"post_tag","embeddable":true,"href":"https:\/\/conexion23.com\/index.php?rest_route=%2Fwp%2Fv2%2Ftags&post=16440"}],"curies":[{"name":"wp","href":"https:\/\/api.w.org\/{rel}","templated":true}]}}