{"id":16590,"date":"2023-04-26T09:37:58","date_gmt":"2023-04-26T13:37:58","guid":{"rendered":"https:\/\/conexion23.com\/?p=16590"},"modified":"2023-04-26T09:38:00","modified_gmt":"2023-04-26T13:38:00","slug":"xi-jinping-habla-por-primera-vez-con-zelenski-desde-el-inicio-del-conflicto","status":"publish","type":"post","link":"https:\/\/conexion23.com\/?p=16590","title":{"rendered":"Xi Jinping habla por primera vez con Zelenski desde el inicio del conflicto"},"content":{"rendered":"\n<p class=\"wp-block-paragraph\"><strong>Pek\u00edn.-&nbsp;<\/strong>El&nbsp;<strong>presidente chino, Xi Jinping<\/strong>, habl\u00f3 hoy por tel\u00e9fono con su hom\u00f3logo ucraniano, Volodimir Zelenski, informaron medios estatales del pa\u00eds asi\u00e1tico.<\/p>\n\n\n\n<p class=\"wp-block-paragraph\">A pesar de que China insiste en que mantiene una posici\u00f3n neutral en el conflicto, Xi no hab\u00eda hablado con Zelenski desde el principio de la invasi\u00f3n rusa de Ucrania, en febrero de 2022, pero s\u00ed lo ha hecho en varias ocasiones con el gobernante de Rusia, Vladimir Putin.<\/p>\n\n\n\n<p class=\"wp-block-paragraph\">Zelenski, dijo que mantuvo este mi\u00e9rcoles una \u00ablarga y significativa\u00bb conversaci\u00f3n con el l\u00edder chino.<\/p>\n\n\n\n<p class=\"wp-block-paragraph\">\u00abTuve una llamada telef\u00f3nica larga y significativa con el presidente Xi Jinping. Creo que esta llamada, as\u00ed como el nombramiento del embajador de Ucrania en China, dar\u00e1n un poderoso impulso al desarrollo de nuestras relaciones bilaterales\u00bb, dijo Zelenski en su cuenta de Twitter.<\/p>\n","protected":false},"excerpt":{"rendered":"<p>Pek\u00edn.-&nbsp;El&nbsp;presidente chino, Xi Jinping, habl\u00f3 hoy por tel\u00e9fono con su hom\u00f3logo ucraniano, Volodimir Zelenski, informaron medios estatales del pa\u00eds asi\u00e1tico. A pesar de que China insiste en que mantiene una posici\u00f3n neutral en el conflicto, Xi no hab\u00eda hablado con Zelenski desde el principio de la invasi\u00f3n rusa de Ucrania, en febrero de 2022, pero [&hellip;]<\/p>\n","protected":false},"author":15,"featured_media":0,"comment_status":"open","ping_status":"open","sticky":false,"template":"","format":"standard","meta":{"footnotes":""},"categories":[1],"tags":[],"class_list":["post-16590","post","type-post","status-publish","format-standard","category-uncategorized"],"yoast_head":"<!-- This site is optimized with the Yoast SEO plugin v27.6 - https:\/\/yoast.com\/product\/yoast-seo-wordpress\/ -->\n<title>Xi Jinping habla por primera vez con Zelenski desde el inicio del conflicto - Conexi\u00f3n 23<\/title>\n<meta name=\"robots\" content=\"index, follow, max-snippet:-1, max-image-preview:large, max-video-preview:-1\" \/>\n<link rel=\"canonical\" href=\"https:\/\/conexion23.com\/?p=16590\" \/>\n<meta property=\"og:locale\" content=\"es_ES\" \/>\n<meta property=\"og:type\" content=\"article\" \/>\n<meta property=\"og:title\" content=\"Xi Jinping habla por primera vez con Zelenski desde el inicio del conflicto - Conexi\u00f3n 23\" \/>\n<meta property=\"og:description\" content=\"Pek\u00edn.-&nbsp;El&nbsp;presidente chino, Xi Jinping, habl\u00f3 hoy por tel\u00e9fono con su hom\u00f3logo ucraniano, Volodimir Zelenski, informaron medios estatales del pa\u00eds asi\u00e1tico. A pesar de que China insiste en que mantiene una posici\u00f3n neutral en el conflicto, Xi no hab\u00eda hablado con Zelenski desde el principio de la invasi\u00f3n rusa de Ucrania, en febrero de 2022, pero [&hellip;]\" \/>\n<meta property=\"og:url\" content=\"https:\/\/conexion23.com\/?p=16590\" \/>\n<meta property=\"og:site_name\" content=\"Conexi\u00f3n 23\" \/>\n<meta property=\"article:publisher\" content=\"https:\/\/www.facebook.com\/conexion23com\" \/>\n<meta property=\"article:published_time\" content=\"2023-04-26T13:37:58+00:00\" \/>\n<meta property=\"article:modified_time\" content=\"2023-04-26T13:38:00+00:00\" \/>\n<meta name=\"author\" content=\"Raffy Ben\u00edtez\" \/>\n<meta name=\"twitter:card\" content=\"summary_large_image\" \/>\n<meta name=\"twitter:label1\" content=\"Escrito por\" \/>\n\t<meta name=\"twitter:data1\" content=\"Raffy Ben\u00edtez\" \/>\n\t<meta name=\"twitter:label2\" content=\"Tiempo de lectura\" \/>\n\t<meta name=\"twitter:data2\" content=\"1 minuto\" \/>\n<script type=\"application\/ld+json\" class=\"yoast-schema-graph\">{\"@context\":\"https:\\\/\\\/schema.org\",\"@graph\":[{\"@type\":\"Article\",\"@id\":\"https:\\\/\\\/conexion23.com\\\/?p=16590#article\",\"isPartOf\":{\"@id\":\"https:\\\/\\\/conexion23.com\\\/?p=16590\"},\"author\":{\"name\":\"Raffy Ben\u00edtez\",\"@id\":\"https:\\\/\\\/conexion23.com\\\/#\\\/schema\\\/person\\\/03e36043331117e97a373299bbcd30a6\"},\"headline\":\"Xi Jinping habla por primera vez con Zelenski desde el inicio del conflicto\",\"datePublished\":\"2023-04-26T13:37:58+00:00\",\"dateModified\":\"2023-04-26T13:38:00+00:00\",\"mainEntityOfPage\":{\"@id\":\"https:\\\/\\\/conexion23.com\\\/?p=16590\"},\"wordCount\":157,\"commentCount\":0,\"publisher\":{\"@id\":\"https:\\\/\\\/conexion23.com\\\/#organization\"},\"articleSection\":[\"Uncategorized\"],\"inLanguage\":\"es\",\"potentialAction\":[{\"@type\":\"CommentAction\",\"name\":\"Comment\",\"target\":[\"https:\\\/\\\/conexion23.com\\\/?p=16590#respond\"]}]},{\"@type\":\"WebPage\",\"@id\":\"https:\\\/\\\/conexion23.com\\\/?p=16590\",\"url\":\"https:\\\/\\\/conexion23.com\\\/?p=16590\",\"name\":\"Xi Jinping habla por primera vez con Zelenski desde el inicio del conflicto - Conexi\u00f3n 23\",\"isPartOf\":{\"@id\":\"https:\\\/\\\/conexion23.com\\\/#website\"},\"datePublished\":\"2023-04-26T13:37:58+00:00\",\"dateModified\":\"2023-04-26T13:38:00+00:00\",\"breadcrumb\":{\"@id\":\"https:\\\/\\\/conexion23.com\\\/?p=16590#breadcrumb\"},\"inLanguage\":\"es\",\"potentialAction\":[{\"@type\":\"ReadAction\",\"target\":[\"https:\\\/\\\/conexion23.com\\\/?p=16590\"]}]},{\"@type\":\"BreadcrumbList\",\"@id\":\"https:\\\/\\\/conexion23.com\\\/?p=16590#breadcrumb\",\"itemListElement\":[{\"@type\":\"ListItem\",\"position\":1,\"name\":\"Portada\",\"item\":\"https:\\\/\\\/conexion23.com\\\/\"},{\"@type\":\"ListItem\",\"position\":2,\"name\":\"Xi Jinping habla por primera vez con Zelenski desde el inicio del conflicto\"}]},{\"@type\":\"WebSite\",\"@id\":\"https:\\\/\\\/conexion23.com\\\/#website\",\"url\":\"https:\\\/\\\/conexion23.com\\\/\",\"name\":\"Conexi\u00f3n 23\",\"description\":\"Peri\u00f3dico 100% Petromacorisano\",\"publisher\":{\"@id\":\"https:\\\/\\\/conexion23.com\\\/#organization\"},\"potentialAction\":[{\"@type\":\"SearchAction\",\"target\":{\"@type\":\"EntryPoint\",\"urlTemplate\":\"https:\\\/\\\/conexion23.com\\\/?s={search_term_string}\"},\"query-input\":{\"@type\":\"PropertyValueSpecification\",\"valueRequired\":true,\"valueName\":\"search_term_string\"}}],\"inLanguage\":\"es\"},{\"@type\":\"Organization\",\"@id\":\"https:\\\/\\\/conexion23.com\\\/#organization\",\"name\":\"Conexion 23\",\"url\":\"https:\\\/\\\/conexion23.com\\\/\",\"logo\":{\"@type\":\"ImageObject\",\"inLanguage\":\"es\",\"@id\":\"https:\\\/\\\/conexion23.com\\\/#\\\/schema\\\/logo\\\/image\\\/\",\"url\":\"https:\\\/\\\/conexion23.com\\\/wp-content\\\/uploads\\\/2021\\\/11\\\/Diseno-sin-titulo-2.png\",\"contentUrl\":\"https:\\\/\\\/conexion23.com\\\/wp-content\\\/uploads\\\/2021\\\/11\\\/Diseno-sin-titulo-2.png\",\"width\":541,\"height\":90,\"caption\":\"Conexion 23\"},\"image\":{\"@id\":\"https:\\\/\\\/conexion23.com\\\/#\\\/schema\\\/logo\\\/image\\\/\"},\"sameAs\":[\"https:\\\/\\\/www.facebook.com\\\/conexion23com\",\"https:\\\/\\\/www.instagram.com\\\/conexion23com\\\/\",\"https:\\\/\\\/www.youtube.com\\\/channel\\\/UCYc7vxxFZMYLIHNsHHxPZ3Q\"]},{\"@type\":\"Person\",\"@id\":\"https:\\\/\\\/conexion23.com\\\/#\\\/schema\\\/person\\\/03e36043331117e97a373299bbcd30a6\",\"name\":\"Raffy Ben\u00edtez\",\"image\":{\"@type\":\"ImageObject\",\"inLanguage\":\"es\",\"@id\":\"https:\\\/\\\/secure.gravatar.com\\\/avatar\\\/3190a6a6c5e1b0327500f7d6c56b6242472ee6cb974cf09b401ee6b3b0798f23?s=96&d=mm&r=g\",\"url\":\"https:\\\/\\\/secure.gravatar.com\\\/avatar\\\/3190a6a6c5e1b0327500f7d6c56b6242472ee6cb974cf09b401ee6b3b0798f23?s=96&d=mm&r=g\",\"contentUrl\":\"https:\\\/\\\/secure.gravatar.com\\\/avatar\\\/3190a6a6c5e1b0327500f7d6c56b6242472ee6cb974cf09b401ee6b3b0798f23?s=96&d=mm&r=g\",\"caption\":\"Raffy Ben\u00edtez\"},\"url\":\"https:\\\/\\\/conexion23.com\\\/?author=15\"}]}<\/script>\n<!-- \/ Yoast SEO plugin. -->","yoast_head_json":{"title":"Xi Jinping habla por primera vez con Zelenski desde el inicio del conflicto - Conexi\u00f3n 23","robots":{"index":"index","follow":"follow","max-snippet":"max-snippet:-1","max-image-preview":"max-image-preview:large","max-video-preview":"max-video-preview:-1"},"canonical":"https:\/\/conexion23.com\/?p=16590","og_locale":"es_ES","og_type":"article","og_title":"Xi Jinping habla por primera vez con Zelenski desde el inicio del conflicto - Conexi\u00f3n 23","og_description":"Pek\u00edn.-&nbsp;El&nbsp;presidente chino, Xi Jinping, habl\u00f3 hoy por tel\u00e9fono con su hom\u00f3logo ucraniano, Volodimir Zelenski, informaron medios estatales del pa\u00eds asi\u00e1tico. A pesar de que China insiste en que mantiene una posici\u00f3n neutral en el conflicto, Xi no hab\u00eda hablado con Zelenski desde el principio de la invasi\u00f3n rusa de Ucrania, en febrero de 2022, pero [&hellip;]","og_url":"https:\/\/conexion23.com\/?p=16590","og_site_name":"Conexi\u00f3n 23","article_publisher":"https:\/\/www.facebook.com\/conexion23com","article_published_time":"2023-04-26T13:37:58+00:00","article_modified_time":"2023-04-26T13:38:00+00:00","author":"Raffy Ben\u00edtez","twitter_card":"summary_large_image","twitter_misc":{"Escrito por":"Raffy Ben\u00edtez","Tiempo de lectura":"1 minuto"},"schema":{"@context":"https:\/\/schema.org","@graph":[{"@type":"Article","@id":"https:\/\/conexion23.com\/?p=16590#article","isPartOf":{"@id":"https:\/\/conexion23.com\/?p=16590"},"author":{"name":"Raffy Ben\u00edtez","@id":"https:\/\/conexion23.com\/#\/schema\/person\/03e36043331117e97a373299bbcd30a6"},"headline":"Xi Jinping habla por primera vez con Zelenski desde el inicio del conflicto","datePublished":"2023-04-26T13:37:58+00:00","dateModified":"2023-04-26T13:38:00+00:00","mainEntityOfPage":{"@id":"https:\/\/conexion23.com\/?p=16590"},"wordCount":157,"commentCount":0,"publisher":{"@id":"https:\/\/conexion23.com\/#organization"},"articleSection":["Uncategorized"],"inLanguage":"es","potentialAction":[{"@type":"CommentAction","name":"Comment","target":["https:\/\/conexion23.com\/?p=16590#respond"]}]},{"@type":"WebPage","@id":"https:\/\/conexion23.com\/?p=16590","url":"https:\/\/conexion23.com\/?p=16590","name":"Xi Jinping habla por primera vez con Zelenski desde el inicio del conflicto - Conexi\u00f3n 23","isPartOf":{"@id":"https:\/\/conexion23.com\/#website"},"datePublished":"2023-04-26T13:37:58+00:00","dateModified":"2023-04-26T13:38:00+00:00","breadcrumb":{"@id":"https:\/\/conexion23.com\/?p=16590#breadcrumb"},"inLanguage":"es","potentialAction":[{"@type":"ReadAction","target":["https:\/\/conexion23.com\/?p=16590"]}]},{"@type":"BreadcrumbList","@id":"https:\/\/conexion23.com\/?p=16590#breadcrumb","itemListElement":[{"@type":"ListItem","position":1,"name":"Portada","item":"https:\/\/conexion23.com\/"},{"@type":"ListItem","position":2,"name":"Xi Jinping habla por primera vez con Zelenski desde el inicio del conflicto"}]},{"@type":"WebSite","@id":"https:\/\/conexion23.com\/#website","url":"https:\/\/conexion23.com\/","name":"Conexi\u00f3n 23","description":"Peri\u00f3dico 100% Petromacorisano","publisher":{"@id":"https:\/\/conexion23.com\/#organization"},"potentialAction":[{"@type":"SearchAction","target":{"@type":"EntryPoint","urlTemplate":"https:\/\/conexion23.com\/?s={search_term_string}"},"query-input":{"@type":"PropertyValueSpecification","valueRequired":true,"valueName":"search_term_string"}}],"inLanguage":"es"},{"@type":"Organization","@id":"https:\/\/conexion23.com\/#organization","name":"Conexion 23","url":"https:\/\/conexion23.com\/","logo":{"@type":"ImageObject","inLanguage":"es","@id":"https:\/\/conexion23.com\/#\/schema\/logo\/image\/","url":"https:\/\/conexion23.com\/wp-content\/uploads\/2021\/11\/Diseno-sin-titulo-2.png","contentUrl":"https:\/\/conexion23.com\/wp-content\/uploads\/2021\/11\/Diseno-sin-titulo-2.png","width":541,"height":90,"caption":"Conexion 23"},"image":{"@id":"https:\/\/conexion23.com\/#\/schema\/logo\/image\/"},"sameAs":["https:\/\/www.facebook.com\/conexion23com","https:\/\/www.instagram.com\/conexion23com\/","https:\/\/www.youtube.com\/channel\/UCYc7vxxFZMYLIHNsHHxPZ3Q"]},{"@type":"Person","@id":"https:\/\/conexion23.com\/#\/schema\/person\/03e36043331117e97a373299bbcd30a6","name":"Raffy Ben\u00edtez","image":{"@type":"ImageObject","inLanguage":"es","@id":"https:\/\/secure.gravatar.com\/avatar\/3190a6a6c5e1b0327500f7d6c56b6242472ee6cb974cf09b401ee6b3b0798f23?s=96&d=mm&r=g","url":"https:\/\/secure.gravatar.com\/avatar\/3190a6a6c5e1b0327500f7d6c56b6242472ee6cb974cf09b401ee6b3b0798f23?s=96&d=mm&r=g","contentUrl":"https:\/\/secure.gravatar.com\/avatar\/3190a6a6c5e1b0327500f7d6c56b6242472ee6cb974cf09b401ee6b3b0798f23?s=96&d=mm&r=g","caption":"Raffy Ben\u00edtez"},"url":"https:\/\/conexion23.com\/?author=15"}]}},"_links":{"self":[{"href":"https:\/\/conexion23.com\/index.php?rest_route=\/wp\/v2\/posts\/16590","targetHints":{"allow":["GET"]}}],"collection":[{"href":"https:\/\/conexion23.com\/index.php?rest_route=\/wp\/v2\/posts"}],"about":[{"href":"https:\/\/conexion23.com\/index.php?rest_route=\/wp\/v2\/types\/post"}],"author":[{"embeddable":true,"href":"https:\/\/conexion23.com\/index.php?rest_route=\/wp\/v2\/users\/15"}],"replies":[{"embeddable":true,"href":"https:\/\/conexion23.com\/index.php?rest_route=%2Fwp%2Fv2%2Fcomments&post=16590"}],"version-history":[{"count":1,"href":"https:\/\/conexion23.com\/index.php?rest_route=\/wp\/v2\/posts\/16590\/revisions"}],"predecessor-version":[{"id":16592,"href":"https:\/\/conexion23.com\/index.php?rest_route=\/wp\/v2\/posts\/16590\/revisions\/16592"}],"wp:attachment":[{"href":"https:\/\/conexion23.com\/index.php?rest_route=%2Fwp%2Fv2%2Fmedia&parent=16590"}],"wp:term":[{"taxonomy":"category","embeddable":true,"href":"https:\/\/conexion23.com\/index.php?rest_route=%2Fwp%2Fv2%2Fcategories&post=16590"},{"taxonomy":"post_tag","embeddable":true,"href":"https:\/\/conexion23.com\/index.php?rest_route=%2Fwp%2Fv2%2Ftags&post=16590"}],"curies":[{"name":"wp","href":"https:\/\/api.w.org\/{rel}","templated":true}]}}