{"id":16593,"date":"2023-04-26T09:42:50","date_gmt":"2023-04-26T13:42:50","guid":{"rendered":"https:\/\/conexion23.com\/?p=16593"},"modified":"2023-04-26T09:42:53","modified_gmt":"2023-04-26T13:42:53","slug":"sanchez-recibe-a-lula-para-abordar-la-relacion-bilateral-y-la-paz-en-ucrania","status":"publish","type":"post","link":"https:\/\/conexion23.com\/?p=16593","title":{"rendered":"S\u00e1nchez recibe a Lula para abordar la relaci\u00f3n bilateral y la paz en Ucrania"},"content":{"rendered":"\n<p class=\"wp-block-paragraph\"><strong>Madrid.<\/strong>\u2013 El jefe del Gobierno espa\u00f1ol, Pedro S\u00e1nchez, recibi\u00f3 este mi\u00e9rcoles al presidente de Brasil, Luiz In\u00e1cio Lula da Silva, para mantener un encuentro en el que pretenden reforzar la cooperaci\u00f3n bilateral e intercambiar puntos de vista sobre c\u00f3mo buscar la paz en Ucrania.<\/p>\n\n\n\n<p class=\"wp-block-paragraph\">Lula lleg\u00f3 el martes a Madrid en su primera visita a Espa\u00f1a en la actual etapa de su mandato procedente de Lisboa, donde realiz\u00f3 otra visita oficial.<\/p>\n\n\n\n<p class=\"wp-block-paragraph\">S\u00e1nchez recibi\u00f3 al mandatario brasile\u00f1o en el Palacio de la Moncloa, la sede del Ejecutivo espa\u00f1ol, y ambos se saludaron y posaron para los fot\u00f3grafos antes de acceder a la sala en la que se desarroll\u00f3 la reuni\u00f3n junto a varios de sus respectivos ministros.<\/p>\n\n\n\n<p class=\"wp-block-paragraph\">Por parte espa\u00f1ola asistieron las tres vicepresidentas y los ministros de Asuntos Exteriores, Industria, Ciencia y Universidades.<\/p>\n\n\n\n<p class=\"wp-block-paragraph\">El Gobierno espa\u00f1ol pretende que esta visita de Lula sirva para recuperar el nivel de cooperaci\u00f3n entre Espa\u00f1a y Brasil que se vio ralentizado en la etapa de Jair Bolsonaro como presidente brasile\u00f1o.<\/p>\n\n\n\n<p class=\"wp-block-paragraph\">La guerra de Ucrania estuvo presente en esta reuni\u00f3n despu\u00e9s de que Lula haya reiterado en Portugal su apuesta por un di\u00e1logo de paz subrayando que el conflicto no puede seguir indefinidamente e insistiendo en crear una mesa con pa\u00edses que den confianza para conseguir esa paz.<\/p>\n\n\n\n<p class=\"wp-block-paragraph\">Algo en lo que insisti\u00f3 este martes en un foro empresarial en Madrid y que fue el primer acto de su visita a Espa\u00f1a.<\/p>\n\n\n\n<p class=\"wp-block-paragraph\">El Gobierno espa\u00f1ol defiende que cualquier negociaci\u00f3n para la paz pase por la visi\u00f3n de Ucrania al respecto como el pa\u00eds agredido que es, seg\u00fan se\u00f1alaron fuentes gubernamentales.<\/p>\n\n\n\n<p class=\"wp-block-paragraph\">La estabilidad econ\u00f3mica y financiera internacional (Brasil tendr\u00e1 la presidencia del G20 en 2024), los objetivos de desarrollo sostenible de la ONU, las relaciones de la UE con Am\u00e9rica Latina y la prioridad que a ellas pretende dar Espa\u00f1a durante su presidencia semestral de la UE son otras cuestiones que abordar\u00e1n las dos delegaciones.<\/p>\n","protected":false},"excerpt":{"rendered":"<p>Madrid.\u2013 El jefe del Gobierno espa\u00f1ol, Pedro S\u00e1nchez, recibi\u00f3 este mi\u00e9rcoles al presidente de Brasil, Luiz In\u00e1cio Lula da Silva, para mantener un encuentro en el que pretenden reforzar la cooperaci\u00f3n bilateral e intercambiar puntos de vista sobre c\u00f3mo buscar la paz en Ucrania. Lula lleg\u00f3 el martes a Madrid en su primera visita a [&hellip;]<\/p>\n","protected":false},"author":15,"featured_media":0,"comment_status":"open","ping_status":"open","sticky":false,"template":"","format":"standard","meta":{"footnotes":""},"categories":[1],"tags":[],"class_list":["post-16593","post","type-post","status-publish","format-standard","category-uncategorized"],"yoast_head":"<!-- This site is optimized with the Yoast SEO plugin v27.6 - https:\/\/yoast.com\/product\/yoast-seo-wordpress\/ -->\n<title>S\u00e1nchez recibe a Lula para abordar la relaci\u00f3n bilateral y la paz en Ucrania - Conexi\u00f3n 23<\/title>\n<meta name=\"robots\" content=\"index, follow, max-snippet:-1, max-image-preview:large, max-video-preview:-1\" \/>\n<link rel=\"canonical\" href=\"https:\/\/conexion23.com\/?p=16593\" \/>\n<meta property=\"og:locale\" content=\"es_ES\" \/>\n<meta property=\"og:type\" content=\"article\" \/>\n<meta property=\"og:title\" content=\"S\u00e1nchez recibe a Lula para abordar la relaci\u00f3n bilateral y la paz en Ucrania - Conexi\u00f3n 23\" \/>\n<meta property=\"og:description\" content=\"Madrid.\u2013 El jefe del Gobierno espa\u00f1ol, Pedro S\u00e1nchez, recibi\u00f3 este mi\u00e9rcoles al presidente de Brasil, Luiz In\u00e1cio Lula da Silva, para mantener un encuentro en el que pretenden reforzar la cooperaci\u00f3n bilateral e intercambiar puntos de vista sobre c\u00f3mo buscar la paz en Ucrania. Lula lleg\u00f3 el martes a Madrid en su primera visita a [&hellip;]\" \/>\n<meta property=\"og:url\" content=\"https:\/\/conexion23.com\/?p=16593\" \/>\n<meta property=\"og:site_name\" content=\"Conexi\u00f3n 23\" \/>\n<meta property=\"article:publisher\" content=\"https:\/\/www.facebook.com\/conexion23com\" \/>\n<meta property=\"article:published_time\" content=\"2023-04-26T13:42:50+00:00\" \/>\n<meta property=\"article:modified_time\" content=\"2023-04-26T13:42:53+00:00\" \/>\n<meta name=\"author\" content=\"Raffy Ben\u00edtez\" \/>\n<meta name=\"twitter:card\" content=\"summary_large_image\" \/>\n<meta name=\"twitter:label1\" content=\"Escrito por\" \/>\n\t<meta name=\"twitter:data1\" content=\"Raffy Ben\u00edtez\" \/>\n\t<meta name=\"twitter:label2\" content=\"Tiempo de lectura\" \/>\n\t<meta name=\"twitter:data2\" content=\"2 minutos\" \/>\n<script type=\"application\/ld+json\" class=\"yoast-schema-graph\">{\"@context\":\"https:\\\/\\\/schema.org\",\"@graph\":[{\"@type\":\"Article\",\"@id\":\"https:\\\/\\\/conexion23.com\\\/?p=16593#article\",\"isPartOf\":{\"@id\":\"https:\\\/\\\/conexion23.com\\\/?p=16593\"},\"author\":{\"name\":\"Raffy Ben\u00edtez\",\"@id\":\"https:\\\/\\\/conexion23.com\\\/#\\\/schema\\\/person\\\/03e36043331117e97a373299bbcd30a6\"},\"headline\":\"S\u00e1nchez recibe a Lula para abordar la relaci\u00f3n bilateral y la paz en Ucrania\",\"datePublished\":\"2023-04-26T13:42:50+00:00\",\"dateModified\":\"2023-04-26T13:42:53+00:00\",\"mainEntityOfPage\":{\"@id\":\"https:\\\/\\\/conexion23.com\\\/?p=16593\"},\"wordCount\":366,\"commentCount\":0,\"publisher\":{\"@id\":\"https:\\\/\\\/conexion23.com\\\/#organization\"},\"articleSection\":[\"Uncategorized\"],\"inLanguage\":\"es\",\"potentialAction\":[{\"@type\":\"CommentAction\",\"name\":\"Comment\",\"target\":[\"https:\\\/\\\/conexion23.com\\\/?p=16593#respond\"]}]},{\"@type\":\"WebPage\",\"@id\":\"https:\\\/\\\/conexion23.com\\\/?p=16593\",\"url\":\"https:\\\/\\\/conexion23.com\\\/?p=16593\",\"name\":\"S\u00e1nchez recibe a Lula para abordar la relaci\u00f3n bilateral y la paz en Ucrania - Conexi\u00f3n 23\",\"isPartOf\":{\"@id\":\"https:\\\/\\\/conexion23.com\\\/#website\"},\"datePublished\":\"2023-04-26T13:42:50+00:00\",\"dateModified\":\"2023-04-26T13:42:53+00:00\",\"breadcrumb\":{\"@id\":\"https:\\\/\\\/conexion23.com\\\/?p=16593#breadcrumb\"},\"inLanguage\":\"es\",\"potentialAction\":[{\"@type\":\"ReadAction\",\"target\":[\"https:\\\/\\\/conexion23.com\\\/?p=16593\"]}]},{\"@type\":\"BreadcrumbList\",\"@id\":\"https:\\\/\\\/conexion23.com\\\/?p=16593#breadcrumb\",\"itemListElement\":[{\"@type\":\"ListItem\",\"position\":1,\"name\":\"Portada\",\"item\":\"https:\\\/\\\/conexion23.com\\\/\"},{\"@type\":\"ListItem\",\"position\":2,\"name\":\"S\u00e1nchez recibe a Lula para abordar la relaci\u00f3n bilateral y la paz en Ucrania\"}]},{\"@type\":\"WebSite\",\"@id\":\"https:\\\/\\\/conexion23.com\\\/#website\",\"url\":\"https:\\\/\\\/conexion23.com\\\/\",\"name\":\"Conexi\u00f3n 23\",\"description\":\"Peri\u00f3dico 100% Petromacorisano\",\"publisher\":{\"@id\":\"https:\\\/\\\/conexion23.com\\\/#organization\"},\"potentialAction\":[{\"@type\":\"SearchAction\",\"target\":{\"@type\":\"EntryPoint\",\"urlTemplate\":\"https:\\\/\\\/conexion23.com\\\/?s={search_term_string}\"},\"query-input\":{\"@type\":\"PropertyValueSpecification\",\"valueRequired\":true,\"valueName\":\"search_term_string\"}}],\"inLanguage\":\"es\"},{\"@type\":\"Organization\",\"@id\":\"https:\\\/\\\/conexion23.com\\\/#organization\",\"name\":\"Conexion 23\",\"url\":\"https:\\\/\\\/conexion23.com\\\/\",\"logo\":{\"@type\":\"ImageObject\",\"inLanguage\":\"es\",\"@id\":\"https:\\\/\\\/conexion23.com\\\/#\\\/schema\\\/logo\\\/image\\\/\",\"url\":\"https:\\\/\\\/conexion23.com\\\/wp-content\\\/uploads\\\/2021\\\/11\\\/Diseno-sin-titulo-2.png\",\"contentUrl\":\"https:\\\/\\\/conexion23.com\\\/wp-content\\\/uploads\\\/2021\\\/11\\\/Diseno-sin-titulo-2.png\",\"width\":541,\"height\":90,\"caption\":\"Conexion 23\"},\"image\":{\"@id\":\"https:\\\/\\\/conexion23.com\\\/#\\\/schema\\\/logo\\\/image\\\/\"},\"sameAs\":[\"https:\\\/\\\/www.facebook.com\\\/conexion23com\",\"https:\\\/\\\/www.instagram.com\\\/conexion23com\\\/\",\"https:\\\/\\\/www.youtube.com\\\/channel\\\/UCYc7vxxFZMYLIHNsHHxPZ3Q\"]},{\"@type\":\"Person\",\"@id\":\"https:\\\/\\\/conexion23.com\\\/#\\\/schema\\\/person\\\/03e36043331117e97a373299bbcd30a6\",\"name\":\"Raffy Ben\u00edtez\",\"image\":{\"@type\":\"ImageObject\",\"inLanguage\":\"es\",\"@id\":\"https:\\\/\\\/secure.gravatar.com\\\/avatar\\\/3190a6a6c5e1b0327500f7d6c56b6242472ee6cb974cf09b401ee6b3b0798f23?s=96&d=mm&r=g\",\"url\":\"https:\\\/\\\/secure.gravatar.com\\\/avatar\\\/3190a6a6c5e1b0327500f7d6c56b6242472ee6cb974cf09b401ee6b3b0798f23?s=96&d=mm&r=g\",\"contentUrl\":\"https:\\\/\\\/secure.gravatar.com\\\/avatar\\\/3190a6a6c5e1b0327500f7d6c56b6242472ee6cb974cf09b401ee6b3b0798f23?s=96&d=mm&r=g\",\"caption\":\"Raffy Ben\u00edtez\"},\"url\":\"https:\\\/\\\/conexion23.com\\\/?author=15\"}]}<\/script>\n<!-- \/ Yoast SEO plugin. -->","yoast_head_json":{"title":"S\u00e1nchez recibe a Lula para abordar la relaci\u00f3n bilateral y la paz en Ucrania - Conexi\u00f3n 23","robots":{"index":"index","follow":"follow","max-snippet":"max-snippet:-1","max-image-preview":"max-image-preview:large","max-video-preview":"max-video-preview:-1"},"canonical":"https:\/\/conexion23.com\/?p=16593","og_locale":"es_ES","og_type":"article","og_title":"S\u00e1nchez recibe a Lula para abordar la relaci\u00f3n bilateral y la paz en Ucrania - Conexi\u00f3n 23","og_description":"Madrid.\u2013 El jefe del Gobierno espa\u00f1ol, Pedro S\u00e1nchez, recibi\u00f3 este mi\u00e9rcoles al presidente de Brasil, Luiz In\u00e1cio Lula da Silva, para mantener un encuentro en el que pretenden reforzar la cooperaci\u00f3n bilateral e intercambiar puntos de vista sobre c\u00f3mo buscar la paz en Ucrania. Lula lleg\u00f3 el martes a Madrid en su primera visita a [&hellip;]","og_url":"https:\/\/conexion23.com\/?p=16593","og_site_name":"Conexi\u00f3n 23","article_publisher":"https:\/\/www.facebook.com\/conexion23com","article_published_time":"2023-04-26T13:42:50+00:00","article_modified_time":"2023-04-26T13:42:53+00:00","author":"Raffy Ben\u00edtez","twitter_card":"summary_large_image","twitter_misc":{"Escrito por":"Raffy Ben\u00edtez","Tiempo de lectura":"2 minutos"},"schema":{"@context":"https:\/\/schema.org","@graph":[{"@type":"Article","@id":"https:\/\/conexion23.com\/?p=16593#article","isPartOf":{"@id":"https:\/\/conexion23.com\/?p=16593"},"author":{"name":"Raffy Ben\u00edtez","@id":"https:\/\/conexion23.com\/#\/schema\/person\/03e36043331117e97a373299bbcd30a6"},"headline":"S\u00e1nchez recibe a Lula para abordar la relaci\u00f3n bilateral y la paz en Ucrania","datePublished":"2023-04-26T13:42:50+00:00","dateModified":"2023-04-26T13:42:53+00:00","mainEntityOfPage":{"@id":"https:\/\/conexion23.com\/?p=16593"},"wordCount":366,"commentCount":0,"publisher":{"@id":"https:\/\/conexion23.com\/#organization"},"articleSection":["Uncategorized"],"inLanguage":"es","potentialAction":[{"@type":"CommentAction","name":"Comment","target":["https:\/\/conexion23.com\/?p=16593#respond"]}]},{"@type":"WebPage","@id":"https:\/\/conexion23.com\/?p=16593","url":"https:\/\/conexion23.com\/?p=16593","name":"S\u00e1nchez recibe a Lula para abordar la relaci\u00f3n bilateral y la paz en Ucrania - Conexi\u00f3n 23","isPartOf":{"@id":"https:\/\/conexion23.com\/#website"},"datePublished":"2023-04-26T13:42:50+00:00","dateModified":"2023-04-26T13:42:53+00:00","breadcrumb":{"@id":"https:\/\/conexion23.com\/?p=16593#breadcrumb"},"inLanguage":"es","potentialAction":[{"@type":"ReadAction","target":["https:\/\/conexion23.com\/?p=16593"]}]},{"@type":"BreadcrumbList","@id":"https:\/\/conexion23.com\/?p=16593#breadcrumb","itemListElement":[{"@type":"ListItem","position":1,"name":"Portada","item":"https:\/\/conexion23.com\/"},{"@type":"ListItem","position":2,"name":"S\u00e1nchez recibe a Lula para abordar la relaci\u00f3n bilateral y la paz en Ucrania"}]},{"@type":"WebSite","@id":"https:\/\/conexion23.com\/#website","url":"https:\/\/conexion23.com\/","name":"Conexi\u00f3n 23","description":"Peri\u00f3dico 100% Petromacorisano","publisher":{"@id":"https:\/\/conexion23.com\/#organization"},"potentialAction":[{"@type":"SearchAction","target":{"@type":"EntryPoint","urlTemplate":"https:\/\/conexion23.com\/?s={search_term_string}"},"query-input":{"@type":"PropertyValueSpecification","valueRequired":true,"valueName":"search_term_string"}}],"inLanguage":"es"},{"@type":"Organization","@id":"https:\/\/conexion23.com\/#organization","name":"Conexion 23","url":"https:\/\/conexion23.com\/","logo":{"@type":"ImageObject","inLanguage":"es","@id":"https:\/\/conexion23.com\/#\/schema\/logo\/image\/","url":"https:\/\/conexion23.com\/wp-content\/uploads\/2021\/11\/Diseno-sin-titulo-2.png","contentUrl":"https:\/\/conexion23.com\/wp-content\/uploads\/2021\/11\/Diseno-sin-titulo-2.png","width":541,"height":90,"caption":"Conexion 23"},"image":{"@id":"https:\/\/conexion23.com\/#\/schema\/logo\/image\/"},"sameAs":["https:\/\/www.facebook.com\/conexion23com","https:\/\/www.instagram.com\/conexion23com\/","https:\/\/www.youtube.com\/channel\/UCYc7vxxFZMYLIHNsHHxPZ3Q"]},{"@type":"Person","@id":"https:\/\/conexion23.com\/#\/schema\/person\/03e36043331117e97a373299bbcd30a6","name":"Raffy Ben\u00edtez","image":{"@type":"ImageObject","inLanguage":"es","@id":"https:\/\/secure.gravatar.com\/avatar\/3190a6a6c5e1b0327500f7d6c56b6242472ee6cb974cf09b401ee6b3b0798f23?s=96&d=mm&r=g","url":"https:\/\/secure.gravatar.com\/avatar\/3190a6a6c5e1b0327500f7d6c56b6242472ee6cb974cf09b401ee6b3b0798f23?s=96&d=mm&r=g","contentUrl":"https:\/\/secure.gravatar.com\/avatar\/3190a6a6c5e1b0327500f7d6c56b6242472ee6cb974cf09b401ee6b3b0798f23?s=96&d=mm&r=g","caption":"Raffy Ben\u00edtez"},"url":"https:\/\/conexion23.com\/?author=15"}]}},"_links":{"self":[{"href":"https:\/\/conexion23.com\/index.php?rest_route=\/wp\/v2\/posts\/16593","targetHints":{"allow":["GET"]}}],"collection":[{"href":"https:\/\/conexion23.com\/index.php?rest_route=\/wp\/v2\/posts"}],"about":[{"href":"https:\/\/conexion23.com\/index.php?rest_route=\/wp\/v2\/types\/post"}],"author":[{"embeddable":true,"href":"https:\/\/conexion23.com\/index.php?rest_route=\/wp\/v2\/users\/15"}],"replies":[{"embeddable":true,"href":"https:\/\/conexion23.com\/index.php?rest_route=%2Fwp%2Fv2%2Fcomments&post=16593"}],"version-history":[{"count":1,"href":"https:\/\/conexion23.com\/index.php?rest_route=\/wp\/v2\/posts\/16593\/revisions"}],"predecessor-version":[{"id":16595,"href":"https:\/\/conexion23.com\/index.php?rest_route=\/wp\/v2\/posts\/16593\/revisions\/16595"}],"wp:attachment":[{"href":"https:\/\/conexion23.com\/index.php?rest_route=%2Fwp%2Fv2%2Fmedia&parent=16593"}],"wp:term":[{"taxonomy":"category","embeddable":true,"href":"https:\/\/conexion23.com\/index.php?rest_route=%2Fwp%2Fv2%2Fcategories&post=16593"},{"taxonomy":"post_tag","embeddable":true,"href":"https:\/\/conexion23.com\/index.php?rest_route=%2Fwp%2Fv2%2Ftags&post=16593"}],"curies":[{"name":"wp","href":"https:\/\/api.w.org\/{rel}","templated":true}]}}