{"id":16611,"date":"2023-04-26T13:46:51","date_gmt":"2023-04-26T17:46:51","guid":{"rendered":"https:\/\/conexion23.com\/?p=16611"},"modified":"2023-04-26T13:46:54","modified_gmt":"2023-04-26T17:46:54","slug":"diputados-fuerza-del-pueblo-convocan-a-segunda-edicion-de-pasantias-legislativas","status":"publish","type":"post","link":"https:\/\/conexion23.com\/?p=16611","title":{"rendered":"Diputados Fuerza del Pueblo convocan a segunda edici\u00f3n de pasant\u00edas legislativas"},"content":{"rendered":"\n<h4 class=\"wp-block-heading\" id=\"h-omar-fernandez-lider-de-la-bancada-opositora-recuerda-no-es-necesario-afiliacion-politica-para-participar\"><strong>Omar Fern\u00e1ndez, l\u00edder de la bancada opositora recuerda no es necesario afiliaci\u00f3n pol\u00edtica para participar<\/strong><\/h4>\n\n\n\n<p class=\"wp-block-paragraph\"><strong>Santo Domingo.-<\/strong>&nbsp;El&nbsp;<strong>bloque de diputados del partido Fuerza del Pueblo<\/strong>&nbsp;convoc\u00f3 a la&nbsp;<strong>segunda edici\u00f3n del programa de pasant\u00edas legislativas,<\/strong>&nbsp;programa que busca facilitar el camino a los j\u00f3venes t\u00e9cnicos y profesionales en su inserci\u00f3n en el mercado laboral, luego de obtener su primera experiencia.<\/p>\n\n\n\n<p class=\"wp-block-paragraph\">El<strong>&nbsp;vocero de los diputados de la Fuerza del Pueblo, Omar Fern\u00e1ndez,&nbsp;<\/strong>inform\u00f3 que desde ya los interesados pueden acceder al formulario colocado en el enlace de la cuenta oficial de Instagram del bloque opositor @diputadosFP y en una semana se estar\u00e1 seleccionando a los ganadores.<\/p>\n\n\n\n<p class=\"wp-block-paragraph\">Este proyecto forma parte de las iniciativas que Fern\u00e1ndez, hab\u00eda anunciado que se estar\u00edan ejecutando desde el pasado a\u00f1o legislativo, cuando desarrollaron la primera etapa de pasant\u00eda.<\/p>\n\n\n\n<p class=\"wp-block-paragraph\">Fern\u00e1ndez, de la Circunscripci\u00f3n 1 del Distrito Nacional, explic\u00f3 que\u00a0<strong>no es necesario estar afiliado a ninguna organizaci\u00f3n pol\u00edtica\u00a0<\/strong>para formar parte de los pasantes, al igual que no importa la carrera o profesi\u00f3n en la que se est\u00e9n formando o hayan concluidos sus estudios.<\/p>\n\n\n\n<p class=\"wp-block-paragraph\">Durante al menos 4 meses los internos conocer\u00e1n del funcionamiento de la C\u00e1mara de Diputados, y al concluir, una carta firmada por todos los legisladores de la bancada certificar\u00e1 el desempe\u00f1o de estos j\u00f3venes.<\/p>\n\n\n\n<p class=\"wp-block-paragraph\">Asimismo, el llamado est\u00e1 abierto para todos los estudiantes de t\u00e9rmino de universidades e institutos t\u00e9cnicos superiores.<\/p>\n","protected":false},"excerpt":{"rendered":"<p>Omar Fern\u00e1ndez, l\u00edder de la bancada opositora recuerda no es necesario afiliaci\u00f3n pol\u00edtica para participar Santo Domingo.-&nbsp;El&nbsp;bloque de diputados del partido Fuerza del Pueblo&nbsp;convoc\u00f3 a la&nbsp;segunda edici\u00f3n del programa de pasant\u00edas legislativas,&nbsp;programa que busca facilitar el camino a los j\u00f3venes t\u00e9cnicos y profesionales en su inserci\u00f3n en el mercado laboral, luego de obtener su primera [&hellip;]<\/p>\n","protected":false},"author":15,"featured_media":0,"comment_status":"open","ping_status":"open","sticky":false,"template":"","format":"standard","meta":{"footnotes":""},"categories":[1],"tags":[],"class_list":["post-16611","post","type-post","status-publish","format-standard","category-uncategorized"],"yoast_head":"<!-- This site is optimized with the Yoast SEO plugin v27.6 - https:\/\/yoast.com\/product\/yoast-seo-wordpress\/ -->\n<title>Diputados Fuerza del Pueblo convocan a segunda edici\u00f3n de pasant\u00edas legislativas - Conexi\u00f3n 23<\/title>\n<meta name=\"robots\" content=\"index, follow, max-snippet:-1, max-image-preview:large, max-video-preview:-1\" \/>\n<link rel=\"canonical\" href=\"https:\/\/conexion23.com\/?p=16611\" \/>\n<meta property=\"og:locale\" content=\"es_ES\" \/>\n<meta property=\"og:type\" content=\"article\" \/>\n<meta property=\"og:title\" content=\"Diputados Fuerza del Pueblo convocan a segunda edici\u00f3n de pasant\u00edas legislativas - Conexi\u00f3n 23\" \/>\n<meta property=\"og:description\" content=\"Omar Fern\u00e1ndez, l\u00edder de la bancada opositora recuerda no es necesario afiliaci\u00f3n pol\u00edtica para participar Santo Domingo.-&nbsp;El&nbsp;bloque de diputados del partido Fuerza del Pueblo&nbsp;convoc\u00f3 a la&nbsp;segunda edici\u00f3n del programa de pasant\u00edas legislativas,&nbsp;programa que busca facilitar el camino a los j\u00f3venes t\u00e9cnicos y profesionales en su inserci\u00f3n en el mercado laboral, luego de obtener su primera [&hellip;]\" \/>\n<meta property=\"og:url\" content=\"https:\/\/conexion23.com\/?p=16611\" \/>\n<meta property=\"og:site_name\" content=\"Conexi\u00f3n 23\" \/>\n<meta property=\"article:publisher\" content=\"https:\/\/www.facebook.com\/conexion23com\" \/>\n<meta property=\"article:published_time\" content=\"2023-04-26T17:46:51+00:00\" \/>\n<meta property=\"article:modified_time\" content=\"2023-04-26T17:46:54+00:00\" \/>\n<meta name=\"author\" content=\"Raffy Ben\u00edtez\" \/>\n<meta name=\"twitter:card\" content=\"summary_large_image\" \/>\n<meta name=\"twitter:label1\" content=\"Escrito por\" \/>\n\t<meta name=\"twitter:data1\" content=\"Raffy Ben\u00edtez\" \/>\n\t<meta name=\"twitter:label2\" content=\"Tiempo de lectura\" \/>\n\t<meta name=\"twitter:data2\" content=\"2 minutos\" \/>\n<script type=\"application\/ld+json\" class=\"yoast-schema-graph\">{\"@context\":\"https:\\\/\\\/schema.org\",\"@graph\":[{\"@type\":\"Article\",\"@id\":\"https:\\\/\\\/conexion23.com\\\/?p=16611#article\",\"isPartOf\":{\"@id\":\"https:\\\/\\\/conexion23.com\\\/?p=16611\"},\"author\":{\"name\":\"Raffy Ben\u00edtez\",\"@id\":\"https:\\\/\\\/conexion23.com\\\/#\\\/schema\\\/person\\\/03e36043331117e97a373299bbcd30a6\"},\"headline\":\"Diputados Fuerza del Pueblo convocan a segunda edici\u00f3n de pasant\u00edas legislativas\",\"datePublished\":\"2023-04-26T17:46:51+00:00\",\"dateModified\":\"2023-04-26T17:46:54+00:00\",\"mainEntityOfPage\":{\"@id\":\"https:\\\/\\\/conexion23.com\\\/?p=16611\"},\"wordCount\":276,\"commentCount\":0,\"publisher\":{\"@id\":\"https:\\\/\\\/conexion23.com\\\/#organization\"},\"articleSection\":[\"Uncategorized\"],\"inLanguage\":\"es\",\"potentialAction\":[{\"@type\":\"CommentAction\",\"name\":\"Comment\",\"target\":[\"https:\\\/\\\/conexion23.com\\\/?p=16611#respond\"]}]},{\"@type\":\"WebPage\",\"@id\":\"https:\\\/\\\/conexion23.com\\\/?p=16611\",\"url\":\"https:\\\/\\\/conexion23.com\\\/?p=16611\",\"name\":\"Diputados Fuerza del Pueblo convocan a segunda edici\u00f3n de pasant\u00edas legislativas - Conexi\u00f3n 23\",\"isPartOf\":{\"@id\":\"https:\\\/\\\/conexion23.com\\\/#website\"},\"datePublished\":\"2023-04-26T17:46:51+00:00\",\"dateModified\":\"2023-04-26T17:46:54+00:00\",\"breadcrumb\":{\"@id\":\"https:\\\/\\\/conexion23.com\\\/?p=16611#breadcrumb\"},\"inLanguage\":\"es\",\"potentialAction\":[{\"@type\":\"ReadAction\",\"target\":[\"https:\\\/\\\/conexion23.com\\\/?p=16611\"]}]},{\"@type\":\"BreadcrumbList\",\"@id\":\"https:\\\/\\\/conexion23.com\\\/?p=16611#breadcrumb\",\"itemListElement\":[{\"@type\":\"ListItem\",\"position\":1,\"name\":\"Portada\",\"item\":\"https:\\\/\\\/conexion23.com\\\/\"},{\"@type\":\"ListItem\",\"position\":2,\"name\":\"Diputados Fuerza del Pueblo convocan a segunda edici\u00f3n de pasant\u00edas legislativas\"}]},{\"@type\":\"WebSite\",\"@id\":\"https:\\\/\\\/conexion23.com\\\/#website\",\"url\":\"https:\\\/\\\/conexion23.com\\\/\",\"name\":\"Conexi\u00f3n 23\",\"description\":\"Peri\u00f3dico 100% Petromacorisano\",\"publisher\":{\"@id\":\"https:\\\/\\\/conexion23.com\\\/#organization\"},\"potentialAction\":[{\"@type\":\"SearchAction\",\"target\":{\"@type\":\"EntryPoint\",\"urlTemplate\":\"https:\\\/\\\/conexion23.com\\\/?s={search_term_string}\"},\"query-input\":{\"@type\":\"PropertyValueSpecification\",\"valueRequired\":true,\"valueName\":\"search_term_string\"}}],\"inLanguage\":\"es\"},{\"@type\":\"Organization\",\"@id\":\"https:\\\/\\\/conexion23.com\\\/#organization\",\"name\":\"Conexion 23\",\"url\":\"https:\\\/\\\/conexion23.com\\\/\",\"logo\":{\"@type\":\"ImageObject\",\"inLanguage\":\"es\",\"@id\":\"https:\\\/\\\/conexion23.com\\\/#\\\/schema\\\/logo\\\/image\\\/\",\"url\":\"https:\\\/\\\/conexion23.com\\\/wp-content\\\/uploads\\\/2021\\\/11\\\/Diseno-sin-titulo-2.png\",\"contentUrl\":\"https:\\\/\\\/conexion23.com\\\/wp-content\\\/uploads\\\/2021\\\/11\\\/Diseno-sin-titulo-2.png\",\"width\":541,\"height\":90,\"caption\":\"Conexion 23\"},\"image\":{\"@id\":\"https:\\\/\\\/conexion23.com\\\/#\\\/schema\\\/logo\\\/image\\\/\"},\"sameAs\":[\"https:\\\/\\\/www.facebook.com\\\/conexion23com\",\"https:\\\/\\\/www.instagram.com\\\/conexion23com\\\/\",\"https:\\\/\\\/www.youtube.com\\\/channel\\\/UCYc7vxxFZMYLIHNsHHxPZ3Q\"]},{\"@type\":\"Person\",\"@id\":\"https:\\\/\\\/conexion23.com\\\/#\\\/schema\\\/person\\\/03e36043331117e97a373299bbcd30a6\",\"name\":\"Raffy Ben\u00edtez\",\"image\":{\"@type\":\"ImageObject\",\"inLanguage\":\"es\",\"@id\":\"https:\\\/\\\/secure.gravatar.com\\\/avatar\\\/3190a6a6c5e1b0327500f7d6c56b6242472ee6cb974cf09b401ee6b3b0798f23?s=96&d=mm&r=g\",\"url\":\"https:\\\/\\\/secure.gravatar.com\\\/avatar\\\/3190a6a6c5e1b0327500f7d6c56b6242472ee6cb974cf09b401ee6b3b0798f23?s=96&d=mm&r=g\",\"contentUrl\":\"https:\\\/\\\/secure.gravatar.com\\\/avatar\\\/3190a6a6c5e1b0327500f7d6c56b6242472ee6cb974cf09b401ee6b3b0798f23?s=96&d=mm&r=g\",\"caption\":\"Raffy Ben\u00edtez\"},\"url\":\"https:\\\/\\\/conexion23.com\\\/?author=15\"}]}<\/script>\n<!-- \/ Yoast SEO plugin. -->","yoast_head_json":{"title":"Diputados Fuerza del Pueblo convocan a segunda edici\u00f3n de pasant\u00edas legislativas - Conexi\u00f3n 23","robots":{"index":"index","follow":"follow","max-snippet":"max-snippet:-1","max-image-preview":"max-image-preview:large","max-video-preview":"max-video-preview:-1"},"canonical":"https:\/\/conexion23.com\/?p=16611","og_locale":"es_ES","og_type":"article","og_title":"Diputados Fuerza del Pueblo convocan a segunda edici\u00f3n de pasant\u00edas legislativas - Conexi\u00f3n 23","og_description":"Omar Fern\u00e1ndez, l\u00edder de la bancada opositora recuerda no es necesario afiliaci\u00f3n pol\u00edtica para participar Santo Domingo.-&nbsp;El&nbsp;bloque de diputados del partido Fuerza del Pueblo&nbsp;convoc\u00f3 a la&nbsp;segunda edici\u00f3n del programa de pasant\u00edas legislativas,&nbsp;programa que busca facilitar el camino a los j\u00f3venes t\u00e9cnicos y profesionales en su inserci\u00f3n en el mercado laboral, luego de obtener su primera [&hellip;]","og_url":"https:\/\/conexion23.com\/?p=16611","og_site_name":"Conexi\u00f3n 23","article_publisher":"https:\/\/www.facebook.com\/conexion23com","article_published_time":"2023-04-26T17:46:51+00:00","article_modified_time":"2023-04-26T17:46:54+00:00","author":"Raffy Ben\u00edtez","twitter_card":"summary_large_image","twitter_misc":{"Escrito por":"Raffy Ben\u00edtez","Tiempo de lectura":"2 minutos"},"schema":{"@context":"https:\/\/schema.org","@graph":[{"@type":"Article","@id":"https:\/\/conexion23.com\/?p=16611#article","isPartOf":{"@id":"https:\/\/conexion23.com\/?p=16611"},"author":{"name":"Raffy Ben\u00edtez","@id":"https:\/\/conexion23.com\/#\/schema\/person\/03e36043331117e97a373299bbcd30a6"},"headline":"Diputados Fuerza del Pueblo convocan a segunda edici\u00f3n de pasant\u00edas legislativas","datePublished":"2023-04-26T17:46:51+00:00","dateModified":"2023-04-26T17:46:54+00:00","mainEntityOfPage":{"@id":"https:\/\/conexion23.com\/?p=16611"},"wordCount":276,"commentCount":0,"publisher":{"@id":"https:\/\/conexion23.com\/#organization"},"articleSection":["Uncategorized"],"inLanguage":"es","potentialAction":[{"@type":"CommentAction","name":"Comment","target":["https:\/\/conexion23.com\/?p=16611#respond"]}]},{"@type":"WebPage","@id":"https:\/\/conexion23.com\/?p=16611","url":"https:\/\/conexion23.com\/?p=16611","name":"Diputados Fuerza del Pueblo convocan a segunda edici\u00f3n de pasant\u00edas legislativas - Conexi\u00f3n 23","isPartOf":{"@id":"https:\/\/conexion23.com\/#website"},"datePublished":"2023-04-26T17:46:51+00:00","dateModified":"2023-04-26T17:46:54+00:00","breadcrumb":{"@id":"https:\/\/conexion23.com\/?p=16611#breadcrumb"},"inLanguage":"es","potentialAction":[{"@type":"ReadAction","target":["https:\/\/conexion23.com\/?p=16611"]}]},{"@type":"BreadcrumbList","@id":"https:\/\/conexion23.com\/?p=16611#breadcrumb","itemListElement":[{"@type":"ListItem","position":1,"name":"Portada","item":"https:\/\/conexion23.com\/"},{"@type":"ListItem","position":2,"name":"Diputados Fuerza del Pueblo convocan a segunda edici\u00f3n de pasant\u00edas legislativas"}]},{"@type":"WebSite","@id":"https:\/\/conexion23.com\/#website","url":"https:\/\/conexion23.com\/","name":"Conexi\u00f3n 23","description":"Peri\u00f3dico 100% Petromacorisano","publisher":{"@id":"https:\/\/conexion23.com\/#organization"},"potentialAction":[{"@type":"SearchAction","target":{"@type":"EntryPoint","urlTemplate":"https:\/\/conexion23.com\/?s={search_term_string}"},"query-input":{"@type":"PropertyValueSpecification","valueRequired":true,"valueName":"search_term_string"}}],"inLanguage":"es"},{"@type":"Organization","@id":"https:\/\/conexion23.com\/#organization","name":"Conexion 23","url":"https:\/\/conexion23.com\/","logo":{"@type":"ImageObject","inLanguage":"es","@id":"https:\/\/conexion23.com\/#\/schema\/logo\/image\/","url":"https:\/\/conexion23.com\/wp-content\/uploads\/2021\/11\/Diseno-sin-titulo-2.png","contentUrl":"https:\/\/conexion23.com\/wp-content\/uploads\/2021\/11\/Diseno-sin-titulo-2.png","width":541,"height":90,"caption":"Conexion 23"},"image":{"@id":"https:\/\/conexion23.com\/#\/schema\/logo\/image\/"},"sameAs":["https:\/\/www.facebook.com\/conexion23com","https:\/\/www.instagram.com\/conexion23com\/","https:\/\/www.youtube.com\/channel\/UCYc7vxxFZMYLIHNsHHxPZ3Q"]},{"@type":"Person","@id":"https:\/\/conexion23.com\/#\/schema\/person\/03e36043331117e97a373299bbcd30a6","name":"Raffy Ben\u00edtez","image":{"@type":"ImageObject","inLanguage":"es","@id":"https:\/\/secure.gravatar.com\/avatar\/3190a6a6c5e1b0327500f7d6c56b6242472ee6cb974cf09b401ee6b3b0798f23?s=96&d=mm&r=g","url":"https:\/\/secure.gravatar.com\/avatar\/3190a6a6c5e1b0327500f7d6c56b6242472ee6cb974cf09b401ee6b3b0798f23?s=96&d=mm&r=g","contentUrl":"https:\/\/secure.gravatar.com\/avatar\/3190a6a6c5e1b0327500f7d6c56b6242472ee6cb974cf09b401ee6b3b0798f23?s=96&d=mm&r=g","caption":"Raffy Ben\u00edtez"},"url":"https:\/\/conexion23.com\/?author=15"}]}},"_links":{"self":[{"href":"https:\/\/conexion23.com\/index.php?rest_route=\/wp\/v2\/posts\/16611","targetHints":{"allow":["GET"]}}],"collection":[{"href":"https:\/\/conexion23.com\/index.php?rest_route=\/wp\/v2\/posts"}],"about":[{"href":"https:\/\/conexion23.com\/index.php?rest_route=\/wp\/v2\/types\/post"}],"author":[{"embeddable":true,"href":"https:\/\/conexion23.com\/index.php?rest_route=\/wp\/v2\/users\/15"}],"replies":[{"embeddable":true,"href":"https:\/\/conexion23.com\/index.php?rest_route=%2Fwp%2Fv2%2Fcomments&post=16611"}],"version-history":[{"count":1,"href":"https:\/\/conexion23.com\/index.php?rest_route=\/wp\/v2\/posts\/16611\/revisions"}],"predecessor-version":[{"id":16613,"href":"https:\/\/conexion23.com\/index.php?rest_route=\/wp\/v2\/posts\/16611\/revisions\/16613"}],"wp:attachment":[{"href":"https:\/\/conexion23.com\/index.php?rest_route=%2Fwp%2Fv2%2Fmedia&parent=16611"}],"wp:term":[{"taxonomy":"category","embeddable":true,"href":"https:\/\/conexion23.com\/index.php?rest_route=%2Fwp%2Fv2%2Fcategories&post=16611"},{"taxonomy":"post_tag","embeddable":true,"href":"https:\/\/conexion23.com\/index.php?rest_route=%2Fwp%2Fv2%2Ftags&post=16611"}],"curies":[{"name":"wp","href":"https:\/\/api.w.org\/{rel}","templated":true}]}}