{"id":16629,"date":"2023-04-27T09:01:28","date_gmt":"2023-04-27T13:01:28","guid":{"rendered":"https:\/\/conexion23.com\/?p=16629"},"modified":"2023-04-27T09:01:30","modified_gmt":"2023-04-27T13:01:30","slug":"lula-da-silva-ratifica-en-espana-su-postura-sobre-guerra-en-ucrania","status":"publish","type":"post","link":"https:\/\/conexion23.com\/?p=16629","title":{"rendered":"Lula da Silva ratifica en Espa\u00f1a su postura sobre guerra en Ucrania"},"content":{"rendered":"\n<p class=\"wp-block-paragraph\">El presidente brasile\u00f1o Luiz In\u00e1cio Lula da Silva se reuni\u00f3 con el jefe del gobierno espa\u00f1ol, Pedro S\u00e1nchez, el mi\u00e9rcoles para mantener conversaciones sobre un acuerdo comercial intercontinental, pero sus diferencias con la Uni\u00f3n Europea sobre la guerra en Ucrania resultaron evidentes.<\/p>\n\n\n\n<p class=\"wp-block-paragraph\">La UE y el Mercosur, integrado por Argentina, Brasil, Paraguay y Uruguay, celebraron un amplio acuerdo comercial en 2019. Pero la ratificaci\u00f3n qued\u00f3 en un impasse durante la presidencia del predecesor de Lula, Jair Bolsonaro, debido a los temores por los est\u00e1ndares medioambientales y el proteccionismo agrario europeo.<\/p>\n\n\n\n<p class=\"wp-block-paragraph\">Tras la firma de acuerdos bilaterales, Lula y S\u00e1nchez realizaron una conferencia de prensa en la cual la simpat\u00eda entre los dos mandatarios de centroizquierda salt\u00f3 a la vista, pero sus divergencias sobre Ucrania crearon cierto ambiente de tensi\u00f3n.<\/p>\n\n\n\n<p class=\"wp-block-paragraph\">\u201cNo hay dudas de que condenamos la violaci\u00f3n de los derechos de Ucrania por Rusia a partir de la invasi\u00f3n, pero no sirve para nada decir qui\u00e9n tiene la raz\u00f3n o no. Hay que parar la guerra\u201d, dijo Lula. Traz\u00f3 una equivalencia entre las guerras libradas por los miembros permanentes del Consejo de Seguridad de las Naciones Unidas y la invasi\u00f3n de Ucrania al recordar la invasi\u00f3n estadounidense de Irak en 2003 sin mandato de la ONU.<\/p>\n\n\n\n<p class=\"wp-block-paragraph\">Lula reiter\u00f3 su llamamiento a un \u201cG20 de la paz\u201d integrado por pa\u00edses nominalmente neutrales que ayude a poner fin al conflicto en Ucrania. Los miembros permanentes del Consejo de Seguridad \u201cson los que venden m\u00e1s armas el mundo\u201d, e insinu\u00f3 que pa\u00edses como Brasil, Egipto y Sud\u00e1frica pudieran ser los mediadores.<\/p>\n\n\n\n<p class=\"wp-block-paragraph\">Previamente, Lula hab\u00eda dicho que la restauraci\u00f3n de la paz en Ucrania era necesaria debido a los efectos de la guerra sobre los precios globales de alimentos y fertilizantes.<\/p>\n\n\n\n<p class=\"wp-block-paragraph\">Lula asegur\u00f3 a sus interlocutores en Madrid que Brasil est\u00e1 comprometido con la cooperaci\u00f3n internacional, recit\u00f3 una lista de los mandatarios del mundo con los que se ha reunido desde su reelecci\u00f3n y expres\u00f3 su intenci\u00f3n de reunirse con muchos m\u00e1s.<\/p>\n\n\n\n<p class=\"wp-block-paragraph\">\u201cBrasil est\u00e1 de vuelta\u201d, asever\u00f3.<\/p>\n\n\n\n<p class=\"wp-block-paragraph\">Por su parte, el presidente espa\u00f1ol se mostr\u00f3 cauto sobre Ucrania, agradeci\u00f3 a Lula su propuesta de paz, pero record\u00f3 que \u201cen esta guerra hay un agresor y hay un agredido. El agresor es Putin\u201d.<\/p>\n\n\n\n<p class=\"wp-block-paragraph\">\u201cSi queremos que esa paz justa y duradera, es fundamental que la voz \u2026 de Ucrania y de su presidente, sea escuchado y su f\u00f3rmula de la paz tambi\u00e9n sea tenida en cuenta\u201d, a\u00f1adi\u00f3 S\u00e1nchez.<\/p>\n\n\n\n<p class=\"wp-block-paragraph\">Por otra parte, Brasil y Espa\u00f1a est\u00e1n impulsando la preparaci\u00f3n del acuerdo con el Mercosur para la cumbre del 17-18 de julio de la UE con la Comunidad de Estados Latinoamericanos y del Caribe (CELAC).<\/p>\n\n\n\n<p class=\"wp-block-paragraph\">S\u00e1nchez dijo que la reuni\u00f3n con la CELAC era una \u201cexcelente oportunidad\u201d para avanzar en el tratado, y Lula acot\u00f3 que \u201ctenemos que lograrlo\u201d.<\/p>\n\n\n\n<p class=\"wp-block-paragraph\">S\u00e1nchez agradeci\u00f3 a Lula su \u201cfirme compromiso\u201d con el acuerdo, sin detallar los progresos realizados. Espa\u00f1a asume en julio la presidencia rotativa de la UE y Brasil ocupa simult\u00e1neamente el puesto equivalente en el Mercosur.<\/p>\n\n\n\n<p class=\"wp-block-paragraph\">Tras las reuniones con empresarios, Lula record\u00f3 sus v\u00ednculos de larga data con los sindicatos espa\u00f1oles y tuite\u00f3 una foto con una delegaci\u00f3n de la central obrera UGT.<\/p>\n\n\n\n<p class=\"wp-block-paragraph\">Luego almorz\u00f3 con el rey Felipe VI en el palacio real antes de regresar a Brasil por la tarde.<\/p>\n","protected":false},"excerpt":{"rendered":"<p>El presidente brasile\u00f1o Luiz In\u00e1cio Lula da Silva se reuni\u00f3 con el jefe del gobierno espa\u00f1ol, Pedro S\u00e1nchez, el mi\u00e9rcoles para mantener conversaciones sobre un acuerdo comercial intercontinental, pero sus diferencias con la Uni\u00f3n Europea sobre la guerra en Ucrania resultaron evidentes. La UE y el Mercosur, integrado por Argentina, Brasil, Paraguay y Uruguay, celebraron [&hellip;]<\/p>\n","protected":false},"author":15,"featured_media":0,"comment_status":"open","ping_status":"open","sticky":false,"template":"","format":"standard","meta":{"footnotes":""},"categories":[1],"tags":[],"class_list":["post-16629","post","type-post","status-publish","format-standard","category-uncategorized"],"yoast_head":"<!-- This site is optimized with the Yoast SEO plugin v27.6 - https:\/\/yoast.com\/product\/yoast-seo-wordpress\/ -->\n<title>Lula da Silva ratifica en Espa\u00f1a su postura sobre guerra en Ucrania - Conexi\u00f3n 23<\/title>\n<meta name=\"robots\" content=\"index, follow, max-snippet:-1, max-image-preview:large, max-video-preview:-1\" \/>\n<link rel=\"canonical\" href=\"https:\/\/conexion23.com\/?p=16629\" \/>\n<meta property=\"og:locale\" content=\"es_ES\" \/>\n<meta property=\"og:type\" content=\"article\" \/>\n<meta property=\"og:title\" content=\"Lula da Silva ratifica en Espa\u00f1a su postura sobre guerra en Ucrania - Conexi\u00f3n 23\" \/>\n<meta property=\"og:description\" content=\"El presidente brasile\u00f1o Luiz In\u00e1cio Lula da Silva se reuni\u00f3 con el jefe del gobierno espa\u00f1ol, Pedro S\u00e1nchez, el mi\u00e9rcoles para mantener conversaciones sobre un acuerdo comercial intercontinental, pero sus diferencias con la Uni\u00f3n Europea sobre la guerra en Ucrania resultaron evidentes. La UE y el Mercosur, integrado por Argentina, Brasil, Paraguay y Uruguay, celebraron [&hellip;]\" \/>\n<meta property=\"og:url\" content=\"https:\/\/conexion23.com\/?p=16629\" \/>\n<meta property=\"og:site_name\" content=\"Conexi\u00f3n 23\" \/>\n<meta property=\"article:publisher\" content=\"https:\/\/www.facebook.com\/conexion23com\" \/>\n<meta property=\"article:published_time\" content=\"2023-04-27T13:01:28+00:00\" \/>\n<meta property=\"article:modified_time\" content=\"2023-04-27T13:01:30+00:00\" \/>\n<meta name=\"author\" content=\"Raffy Ben\u00edtez\" \/>\n<meta name=\"twitter:card\" content=\"summary_large_image\" \/>\n<meta name=\"twitter:label1\" content=\"Escrito por\" \/>\n\t<meta name=\"twitter:data1\" content=\"Raffy Ben\u00edtez\" \/>\n\t<meta name=\"twitter:label2\" content=\"Tiempo de lectura\" \/>\n\t<meta name=\"twitter:data2\" content=\"3 minutos\" \/>\n<script type=\"application\/ld+json\" class=\"yoast-schema-graph\">{\"@context\":\"https:\\\/\\\/schema.org\",\"@graph\":[{\"@type\":\"Article\",\"@id\":\"https:\\\/\\\/conexion23.com\\\/?p=16629#article\",\"isPartOf\":{\"@id\":\"https:\\\/\\\/conexion23.com\\\/?p=16629\"},\"author\":{\"name\":\"Raffy Ben\u00edtez\",\"@id\":\"https:\\\/\\\/conexion23.com\\\/#\\\/schema\\\/person\\\/5d6d767819503a4603e9fd070ecf3ac6\"},\"headline\":\"Lula da Silva ratifica en Espa\u00f1a su postura sobre guerra en Ucrania\",\"datePublished\":\"2023-04-27T13:01:28+00:00\",\"dateModified\":\"2023-04-27T13:01:30+00:00\",\"mainEntityOfPage\":{\"@id\":\"https:\\\/\\\/conexion23.com\\\/?p=16629\"},\"wordCount\":597,\"commentCount\":0,\"publisher\":{\"@id\":\"https:\\\/\\\/conexion23.com\\\/#organization\"},\"articleSection\":[\"Uncategorized\"],\"inLanguage\":\"es\",\"potentialAction\":[{\"@type\":\"CommentAction\",\"name\":\"Comment\",\"target\":[\"https:\\\/\\\/conexion23.com\\\/?p=16629#respond\"]}]},{\"@type\":\"WebPage\",\"@id\":\"https:\\\/\\\/conexion23.com\\\/?p=16629\",\"url\":\"https:\\\/\\\/conexion23.com\\\/?p=16629\",\"name\":\"Lula da Silva ratifica en Espa\u00f1a su postura sobre guerra en Ucrania - Conexi\u00f3n 23\",\"isPartOf\":{\"@id\":\"https:\\\/\\\/conexion23.com\\\/#website\"},\"datePublished\":\"2023-04-27T13:01:28+00:00\",\"dateModified\":\"2023-04-27T13:01:30+00:00\",\"breadcrumb\":{\"@id\":\"https:\\\/\\\/conexion23.com\\\/?p=16629#breadcrumb\"},\"inLanguage\":\"es\",\"potentialAction\":[{\"@type\":\"ReadAction\",\"target\":[\"https:\\\/\\\/conexion23.com\\\/?p=16629\"]}]},{\"@type\":\"BreadcrumbList\",\"@id\":\"https:\\\/\\\/conexion23.com\\\/?p=16629#breadcrumb\",\"itemListElement\":[{\"@type\":\"ListItem\",\"position\":1,\"name\":\"Portada\",\"item\":\"https:\\\/\\\/conexion23.com\\\/\"},{\"@type\":\"ListItem\",\"position\":2,\"name\":\"Lula da Silva ratifica en Espa\u00f1a su postura sobre guerra en Ucrania\"}]},{\"@type\":\"WebSite\",\"@id\":\"https:\\\/\\\/conexion23.com\\\/#website\",\"url\":\"https:\\\/\\\/conexion23.com\\\/\",\"name\":\"Conexi\u00f3n 23\",\"description\":\"Peri\u00f3dico 100% Petromacorisano\",\"publisher\":{\"@id\":\"https:\\\/\\\/conexion23.com\\\/#organization\"},\"potentialAction\":[{\"@type\":\"SearchAction\",\"target\":{\"@type\":\"EntryPoint\",\"urlTemplate\":\"https:\\\/\\\/conexion23.com\\\/?s={search_term_string}\"},\"query-input\":{\"@type\":\"PropertyValueSpecification\",\"valueRequired\":true,\"valueName\":\"search_term_string\"}}],\"inLanguage\":\"es\"},{\"@type\":\"Organization\",\"@id\":\"https:\\\/\\\/conexion23.com\\\/#organization\",\"name\":\"Conexion 23\",\"url\":\"https:\\\/\\\/conexion23.com\\\/\",\"logo\":{\"@type\":\"ImageObject\",\"inLanguage\":\"es\",\"@id\":\"https:\\\/\\\/conexion23.com\\\/#\\\/schema\\\/logo\\\/image\\\/\",\"url\":\"https:\\\/\\\/conexion23.com\\\/wp-content\\\/uploads\\\/2021\\\/11\\\/Diseno-sin-titulo-2.png\",\"contentUrl\":\"https:\\\/\\\/conexion23.com\\\/wp-content\\\/uploads\\\/2021\\\/11\\\/Diseno-sin-titulo-2.png\",\"width\":541,\"height\":90,\"caption\":\"Conexion 23\"},\"image\":{\"@id\":\"https:\\\/\\\/conexion23.com\\\/#\\\/schema\\\/logo\\\/image\\\/\"},\"sameAs\":[\"https:\\\/\\\/www.facebook.com\\\/conexion23com\",\"https:\\\/\\\/www.instagram.com\\\/conexion23com\\\/\",\"https:\\\/\\\/www.youtube.com\\\/channel\\\/UCYc7vxxFZMYLIHNsHHxPZ3Q\"]},{\"@type\":\"Person\",\"@id\":\"https:\\\/\\\/conexion23.com\\\/#\\\/schema\\\/person\\\/5d6d767819503a4603e9fd070ecf3ac6\",\"name\":\"Raffy Ben\u00edtez\",\"image\":{\"@type\":\"ImageObject\",\"inLanguage\":\"es\",\"@id\":\"https:\\\/\\\/secure.gravatar.com\\\/avatar\\\/3190a6a6c5e1b0327500f7d6c56b6242472ee6cb974cf09b401ee6b3b0798f23?s=96&d=mm&r=g\",\"url\":\"https:\\\/\\\/secure.gravatar.com\\\/avatar\\\/3190a6a6c5e1b0327500f7d6c56b6242472ee6cb974cf09b401ee6b3b0798f23?s=96&d=mm&r=g\",\"contentUrl\":\"https:\\\/\\\/secure.gravatar.com\\\/avatar\\\/3190a6a6c5e1b0327500f7d6c56b6242472ee6cb974cf09b401ee6b3b0798f23?s=96&d=mm&r=g\",\"caption\":\"Raffy Ben\u00edtez\"},\"url\":\"https:\\\/\\\/conexion23.com\\\/?author=15\"}]}<\/script>\n<!-- \/ Yoast SEO plugin. -->","yoast_head_json":{"title":"Lula da Silva ratifica en Espa\u00f1a su postura sobre guerra en Ucrania - Conexi\u00f3n 23","robots":{"index":"index","follow":"follow","max-snippet":"max-snippet:-1","max-image-preview":"max-image-preview:large","max-video-preview":"max-video-preview:-1"},"canonical":"https:\/\/conexion23.com\/?p=16629","og_locale":"es_ES","og_type":"article","og_title":"Lula da Silva ratifica en Espa\u00f1a su postura sobre guerra en Ucrania - Conexi\u00f3n 23","og_description":"El presidente brasile\u00f1o Luiz In\u00e1cio Lula da Silva se reuni\u00f3 con el jefe del gobierno espa\u00f1ol, Pedro S\u00e1nchez, el mi\u00e9rcoles para mantener conversaciones sobre un acuerdo comercial intercontinental, pero sus diferencias con la Uni\u00f3n Europea sobre la guerra en Ucrania resultaron evidentes. La UE y el Mercosur, integrado por Argentina, Brasil, Paraguay y Uruguay, celebraron [&hellip;]","og_url":"https:\/\/conexion23.com\/?p=16629","og_site_name":"Conexi\u00f3n 23","article_publisher":"https:\/\/www.facebook.com\/conexion23com","article_published_time":"2023-04-27T13:01:28+00:00","article_modified_time":"2023-04-27T13:01:30+00:00","author":"Raffy Ben\u00edtez","twitter_card":"summary_large_image","twitter_misc":{"Escrito por":"Raffy Ben\u00edtez","Tiempo de lectura":"3 minutos"},"schema":{"@context":"https:\/\/schema.org","@graph":[{"@type":"Article","@id":"https:\/\/conexion23.com\/?p=16629#article","isPartOf":{"@id":"https:\/\/conexion23.com\/?p=16629"},"author":{"name":"Raffy Ben\u00edtez","@id":"https:\/\/conexion23.com\/#\/schema\/person\/5d6d767819503a4603e9fd070ecf3ac6"},"headline":"Lula da Silva ratifica en Espa\u00f1a su postura sobre guerra en Ucrania","datePublished":"2023-04-27T13:01:28+00:00","dateModified":"2023-04-27T13:01:30+00:00","mainEntityOfPage":{"@id":"https:\/\/conexion23.com\/?p=16629"},"wordCount":597,"commentCount":0,"publisher":{"@id":"https:\/\/conexion23.com\/#organization"},"articleSection":["Uncategorized"],"inLanguage":"es","potentialAction":[{"@type":"CommentAction","name":"Comment","target":["https:\/\/conexion23.com\/?p=16629#respond"]}]},{"@type":"WebPage","@id":"https:\/\/conexion23.com\/?p=16629","url":"https:\/\/conexion23.com\/?p=16629","name":"Lula da Silva ratifica en Espa\u00f1a su postura sobre guerra en Ucrania - Conexi\u00f3n 23","isPartOf":{"@id":"https:\/\/conexion23.com\/#website"},"datePublished":"2023-04-27T13:01:28+00:00","dateModified":"2023-04-27T13:01:30+00:00","breadcrumb":{"@id":"https:\/\/conexion23.com\/?p=16629#breadcrumb"},"inLanguage":"es","potentialAction":[{"@type":"ReadAction","target":["https:\/\/conexion23.com\/?p=16629"]}]},{"@type":"BreadcrumbList","@id":"https:\/\/conexion23.com\/?p=16629#breadcrumb","itemListElement":[{"@type":"ListItem","position":1,"name":"Portada","item":"https:\/\/conexion23.com\/"},{"@type":"ListItem","position":2,"name":"Lula da Silva ratifica en Espa\u00f1a su postura sobre guerra en Ucrania"}]},{"@type":"WebSite","@id":"https:\/\/conexion23.com\/#website","url":"https:\/\/conexion23.com\/","name":"Conexi\u00f3n 23","description":"Peri\u00f3dico 100% Petromacorisano","publisher":{"@id":"https:\/\/conexion23.com\/#organization"},"potentialAction":[{"@type":"SearchAction","target":{"@type":"EntryPoint","urlTemplate":"https:\/\/conexion23.com\/?s={search_term_string}"},"query-input":{"@type":"PropertyValueSpecification","valueRequired":true,"valueName":"search_term_string"}}],"inLanguage":"es"},{"@type":"Organization","@id":"https:\/\/conexion23.com\/#organization","name":"Conexion 23","url":"https:\/\/conexion23.com\/","logo":{"@type":"ImageObject","inLanguage":"es","@id":"https:\/\/conexion23.com\/#\/schema\/logo\/image\/","url":"https:\/\/conexion23.com\/wp-content\/uploads\/2021\/11\/Diseno-sin-titulo-2.png","contentUrl":"https:\/\/conexion23.com\/wp-content\/uploads\/2021\/11\/Diseno-sin-titulo-2.png","width":541,"height":90,"caption":"Conexion 23"},"image":{"@id":"https:\/\/conexion23.com\/#\/schema\/logo\/image\/"},"sameAs":["https:\/\/www.facebook.com\/conexion23com","https:\/\/www.instagram.com\/conexion23com\/","https:\/\/www.youtube.com\/channel\/UCYc7vxxFZMYLIHNsHHxPZ3Q"]},{"@type":"Person","@id":"https:\/\/conexion23.com\/#\/schema\/person\/5d6d767819503a4603e9fd070ecf3ac6","name":"Raffy Ben\u00edtez","image":{"@type":"ImageObject","inLanguage":"es","@id":"https:\/\/secure.gravatar.com\/avatar\/3190a6a6c5e1b0327500f7d6c56b6242472ee6cb974cf09b401ee6b3b0798f23?s=96&d=mm&r=g","url":"https:\/\/secure.gravatar.com\/avatar\/3190a6a6c5e1b0327500f7d6c56b6242472ee6cb974cf09b401ee6b3b0798f23?s=96&d=mm&r=g","contentUrl":"https:\/\/secure.gravatar.com\/avatar\/3190a6a6c5e1b0327500f7d6c56b6242472ee6cb974cf09b401ee6b3b0798f23?s=96&d=mm&r=g","caption":"Raffy Ben\u00edtez"},"url":"https:\/\/conexion23.com\/?author=15"}]}},"_links":{"self":[{"href":"https:\/\/conexion23.com\/index.php?rest_route=\/wp\/v2\/posts\/16629","targetHints":{"allow":["GET"]}}],"collection":[{"href":"https:\/\/conexion23.com\/index.php?rest_route=\/wp\/v2\/posts"}],"about":[{"href":"https:\/\/conexion23.com\/index.php?rest_route=\/wp\/v2\/types\/post"}],"author":[{"embeddable":true,"href":"https:\/\/conexion23.com\/index.php?rest_route=\/wp\/v2\/users\/15"}],"replies":[{"embeddable":true,"href":"https:\/\/conexion23.com\/index.php?rest_route=%2Fwp%2Fv2%2Fcomments&post=16629"}],"version-history":[{"count":1,"href":"https:\/\/conexion23.com\/index.php?rest_route=\/wp\/v2\/posts\/16629\/revisions"}],"predecessor-version":[{"id":16631,"href":"https:\/\/conexion23.com\/index.php?rest_route=\/wp\/v2\/posts\/16629\/revisions\/16631"}],"wp:attachment":[{"href":"https:\/\/conexion23.com\/index.php?rest_route=%2Fwp%2Fv2%2Fmedia&parent=16629"}],"wp:term":[{"taxonomy":"category","embeddable":true,"href":"https:\/\/conexion23.com\/index.php?rest_route=%2Fwp%2Fv2%2Fcategories&post=16629"},{"taxonomy":"post_tag","embeddable":true,"href":"https:\/\/conexion23.com\/index.php?rest_route=%2Fwp%2Fv2%2Ftags&post=16629"}],"curies":[{"name":"wp","href":"https:\/\/api.w.org\/{rel}","templated":true}]}}