{"id":16755,"date":"2023-05-07T12:39:55","date_gmt":"2023-05-07T16:39:55","guid":{"rendered":"https:\/\/conexion23.com\/?p=16755"},"modified":"2023-05-07T12:39:59","modified_gmt":"2023-05-07T16:39:59","slug":"vandalos-incendian-dos-camiones-compactadores-del-ayuntamiento-de-boca-chica","status":"publish","type":"post","link":"https:\/\/conexion23.com\/?p=16755","title":{"rendered":"V\u00e1ndalos incendian dos camiones compactadores del Ayuntamiento de Boca Chica."},"content":{"rendered":"\n<p class=\"wp-block-paragraph\">BOCA CHICA. \u2013 Desaprensivos incendiaron dos camiones compactadores de desechos s\u00f3lidos propiedad del Ayuntamiento Municipal de Boca Chica, causando p\u00e9rdidas por valor de ocho millones de pesos, al municipio.<\/p>\n\n\n\n<p class=\"wp-block-paragraph\">De acuerdo con los miembros del Cuerpo de Bomberos quienes se vieron obligados a sofocar el siniestro, los informes preliminares indican manos criminales en la quema de los veh\u00edculos propiedad municipal.<\/p>\n\n\n\n<p class=\"wp-block-paragraph\">Los bomberos explicaron que un primer aparato fue incendiado antes de la medianoche, mientras que el segundo los delincuentes aprovecharon que el personal contra incendio se retirara para pegarle fuego.<\/p>\n\n\n\n<p class=\"wp-block-paragraph\">El alcalde de Boca Chica, Ferm\u00edn Brito Rinc\u00f3n, calific\u00f3 de terrorista y vandalismo la quema de los dos camiones recolectores de basura, advirtiendo que le caer\u00e1 todo el peso de la ley a quienes cometieron el hecho.<\/p>\n\n\n\n<p class=\"wp-block-paragraph\">Brito manifest\u00f3 que el hecho ocurri\u00f3 en la parte trasera de las instalaciones pertenecientes al Departamento de Ornato, adelantando que ya la Polic\u00eda Nacional a trav\u00e9s del Departamento Contra Cr\u00edmenes y Delitos, realiza los levantamientos e investigaciones para dar con los responsables del da\u00f1o causado al Ayuntamiento de Boca Chica.<\/p>\n\n\n\n<p class=\"wp-block-paragraph\">Ferm\u00edn Brito agreg\u00f3, que hace poco le envi\u00f3 una comunicaci\u00f3n al Director de la Polic\u00eda Nacional, poni\u00e9ndole al tanto de una cantidad de vertederos que son improvisados por desconocidos para incendiarlos y provocar incomodidad y desasosiego a los mun\u00edcipes.<\/p>\n\n\n\n<p class=\"wp-block-paragraph\">Explic\u00f3 que por varias ocasiones ha pedido la intervenci\u00f3n de la Polic\u00eda Nacional, para tratar de parar las cantidades de hechos vand\u00e1licos que se vienen cometiendo en contra de las propiedades municipales y ejecutadas a su entender por asuntos pol\u00edticos y contrarios a la gesti\u00f3n que representa.<\/p>\n\n\n\n<p class=\"wp-block-paragraph\">El alcalde de Boca Chica, finaliz\u00f3 diciendo que varias propiedades del Ayuntamiento, han sido vandalizadas durante estos \u00faltimos tres a\u00f1os, entre la que citas, destrucci\u00f3n de los parques, desprendimiento de tendido el\u00e9ctrico, rotura de luces, apedrea a las unidades recolectoras, as\u00ed como la improvisaci\u00f3n de vertederos en medio de las v\u00edas.<\/p>\n","protected":false},"excerpt":{"rendered":"<p>BOCA CHICA. \u2013 Desaprensivos incendiaron dos camiones compactadores de desechos s\u00f3lidos propiedad del Ayuntamiento Municipal de Boca Chica, causando p\u00e9rdidas por valor de ocho millones de pesos, al municipio. De acuerdo con los miembros del Cuerpo de Bomberos quienes se vieron obligados a sofocar el siniestro, los informes preliminares indican manos criminales en la quema [&hellip;]<\/p>\n","protected":false},"author":15,"featured_media":0,"comment_status":"open","ping_status":"open","sticky":false,"template":"","format":"standard","meta":{"footnotes":""},"categories":[1],"tags":[],"class_list":["post-16755","post","type-post","status-publish","format-standard","category-uncategorized"],"yoast_head":"<!-- This site is optimized with the Yoast SEO plugin v27.6 - https:\/\/yoast.com\/product\/yoast-seo-wordpress\/ -->\n<title>V\u00e1ndalos incendian dos camiones compactadores del Ayuntamiento de Boca Chica. - Conexi\u00f3n 23<\/title>\n<meta name=\"robots\" content=\"index, follow, max-snippet:-1, max-image-preview:large, max-video-preview:-1\" \/>\n<link rel=\"canonical\" href=\"https:\/\/conexion23.com\/?p=16755\" \/>\n<meta property=\"og:locale\" content=\"es_ES\" \/>\n<meta property=\"og:type\" content=\"article\" \/>\n<meta property=\"og:title\" content=\"V\u00e1ndalos incendian dos camiones compactadores del Ayuntamiento de Boca Chica. - Conexi\u00f3n 23\" \/>\n<meta property=\"og:description\" content=\"BOCA CHICA. \u2013 Desaprensivos incendiaron dos camiones compactadores de desechos s\u00f3lidos propiedad del Ayuntamiento Municipal de Boca Chica, causando p\u00e9rdidas por valor de ocho millones de pesos, al municipio. De acuerdo con los miembros del Cuerpo de Bomberos quienes se vieron obligados a sofocar el siniestro, los informes preliminares indican manos criminales en la quema [&hellip;]\" \/>\n<meta property=\"og:url\" content=\"https:\/\/conexion23.com\/?p=16755\" \/>\n<meta property=\"og:site_name\" content=\"Conexi\u00f3n 23\" \/>\n<meta property=\"article:publisher\" content=\"https:\/\/www.facebook.com\/conexion23com\" \/>\n<meta property=\"article:published_time\" content=\"2023-05-07T16:39:55+00:00\" \/>\n<meta property=\"article:modified_time\" content=\"2023-05-07T16:39:59+00:00\" \/>\n<meta name=\"author\" content=\"Raffy Ben\u00edtez\" \/>\n<meta name=\"twitter:card\" content=\"summary_large_image\" \/>\n<meta name=\"twitter:label1\" content=\"Escrito por\" \/>\n\t<meta name=\"twitter:data1\" content=\"Raffy Ben\u00edtez\" \/>\n\t<meta name=\"twitter:label2\" content=\"Tiempo de lectura\" \/>\n\t<meta name=\"twitter:data2\" content=\"2 minutos\" \/>\n<script type=\"application\/ld+json\" class=\"yoast-schema-graph\">{\"@context\":\"https:\\\/\\\/schema.org\",\"@graph\":[{\"@type\":\"Article\",\"@id\":\"https:\\\/\\\/conexion23.com\\\/?p=16755#article\",\"isPartOf\":{\"@id\":\"https:\\\/\\\/conexion23.com\\\/?p=16755\"},\"author\":{\"name\":\"Raffy Ben\u00edtez\",\"@id\":\"https:\\\/\\\/conexion23.com\\\/#\\\/schema\\\/person\\\/5d6d767819503a4603e9fd070ecf3ac6\"},\"headline\":\"V\u00e1ndalos incendian dos camiones compactadores del Ayuntamiento de Boca Chica.\",\"datePublished\":\"2023-05-07T16:39:55+00:00\",\"dateModified\":\"2023-05-07T16:39:59+00:00\",\"mainEntityOfPage\":{\"@id\":\"https:\\\/\\\/conexion23.com\\\/?p=16755\"},\"wordCount\":348,\"commentCount\":0,\"publisher\":{\"@id\":\"https:\\\/\\\/conexion23.com\\\/#organization\"},\"articleSection\":[\"Uncategorized\"],\"inLanguage\":\"es\",\"potentialAction\":[{\"@type\":\"CommentAction\",\"name\":\"Comment\",\"target\":[\"https:\\\/\\\/conexion23.com\\\/?p=16755#respond\"]}]},{\"@type\":\"WebPage\",\"@id\":\"https:\\\/\\\/conexion23.com\\\/?p=16755\",\"url\":\"https:\\\/\\\/conexion23.com\\\/?p=16755\",\"name\":\"V\u00e1ndalos incendian dos camiones compactadores del Ayuntamiento de Boca Chica. - Conexi\u00f3n 23\",\"isPartOf\":{\"@id\":\"https:\\\/\\\/conexion23.com\\\/#website\"},\"datePublished\":\"2023-05-07T16:39:55+00:00\",\"dateModified\":\"2023-05-07T16:39:59+00:00\",\"breadcrumb\":{\"@id\":\"https:\\\/\\\/conexion23.com\\\/?p=16755#breadcrumb\"},\"inLanguage\":\"es\",\"potentialAction\":[{\"@type\":\"ReadAction\",\"target\":[\"https:\\\/\\\/conexion23.com\\\/?p=16755\"]}]},{\"@type\":\"BreadcrumbList\",\"@id\":\"https:\\\/\\\/conexion23.com\\\/?p=16755#breadcrumb\",\"itemListElement\":[{\"@type\":\"ListItem\",\"position\":1,\"name\":\"Portada\",\"item\":\"https:\\\/\\\/conexion23.com\\\/\"},{\"@type\":\"ListItem\",\"position\":2,\"name\":\"V\u00e1ndalos incendian dos camiones compactadores del Ayuntamiento de Boca Chica.\"}]},{\"@type\":\"WebSite\",\"@id\":\"https:\\\/\\\/conexion23.com\\\/#website\",\"url\":\"https:\\\/\\\/conexion23.com\\\/\",\"name\":\"Conexi\u00f3n 23\",\"description\":\"Peri\u00f3dico 100% Petromacorisano\",\"publisher\":{\"@id\":\"https:\\\/\\\/conexion23.com\\\/#organization\"},\"potentialAction\":[{\"@type\":\"SearchAction\",\"target\":{\"@type\":\"EntryPoint\",\"urlTemplate\":\"https:\\\/\\\/conexion23.com\\\/?s={search_term_string}\"},\"query-input\":{\"@type\":\"PropertyValueSpecification\",\"valueRequired\":true,\"valueName\":\"search_term_string\"}}],\"inLanguage\":\"es\"},{\"@type\":\"Organization\",\"@id\":\"https:\\\/\\\/conexion23.com\\\/#organization\",\"name\":\"Conexion 23\",\"url\":\"https:\\\/\\\/conexion23.com\\\/\",\"logo\":{\"@type\":\"ImageObject\",\"inLanguage\":\"es\",\"@id\":\"https:\\\/\\\/conexion23.com\\\/#\\\/schema\\\/logo\\\/image\\\/\",\"url\":\"https:\\\/\\\/conexion23.com\\\/wp-content\\\/uploads\\\/2021\\\/11\\\/Diseno-sin-titulo-2.png\",\"contentUrl\":\"https:\\\/\\\/conexion23.com\\\/wp-content\\\/uploads\\\/2021\\\/11\\\/Diseno-sin-titulo-2.png\",\"width\":541,\"height\":90,\"caption\":\"Conexion 23\"},\"image\":{\"@id\":\"https:\\\/\\\/conexion23.com\\\/#\\\/schema\\\/logo\\\/image\\\/\"},\"sameAs\":[\"https:\\\/\\\/www.facebook.com\\\/conexion23com\",\"https:\\\/\\\/www.instagram.com\\\/conexion23com\\\/\",\"https:\\\/\\\/www.youtube.com\\\/channel\\\/UCYc7vxxFZMYLIHNsHHxPZ3Q\"]},{\"@type\":\"Person\",\"@id\":\"https:\\\/\\\/conexion23.com\\\/#\\\/schema\\\/person\\\/5d6d767819503a4603e9fd070ecf3ac6\",\"name\":\"Raffy Ben\u00edtez\",\"image\":{\"@type\":\"ImageObject\",\"inLanguage\":\"es\",\"@id\":\"https:\\\/\\\/secure.gravatar.com\\\/avatar\\\/3190a6a6c5e1b0327500f7d6c56b6242472ee6cb974cf09b401ee6b3b0798f23?s=96&d=mm&r=g\",\"url\":\"https:\\\/\\\/secure.gravatar.com\\\/avatar\\\/3190a6a6c5e1b0327500f7d6c56b6242472ee6cb974cf09b401ee6b3b0798f23?s=96&d=mm&r=g\",\"contentUrl\":\"https:\\\/\\\/secure.gravatar.com\\\/avatar\\\/3190a6a6c5e1b0327500f7d6c56b6242472ee6cb974cf09b401ee6b3b0798f23?s=96&d=mm&r=g\",\"caption\":\"Raffy Ben\u00edtez\"},\"url\":\"https:\\\/\\\/conexion23.com\\\/?author=15\"}]}<\/script>\n<!-- \/ Yoast SEO plugin. -->","yoast_head_json":{"title":"V\u00e1ndalos incendian dos camiones compactadores del Ayuntamiento de Boca Chica. - Conexi\u00f3n 23","robots":{"index":"index","follow":"follow","max-snippet":"max-snippet:-1","max-image-preview":"max-image-preview:large","max-video-preview":"max-video-preview:-1"},"canonical":"https:\/\/conexion23.com\/?p=16755","og_locale":"es_ES","og_type":"article","og_title":"V\u00e1ndalos incendian dos camiones compactadores del Ayuntamiento de Boca Chica. - Conexi\u00f3n 23","og_description":"BOCA CHICA. \u2013 Desaprensivos incendiaron dos camiones compactadores de desechos s\u00f3lidos propiedad del Ayuntamiento Municipal de Boca Chica, causando p\u00e9rdidas por valor de ocho millones de pesos, al municipio. De acuerdo con los miembros del Cuerpo de Bomberos quienes se vieron obligados a sofocar el siniestro, los informes preliminares indican manos criminales en la quema [&hellip;]","og_url":"https:\/\/conexion23.com\/?p=16755","og_site_name":"Conexi\u00f3n 23","article_publisher":"https:\/\/www.facebook.com\/conexion23com","article_published_time":"2023-05-07T16:39:55+00:00","article_modified_time":"2023-05-07T16:39:59+00:00","author":"Raffy Ben\u00edtez","twitter_card":"summary_large_image","twitter_misc":{"Escrito por":"Raffy Ben\u00edtez","Tiempo de lectura":"2 minutos"},"schema":{"@context":"https:\/\/schema.org","@graph":[{"@type":"Article","@id":"https:\/\/conexion23.com\/?p=16755#article","isPartOf":{"@id":"https:\/\/conexion23.com\/?p=16755"},"author":{"name":"Raffy Ben\u00edtez","@id":"https:\/\/conexion23.com\/#\/schema\/person\/5d6d767819503a4603e9fd070ecf3ac6"},"headline":"V\u00e1ndalos incendian dos camiones compactadores del Ayuntamiento de Boca Chica.","datePublished":"2023-05-07T16:39:55+00:00","dateModified":"2023-05-07T16:39:59+00:00","mainEntityOfPage":{"@id":"https:\/\/conexion23.com\/?p=16755"},"wordCount":348,"commentCount":0,"publisher":{"@id":"https:\/\/conexion23.com\/#organization"},"articleSection":["Uncategorized"],"inLanguage":"es","potentialAction":[{"@type":"CommentAction","name":"Comment","target":["https:\/\/conexion23.com\/?p=16755#respond"]}]},{"@type":"WebPage","@id":"https:\/\/conexion23.com\/?p=16755","url":"https:\/\/conexion23.com\/?p=16755","name":"V\u00e1ndalos incendian dos camiones compactadores del Ayuntamiento de Boca Chica. - Conexi\u00f3n 23","isPartOf":{"@id":"https:\/\/conexion23.com\/#website"},"datePublished":"2023-05-07T16:39:55+00:00","dateModified":"2023-05-07T16:39:59+00:00","breadcrumb":{"@id":"https:\/\/conexion23.com\/?p=16755#breadcrumb"},"inLanguage":"es","potentialAction":[{"@type":"ReadAction","target":["https:\/\/conexion23.com\/?p=16755"]}]},{"@type":"BreadcrumbList","@id":"https:\/\/conexion23.com\/?p=16755#breadcrumb","itemListElement":[{"@type":"ListItem","position":1,"name":"Portada","item":"https:\/\/conexion23.com\/"},{"@type":"ListItem","position":2,"name":"V\u00e1ndalos incendian dos camiones compactadores del Ayuntamiento de Boca Chica."}]},{"@type":"WebSite","@id":"https:\/\/conexion23.com\/#website","url":"https:\/\/conexion23.com\/","name":"Conexi\u00f3n 23","description":"Peri\u00f3dico 100% Petromacorisano","publisher":{"@id":"https:\/\/conexion23.com\/#organization"},"potentialAction":[{"@type":"SearchAction","target":{"@type":"EntryPoint","urlTemplate":"https:\/\/conexion23.com\/?s={search_term_string}"},"query-input":{"@type":"PropertyValueSpecification","valueRequired":true,"valueName":"search_term_string"}}],"inLanguage":"es"},{"@type":"Organization","@id":"https:\/\/conexion23.com\/#organization","name":"Conexion 23","url":"https:\/\/conexion23.com\/","logo":{"@type":"ImageObject","inLanguage":"es","@id":"https:\/\/conexion23.com\/#\/schema\/logo\/image\/","url":"https:\/\/conexion23.com\/wp-content\/uploads\/2021\/11\/Diseno-sin-titulo-2.png","contentUrl":"https:\/\/conexion23.com\/wp-content\/uploads\/2021\/11\/Diseno-sin-titulo-2.png","width":541,"height":90,"caption":"Conexion 23"},"image":{"@id":"https:\/\/conexion23.com\/#\/schema\/logo\/image\/"},"sameAs":["https:\/\/www.facebook.com\/conexion23com","https:\/\/www.instagram.com\/conexion23com\/","https:\/\/www.youtube.com\/channel\/UCYc7vxxFZMYLIHNsHHxPZ3Q"]},{"@type":"Person","@id":"https:\/\/conexion23.com\/#\/schema\/person\/5d6d767819503a4603e9fd070ecf3ac6","name":"Raffy Ben\u00edtez","image":{"@type":"ImageObject","inLanguage":"es","@id":"https:\/\/secure.gravatar.com\/avatar\/3190a6a6c5e1b0327500f7d6c56b6242472ee6cb974cf09b401ee6b3b0798f23?s=96&d=mm&r=g","url":"https:\/\/secure.gravatar.com\/avatar\/3190a6a6c5e1b0327500f7d6c56b6242472ee6cb974cf09b401ee6b3b0798f23?s=96&d=mm&r=g","contentUrl":"https:\/\/secure.gravatar.com\/avatar\/3190a6a6c5e1b0327500f7d6c56b6242472ee6cb974cf09b401ee6b3b0798f23?s=96&d=mm&r=g","caption":"Raffy Ben\u00edtez"},"url":"https:\/\/conexion23.com\/?author=15"}]}},"_links":{"self":[{"href":"https:\/\/conexion23.com\/index.php?rest_route=\/wp\/v2\/posts\/16755","targetHints":{"allow":["GET"]}}],"collection":[{"href":"https:\/\/conexion23.com\/index.php?rest_route=\/wp\/v2\/posts"}],"about":[{"href":"https:\/\/conexion23.com\/index.php?rest_route=\/wp\/v2\/types\/post"}],"author":[{"embeddable":true,"href":"https:\/\/conexion23.com\/index.php?rest_route=\/wp\/v2\/users\/15"}],"replies":[{"embeddable":true,"href":"https:\/\/conexion23.com\/index.php?rest_route=%2Fwp%2Fv2%2Fcomments&post=16755"}],"version-history":[{"count":1,"href":"https:\/\/conexion23.com\/index.php?rest_route=\/wp\/v2\/posts\/16755\/revisions"}],"predecessor-version":[{"id":16757,"href":"https:\/\/conexion23.com\/index.php?rest_route=\/wp\/v2\/posts\/16755\/revisions\/16757"}],"wp:attachment":[{"href":"https:\/\/conexion23.com\/index.php?rest_route=%2Fwp%2Fv2%2Fmedia&parent=16755"}],"wp:term":[{"taxonomy":"category","embeddable":true,"href":"https:\/\/conexion23.com\/index.php?rest_route=%2Fwp%2Fv2%2Fcategories&post=16755"},{"taxonomy":"post_tag","embeddable":true,"href":"https:\/\/conexion23.com\/index.php?rest_route=%2Fwp%2Fv2%2Ftags&post=16755"}],"curies":[{"name":"wp","href":"https:\/\/api.w.org\/{rel}","templated":true}]}}