{"id":16824,"date":"2023-05-10T18:20:02","date_gmt":"2023-05-10T22:20:02","guid":{"rendered":"https:\/\/conexion23.com\/?p=16824"},"modified":"2023-05-10T18:20:05","modified_gmt":"2023-05-10T22:20:05","slug":"medio-ambiente-ya-tiene-propuesta-sobre-el-destino-final-del-sargazo-que-afecta-las-costas-del-pais","status":"publish","type":"post","link":"https:\/\/conexion23.com\/?p=16824","title":{"rendered":"Medio Ambiente ya tiene propuesta sobre el destino final del sargazo que afecta las costas del pa\u00eds."},"content":{"rendered":"\n<p class=\"wp-block-paragraph\"><strong>Santo Domingo<\/strong>.- Ante la cada vez mayor incidencia del sargazo en las costas del pa\u00eds, que est\u00e1 afectando la biodiversidad, adem\u00e1s de su impacto negativo en el turismo y la generaci\u00f3n el\u00e9ctrica, el Ministro de Medio Ambiente asegur\u00f3 que ya tienen propuestas para que estas algas tengan un destino final.<\/p>\n\n\n\n<p class=\"wp-block-paragraph\">El Ministro de Medio Ambiente, Miguel Ceara Hatton, dijo que luego de conformar la Mesa para la Gesti\u00f3n Integral del Sargazo han recibido diversas sugerencias para tratar de mitigar sus efectos.https:\/\/www.youtube.com\/embed\/eRQqjis1aVQ?feature=oembed<\/p>\n\n\n\n<p class=\"wp-block-paragraph\">En tanto, el viceministro de recursos costeros, de esa entidad, asegur\u00f3 que la gran cantidad de las algas ha provocado la muerte de especies marinas.<\/p>\n\n\n\n<p class=\"wp-block-paragraph\">La directora del Centro de Investigaci\u00f3n de Biolog\u00eda Marina de la Universidad Aut\u00f3noma de Santo Domingo, Gladys Rosado considera que las autoridades deben crear un mecanismo eficiente de recolecci\u00f3n del sargazo.<\/p>\n\n\n\n<p class=\"wp-block-paragraph\">Adem\u00e1s de los efectos negativos en la econom\u00eda y el turismo, el pasado fin de semana, a Unidad II de la termoel\u00e9ctrica Punta Catalina sali\u00f3 de operaci\u00f3n debido a la gran cantidad de sargazo en la zona.<\/p>\n","protected":false},"excerpt":{"rendered":"<p>Santo Domingo.- Ante la cada vez mayor incidencia del sargazo en las costas del pa\u00eds, que est\u00e1 afectando la biodiversidad, adem\u00e1s de su impacto negativo en el turismo y la generaci\u00f3n el\u00e9ctrica, el Ministro de Medio Ambiente asegur\u00f3 que ya tienen propuestas para que estas algas tengan un destino final. El Ministro de Medio Ambiente, [&hellip;]<\/p>\n","protected":false},"author":15,"featured_media":0,"comment_status":"open","ping_status":"open","sticky":false,"template":"","format":"standard","meta":{"footnotes":""},"categories":[1],"tags":[],"class_list":["post-16824","post","type-post","status-publish","format-standard","category-uncategorized"],"yoast_head":"<!-- This site is optimized with the Yoast SEO plugin v27.6 - https:\/\/yoast.com\/product\/yoast-seo-wordpress\/ -->\n<title>Medio Ambiente ya tiene propuesta sobre el destino final del sargazo que afecta las costas del pa\u00eds. - Conexi\u00f3n 23<\/title>\n<meta name=\"robots\" content=\"index, follow, max-snippet:-1, max-image-preview:large, max-video-preview:-1\" \/>\n<link rel=\"canonical\" href=\"https:\/\/conexion23.com\/?p=16824\" \/>\n<meta property=\"og:locale\" content=\"es_ES\" \/>\n<meta property=\"og:type\" content=\"article\" \/>\n<meta property=\"og:title\" content=\"Medio Ambiente ya tiene propuesta sobre el destino final del sargazo que afecta las costas del pa\u00eds. - Conexi\u00f3n 23\" \/>\n<meta property=\"og:description\" content=\"Santo Domingo.- Ante la cada vez mayor incidencia del sargazo en las costas del pa\u00eds, que est\u00e1 afectando la biodiversidad, adem\u00e1s de su impacto negativo en el turismo y la generaci\u00f3n el\u00e9ctrica, el Ministro de Medio Ambiente asegur\u00f3 que ya tienen propuestas para que estas algas tengan un destino final. El Ministro de Medio Ambiente, [&hellip;]\" \/>\n<meta property=\"og:url\" content=\"https:\/\/conexion23.com\/?p=16824\" \/>\n<meta property=\"og:site_name\" content=\"Conexi\u00f3n 23\" \/>\n<meta property=\"article:publisher\" content=\"https:\/\/www.facebook.com\/conexion23com\" \/>\n<meta property=\"article:published_time\" content=\"2023-05-10T22:20:02+00:00\" \/>\n<meta property=\"article:modified_time\" content=\"2023-05-10T22:20:05+00:00\" \/>\n<meta name=\"author\" content=\"Raffy Ben\u00edtez\" \/>\n<meta name=\"twitter:card\" content=\"summary_large_image\" \/>\n<meta name=\"twitter:label1\" content=\"Escrito por\" \/>\n\t<meta name=\"twitter:data1\" content=\"Raffy Ben\u00edtez\" \/>\n\t<meta name=\"twitter:label2\" content=\"Tiempo de lectura\" \/>\n\t<meta name=\"twitter:data2\" content=\"1 minuto\" \/>\n<script type=\"application\/ld+json\" class=\"yoast-schema-graph\">{\"@context\":\"https:\\\/\\\/schema.org\",\"@graph\":[{\"@type\":\"Article\",\"@id\":\"https:\\\/\\\/conexion23.com\\\/?p=16824#article\",\"isPartOf\":{\"@id\":\"https:\\\/\\\/conexion23.com\\\/?p=16824\"},\"author\":{\"name\":\"Raffy Ben\u00edtez\",\"@id\":\"https:\\\/\\\/conexion23.com\\\/#\\\/schema\\\/person\\\/03e36043331117e97a373299bbcd30a6\"},\"headline\":\"Medio Ambiente ya tiene propuesta sobre el destino final del sargazo que afecta las costas del pa\u00eds.\",\"datePublished\":\"2023-05-10T22:20:02+00:00\",\"dateModified\":\"2023-05-10T22:20:05+00:00\",\"mainEntityOfPage\":{\"@id\":\"https:\\\/\\\/conexion23.com\\\/?p=16824\"},\"wordCount\":215,\"commentCount\":0,\"publisher\":{\"@id\":\"https:\\\/\\\/conexion23.com\\\/#organization\"},\"articleSection\":[\"Uncategorized\"],\"inLanguage\":\"es\",\"potentialAction\":[{\"@type\":\"CommentAction\",\"name\":\"Comment\",\"target\":[\"https:\\\/\\\/conexion23.com\\\/?p=16824#respond\"]}]},{\"@type\":\"WebPage\",\"@id\":\"https:\\\/\\\/conexion23.com\\\/?p=16824\",\"url\":\"https:\\\/\\\/conexion23.com\\\/?p=16824\",\"name\":\"Medio Ambiente ya tiene propuesta sobre el destino final del sargazo que afecta las costas del pa\u00eds. - Conexi\u00f3n 23\",\"isPartOf\":{\"@id\":\"https:\\\/\\\/conexion23.com\\\/#website\"},\"datePublished\":\"2023-05-10T22:20:02+00:00\",\"dateModified\":\"2023-05-10T22:20:05+00:00\",\"breadcrumb\":{\"@id\":\"https:\\\/\\\/conexion23.com\\\/?p=16824#breadcrumb\"},\"inLanguage\":\"es\",\"potentialAction\":[{\"@type\":\"ReadAction\",\"target\":[\"https:\\\/\\\/conexion23.com\\\/?p=16824\"]}]},{\"@type\":\"BreadcrumbList\",\"@id\":\"https:\\\/\\\/conexion23.com\\\/?p=16824#breadcrumb\",\"itemListElement\":[{\"@type\":\"ListItem\",\"position\":1,\"name\":\"Portada\",\"item\":\"https:\\\/\\\/conexion23.com\\\/\"},{\"@type\":\"ListItem\",\"position\":2,\"name\":\"Medio Ambiente ya tiene propuesta sobre el destino final del sargazo que afecta las costas del pa\u00eds.\"}]},{\"@type\":\"WebSite\",\"@id\":\"https:\\\/\\\/conexion23.com\\\/#website\",\"url\":\"https:\\\/\\\/conexion23.com\\\/\",\"name\":\"Conexi\u00f3n 23\",\"description\":\"Peri\u00f3dico 100% Petromacorisano\",\"publisher\":{\"@id\":\"https:\\\/\\\/conexion23.com\\\/#organization\"},\"potentialAction\":[{\"@type\":\"SearchAction\",\"target\":{\"@type\":\"EntryPoint\",\"urlTemplate\":\"https:\\\/\\\/conexion23.com\\\/?s={search_term_string}\"},\"query-input\":{\"@type\":\"PropertyValueSpecification\",\"valueRequired\":true,\"valueName\":\"search_term_string\"}}],\"inLanguage\":\"es\"},{\"@type\":\"Organization\",\"@id\":\"https:\\\/\\\/conexion23.com\\\/#organization\",\"name\":\"Conexion 23\",\"url\":\"https:\\\/\\\/conexion23.com\\\/\",\"logo\":{\"@type\":\"ImageObject\",\"inLanguage\":\"es\",\"@id\":\"https:\\\/\\\/conexion23.com\\\/#\\\/schema\\\/logo\\\/image\\\/\",\"url\":\"https:\\\/\\\/conexion23.com\\\/wp-content\\\/uploads\\\/2021\\\/11\\\/Diseno-sin-titulo-2.png\",\"contentUrl\":\"https:\\\/\\\/conexion23.com\\\/wp-content\\\/uploads\\\/2021\\\/11\\\/Diseno-sin-titulo-2.png\",\"width\":541,\"height\":90,\"caption\":\"Conexion 23\"},\"image\":{\"@id\":\"https:\\\/\\\/conexion23.com\\\/#\\\/schema\\\/logo\\\/image\\\/\"},\"sameAs\":[\"https:\\\/\\\/www.facebook.com\\\/conexion23com\",\"https:\\\/\\\/www.instagram.com\\\/conexion23com\\\/\",\"https:\\\/\\\/www.youtube.com\\\/channel\\\/UCYc7vxxFZMYLIHNsHHxPZ3Q\"]},{\"@type\":\"Person\",\"@id\":\"https:\\\/\\\/conexion23.com\\\/#\\\/schema\\\/person\\\/03e36043331117e97a373299bbcd30a6\",\"name\":\"Raffy Ben\u00edtez\",\"image\":{\"@type\":\"ImageObject\",\"inLanguage\":\"es\",\"@id\":\"https:\\\/\\\/secure.gravatar.com\\\/avatar\\\/3190a6a6c5e1b0327500f7d6c56b6242472ee6cb974cf09b401ee6b3b0798f23?s=96&d=mm&r=g\",\"url\":\"https:\\\/\\\/secure.gravatar.com\\\/avatar\\\/3190a6a6c5e1b0327500f7d6c56b6242472ee6cb974cf09b401ee6b3b0798f23?s=96&d=mm&r=g\",\"contentUrl\":\"https:\\\/\\\/secure.gravatar.com\\\/avatar\\\/3190a6a6c5e1b0327500f7d6c56b6242472ee6cb974cf09b401ee6b3b0798f23?s=96&d=mm&r=g\",\"caption\":\"Raffy Ben\u00edtez\"},\"url\":\"https:\\\/\\\/conexion23.com\\\/?author=15\"}]}<\/script>\n<!-- \/ Yoast SEO plugin. -->","yoast_head_json":{"title":"Medio Ambiente ya tiene propuesta sobre el destino final del sargazo que afecta las costas del pa\u00eds. - Conexi\u00f3n 23","robots":{"index":"index","follow":"follow","max-snippet":"max-snippet:-1","max-image-preview":"max-image-preview:large","max-video-preview":"max-video-preview:-1"},"canonical":"https:\/\/conexion23.com\/?p=16824","og_locale":"es_ES","og_type":"article","og_title":"Medio Ambiente ya tiene propuesta sobre el destino final del sargazo que afecta las costas del pa\u00eds. - Conexi\u00f3n 23","og_description":"Santo Domingo.- Ante la cada vez mayor incidencia del sargazo en las costas del pa\u00eds, que est\u00e1 afectando la biodiversidad, adem\u00e1s de su impacto negativo en el turismo y la generaci\u00f3n el\u00e9ctrica, el Ministro de Medio Ambiente asegur\u00f3 que ya tienen propuestas para que estas algas tengan un destino final. El Ministro de Medio Ambiente, [&hellip;]","og_url":"https:\/\/conexion23.com\/?p=16824","og_site_name":"Conexi\u00f3n 23","article_publisher":"https:\/\/www.facebook.com\/conexion23com","article_published_time":"2023-05-10T22:20:02+00:00","article_modified_time":"2023-05-10T22:20:05+00:00","author":"Raffy Ben\u00edtez","twitter_card":"summary_large_image","twitter_misc":{"Escrito por":"Raffy Ben\u00edtez","Tiempo de lectura":"1 minuto"},"schema":{"@context":"https:\/\/schema.org","@graph":[{"@type":"Article","@id":"https:\/\/conexion23.com\/?p=16824#article","isPartOf":{"@id":"https:\/\/conexion23.com\/?p=16824"},"author":{"name":"Raffy Ben\u00edtez","@id":"https:\/\/conexion23.com\/#\/schema\/person\/03e36043331117e97a373299bbcd30a6"},"headline":"Medio Ambiente ya tiene propuesta sobre el destino final del sargazo que afecta las costas del pa\u00eds.","datePublished":"2023-05-10T22:20:02+00:00","dateModified":"2023-05-10T22:20:05+00:00","mainEntityOfPage":{"@id":"https:\/\/conexion23.com\/?p=16824"},"wordCount":215,"commentCount":0,"publisher":{"@id":"https:\/\/conexion23.com\/#organization"},"articleSection":["Uncategorized"],"inLanguage":"es","potentialAction":[{"@type":"CommentAction","name":"Comment","target":["https:\/\/conexion23.com\/?p=16824#respond"]}]},{"@type":"WebPage","@id":"https:\/\/conexion23.com\/?p=16824","url":"https:\/\/conexion23.com\/?p=16824","name":"Medio Ambiente ya tiene propuesta sobre el destino final del sargazo que afecta las costas del pa\u00eds. - Conexi\u00f3n 23","isPartOf":{"@id":"https:\/\/conexion23.com\/#website"},"datePublished":"2023-05-10T22:20:02+00:00","dateModified":"2023-05-10T22:20:05+00:00","breadcrumb":{"@id":"https:\/\/conexion23.com\/?p=16824#breadcrumb"},"inLanguage":"es","potentialAction":[{"@type":"ReadAction","target":["https:\/\/conexion23.com\/?p=16824"]}]},{"@type":"BreadcrumbList","@id":"https:\/\/conexion23.com\/?p=16824#breadcrumb","itemListElement":[{"@type":"ListItem","position":1,"name":"Portada","item":"https:\/\/conexion23.com\/"},{"@type":"ListItem","position":2,"name":"Medio Ambiente ya tiene propuesta sobre el destino final del sargazo que afecta las costas del pa\u00eds."}]},{"@type":"WebSite","@id":"https:\/\/conexion23.com\/#website","url":"https:\/\/conexion23.com\/","name":"Conexi\u00f3n 23","description":"Peri\u00f3dico 100% Petromacorisano","publisher":{"@id":"https:\/\/conexion23.com\/#organization"},"potentialAction":[{"@type":"SearchAction","target":{"@type":"EntryPoint","urlTemplate":"https:\/\/conexion23.com\/?s={search_term_string}"},"query-input":{"@type":"PropertyValueSpecification","valueRequired":true,"valueName":"search_term_string"}}],"inLanguage":"es"},{"@type":"Organization","@id":"https:\/\/conexion23.com\/#organization","name":"Conexion 23","url":"https:\/\/conexion23.com\/","logo":{"@type":"ImageObject","inLanguage":"es","@id":"https:\/\/conexion23.com\/#\/schema\/logo\/image\/","url":"https:\/\/conexion23.com\/wp-content\/uploads\/2021\/11\/Diseno-sin-titulo-2.png","contentUrl":"https:\/\/conexion23.com\/wp-content\/uploads\/2021\/11\/Diseno-sin-titulo-2.png","width":541,"height":90,"caption":"Conexion 23"},"image":{"@id":"https:\/\/conexion23.com\/#\/schema\/logo\/image\/"},"sameAs":["https:\/\/www.facebook.com\/conexion23com","https:\/\/www.instagram.com\/conexion23com\/","https:\/\/www.youtube.com\/channel\/UCYc7vxxFZMYLIHNsHHxPZ3Q"]},{"@type":"Person","@id":"https:\/\/conexion23.com\/#\/schema\/person\/03e36043331117e97a373299bbcd30a6","name":"Raffy Ben\u00edtez","image":{"@type":"ImageObject","inLanguage":"es","@id":"https:\/\/secure.gravatar.com\/avatar\/3190a6a6c5e1b0327500f7d6c56b6242472ee6cb974cf09b401ee6b3b0798f23?s=96&d=mm&r=g","url":"https:\/\/secure.gravatar.com\/avatar\/3190a6a6c5e1b0327500f7d6c56b6242472ee6cb974cf09b401ee6b3b0798f23?s=96&d=mm&r=g","contentUrl":"https:\/\/secure.gravatar.com\/avatar\/3190a6a6c5e1b0327500f7d6c56b6242472ee6cb974cf09b401ee6b3b0798f23?s=96&d=mm&r=g","caption":"Raffy Ben\u00edtez"},"url":"https:\/\/conexion23.com\/?author=15"}]}},"_links":{"self":[{"href":"https:\/\/conexion23.com\/index.php?rest_route=\/wp\/v2\/posts\/16824","targetHints":{"allow":["GET"]}}],"collection":[{"href":"https:\/\/conexion23.com\/index.php?rest_route=\/wp\/v2\/posts"}],"about":[{"href":"https:\/\/conexion23.com\/index.php?rest_route=\/wp\/v2\/types\/post"}],"author":[{"embeddable":true,"href":"https:\/\/conexion23.com\/index.php?rest_route=\/wp\/v2\/users\/15"}],"replies":[{"embeddable":true,"href":"https:\/\/conexion23.com\/index.php?rest_route=%2Fwp%2Fv2%2Fcomments&post=16824"}],"version-history":[{"count":1,"href":"https:\/\/conexion23.com\/index.php?rest_route=\/wp\/v2\/posts\/16824\/revisions"}],"predecessor-version":[{"id":16826,"href":"https:\/\/conexion23.com\/index.php?rest_route=\/wp\/v2\/posts\/16824\/revisions\/16826"}],"wp:attachment":[{"href":"https:\/\/conexion23.com\/index.php?rest_route=%2Fwp%2Fv2%2Fmedia&parent=16824"}],"wp:term":[{"taxonomy":"category","embeddable":true,"href":"https:\/\/conexion23.com\/index.php?rest_route=%2Fwp%2Fv2%2Fcategories&post=16824"},{"taxonomy":"post_tag","embeddable":true,"href":"https:\/\/conexion23.com\/index.php?rest_route=%2Fwp%2Fv2%2Ftags&post=16824"}],"curies":[{"name":"wp","href":"https:\/\/api.w.org\/{rel}","templated":true}]}}