{"id":16855,"date":"2023-05-11T07:40:39","date_gmt":"2023-05-11T11:40:39","guid":{"rendered":"https:\/\/conexion23.com\/?p=16855"},"modified":"2023-05-11T07:40:41","modified_gmt":"2023-05-11T11:40:41","slug":"la-direccion-general-de-migracion-apresa-pandillero-haitiano-y-lo-entrega-a-las-autoridades-de-haiti","status":"publish","type":"post","link":"https:\/\/conexion23.com\/?p=16855","title":{"rendered":"La Direcci\u00f3n General de Migraci\u00f3n apresa pandillero haitiano y lo entrega a las autoridades de Hait\u00ed."},"content":{"rendered":"\n<p class=\"wp-block-paragraph\">Agentes del Servicio de Interdicci\u00f3n Migratoria, de la Direcci\u00f3n General de Migraci\u00f3n (DGM), arrestaron a otro pandillero haitiano, vinculado a m\u00faltiples hechos delictivos en su pa\u00eds.<\/p>\n\n\n\n<p class=\"wp-block-paragraph\">El delincuente haitiano, Mykaisonne Yeye Fen, quien seg\u00fan la justicia de su pa\u00eds pertenece a una de las m\u00e1s peligrosas bandas criminales en Hait\u00ed, fue apresado en el Kil\u00f3metro 10 de la Autopista Duarte, pr\u00f3ximo a Carrefour, en Santo Domingo Oeste y entregado a la Polic\u00eda&nbsp; Haitiana, a trav\u00e9s de la Base de Gesti\u00f3n Coordinada de Frontera, en el punto fronterizo de la provincia El\u00edas Pi\u00f1a.<\/p>\n\n\n\n<p class=\"wp-block-paragraph\">De acuerdo a las autoridades haitianas, el apresado est\u00e1 acusado de asesinato, intento de asesinato, robo agravado, tr\u00e1fico de mercanc\u00edas il\u00edcitas y otros delitos. Mykaisonne Yeye Fen, es se\u00f1alado de pertenecer a la banda criminal \u00abBois D&#8217;homme\u201d, fue entregado una comisi\u00f3n de a la Polic\u00eda Haitiana (POLI FRONT), encabezada por el agente Sainriphat Rosemond, para los fines correspondiente.<\/p>\n\n\n\n<p class=\"wp-block-paragraph\">En las \u00faltimas semanas, Agentes migratorios en labores conjuntas con organismos de inteligencia, Ej\u00e9rcito,&nbsp; Cuerpo Especializado de Seguridad Fronteriza, Polic\u00eda Nacional y otras agencias han capturado varios nacionales haitianos con asuntos pendientes con la justicia de su pa\u00eds.<\/p>\n\n\n\n<p class=\"wp-block-paragraph\">El presunto criminal fue recibido por el Sargento Mayor \u00c1lvarez Velille, y tramitada su deportaci\u00f3n con el Coordinador General de los Servicios Migratorios en el punto fronterizo de El\u00edas Pi\u00f1a, Guacanagarix Trinidad Trinidad.<\/p>\n\n\n\n<p class=\"wp-block-paragraph\">Recientemente fue arrestado en la comunidad Padre Granero, de Puerto Plata, un nacional haitiano apodado Jeff Yeye, integrante tambi\u00e9n de la banda criminal \u00abSesSegnon\u00bb la cual supuestamente le ha segado la vida a cientos de civiles en Hait\u00ed.<\/p>\n\n\n\n<p class=\"wp-block-paragraph\">La Direcci\u00f3n General de Migraci\u00f3n, dio garant\u00eda de que junto a los organismos de seguridad del Estado, mantienen blindada la frontera para evitar el trasiego de indocumentados, mercanc\u00edas ilegales y armas de fuego.<\/p>\n\n\n\n<p class=\"wp-block-paragraph\">El Director General de Migraci\u00f3n, Venancio Alc\u00e1ntara, dio garant\u00eda de que no permitir\u00e1n el paso de criminales haitianos al territorio nacional, y que de manera coordinada implementen acciones estrat\u00e9gicas para vigilar la franja fronteriza por aire, mar y tierra, a fin de&nbsp; resguardar la seguridad nacional.<\/p>\n\n\n\n<p class=\"wp-block-paragraph\">Reiter\u00f3 adem\u00e1s, que el gobierno ha redoblado las labores preventivas en la frontera en los \u00faltimos meses, lo que ha dado como resultados una reducci\u00f3n en el trasiego de indocumentados, mercanc\u00edas y armas, tras las labores conjuntas entre los distintos organismos de seguridad del Estado.<\/p>\n","protected":false},"excerpt":{"rendered":"<p>Agentes del Servicio de Interdicci\u00f3n Migratoria, de la Direcci\u00f3n General de Migraci\u00f3n (DGM), arrestaron a otro pandillero haitiano, vinculado a m\u00faltiples hechos delictivos en su pa\u00eds. El delincuente haitiano, Mykaisonne Yeye Fen, quien seg\u00fan la justicia de su pa\u00eds pertenece a una de las m\u00e1s peligrosas bandas criminales en Hait\u00ed, fue apresado en el Kil\u00f3metro [&hellip;]<\/p>\n","protected":false},"author":15,"featured_media":0,"comment_status":"open","ping_status":"open","sticky":false,"template":"","format":"standard","meta":{"footnotes":""},"categories":[1],"tags":[],"class_list":["post-16855","post","type-post","status-publish","format-standard","category-uncategorized"],"yoast_head":"<!-- This site is optimized with the Yoast SEO plugin v27.6 - https:\/\/yoast.com\/product\/yoast-seo-wordpress\/ -->\n<title>La Direcci\u00f3n General de Migraci\u00f3n apresa pandillero haitiano y lo entrega a las autoridades de Hait\u00ed. - Conexi\u00f3n 23<\/title>\n<meta name=\"robots\" content=\"index, follow, max-snippet:-1, max-image-preview:large, max-video-preview:-1\" \/>\n<link rel=\"canonical\" href=\"https:\/\/conexion23.com\/?p=16855\" \/>\n<meta property=\"og:locale\" content=\"es_ES\" \/>\n<meta property=\"og:type\" content=\"article\" \/>\n<meta property=\"og:title\" content=\"La Direcci\u00f3n General de Migraci\u00f3n apresa pandillero haitiano y lo entrega a las autoridades de Hait\u00ed. - Conexi\u00f3n 23\" \/>\n<meta property=\"og:description\" content=\"Agentes del Servicio de Interdicci\u00f3n Migratoria, de la Direcci\u00f3n General de Migraci\u00f3n (DGM), arrestaron a otro pandillero haitiano, vinculado a m\u00faltiples hechos delictivos en su pa\u00eds. El delincuente haitiano, Mykaisonne Yeye Fen, quien seg\u00fan la justicia de su pa\u00eds pertenece a una de las m\u00e1s peligrosas bandas criminales en Hait\u00ed, fue apresado en el Kil\u00f3metro [&hellip;]\" \/>\n<meta property=\"og:url\" content=\"https:\/\/conexion23.com\/?p=16855\" \/>\n<meta property=\"og:site_name\" content=\"Conexi\u00f3n 23\" \/>\n<meta property=\"article:publisher\" content=\"https:\/\/www.facebook.com\/conexion23com\" \/>\n<meta property=\"article:published_time\" content=\"2023-05-11T11:40:39+00:00\" \/>\n<meta property=\"article:modified_time\" content=\"2023-05-11T11:40:41+00:00\" \/>\n<meta name=\"author\" content=\"Raffy Ben\u00edtez\" \/>\n<meta name=\"twitter:card\" content=\"summary_large_image\" \/>\n<meta name=\"twitter:label1\" content=\"Escrito por\" \/>\n\t<meta name=\"twitter:data1\" content=\"Raffy Ben\u00edtez\" \/>\n\t<meta name=\"twitter:label2\" content=\"Tiempo de lectura\" \/>\n\t<meta name=\"twitter:data2\" content=\"2 minutos\" \/>\n<script type=\"application\/ld+json\" class=\"yoast-schema-graph\">{\"@context\":\"https:\\\/\\\/schema.org\",\"@graph\":[{\"@type\":\"Article\",\"@id\":\"https:\\\/\\\/conexion23.com\\\/?p=16855#article\",\"isPartOf\":{\"@id\":\"https:\\\/\\\/conexion23.com\\\/?p=16855\"},\"author\":{\"name\":\"Raffy Ben\u00edtez\",\"@id\":\"https:\\\/\\\/conexion23.com\\\/#\\\/schema\\\/person\\\/03e36043331117e97a373299bbcd30a6\"},\"headline\":\"La Direcci\u00f3n General de Migraci\u00f3n apresa pandillero haitiano y lo entrega a las autoridades de Hait\u00ed.\",\"datePublished\":\"2023-05-11T11:40:39+00:00\",\"dateModified\":\"2023-05-11T11:40:41+00:00\",\"mainEntityOfPage\":{\"@id\":\"https:\\\/\\\/conexion23.com\\\/?p=16855\"},\"wordCount\":444,\"commentCount\":0,\"publisher\":{\"@id\":\"https:\\\/\\\/conexion23.com\\\/#organization\"},\"articleSection\":[\"Uncategorized\"],\"inLanguage\":\"es\",\"potentialAction\":[{\"@type\":\"CommentAction\",\"name\":\"Comment\",\"target\":[\"https:\\\/\\\/conexion23.com\\\/?p=16855#respond\"]}]},{\"@type\":\"WebPage\",\"@id\":\"https:\\\/\\\/conexion23.com\\\/?p=16855\",\"url\":\"https:\\\/\\\/conexion23.com\\\/?p=16855\",\"name\":\"La Direcci\u00f3n General de Migraci\u00f3n apresa pandillero haitiano y lo entrega a las autoridades de Hait\u00ed. - Conexi\u00f3n 23\",\"isPartOf\":{\"@id\":\"https:\\\/\\\/conexion23.com\\\/#website\"},\"datePublished\":\"2023-05-11T11:40:39+00:00\",\"dateModified\":\"2023-05-11T11:40:41+00:00\",\"breadcrumb\":{\"@id\":\"https:\\\/\\\/conexion23.com\\\/?p=16855#breadcrumb\"},\"inLanguage\":\"es\",\"potentialAction\":[{\"@type\":\"ReadAction\",\"target\":[\"https:\\\/\\\/conexion23.com\\\/?p=16855\"]}]},{\"@type\":\"BreadcrumbList\",\"@id\":\"https:\\\/\\\/conexion23.com\\\/?p=16855#breadcrumb\",\"itemListElement\":[{\"@type\":\"ListItem\",\"position\":1,\"name\":\"Portada\",\"item\":\"https:\\\/\\\/conexion23.com\\\/\"},{\"@type\":\"ListItem\",\"position\":2,\"name\":\"La Direcci\u00f3n General de Migraci\u00f3n apresa pandillero haitiano y lo entrega a las autoridades de Hait\u00ed.\"}]},{\"@type\":\"WebSite\",\"@id\":\"https:\\\/\\\/conexion23.com\\\/#website\",\"url\":\"https:\\\/\\\/conexion23.com\\\/\",\"name\":\"Conexi\u00f3n 23\",\"description\":\"Peri\u00f3dico 100% Petromacorisano\",\"publisher\":{\"@id\":\"https:\\\/\\\/conexion23.com\\\/#organization\"},\"potentialAction\":[{\"@type\":\"SearchAction\",\"target\":{\"@type\":\"EntryPoint\",\"urlTemplate\":\"https:\\\/\\\/conexion23.com\\\/?s={search_term_string}\"},\"query-input\":{\"@type\":\"PropertyValueSpecification\",\"valueRequired\":true,\"valueName\":\"search_term_string\"}}],\"inLanguage\":\"es\"},{\"@type\":\"Organization\",\"@id\":\"https:\\\/\\\/conexion23.com\\\/#organization\",\"name\":\"Conexion 23\",\"url\":\"https:\\\/\\\/conexion23.com\\\/\",\"logo\":{\"@type\":\"ImageObject\",\"inLanguage\":\"es\",\"@id\":\"https:\\\/\\\/conexion23.com\\\/#\\\/schema\\\/logo\\\/image\\\/\",\"url\":\"https:\\\/\\\/conexion23.com\\\/wp-content\\\/uploads\\\/2021\\\/11\\\/Diseno-sin-titulo-2.png\",\"contentUrl\":\"https:\\\/\\\/conexion23.com\\\/wp-content\\\/uploads\\\/2021\\\/11\\\/Diseno-sin-titulo-2.png\",\"width\":541,\"height\":90,\"caption\":\"Conexion 23\"},\"image\":{\"@id\":\"https:\\\/\\\/conexion23.com\\\/#\\\/schema\\\/logo\\\/image\\\/\"},\"sameAs\":[\"https:\\\/\\\/www.facebook.com\\\/conexion23com\",\"https:\\\/\\\/www.instagram.com\\\/conexion23com\\\/\",\"https:\\\/\\\/www.youtube.com\\\/channel\\\/UCYc7vxxFZMYLIHNsHHxPZ3Q\"]},{\"@type\":\"Person\",\"@id\":\"https:\\\/\\\/conexion23.com\\\/#\\\/schema\\\/person\\\/03e36043331117e97a373299bbcd30a6\",\"name\":\"Raffy Ben\u00edtez\",\"image\":{\"@type\":\"ImageObject\",\"inLanguage\":\"es\",\"@id\":\"https:\\\/\\\/secure.gravatar.com\\\/avatar\\\/3190a6a6c5e1b0327500f7d6c56b6242472ee6cb974cf09b401ee6b3b0798f23?s=96&d=mm&r=g\",\"url\":\"https:\\\/\\\/secure.gravatar.com\\\/avatar\\\/3190a6a6c5e1b0327500f7d6c56b6242472ee6cb974cf09b401ee6b3b0798f23?s=96&d=mm&r=g\",\"contentUrl\":\"https:\\\/\\\/secure.gravatar.com\\\/avatar\\\/3190a6a6c5e1b0327500f7d6c56b6242472ee6cb974cf09b401ee6b3b0798f23?s=96&d=mm&r=g\",\"caption\":\"Raffy Ben\u00edtez\"},\"url\":\"https:\\\/\\\/conexion23.com\\\/?author=15\"}]}<\/script>\n<!-- \/ Yoast SEO plugin. -->","yoast_head_json":{"title":"La Direcci\u00f3n General de Migraci\u00f3n apresa pandillero haitiano y lo entrega a las autoridades de Hait\u00ed. - Conexi\u00f3n 23","robots":{"index":"index","follow":"follow","max-snippet":"max-snippet:-1","max-image-preview":"max-image-preview:large","max-video-preview":"max-video-preview:-1"},"canonical":"https:\/\/conexion23.com\/?p=16855","og_locale":"es_ES","og_type":"article","og_title":"La Direcci\u00f3n General de Migraci\u00f3n apresa pandillero haitiano y lo entrega a las autoridades de Hait\u00ed. - Conexi\u00f3n 23","og_description":"Agentes del Servicio de Interdicci\u00f3n Migratoria, de la Direcci\u00f3n General de Migraci\u00f3n (DGM), arrestaron a otro pandillero haitiano, vinculado a m\u00faltiples hechos delictivos en su pa\u00eds. El delincuente haitiano, Mykaisonne Yeye Fen, quien seg\u00fan la justicia de su pa\u00eds pertenece a una de las m\u00e1s peligrosas bandas criminales en Hait\u00ed, fue apresado en el Kil\u00f3metro [&hellip;]","og_url":"https:\/\/conexion23.com\/?p=16855","og_site_name":"Conexi\u00f3n 23","article_publisher":"https:\/\/www.facebook.com\/conexion23com","article_published_time":"2023-05-11T11:40:39+00:00","article_modified_time":"2023-05-11T11:40:41+00:00","author":"Raffy Ben\u00edtez","twitter_card":"summary_large_image","twitter_misc":{"Escrito por":"Raffy Ben\u00edtez","Tiempo de lectura":"2 minutos"},"schema":{"@context":"https:\/\/schema.org","@graph":[{"@type":"Article","@id":"https:\/\/conexion23.com\/?p=16855#article","isPartOf":{"@id":"https:\/\/conexion23.com\/?p=16855"},"author":{"name":"Raffy Ben\u00edtez","@id":"https:\/\/conexion23.com\/#\/schema\/person\/03e36043331117e97a373299bbcd30a6"},"headline":"La Direcci\u00f3n General de Migraci\u00f3n apresa pandillero haitiano y lo entrega a las autoridades de Hait\u00ed.","datePublished":"2023-05-11T11:40:39+00:00","dateModified":"2023-05-11T11:40:41+00:00","mainEntityOfPage":{"@id":"https:\/\/conexion23.com\/?p=16855"},"wordCount":444,"commentCount":0,"publisher":{"@id":"https:\/\/conexion23.com\/#organization"},"articleSection":["Uncategorized"],"inLanguage":"es","potentialAction":[{"@type":"CommentAction","name":"Comment","target":["https:\/\/conexion23.com\/?p=16855#respond"]}]},{"@type":"WebPage","@id":"https:\/\/conexion23.com\/?p=16855","url":"https:\/\/conexion23.com\/?p=16855","name":"La Direcci\u00f3n General de Migraci\u00f3n apresa pandillero haitiano y lo entrega a las autoridades de Hait\u00ed. - Conexi\u00f3n 23","isPartOf":{"@id":"https:\/\/conexion23.com\/#website"},"datePublished":"2023-05-11T11:40:39+00:00","dateModified":"2023-05-11T11:40:41+00:00","breadcrumb":{"@id":"https:\/\/conexion23.com\/?p=16855#breadcrumb"},"inLanguage":"es","potentialAction":[{"@type":"ReadAction","target":["https:\/\/conexion23.com\/?p=16855"]}]},{"@type":"BreadcrumbList","@id":"https:\/\/conexion23.com\/?p=16855#breadcrumb","itemListElement":[{"@type":"ListItem","position":1,"name":"Portada","item":"https:\/\/conexion23.com\/"},{"@type":"ListItem","position":2,"name":"La Direcci\u00f3n General de Migraci\u00f3n apresa pandillero haitiano y lo entrega a las autoridades de Hait\u00ed."}]},{"@type":"WebSite","@id":"https:\/\/conexion23.com\/#website","url":"https:\/\/conexion23.com\/","name":"Conexi\u00f3n 23","description":"Peri\u00f3dico 100% Petromacorisano","publisher":{"@id":"https:\/\/conexion23.com\/#organization"},"potentialAction":[{"@type":"SearchAction","target":{"@type":"EntryPoint","urlTemplate":"https:\/\/conexion23.com\/?s={search_term_string}"},"query-input":{"@type":"PropertyValueSpecification","valueRequired":true,"valueName":"search_term_string"}}],"inLanguage":"es"},{"@type":"Organization","@id":"https:\/\/conexion23.com\/#organization","name":"Conexion 23","url":"https:\/\/conexion23.com\/","logo":{"@type":"ImageObject","inLanguage":"es","@id":"https:\/\/conexion23.com\/#\/schema\/logo\/image\/","url":"https:\/\/conexion23.com\/wp-content\/uploads\/2021\/11\/Diseno-sin-titulo-2.png","contentUrl":"https:\/\/conexion23.com\/wp-content\/uploads\/2021\/11\/Diseno-sin-titulo-2.png","width":541,"height":90,"caption":"Conexion 23"},"image":{"@id":"https:\/\/conexion23.com\/#\/schema\/logo\/image\/"},"sameAs":["https:\/\/www.facebook.com\/conexion23com","https:\/\/www.instagram.com\/conexion23com\/","https:\/\/www.youtube.com\/channel\/UCYc7vxxFZMYLIHNsHHxPZ3Q"]},{"@type":"Person","@id":"https:\/\/conexion23.com\/#\/schema\/person\/03e36043331117e97a373299bbcd30a6","name":"Raffy Ben\u00edtez","image":{"@type":"ImageObject","inLanguage":"es","@id":"https:\/\/secure.gravatar.com\/avatar\/3190a6a6c5e1b0327500f7d6c56b6242472ee6cb974cf09b401ee6b3b0798f23?s=96&d=mm&r=g","url":"https:\/\/secure.gravatar.com\/avatar\/3190a6a6c5e1b0327500f7d6c56b6242472ee6cb974cf09b401ee6b3b0798f23?s=96&d=mm&r=g","contentUrl":"https:\/\/secure.gravatar.com\/avatar\/3190a6a6c5e1b0327500f7d6c56b6242472ee6cb974cf09b401ee6b3b0798f23?s=96&d=mm&r=g","caption":"Raffy Ben\u00edtez"},"url":"https:\/\/conexion23.com\/?author=15"}]}},"_links":{"self":[{"href":"https:\/\/conexion23.com\/index.php?rest_route=\/wp\/v2\/posts\/16855","targetHints":{"allow":["GET"]}}],"collection":[{"href":"https:\/\/conexion23.com\/index.php?rest_route=\/wp\/v2\/posts"}],"about":[{"href":"https:\/\/conexion23.com\/index.php?rest_route=\/wp\/v2\/types\/post"}],"author":[{"embeddable":true,"href":"https:\/\/conexion23.com\/index.php?rest_route=\/wp\/v2\/users\/15"}],"replies":[{"embeddable":true,"href":"https:\/\/conexion23.com\/index.php?rest_route=%2Fwp%2Fv2%2Fcomments&post=16855"}],"version-history":[{"count":1,"href":"https:\/\/conexion23.com\/index.php?rest_route=\/wp\/v2\/posts\/16855\/revisions"}],"predecessor-version":[{"id":16858,"href":"https:\/\/conexion23.com\/index.php?rest_route=\/wp\/v2\/posts\/16855\/revisions\/16858"}],"wp:attachment":[{"href":"https:\/\/conexion23.com\/index.php?rest_route=%2Fwp%2Fv2%2Fmedia&parent=16855"}],"wp:term":[{"taxonomy":"category","embeddable":true,"href":"https:\/\/conexion23.com\/index.php?rest_route=%2Fwp%2Fv2%2Fcategories&post=16855"},{"taxonomy":"post_tag","embeddable":true,"href":"https:\/\/conexion23.com\/index.php?rest_route=%2Fwp%2Fv2%2Ftags&post=16855"}],"curies":[{"name":"wp","href":"https:\/\/api.w.org\/{rel}","templated":true}]}}